{"id":4789,"date":"2025-10-09T19:15:30","date_gmt":"2025-10-09T19:15:30","guid":{"rendered":"https:\/\/www.diario21.tv\/noticias\/impactante-giro-en-el-caso-de-pablo-ibar-nuevas-pruebas-podrian-absolverlo\/"},"modified":"2025-10-09T19:15:31","modified_gmt":"2025-10-09T19:15:31","slug":"impactante-giro-en-el-caso-de-pablo-ibar-nuevas-pruebas-podrian-absolverlo","status":"publish","type":"post","link":"https:\/\/www.diario21.tv\/noticias\/impactante-giro-en-el-caso-de-pablo-ibar-nuevas-pruebas-podrian-absolverlo\/","title":{"rendered":"\u00a1Impactante giro en el caso de Pablo Ibar! Nuevas pruebas podr\u00edan absolverlo"},"content":{"rendered":"<h2>Un Tribunal Considera Evidencias Recientes que Podr\u00edan Exonerar a Pablo Ibar<\/h2>\n<p>En un giro reciente en el caso judicial, un magistrado ha aceptado la presentaci\u00f3n de nuevas evidencias en el caso de Pablo Ibar, que podr\u00eda resultar en su absoluci\u00f3n. Ibar, quien ha estado enfrentando cargos serios, podr\u00eda ver un cambio significativo en su situaci\u00f3n legal gracias a estos \u00faltimos desarrollos.<\/p>\n<h3>Nuevos Desarrollos en el Caso<\/h3>\n<p>La decisi\u00f3n del juez de incorporar estas nuevas pruebas al caso de Ibar marca un momento cr\u00edtico en la larga batalla legal que ha estado librando. Estas evidencias, presentadas recientemente por la defensa, apuntan hacia la posibilidad de que Ibar no est\u00e9 involucrado en los cr\u00edmenes de los que se le acusa.<\/p>\n<p>La defensa de Ibar ha argumentado con vehemencia que las pruebas reci\u00e9n descubiertas podr\u00edan probar definitivamente su inocencia. Estas incluyen testimonios no escuchados anteriormente y elementos f\u00edsicos que no hab\u00edan sido considerados por la corte en los juicios anteriores.<\/p>\n<h3>Impacto Potencial de las Pruebas<\/h3>\n<p>La aceptaci\u00f3n de estas pruebas por parte del juez no solo revitaliza la esperanza de Ibar y sus partidarios, sino que tambi\u00e9n podr\u00eda alterar dr\u00e1sticamente el curso del caso. Si se demuestra que estas evidencias son v\u00e1lidas y relevantes, podr\u00edan llevar a un veredicto de no culpabilidad.<\/p>\n<p>El equipo legal de Ibar est\u00e1 preparado para presentar detalladamente cada nueva pieza de evidencia, esperando convencer al juez y al jurado de la falta de conexi\u00f3n de Ibar con el crimen. Este proceso meticuloso es crucial, dado que la vida de Ibar ha estado en un continuo estado de incertidumbre legal por a\u00f1os.<\/p>\n<h3>Reacciones y Expectativas<\/h3>\n<p>La comunidad y los partidarios de Ibar han recibido esta noticia con una mezcla de esperanza y cautela. La complejidad del caso y los numerosos giros a lo largo de los a\u00f1os han ense\u00f1ado a todos a mantener un optimismo cauteloso hasta que todas las pruebas sean debidamente evaluadas y se dicte un veredicto final.<\/p>\n<p>En resumen, la decisi\u00f3n del juez de aceptar nuevas pruebas en el caso de Pablo Ibar introduce una posible ruta hacia su exoneraci\u00f3n. Sin embargo, el camino hacia adelante sigue siendo incierto, y todas las partes involucradas est\u00e1n a la espera de m\u00e1s desarrollos mientras el caso contin\u00faa desarroll\u00e1ndose en el tribunal.<\/p>\n\n\n<div class=\"kk-star-ratings kksr-auto kksr-align-left kksr-valign-bottom\"\n    data-payload='{&quot;align&quot;:&quot;left&quot;,&quot;id&quot;:&quot;4789&quot;,&quot;slug&quot;:&quot;default&quot;,&quot;valign&quot;:&quot;bottom&quot;,&quot;ignore&quot;:&quot;&quot;,&quot;reference&quot;:&quot;auto&quot;,&quot;class&quot;:&quot;&quot;,&quot;count&quot;:&quot;0&quot;,&quot;legendonly&quot;:&quot;&quot;,&quot;readonly&quot;:&quot;&quot;,&quot;score&quot;:&quot;0&quot;,&quot;starsonly&quot;:&quot;&quot;,&quot;best&quot;:&quot;5&quot;,&quot;gap&quot;:&quot;5&quot;,&quot;greet&quot;:&quot;Valora este post&quot;,&quot;legend&quot;:&quot;0\\\/5 - (0 votes)&quot;,&quot;size&quot;:&quot;22&quot;,&quot;title&quot;:&quot;\u00a1Impactante giro en el caso de Pablo Ibar! Nuevas pruebas podr\u00edan absolverlo&quot;,&quot;width&quot;:&quot;0&quot;,&quot;_legend&quot;:&quot;{score}\\\/{best} - ({count} {votes})&quot;,&quot;font_factor&quot;:&quot;1.25&quot;}'>\n            \n<div class=\"kksr-stars\">\n    \n<div class=\"kksr-stars-inactive\">\n            <div class=\"kksr-star\" data-star=\"1\" style=\"padding-right: 5px\">\n            \n\n<div class=\"kksr-icon\" style=\"width: 22px; height: 22px;\"><\/div>\n        <\/div>\n            <div class=\"kksr-star\" data-star=\"2\" style=\"padding-right: 5px\">\n            \n\n<div class=\"kksr-icon\" style=\"width: 22px; height: 22px;\"><\/div>\n        <\/div>\n            <div class=\"kksr-star\" data-star=\"3\" style=\"padding-right: 5px\">\n            \n\n<div class=\"kksr-icon\" style=\"width: 22px; height: 22px;\"><\/div>\n        <\/div>\n            <div class=\"kksr-star\" data-star=\"4\" style=\"padding-right: 5px\">\n            \n\n<div class=\"kksr-icon\" style=\"width: 22px; height: 22px;\"><\/div>\n        <\/div>\n            <div class=\"kksr-star\" data-star=\"5\" style=\"padding-right: 5px\">\n            \n\n<div class=\"kksr-icon\" style=\"width: 22px; height: 22px;\"><\/div>\n        <\/div>\n    <\/div>\n    \n<div class=\"kksr-stars-active\" style=\"width: 0px;\">\n            <div class=\"kksr-star\" style=\"padding-right: 5px\">\n            \n\n<div class=\"kksr-icon\" style=\"width: 22px; height: 22px;\"><\/div>\n        <\/div>\n            <div class=\"kksr-star\" style=\"padding-right: 5px\">\n            \n\n<div class=\"kksr-icon\" style=\"width: 22px; height: 22px;\"><\/div>\n        <\/div>\n            <div class=\"kksr-star\" style=\"padding-right: 5px\">\n            \n\n<div class=\"kksr-icon\" style=\"width: 22px; height: 22px;\"><\/div>\n        <\/div>\n            <div class=\"kksr-star\" style=\"padding-right: 5px\">\n            \n\n<div class=\"kksr-icon\" style=\"width: 22px; height: 22px;\"><\/div>\n        <\/div>\n            <div class=\"kksr-star\" style=\"padding-right: 5px\">\n            \n\n<div class=\"kksr-icon\" style=\"width: 22px; height: 22px;\"><\/div>\n        <\/div>\n    <\/div>\n<\/div>\n                \n\n<div class=\"kksr-legend\" style=\"font-size: 17.6px;\">\n            <span class=\"kksr-muted\">Valora este post<\/span>\n    <\/div>\n    <\/div>\n","protected":false},"excerpt":{"rendered":"<p>Un Tribunal Considera Evidencias Recientes que Podr\u00edan Exonerar a Pablo Ibar En un giro reciente en el caso judicial, un magistrado ha aceptado la presentaci\u00f3n de &#8230; <a title=\"\u00a1Impactante giro en el caso de Pablo Ibar! Nuevas pruebas podr\u00edan absolverlo\" class=\"read-more\" href=\"https:\/\/www.diario21.tv\/noticias\/impactante-giro-en-el-caso-de-pablo-ibar-nuevas-pruebas-podrian-absolverlo\/\" aria-label=\"Leer m\u00e1s sobre \u00a1Impactante giro en el caso de Pablo Ibar! Nuevas pruebas podr\u00edan absolverlo\">Seguir leyendo &rarr;<\/a><\/p>\n","protected":false},"author":20,"featured_media":4790,"comment_status":"open","ping_status":"open","sticky":false,"template":"","format":"standard","meta":{"footnotes":""},"categories":[13],"tags":[],"class_list":["post-4789","post","type-post","status-publish","format-standard","has-post-thumbnail","hentry","category-portada"],"yoast_head":"<!-- This site is optimized with the Yoast SEO plugin v25.6 - https:\/\/yoast.com\/wordpress\/plugins\/seo\/ -->\n<title>\u00a1Impactante giro en el caso de Pablo Ibar! Nuevas pruebas podr\u00edan absolverlo - Diario 21<\/title>\n<meta name=\"robots\" content=\"index, follow, max-snippet:-1, max-image-preview:large, max-video-preview:-1\" \/>\n<link rel=\"canonical\" href=\"https:\/\/www.diario21.tv\/noticias\/impactante-giro-en-el-caso-de-pablo-ibar-nuevas-pruebas-podrian-absolverlo\/\" \/>\n<meta property=\"og:locale\" content=\"es_ES\" \/>\n<meta property=\"og:type\" content=\"article\" \/>\n<meta property=\"og:title\" content=\"\u00a1Impactante giro en el caso de Pablo Ibar! Nuevas pruebas podr\u00edan absolverlo - Diario 21\" \/>\n<meta property=\"og:description\" content=\"Un Tribunal Considera Evidencias Recientes que Podr\u00edan Exonerar a Pablo Ibar En un giro reciente en el caso judicial, un magistrado ha aceptado la presentaci\u00f3n de ... Seguir leyendo &rarr;\" \/>\n<meta property=\"og:url\" content=\"https:\/\/www.diario21.tv\/noticias\/impactante-giro-en-el-caso-de-pablo-ibar-nuevas-pruebas-podrian-absolverlo\/\" \/>\n<meta property=\"og:site_name\" content=\"Diario 21\" \/>\n<meta property=\"article:published_time\" content=\"2025-10-09T19:15:30+00:00\" \/>\n<meta property=\"article:modified_time\" content=\"2025-10-09T19:15:31+00:00\" \/>\n<meta property=\"og:image\" content=\"https:\/\/www.diario21.tv\/noticias\/wp-content\/uploads\/2025\/10\/\u00a1Impactante-giro-en-el-caso-de-Pablo-Ibar-Nuevas-pruebas.jpg\" \/>\n\t<meta property=\"og:image:width\" content=\"1200\" \/>\n\t<meta property=\"og:image:height\" content=\"840\" \/>\n\t<meta property=\"og:image:type\" content=\"image\/jpeg\" \/>\n<meta name=\"author\" content=\"Juan P\u00e9rez\" \/>\n<meta name=\"twitter:card\" content=\"summary_large_image\" \/>\n<meta name=\"twitter:label1\" content=\"Escrito por\" \/>\n\t<meta name=\"twitter:data1\" content=\"Juan P\u00e9rez\" \/>\n\t<meta name=\"twitter:label2\" content=\"Tiempo de lectura\" \/>\n\t<meta name=\"twitter:data2\" content=\"2 minutos\" \/>\n<script type=\"application\/ld+json\" class=\"yoast-schema-graph\">{\"@context\":\"https:\/\/schema.org\",\"@graph\":[{\"@type\":\"WebPage\",\"@id\":\"https:\/\/www.diario21.tv\/noticias\/impactante-giro-en-el-caso-de-pablo-ibar-nuevas-pruebas-podrian-absolverlo\/\",\"url\":\"https:\/\/www.diario21.tv\/noticias\/impactante-giro-en-el-caso-de-pablo-ibar-nuevas-pruebas-podrian-absolverlo\/\",\"name\":\"\u00a1Impactante giro en el caso de Pablo Ibar! Nuevas pruebas podr\u00edan absolverlo - Diario 21\",\"isPartOf\":{\"@id\":\"https:\/\/www.diario21.tv\/noticias\/#website\"},\"primaryImageOfPage\":{\"@id\":\"https:\/\/www.diario21.tv\/noticias\/impactante-giro-en-el-caso-de-pablo-ibar-nuevas-pruebas-podrian-absolverlo\/#primaryimage\"},\"image\":{\"@id\":\"https:\/\/www.diario21.tv\/noticias\/impactante-giro-en-el-caso-de-pablo-ibar-nuevas-pruebas-podrian-absolverlo\/#primaryimage\"},\"thumbnailUrl\":\"https:\/\/www.diario21.tv\/noticias\/wp-content\/uploads\/2025\/10\/\u00a1Impactante-giro-en-el-caso-de-Pablo-Ibar-Nuevas-pruebas.jpg\",\"datePublished\":\"2025-10-09T19:15:30+00:00\",\"dateModified\":\"2025-10-09T19:15:31+00:00\",\"author\":{\"@id\":\"https:\/\/www.diario21.tv\/noticias\/#\/schema\/person\/dfb778f73814d8f09f302618446a526b\"},\"breadcrumb\":{\"@id\":\"https:\/\/www.diario21.tv\/noticias\/impactante-giro-en-el-caso-de-pablo-ibar-nuevas-pruebas-podrian-absolverlo\/#breadcrumb\"},\"inLanguage\":\"es-AR\",\"potentialAction\":[{\"@type\":\"ReadAction\",\"target\":[\"https:\/\/www.diario21.tv\/noticias\/impactante-giro-en-el-caso-de-pablo-ibar-nuevas-pruebas-podrian-absolverlo\/\"]}]},{\"@type\":\"ImageObject\",\"inLanguage\":\"es-AR\",\"@id\":\"https:\/\/www.diario21.tv\/noticias\/impactante-giro-en-el-caso-de-pablo-ibar-nuevas-pruebas-podrian-absolverlo\/#primaryimage\",\"url\":\"https:\/\/www.diario21.tv\/noticias\/wp-content\/uploads\/2025\/10\/\u00a1Impactante-giro-en-el-caso-de-Pablo-Ibar-Nuevas-pruebas.jpg\",\"contentUrl\":\"https:\/\/www.diario21.tv\/noticias\/wp-content\/uploads\/2025\/10\/\u00a1Impactante-giro-en-el-caso-de-Pablo-Ibar-Nuevas-pruebas.jpg\",\"width\":1200,\"height\":840,\"caption\":\"Un juez admite las nuevas pruebas que podr\u00edan absolver a Pablo Ibar\"},{\"@type\":\"BreadcrumbList\",\"@id\":\"https:\/\/www.diario21.tv\/noticias\/impactante-giro-en-el-caso-de-pablo-ibar-nuevas-pruebas-podrian-absolverlo\/#breadcrumb\",\"itemListElement\":[{\"@type\":\"ListItem\",\"position\":1,\"name\":\"Accueil\",\"item\":\"https:\/\/www.diario21.tv\/noticias\/\"},{\"@type\":\"ListItem\",\"position\":2,\"name\":\"\u00a1Impactante giro en el caso de Pablo Ibar! Nuevas pruebas podr\u00edan absolverlo\"}]},{\"@type\":\"WebSite\",\"@id\":\"https:\/\/www.diario21.tv\/noticias\/#website\",\"url\":\"https:\/\/www.diario21.tv\/noticias\/\",\"name\":\"Diario 21\",\"description\":\"\",\"potentialAction\":[{\"@type\":\"SearchAction\",\"target\":{\"@type\":\"EntryPoint\",\"urlTemplate\":\"https:\/\/www.diario21.tv\/noticias\/?s={search_term_string}\"},\"query-input\":{\"@type\":\"PropertyValueSpecification\",\"valueRequired\":true,\"valueName\":\"search_term_string\"}}],\"inLanguage\":\"es-AR\"},{\"@type\":\"Person\",\"@id\":\"https:\/\/www.diario21.tv\/noticias\/#\/schema\/person\/dfb778f73814d8f09f302618446a526b\",\"name\":\"Juan P\u00e9rez\",\"image\":{\"@type\":\"ImageObject\",\"inLanguage\":\"es-AR\",\"@id\":\"https:\/\/www.diario21.tv\/noticias\/#\/schema\/person\/image\/\",\"url\":\"https:\/\/secure.gravatar.com\/avatar\/c478a405bd10621167f4c3167cc770f5?s=96&d=mm&r=g\",\"contentUrl\":\"https:\/\/secure.gravatar.com\/avatar\/c478a405bd10621167f4c3167cc770f5?s=96&d=mm&r=g\",\"caption\":\"Juan P\u00e9rez\"},\"description\":\"Juan P\u00e9rez es el redactor en jefe de Diario 21. Con m\u00e1s de 10 a\u00f1os de experiencia en el periodismo, se especializa en pol\u00edtica nacional y an\u00e1lisis socioecon\u00f3mico. Su enfoque cr\u00edtico y riguroso aporta una perspectiva \u00fanica a cada art\u00edculo.\",\"sameAs\":[\"https:\/\/www.diario21.tv\/noticias\/\"],\"url\":\"https:\/\/www.diario21.tv\/noticias\/author\/juan-perez\/\"}]}<\/script>\n<!-- \/ Yoast SEO plugin. -->","yoast_head_json":{"title":"\u00a1Impactante giro en el caso de Pablo Ibar! Nuevas pruebas podr\u00edan absolverlo - Diario 21","robots":{"index":"index","follow":"follow","max-snippet":"max-snippet:-1","max-image-preview":"max-image-preview:large","max-video-preview":"max-video-preview:-1"},"canonical":"https:\/\/www.diario21.tv\/noticias\/impactante-giro-en-el-caso-de-pablo-ibar-nuevas-pruebas-podrian-absolverlo\/","og_locale":"es_ES","og_type":"article","og_title":"\u00a1Impactante giro en el caso de Pablo Ibar! Nuevas pruebas podr\u00edan absolverlo - Diario 21","og_description":"Un Tribunal Considera Evidencias Recientes que Podr\u00edan Exonerar a Pablo Ibar En un giro reciente en el caso judicial, un magistrado ha aceptado la presentaci\u00f3n de ... Seguir leyendo &rarr;","og_url":"https:\/\/www.diario21.tv\/noticias\/impactante-giro-en-el-caso-de-pablo-ibar-nuevas-pruebas-podrian-absolverlo\/","og_site_name":"Diario 21","article_published_time":"2025-10-09T19:15:30+00:00","article_modified_time":"2025-10-09T19:15:31+00:00","og_image":[{"width":1200,"height":840,"url":"https:\/\/www.diario21.tv\/noticias\/wp-content\/uploads\/2025\/10\/\u00a1Impactante-giro-en-el-caso-de-Pablo-Ibar-Nuevas-pruebas.jpg","type":"image\/jpeg"}],"author":"Juan P\u00e9rez","twitter_card":"summary_large_image","twitter_misc":{"Escrito por":"Juan P\u00e9rez","Tiempo de lectura":"2 minutos"},"schema":{"@context":"https:\/\/schema.org","@graph":[{"@type":"WebPage","@id":"https:\/\/www.diario21.tv\/noticias\/impactante-giro-en-el-caso-de-pablo-ibar-nuevas-pruebas-podrian-absolverlo\/","url":"https:\/\/www.diario21.tv\/noticias\/impactante-giro-en-el-caso-de-pablo-ibar-nuevas-pruebas-podrian-absolverlo\/","name":"\u00a1Impactante giro en el caso de Pablo Ibar! Nuevas pruebas podr\u00edan absolverlo - Diario 21","isPartOf":{"@id":"https:\/\/www.diario21.tv\/noticias\/#website"},"primaryImageOfPage":{"@id":"https:\/\/www.diario21.tv\/noticias\/impactante-giro-en-el-caso-de-pablo-ibar-nuevas-pruebas-podrian-absolverlo\/#primaryimage"},"image":{"@id":"https:\/\/www.diario21.tv\/noticias\/impactante-giro-en-el-caso-de-pablo-ibar-nuevas-pruebas-podrian-absolverlo\/#primaryimage"},"thumbnailUrl":"https:\/\/www.diario21.tv\/noticias\/wp-content\/uploads\/2025\/10\/\u00a1Impactante-giro-en-el-caso-de-Pablo-Ibar-Nuevas-pruebas.jpg","datePublished":"2025-10-09T19:15:30+00:00","dateModified":"2025-10-09T19:15:31+00:00","author":{"@id":"https:\/\/www.diario21.tv\/noticias\/#\/schema\/person\/dfb778f73814d8f09f302618446a526b"},"breadcrumb":{"@id":"https:\/\/www.diario21.tv\/noticias\/impactante-giro-en-el-caso-de-pablo-ibar-nuevas-pruebas-podrian-absolverlo\/#breadcrumb"},"inLanguage":"es-AR","potentialAction":[{"@type":"ReadAction","target":["https:\/\/www.diario21.tv\/noticias\/impactante-giro-en-el-caso-de-pablo-ibar-nuevas-pruebas-podrian-absolverlo\/"]}]},{"@type":"ImageObject","inLanguage":"es-AR","@id":"https:\/\/www.diario21.tv\/noticias\/impactante-giro-en-el-caso-de-pablo-ibar-nuevas-pruebas-podrian-absolverlo\/#primaryimage","url":"https:\/\/www.diario21.tv\/noticias\/wp-content\/uploads\/2025\/10\/\u00a1Impactante-giro-en-el-caso-de-Pablo-Ibar-Nuevas-pruebas.jpg","contentUrl":"https:\/\/www.diario21.tv\/noticias\/wp-content\/uploads\/2025\/10\/\u00a1Impactante-giro-en-el-caso-de-Pablo-Ibar-Nuevas-pruebas.jpg","width":1200,"height":840,"caption":"Un juez admite las nuevas pruebas que podr\u00edan absolver a Pablo Ibar"},{"@type":"BreadcrumbList","@id":"https:\/\/www.diario21.tv\/noticias\/impactante-giro-en-el-caso-de-pablo-ibar-nuevas-pruebas-podrian-absolverlo\/#breadcrumb","itemListElement":[{"@type":"ListItem","position":1,"name":"Accueil","item":"https:\/\/www.diario21.tv\/noticias\/"},{"@type":"ListItem","position":2,"name":"\u00a1Impactante giro en el caso de Pablo Ibar! Nuevas pruebas podr\u00edan absolverlo"}]},{"@type":"WebSite","@id":"https:\/\/www.diario21.tv\/noticias\/#website","url":"https:\/\/www.diario21.tv\/noticias\/","name":"Diario 21","description":"","potentialAction":[{"@type":"SearchAction","target":{"@type":"EntryPoint","urlTemplate":"https:\/\/www.diario21.tv\/noticias\/?s={search_term_string}"},"query-input":{"@type":"PropertyValueSpecification","valueRequired":true,"valueName":"search_term_string"}}],"inLanguage":"es-AR"},{"@type":"Person","@id":"https:\/\/www.diario21.tv\/noticias\/#\/schema\/person\/dfb778f73814d8f09f302618446a526b","name":"Juan P\u00e9rez","image":{"@type":"ImageObject","inLanguage":"es-AR","@id":"https:\/\/www.diario21.tv\/noticias\/#\/schema\/person\/image\/","url":"https:\/\/secure.gravatar.com\/avatar\/c478a405bd10621167f4c3167cc770f5?s=96&d=mm&r=g","contentUrl":"https:\/\/secure.gravatar.com\/avatar\/c478a405bd10621167f4c3167cc770f5?s=96&d=mm&r=g","caption":"Juan P\u00e9rez"},"description":"Juan P\u00e9rez es el redactor en jefe de Diario 21. Con m\u00e1s de 10 a\u00f1os de experiencia en el periodismo, se especializa en pol\u00edtica nacional y an\u00e1lisis socioecon\u00f3mico. Su enfoque cr\u00edtico y riguroso aporta una perspectiva \u00fanica a cada art\u00edculo.","sameAs":["https:\/\/www.diario21.tv\/noticias\/"],"url":"https:\/\/www.diario21.tv\/noticias\/author\/juan-perez\/"}]}},"_links":{"self":[{"href":"https:\/\/www.diario21.tv\/noticias\/wp-json\/wp\/v2\/posts\/4789"}],"collection":[{"href":"https:\/\/www.diario21.tv\/noticias\/wp-json\/wp\/v2\/posts"}],"about":[{"href":"https:\/\/www.diario21.tv\/noticias\/wp-json\/wp\/v2\/types\/post"}],"author":[{"embeddable":true,"href":"https:\/\/www.diario21.tv\/noticias\/wp-json\/wp\/v2\/users\/20"}],"replies":[{"embeddable":true,"href":"https:\/\/www.diario21.tv\/noticias\/wp-json\/wp\/v2\/comments?post=4789"}],"version-history":[{"count":1,"href":"https:\/\/www.diario21.tv\/noticias\/wp-json\/wp\/v2\/posts\/4789\/revisions"}],"predecessor-version":[{"id":4791,"href":"https:\/\/www.diario21.tv\/noticias\/wp-json\/wp\/v2\/posts\/4789\/revisions\/4791"}],"wp:featuredmedia":[{"embeddable":true,"href":"https:\/\/www.diario21.tv\/noticias\/wp-json\/wp\/v2\/media\/4790"}],"wp:attachment":[{"href":"https:\/\/www.diario21.tv\/noticias\/wp-json\/wp\/v2\/media?parent=4789"}],"wp:term":[{"taxonomy":"category","embeddable":true,"href":"https:\/\/www.diario21.tv\/noticias\/wp-json\/wp\/v2\/categories?post=4789"},{"taxonomy":"post_tag","embeddable":true,"href":"https:\/\/www.diario21.tv\/noticias\/wp-json\/wp\/v2\/tags?post=4789"}],"curies":[{"name":"wp","href":"https:\/\/api.w.org\/{rel}","templated":true}]}}