{"id":4786,"date":"2025-10-09T13:14:55","date_gmt":"2025-10-09T13:14:55","guid":{"rendered":"https:\/\/www.diario21.tv\/noticias\/no-te-pierdas-la-superluna-del-cazador-2025-en-octubre-descubre-cuando-y-como-verla\/"},"modified":"2025-10-09T13:14:56","modified_gmt":"2025-10-09T13:14:56","slug":"no-te-pierdas-la-superluna-del-cazador-2025-en-octubre-descubre-cuando-y-como-verla","status":"publish","type":"post","link":"https:\/\/www.diario21.tv\/noticias\/no-te-pierdas-la-superluna-del-cazador-2025-en-octubre-descubre-cuando-y-como-verla\/","title":{"rendered":"\u00a1No te pierdas la Superluna del Cazador 2025 en octubre! Descubre cu\u00e1ndo y c\u00f3mo verla."},"content":{"rendered":"<h2>Luna Llena del Cazador en 2025: Gu\u00eda para Observar la Superluna de Octubre<\/h2>\n<p>La Luna Llena del Cazador es uno de los fen\u00f3menos astron\u00f3micos m\u00e1s esperados cada a\u00f1o, y en 2025, promete ser especialmente espectacular. En octubre de ese a\u00f1o, el cielo nocturno se iluminar\u00e1 con una superluna, un evento donde la luna no s\u00f3lo est\u00e1 llena, sino tambi\u00e9n en su punto m\u00e1s cercano a la Tierra, haci\u00e9ndola aparecer m\u00e1s grande y brillante de lo habitual. Aqu\u00ed te explicamos cu\u00e1ndo suceder\u00e1 este evento y c\u00f3mo puedes disfrutarlo al m\u00e1ximo.<\/p>\n<h3>\u00bfQu\u00e9 es la Luna Llena del Cazador?<\/h3>\n<p>El nombre &#8220;Luna Llena del Cazador&#8221; proviene de las tradiciones de los pueblos nativos americanos y de los colonos europeos. Durante octubre, esta luna se\u00f1alaba el momento ideal para cazar y preparar las reservas de alimento necesarias para el invierno que se aproxima. Aunque hoy en d\u00eda muchas personas no dependen de la caza para sobrevivir, este nombre ha perdurado y se utiliza para describir la primera luna llena de octubre.<\/p>\n<h3>\u00bfCu\u00e1ndo se ver\u00e1 la Superluna del Cazador en 2025?<\/h3>\n<p>La Superluna del Cazador de 2025 iluminar\u00e1 el cielo en la noche del 5 de octubre. Este fen\u00f3meno ocurre cuando la luna alcanza su perigeo, o el punto m\u00e1s cercano en su \u00f3rbita alrededor de la Tierra, combin\u00e1ndose con la fase de luna llena. Este acercamiento hace que la luna se vea un 14% m\u00e1s grande y un 30% m\u00e1s brillante en comparaci\u00f3n con una luna llena en su apogeo, o el punto m\u00e1s distante en su \u00f3rbita.<\/p>\n<h3>Consejos para Observar la Superluna<\/h3>\n<p>1. **Encuentra un Lugar Oscuro**: Para una vista \u00f3ptima de la superluna, es mejor situarse en un lugar alejado de las luces de la ciudad. La contaminaci\u00f3n lum\u00ednica puede disminuir la visibilidad de los detalles lunares.<\/p>\n<p>2. **Planifica con Anticipaci\u00f3n**: Aunque la superluna ser\u00e1 visible toda la noche, planificar tu observaci\u00f3n con anticipaci\u00f3n puede ayudarte a evitar lugares concurridos y asegurarte un buen sitio de observaci\u00f3n.<\/p>\n<p>3. **Usa Binoculares o un Telescopio**: Para aquellos interesados en ver los cr\u00e1teres y mares lunares en m\u00e1s detalle, usar binoculares o un telescopio puede enriquecer la experiencia.<\/p>\n<p>4. **C\u00e1mara con Buen Zoom**: Si deseas capturar la belleza de la superluna, utiliza una c\u00e1mara con capacidad de zoom o un teleobjetivo para acercarte lo m\u00e1s posible a la luna.<\/p>\n<h3>Un Evento para Todo el Mundo<\/h3>\n<p>La Superluna del Cazador no s\u00f3lo es un espect\u00e1culo para los aficionados a la astronom\u00eda, sino para todos aquellos que disfrutan de la belleza natural del cielo nocturno. Este evento ofrece una oportunidad maravillosa para la observaci\u00f3n y la fotograf\u00eda, as\u00ed como un momento para apreciar el cosmos que nos rodea.<\/p>\n<p>En conclusi\u00f3n, la Luna Llena del Cazador en octubre de 2025 ser\u00e1 un evento imperdible para aquellos fascinados por los fen\u00f3menos celestiales. Con su tama\u00f1o aumentado y su luminosidad mejorada, esta superluna promete ser una de las m\u00e1s impresionantes del a\u00f1o. No pierdas la oportunidad de mirar hacia el cielo esa noche y ser testigo de uno de los espect\u00e1culos m\u00e1s hermosos de la naturaleza.<\/p>\n\n\n<div class=\"kk-star-ratings kksr-auto kksr-align-left kksr-valign-bottom\"\n    data-payload='{&quot;align&quot;:&quot;left&quot;,&quot;id&quot;:&quot;4786&quot;,&quot;slug&quot;:&quot;default&quot;,&quot;valign&quot;:&quot;bottom&quot;,&quot;ignore&quot;:&quot;&quot;,&quot;reference&quot;:&quot;auto&quot;,&quot;class&quot;:&quot;&quot;,&quot;count&quot;:&quot;0&quot;,&quot;legendonly&quot;:&quot;&quot;,&quot;readonly&quot;:&quot;&quot;,&quot;score&quot;:&quot;0&quot;,&quot;starsonly&quot;:&quot;&quot;,&quot;best&quot;:&quot;5&quot;,&quot;gap&quot;:&quot;5&quot;,&quot;greet&quot;:&quot;Valora este post&quot;,&quot;legend&quot;:&quot;0\\\/5 - (0 votes)&quot;,&quot;size&quot;:&quot;22&quot;,&quot;title&quot;:&quot;\u00a1No te pierdas la Superluna del Cazador 2025 en octubre! Descubre cu\u00e1ndo y c\u00f3mo verla.&quot;,&quot;width&quot;:&quot;0&quot;,&quot;_legend&quot;:&quot;{score}\\\/{best} - ({count} {votes})&quot;,&quot;font_factor&quot;:&quot;1.25&quot;}'>\n            \n<div class=\"kksr-stars\">\n    \n<div class=\"kksr-stars-inactive\">\n            <div class=\"kksr-star\" data-star=\"1\" style=\"padding-right: 5px\">\n            \n\n<div class=\"kksr-icon\" style=\"width: 22px; height: 22px;\"><\/div>\n        <\/div>\n            <div class=\"kksr-star\" data-star=\"2\" style=\"padding-right: 5px\">\n            \n\n<div class=\"kksr-icon\" style=\"width: 22px; height: 22px;\"><\/div>\n        <\/div>\n            <div class=\"kksr-star\" data-star=\"3\" style=\"padding-right: 5px\">\n            \n\n<div class=\"kksr-icon\" style=\"width: 22px; height: 22px;\"><\/div>\n        <\/div>\n            <div class=\"kksr-star\" data-star=\"4\" style=\"padding-right: 5px\">\n            \n\n<div class=\"kksr-icon\" style=\"width: 22px; height: 22px;\"><\/div>\n        <\/div>\n            <div class=\"kksr-star\" data-star=\"5\" style=\"padding-right: 5px\">\n            \n\n<div class=\"kksr-icon\" style=\"width: 22px; height: 22px;\"><\/div>\n        <\/div>\n    <\/div>\n    \n<div class=\"kksr-stars-active\" style=\"width: 0px;\">\n            <div class=\"kksr-star\" style=\"padding-right: 5px\">\n            \n\n<div class=\"kksr-icon\" style=\"width: 22px; height: 22px;\"><\/div>\n        <\/div>\n            <div class=\"kksr-star\" style=\"padding-right: 5px\">\n            \n\n<div class=\"kksr-icon\" style=\"width: 22px; height: 22px;\"><\/div>\n        <\/div>\n            <div class=\"kksr-star\" style=\"padding-right: 5px\">\n            \n\n<div class=\"kksr-icon\" style=\"width: 22px; height: 22px;\"><\/div>\n        <\/div>\n            <div class=\"kksr-star\" style=\"padding-right: 5px\">\n            \n\n<div class=\"kksr-icon\" style=\"width: 22px; height: 22px;\"><\/div>\n        <\/div>\n            <div class=\"kksr-star\" style=\"padding-right: 5px\">\n            \n\n<div class=\"kksr-icon\" style=\"width: 22px; height: 22px;\"><\/div>\n        <\/div>\n    <\/div>\n<\/div>\n                \n\n<div class=\"kksr-legend\" style=\"font-size: 17.6px;\">\n            <span class=\"kksr-muted\">Valora este post<\/span>\n    <\/div>\n    <\/div>\n","protected":false},"excerpt":{"rendered":"<p>Luna Llena del Cazador en 2025: Gu\u00eda para Observar la Superluna de Octubre La Luna Llena del Cazador es uno de los fen\u00f3menos astron\u00f3micos m\u00e1s esperados &#8230; <a title=\"\u00a1No te pierdas la Superluna del Cazador 2025 en octubre! Descubre cu\u00e1ndo y c\u00f3mo verla.\" class=\"read-more\" href=\"https:\/\/www.diario21.tv\/noticias\/no-te-pierdas-la-superluna-del-cazador-2025-en-octubre-descubre-cuando-y-como-verla\/\" aria-label=\"Leer m\u00e1s sobre \u00a1No te pierdas la Superluna del Cazador 2025 en octubre! Descubre cu\u00e1ndo y c\u00f3mo verla.\">Seguir leyendo &rarr;<\/a><\/p>\n","protected":false},"author":20,"featured_media":4787,"comment_status":"open","ping_status":"open","sticky":false,"template":"","format":"standard","meta":{"footnotes":""},"categories":[13],"tags":[],"class_list":["post-4786","post","type-post","status-publish","format-standard","has-post-thumbnail","hentry","category-portada"],"yoast_head":"<!-- This site is optimized with the Yoast SEO plugin v25.6 - https:\/\/yoast.com\/wordpress\/plugins\/seo\/ -->\n<title>\u00a1No te pierdas la Superluna del Cazador 2025 en octubre! Descubre cu\u00e1ndo y c\u00f3mo verla. - Diario 21<\/title>\n<meta name=\"robots\" content=\"index, follow, max-snippet:-1, max-image-preview:large, max-video-preview:-1\" \/>\n<link rel=\"canonical\" href=\"https:\/\/www.diario21.tv\/noticias\/no-te-pierdas-la-superluna-del-cazador-2025-en-octubre-descubre-cuando-y-como-verla\/\" \/>\n<meta property=\"og:locale\" content=\"es_ES\" \/>\n<meta property=\"og:type\" content=\"article\" \/>\n<meta property=\"og:title\" content=\"\u00a1No te pierdas la Superluna del Cazador 2025 en octubre! Descubre cu\u00e1ndo y c\u00f3mo verla. - Diario 21\" \/>\n<meta property=\"og:description\" content=\"Luna Llena del Cazador en 2025: Gu\u00eda para Observar la Superluna de Octubre La Luna Llena del Cazador es uno de los fen\u00f3menos astron\u00f3micos m\u00e1s esperados ... Seguir leyendo &rarr;\" \/>\n<meta property=\"og:url\" content=\"https:\/\/www.diario21.tv\/noticias\/no-te-pierdas-la-superluna-del-cazador-2025-en-octubre-descubre-cuando-y-como-verla\/\" \/>\n<meta property=\"og:site_name\" content=\"Diario 21\" \/>\n<meta property=\"article:published_time\" content=\"2025-10-09T13:14:55+00:00\" \/>\n<meta property=\"article:modified_time\" content=\"2025-10-09T13:14:56+00:00\" \/>\n<meta property=\"og:image\" content=\"https:\/\/www.diario21.tv\/noticias\/wp-content\/uploads\/2025\/10\/\u00a1No-te-pierdas-la-Superluna-del-Cazador-2025-en-octubre.jpg\" \/>\n\t<meta property=\"og:image:width\" content=\"1200\" \/>\n\t<meta property=\"og:image:height\" content=\"837\" \/>\n\t<meta property=\"og:image:type\" content=\"image\/jpeg\" \/>\n<meta name=\"author\" content=\"Juan P\u00e9rez\" \/>\n<meta name=\"twitter:card\" content=\"summary_large_image\" \/>\n<meta name=\"twitter:label1\" content=\"Escrito por\" \/>\n\t<meta name=\"twitter:data1\" content=\"Juan P\u00e9rez\" \/>\n\t<meta name=\"twitter:label2\" content=\"Tiempo de lectura\" \/>\n\t<meta name=\"twitter:data2\" content=\"3 minutos\" \/>\n<script type=\"application\/ld+json\" class=\"yoast-schema-graph\">{\"@context\":\"https:\/\/schema.org\",\"@graph\":[{\"@type\":\"WebPage\",\"@id\":\"https:\/\/www.diario21.tv\/noticias\/no-te-pierdas-la-superluna-del-cazador-2025-en-octubre-descubre-cuando-y-como-verla\/\",\"url\":\"https:\/\/www.diario21.tv\/noticias\/no-te-pierdas-la-superluna-del-cazador-2025-en-octubre-descubre-cuando-y-como-verla\/\",\"name\":\"\u00a1No te pierdas la Superluna del Cazador 2025 en octubre! Descubre cu\u00e1ndo y c\u00f3mo verla. - Diario 21\",\"isPartOf\":{\"@id\":\"https:\/\/www.diario21.tv\/noticias\/#website\"},\"primaryImageOfPage\":{\"@id\":\"https:\/\/www.diario21.tv\/noticias\/no-te-pierdas-la-superluna-del-cazador-2025-en-octubre-descubre-cuando-y-como-verla\/#primaryimage\"},\"image\":{\"@id\":\"https:\/\/www.diario21.tv\/noticias\/no-te-pierdas-la-superluna-del-cazador-2025-en-octubre-descubre-cuando-y-como-verla\/#primaryimage\"},\"thumbnailUrl\":\"https:\/\/www.diario21.tv\/noticias\/wp-content\/uploads\/2025\/10\/\u00a1No-te-pierdas-la-Superluna-del-Cazador-2025-en-octubre.jpg\",\"datePublished\":\"2025-10-09T13:14:55+00:00\",\"dateModified\":\"2025-10-09T13:14:56+00:00\",\"author\":{\"@id\":\"https:\/\/www.diario21.tv\/noticias\/#\/schema\/person\/dfb778f73814d8f09f302618446a526b\"},\"breadcrumb\":{\"@id\":\"https:\/\/www.diario21.tv\/noticias\/no-te-pierdas-la-superluna-del-cazador-2025-en-octubre-descubre-cuando-y-como-verla\/#breadcrumb\"},\"inLanguage\":\"es-AR\",\"potentialAction\":[{\"@type\":\"ReadAction\",\"target\":[\"https:\/\/www.diario21.tv\/noticias\/no-te-pierdas-la-superluna-del-cazador-2025-en-octubre-descubre-cuando-y-como-verla\/\"]}]},{\"@type\":\"ImageObject\",\"inLanguage\":\"es-AR\",\"@id\":\"https:\/\/www.diario21.tv\/noticias\/no-te-pierdas-la-superluna-del-cazador-2025-en-octubre-descubre-cuando-y-como-verla\/#primaryimage\",\"url\":\"https:\/\/www.diario21.tv\/noticias\/wp-content\/uploads\/2025\/10\/\u00a1No-te-pierdas-la-Superluna-del-Cazador-2025-en-octubre.jpg\",\"contentUrl\":\"https:\/\/www.diario21.tv\/noticias\/wp-content\/uploads\/2025\/10\/\u00a1No-te-pierdas-la-Superluna-del-Cazador-2025-en-octubre.jpg\",\"width\":1200,\"height\":837,\"caption\":\"Luna llena del Cazador 2025: cu\u00e1ndo y c\u00f3mo ver esta superluna de octubre\"},{\"@type\":\"BreadcrumbList\",\"@id\":\"https:\/\/www.diario21.tv\/noticias\/no-te-pierdas-la-superluna-del-cazador-2025-en-octubre-descubre-cuando-y-como-verla\/#breadcrumb\",\"itemListElement\":[{\"@type\":\"ListItem\",\"position\":1,\"name\":\"Accueil\",\"item\":\"https:\/\/www.diario21.tv\/noticias\/\"},{\"@type\":\"ListItem\",\"position\":2,\"name\":\"\u00a1No te pierdas la Superluna del Cazador 2025 en octubre! Descubre cu\u00e1ndo y c\u00f3mo verla.\"}]},{\"@type\":\"WebSite\",\"@id\":\"https:\/\/www.diario21.tv\/noticias\/#website\",\"url\":\"https:\/\/www.diario21.tv\/noticias\/\",\"name\":\"Diario 21\",\"description\":\"\",\"potentialAction\":[{\"@type\":\"SearchAction\",\"target\":{\"@type\":\"EntryPoint\",\"urlTemplate\":\"https:\/\/www.diario21.tv\/noticias\/?s={search_term_string}\"},\"query-input\":{\"@type\":\"PropertyValueSpecification\",\"valueRequired\":true,\"valueName\":\"search_term_string\"}}],\"inLanguage\":\"es-AR\"},{\"@type\":\"Person\",\"@id\":\"https:\/\/www.diario21.tv\/noticias\/#\/schema\/person\/dfb778f73814d8f09f302618446a526b\",\"name\":\"Juan P\u00e9rez\",\"image\":{\"@type\":\"ImageObject\",\"inLanguage\":\"es-AR\",\"@id\":\"https:\/\/www.diario21.tv\/noticias\/#\/schema\/person\/image\/\",\"url\":\"https:\/\/secure.gravatar.com\/avatar\/c478a405bd10621167f4c3167cc770f5?s=96&d=mm&r=g\",\"contentUrl\":\"https:\/\/secure.gravatar.com\/avatar\/c478a405bd10621167f4c3167cc770f5?s=96&d=mm&r=g\",\"caption\":\"Juan P\u00e9rez\"},\"description\":\"Juan P\u00e9rez es el redactor en jefe de Diario 21. Con m\u00e1s de 10 a\u00f1os de experiencia en el periodismo, se especializa en pol\u00edtica nacional y an\u00e1lisis socioecon\u00f3mico. Su enfoque cr\u00edtico y riguroso aporta una perspectiva \u00fanica a cada art\u00edculo.\",\"sameAs\":[\"https:\/\/www.diario21.tv\/noticias\/\"],\"url\":\"https:\/\/www.diario21.tv\/noticias\/author\/juan-perez\/\"}]}<\/script>\n<!-- \/ Yoast SEO plugin. -->","yoast_head_json":{"title":"\u00a1No te pierdas la Superluna del Cazador 2025 en octubre! Descubre cu\u00e1ndo y c\u00f3mo verla. - Diario 21","robots":{"index":"index","follow":"follow","max-snippet":"max-snippet:-1","max-image-preview":"max-image-preview:large","max-video-preview":"max-video-preview:-1"},"canonical":"https:\/\/www.diario21.tv\/noticias\/no-te-pierdas-la-superluna-del-cazador-2025-en-octubre-descubre-cuando-y-como-verla\/","og_locale":"es_ES","og_type":"article","og_title":"\u00a1No te pierdas la Superluna del Cazador 2025 en octubre! Descubre cu\u00e1ndo y c\u00f3mo verla. - Diario 21","og_description":"Luna Llena del Cazador en 2025: Gu\u00eda para Observar la Superluna de Octubre La Luna Llena del Cazador es uno de los fen\u00f3menos astron\u00f3micos m\u00e1s esperados ... Seguir leyendo &rarr;","og_url":"https:\/\/www.diario21.tv\/noticias\/no-te-pierdas-la-superluna-del-cazador-2025-en-octubre-descubre-cuando-y-como-verla\/","og_site_name":"Diario 21","article_published_time":"2025-10-09T13:14:55+00:00","article_modified_time":"2025-10-09T13:14:56+00:00","og_image":[{"width":1200,"height":837,"url":"https:\/\/www.diario21.tv\/noticias\/wp-content\/uploads\/2025\/10\/\u00a1No-te-pierdas-la-Superluna-del-Cazador-2025-en-octubre.jpg","type":"image\/jpeg"}],"author":"Juan P\u00e9rez","twitter_card":"summary_large_image","twitter_misc":{"Escrito por":"Juan P\u00e9rez","Tiempo de lectura":"3 minutos"},"schema":{"@context":"https:\/\/schema.org","@graph":[{"@type":"WebPage","@id":"https:\/\/www.diario21.tv\/noticias\/no-te-pierdas-la-superluna-del-cazador-2025-en-octubre-descubre-cuando-y-como-verla\/","url":"https:\/\/www.diario21.tv\/noticias\/no-te-pierdas-la-superluna-del-cazador-2025-en-octubre-descubre-cuando-y-como-verla\/","name":"\u00a1No te pierdas la Superluna del Cazador 2025 en octubre! Descubre cu\u00e1ndo y c\u00f3mo verla. - Diario 21","isPartOf":{"@id":"https:\/\/www.diario21.tv\/noticias\/#website"},"primaryImageOfPage":{"@id":"https:\/\/www.diario21.tv\/noticias\/no-te-pierdas-la-superluna-del-cazador-2025-en-octubre-descubre-cuando-y-como-verla\/#primaryimage"},"image":{"@id":"https:\/\/www.diario21.tv\/noticias\/no-te-pierdas-la-superluna-del-cazador-2025-en-octubre-descubre-cuando-y-como-verla\/#primaryimage"},"thumbnailUrl":"https:\/\/www.diario21.tv\/noticias\/wp-content\/uploads\/2025\/10\/\u00a1No-te-pierdas-la-Superluna-del-Cazador-2025-en-octubre.jpg","datePublished":"2025-10-09T13:14:55+00:00","dateModified":"2025-10-09T13:14:56+00:00","author":{"@id":"https:\/\/www.diario21.tv\/noticias\/#\/schema\/person\/dfb778f73814d8f09f302618446a526b"},"breadcrumb":{"@id":"https:\/\/www.diario21.tv\/noticias\/no-te-pierdas-la-superluna-del-cazador-2025-en-octubre-descubre-cuando-y-como-verla\/#breadcrumb"},"inLanguage":"es-AR","potentialAction":[{"@type":"ReadAction","target":["https:\/\/www.diario21.tv\/noticias\/no-te-pierdas-la-superluna-del-cazador-2025-en-octubre-descubre-cuando-y-como-verla\/"]}]},{"@type":"ImageObject","inLanguage":"es-AR","@id":"https:\/\/www.diario21.tv\/noticias\/no-te-pierdas-la-superluna-del-cazador-2025-en-octubre-descubre-cuando-y-como-verla\/#primaryimage","url":"https:\/\/www.diario21.tv\/noticias\/wp-content\/uploads\/2025\/10\/\u00a1No-te-pierdas-la-Superluna-del-Cazador-2025-en-octubre.jpg","contentUrl":"https:\/\/www.diario21.tv\/noticias\/wp-content\/uploads\/2025\/10\/\u00a1No-te-pierdas-la-Superluna-del-Cazador-2025-en-octubre.jpg","width":1200,"height":837,"caption":"Luna llena del Cazador 2025: cu\u00e1ndo y c\u00f3mo ver esta superluna de octubre"},{"@type":"BreadcrumbList","@id":"https:\/\/www.diario21.tv\/noticias\/no-te-pierdas-la-superluna-del-cazador-2025-en-octubre-descubre-cuando-y-como-verla\/#breadcrumb","itemListElement":[{"@type":"ListItem","position":1,"name":"Accueil","item":"https:\/\/www.diario21.tv\/noticias\/"},{"@type":"ListItem","position":2,"name":"\u00a1No te pierdas la Superluna del Cazador 2025 en octubre! Descubre cu\u00e1ndo y c\u00f3mo verla."}]},{"@type":"WebSite","@id":"https:\/\/www.diario21.tv\/noticias\/#website","url":"https:\/\/www.diario21.tv\/noticias\/","name":"Diario 21","description":"","potentialAction":[{"@type":"SearchAction","target":{"@type":"EntryPoint","urlTemplate":"https:\/\/www.diario21.tv\/noticias\/?s={search_term_string}"},"query-input":{"@type":"PropertyValueSpecification","valueRequired":true,"valueName":"search_term_string"}}],"inLanguage":"es-AR"},{"@type":"Person","@id":"https:\/\/www.diario21.tv\/noticias\/#\/schema\/person\/dfb778f73814d8f09f302618446a526b","name":"Juan P\u00e9rez","image":{"@type":"ImageObject","inLanguage":"es-AR","@id":"https:\/\/www.diario21.tv\/noticias\/#\/schema\/person\/image\/","url":"https:\/\/secure.gravatar.com\/avatar\/c478a405bd10621167f4c3167cc770f5?s=96&d=mm&r=g","contentUrl":"https:\/\/secure.gravatar.com\/avatar\/c478a405bd10621167f4c3167cc770f5?s=96&d=mm&r=g","caption":"Juan P\u00e9rez"},"description":"Juan P\u00e9rez es el redactor en jefe de Diario 21. Con m\u00e1s de 10 a\u00f1os de experiencia en el periodismo, se especializa en pol\u00edtica nacional y an\u00e1lisis socioecon\u00f3mico. Su enfoque cr\u00edtico y riguroso aporta una perspectiva \u00fanica a cada art\u00edculo.","sameAs":["https:\/\/www.diario21.tv\/noticias\/"],"url":"https:\/\/www.diario21.tv\/noticias\/author\/juan-perez\/"}]}},"_links":{"self":[{"href":"https:\/\/www.diario21.tv\/noticias\/wp-json\/wp\/v2\/posts\/4786"}],"collection":[{"href":"https:\/\/www.diario21.tv\/noticias\/wp-json\/wp\/v2\/posts"}],"about":[{"href":"https:\/\/www.diario21.tv\/noticias\/wp-json\/wp\/v2\/types\/post"}],"author":[{"embeddable":true,"href":"https:\/\/www.diario21.tv\/noticias\/wp-json\/wp\/v2\/users\/20"}],"replies":[{"embeddable":true,"href":"https:\/\/www.diario21.tv\/noticias\/wp-json\/wp\/v2\/comments?post=4786"}],"version-history":[{"count":1,"href":"https:\/\/www.diario21.tv\/noticias\/wp-json\/wp\/v2\/posts\/4786\/revisions"}],"predecessor-version":[{"id":4788,"href":"https:\/\/www.diario21.tv\/noticias\/wp-json\/wp\/v2\/posts\/4786\/revisions\/4788"}],"wp:featuredmedia":[{"embeddable":true,"href":"https:\/\/www.diario21.tv\/noticias\/wp-json\/wp\/v2\/media\/4787"}],"wp:attachment":[{"href":"https:\/\/www.diario21.tv\/noticias\/wp-json\/wp\/v2\/media?parent=4786"}],"wp:term":[{"taxonomy":"category","embeddable":true,"href":"https:\/\/www.diario21.tv\/noticias\/wp-json\/wp\/v2\/categories?post=4786"},{"taxonomy":"post_tag","embeddable":true,"href":"https:\/\/www.diario21.tv\/noticias\/wp-json\/wp\/v2\/tags?post=4786"}],"curies":[{"name":"wp","href":"https:\/\/api.w.org\/{rel}","templated":true}]}}