{"id":4765,"date":"2025-10-07T18:57:08","date_gmt":"2025-10-07T18:57:08","guid":{"rendered":"https:\/\/www.diario21.tv\/noticias\/alerta-en-espana-aumento-constante-de-casos-de-meningitis-durante-una-decada\/"},"modified":"2025-10-07T18:57:09","modified_gmt":"2025-10-07T18:57:09","slug":"alerta-en-espana-aumento-constante-de-casos-de-meningitis-durante-una-decada","status":"publish","type":"post","link":"https:\/\/www.diario21.tv\/noticias\/alerta-en-espana-aumento-constante-de-casos-de-meningitis-durante-una-decada\/","title":{"rendered":"\u00a1Alerta en Espa\u00f1a! Aumento constante de casos de meningitis durante una d\u00e9cada"},"content":{"rendered":"<h2>Aumento de Casos de Meningitis en Espa\u00f1a Durante la \u00daltima D\u00e9cada<\/h2>\n<p>En los \u00faltimos diez a\u00f1os, Espa\u00f1a ha experimentado un incremento significativo en los casos de meningitis, una enfermedad que afecta las membranas que rodean el cerebro y la m\u00e9dula espinal. Este aumento ha generado preocupaci\u00f3n entre los profesionales de la salud y ha impulsado la implementaci\u00f3n de nuevas estrategias para combatir la enfermedad.<\/p>\n<h3>Detalles del Aumento<\/h3>\n<p>La meningitis es una condici\u00f3n potencialmente grave y, en algunos casos, puede ser mortal. Afecta principalmente a las capas protectoras del cerebro, conocidas como meninges, causando s\u00edntomas como fiebre alta, dolor de cabeza intenso, rigidez de cuello, confusi\u00f3n, y en situaciones severas, puede llevar a da\u00f1os cerebrales permanentes o la muerte.<\/p>\n<p>Los datos recopilados en la \u00faltima d\u00e9cada indican un incremento gradual de los casos de meningitis en todo el territorio espa\u00f1ol. Este aumento no se limita a una regi\u00f3n espec\u00edfica, sino que se ha observado a nivel nacional, afectando a diversas comunidades aut\u00f3nomas.<\/p>\n<h3>Factores Contribuyentes<\/h3>\n<p>Varios factores podr\u00edan estar contribuyendo a esta tendencia al alza en los casos de meningitis. Entre ellos, el incremento de la resistencia a los antibi\u00f3ticos y la movilidad de las poblaciones que facilitan la transmisi\u00f3n de infecciones. Adem\u00e1s, cambios en la cobertura de vacunaci\u00f3n y la aparici\u00f3n de nuevas cepas de bacterias tambi\u00e9n podr\u00edan estar influyendo.<\/p>\n<h3>Respuesta del Sistema de Salud<\/h3>\n<p>Ante esta situaci\u00f3n, el sistema de salud espa\u00f1ol ha tenido que adaptar y reforzar sus estrategias de prevenci\u00f3n y tratamiento. Una de las respuestas ha sido la mejora en los programas de vacunaci\u00f3n, promoviendo una mayor cobertura para proteger especialmente a los grupos m\u00e1s vulnerables, como son los ni\u00f1os y los ancianos.<\/p>\n<p>Adem\u00e1s, se ha intensificado la investigaci\u00f3n y el seguimiento de los casos de meningitis para entender mejor las causas de este aumento y c\u00f3mo combatirlo m\u00e1s efectivamente. Las autoridades sanitarias tambi\u00e9n est\u00e1n trabajando en campa\u00f1as de concienciaci\u00f3n para educar a la poblaci\u00f3n sobre la importancia de la vacunaci\u00f3n y las medidas preventivas para reducir el riesgo de contagio.<\/p>\n<h3>Conclusiones y Perspectivas Futuras<\/h3>\n<p>El aumento continuado de casos de meningitis en Espa\u00f1a es un desaf\u00edo importante para la salud p\u00fablica. Aunque se han tomado medidas para enfrentar esta tendencia, es esencial continuar con los esfuerzos de prevenci\u00f3n, investigaci\u00f3n y tratamiento para controlar y eventualmente reducir la incidencia de esta enfermedad.<\/p>\n<p>Con la colaboraci\u00f3n de todos los sectores de la sociedad, incluyendo el sistema de salud, educadores, y la poblaci\u00f3n en general, se puede aspirar a mitigar los efectos de la meningitis y asegurar un futuro m\u00e1s saludable para todos los ciudadanos.<\/p>\n\n\n<div class=\"kk-star-ratings kksr-auto kksr-align-left kksr-valign-bottom\"\n    data-payload='{&quot;align&quot;:&quot;left&quot;,&quot;id&quot;:&quot;4765&quot;,&quot;slug&quot;:&quot;default&quot;,&quot;valign&quot;:&quot;bottom&quot;,&quot;ignore&quot;:&quot;&quot;,&quot;reference&quot;:&quot;auto&quot;,&quot;class&quot;:&quot;&quot;,&quot;count&quot;:&quot;0&quot;,&quot;legendonly&quot;:&quot;&quot;,&quot;readonly&quot;:&quot;&quot;,&quot;score&quot;:&quot;0&quot;,&quot;starsonly&quot;:&quot;&quot;,&quot;best&quot;:&quot;5&quot;,&quot;gap&quot;:&quot;5&quot;,&quot;greet&quot;:&quot;Valora este post&quot;,&quot;legend&quot;:&quot;0\\\/5 - (0 votes)&quot;,&quot;size&quot;:&quot;22&quot;,&quot;title&quot;:&quot;\u00a1Alerta en Espa\u00f1a! Aumento constante de casos de meningitis durante una d\u00e9cada&quot;,&quot;width&quot;:&quot;0&quot;,&quot;_legend&quot;:&quot;{score}\\\/{best} - ({count} {votes})&quot;,&quot;font_factor&quot;:&quot;1.25&quot;}'>\n            \n<div class=\"kksr-stars\">\n    \n<div class=\"kksr-stars-inactive\">\n            <div class=\"kksr-star\" data-star=\"1\" style=\"padding-right: 5px\">\n            \n\n<div class=\"kksr-icon\" style=\"width: 22px; height: 22px;\"><\/div>\n        <\/div>\n            <div class=\"kksr-star\" data-star=\"2\" style=\"padding-right: 5px\">\n            \n\n<div class=\"kksr-icon\" style=\"width: 22px; height: 22px;\"><\/div>\n        <\/div>\n            <div class=\"kksr-star\" data-star=\"3\" style=\"padding-right: 5px\">\n            \n\n<div class=\"kksr-icon\" style=\"width: 22px; height: 22px;\"><\/div>\n        <\/div>\n            <div class=\"kksr-star\" data-star=\"4\" style=\"padding-right: 5px\">\n            \n\n<div class=\"kksr-icon\" style=\"width: 22px; height: 22px;\"><\/div>\n        <\/div>\n            <div class=\"kksr-star\" data-star=\"5\" style=\"padding-right: 5px\">\n            \n\n<div class=\"kksr-icon\" style=\"width: 22px; height: 22px;\"><\/div>\n        <\/div>\n    <\/div>\n    \n<div class=\"kksr-stars-active\" style=\"width: 0px;\">\n            <div class=\"kksr-star\" style=\"padding-right: 5px\">\n            \n\n<div class=\"kksr-icon\" style=\"width: 22px; height: 22px;\"><\/div>\n        <\/div>\n            <div class=\"kksr-star\" style=\"padding-right: 5px\">\n            \n\n<div class=\"kksr-icon\" style=\"width: 22px; height: 22px;\"><\/div>\n        <\/div>\n            <div class=\"kksr-star\" style=\"padding-right: 5px\">\n            \n\n<div class=\"kksr-icon\" style=\"width: 22px; height: 22px;\"><\/div>\n        <\/div>\n            <div class=\"kksr-star\" style=\"padding-right: 5px\">\n            \n\n<div class=\"kksr-icon\" style=\"width: 22px; height: 22px;\"><\/div>\n        <\/div>\n            <div class=\"kksr-star\" style=\"padding-right: 5px\">\n            \n\n<div class=\"kksr-icon\" style=\"width: 22px; height: 22px;\"><\/div>\n        <\/div>\n    <\/div>\n<\/div>\n                \n\n<div class=\"kksr-legend\" style=\"font-size: 17.6px;\">\n            <span class=\"kksr-muted\">Valora este post<\/span>\n    <\/div>\n    <\/div>\n","protected":false},"excerpt":{"rendered":"<p>Aumento de Casos de Meningitis en Espa\u00f1a Durante la \u00daltima D\u00e9cada En los \u00faltimos diez a\u00f1os, Espa\u00f1a ha experimentado un incremento significativo en los casos de &#8230; <a title=\"\u00a1Alerta en Espa\u00f1a! Aumento constante de casos de meningitis durante una d\u00e9cada\" class=\"read-more\" href=\"https:\/\/www.diario21.tv\/noticias\/alerta-en-espana-aumento-constante-de-casos-de-meningitis-durante-una-decada\/\" aria-label=\"Leer m\u00e1s sobre \u00a1Alerta en Espa\u00f1a! Aumento constante de casos de meningitis durante una d\u00e9cada\">Seguir leyendo &rarr;<\/a><\/p>\n","protected":false},"author":20,"featured_media":4766,"comment_status":"open","ping_status":"open","sticky":false,"template":"","format":"standard","meta":{"footnotes":""},"categories":[13],"tags":[],"class_list":["post-4765","post","type-post","status-publish","format-standard","has-post-thumbnail","hentry","category-portada"],"yoast_head":"<!-- This site is optimized with the Yoast SEO plugin v25.6 - https:\/\/yoast.com\/wordpress\/plugins\/seo\/ -->\n<title>\u00a1Alerta en Espa\u00f1a! Aumento constante de casos de meningitis durante una d\u00e9cada - Diario 21<\/title>\n<meta name=\"robots\" content=\"index, follow, max-snippet:-1, max-image-preview:large, max-video-preview:-1\" \/>\n<link rel=\"canonical\" href=\"https:\/\/www.diario21.tv\/noticias\/alerta-en-espana-aumento-constante-de-casos-de-meningitis-durante-una-decada\/\" \/>\n<meta property=\"og:locale\" content=\"es_ES\" \/>\n<meta property=\"og:type\" content=\"article\" \/>\n<meta property=\"og:title\" content=\"\u00a1Alerta en Espa\u00f1a! Aumento constante de casos de meningitis durante una d\u00e9cada - Diario 21\" \/>\n<meta property=\"og:description\" content=\"Aumento de Casos de Meningitis en Espa\u00f1a Durante la \u00daltima D\u00e9cada En los \u00faltimos diez a\u00f1os, Espa\u00f1a ha experimentado un incremento significativo en los casos de ... Seguir leyendo &rarr;\" \/>\n<meta property=\"og:url\" content=\"https:\/\/www.diario21.tv\/noticias\/alerta-en-espana-aumento-constante-de-casos-de-meningitis-durante-una-decada\/\" \/>\n<meta property=\"og:site_name\" content=\"Diario 21\" \/>\n<meta property=\"article:published_time\" content=\"2025-10-07T18:57:08+00:00\" \/>\n<meta property=\"article:modified_time\" content=\"2025-10-07T18:57:09+00:00\" \/>\n<meta property=\"og:image\" content=\"https:\/\/www.diario21.tv\/noticias\/wp-content\/uploads\/2025\/10\/\u00a1Alerta-en-Espana-Aumento-constante-de-casos-de-meningitis-durante.jpg\" \/>\n\t<meta property=\"og:image:width\" content=\"1200\" \/>\n\t<meta property=\"og:image:height\" content=\"840\" \/>\n\t<meta property=\"og:image:type\" content=\"image\/jpeg\" \/>\n<meta name=\"author\" content=\"Juan P\u00e9rez\" \/>\n<meta name=\"twitter:card\" content=\"summary_large_image\" \/>\n<meta name=\"twitter:label1\" content=\"Escrito por\" \/>\n\t<meta name=\"twitter:data1\" content=\"Juan P\u00e9rez\" \/>\n\t<meta name=\"twitter:label2\" content=\"Tiempo de lectura\" \/>\n\t<meta name=\"twitter:data2\" content=\"2 minutos\" \/>\n<script type=\"application\/ld+json\" class=\"yoast-schema-graph\">{\"@context\":\"https:\/\/schema.org\",\"@graph\":[{\"@type\":\"WebPage\",\"@id\":\"https:\/\/www.diario21.tv\/noticias\/alerta-en-espana-aumento-constante-de-casos-de-meningitis-durante-una-decada\/\",\"url\":\"https:\/\/www.diario21.tv\/noticias\/alerta-en-espana-aumento-constante-de-casos-de-meningitis-durante-una-decada\/\",\"name\":\"\u00a1Alerta en Espa\u00f1a! Aumento constante de casos de meningitis durante una d\u00e9cada - Diario 21\",\"isPartOf\":{\"@id\":\"https:\/\/www.diario21.tv\/noticias\/#website\"},\"primaryImageOfPage\":{\"@id\":\"https:\/\/www.diario21.tv\/noticias\/alerta-en-espana-aumento-constante-de-casos-de-meningitis-durante-una-decada\/#primaryimage\"},\"image\":{\"@id\":\"https:\/\/www.diario21.tv\/noticias\/alerta-en-espana-aumento-constante-de-casos-de-meningitis-durante-una-decada\/#primaryimage\"},\"thumbnailUrl\":\"https:\/\/www.diario21.tv\/noticias\/wp-content\/uploads\/2025\/10\/\u00a1Alerta-en-Espana-Aumento-constante-de-casos-de-meningitis-durante.jpg\",\"datePublished\":\"2025-10-07T18:57:08+00:00\",\"dateModified\":\"2025-10-07T18:57:09+00:00\",\"author\":{\"@id\":\"https:\/\/www.diario21.tv\/noticias\/#\/schema\/person\/dfb778f73814d8f09f302618446a526b\"},\"breadcrumb\":{\"@id\":\"https:\/\/www.diario21.tv\/noticias\/alerta-en-espana-aumento-constante-de-casos-de-meningitis-durante-una-decada\/#breadcrumb\"},\"inLanguage\":\"es-AR\",\"potentialAction\":[{\"@type\":\"ReadAction\",\"target\":[\"https:\/\/www.diario21.tv\/noticias\/alerta-en-espana-aumento-constante-de-casos-de-meningitis-durante-una-decada\/\"]}]},{\"@type\":\"ImageObject\",\"inLanguage\":\"es-AR\",\"@id\":\"https:\/\/www.diario21.tv\/noticias\/alerta-en-espana-aumento-constante-de-casos-de-meningitis-durante-una-decada\/#primaryimage\",\"url\":\"https:\/\/www.diario21.tv\/noticias\/wp-content\/uploads\/2025\/10\/\u00a1Alerta-en-Espana-Aumento-constante-de-casos-de-meningitis-durante.jpg\",\"contentUrl\":\"https:\/\/www.diario21.tv\/noticias\/wp-content\/uploads\/2025\/10\/\u00a1Alerta-en-Espana-Aumento-constante-de-casos-de-meningitis-durante.jpg\",\"width\":1200,\"height\":840,\"caption\":\"La meningitis sigue una tendencia al alza en Espa\u00f1a desde hace una d\u00e9cada\"},{\"@type\":\"BreadcrumbList\",\"@id\":\"https:\/\/www.diario21.tv\/noticias\/alerta-en-espana-aumento-constante-de-casos-de-meningitis-durante-una-decada\/#breadcrumb\",\"itemListElement\":[{\"@type\":\"ListItem\",\"position\":1,\"name\":\"Accueil\",\"item\":\"https:\/\/www.diario21.tv\/noticias\/\"},{\"@type\":\"ListItem\",\"position\":2,\"name\":\"\u00a1Alerta en Espa\u00f1a! Aumento constante de casos de meningitis durante una d\u00e9cada\"}]},{\"@type\":\"WebSite\",\"@id\":\"https:\/\/www.diario21.tv\/noticias\/#website\",\"url\":\"https:\/\/www.diario21.tv\/noticias\/\",\"name\":\"Diario 21\",\"description\":\"\",\"potentialAction\":[{\"@type\":\"SearchAction\",\"target\":{\"@type\":\"EntryPoint\",\"urlTemplate\":\"https:\/\/www.diario21.tv\/noticias\/?s={search_term_string}\"},\"query-input\":{\"@type\":\"PropertyValueSpecification\",\"valueRequired\":true,\"valueName\":\"search_term_string\"}}],\"inLanguage\":\"es-AR\"},{\"@type\":\"Person\",\"@id\":\"https:\/\/www.diario21.tv\/noticias\/#\/schema\/person\/dfb778f73814d8f09f302618446a526b\",\"name\":\"Juan P\u00e9rez\",\"image\":{\"@type\":\"ImageObject\",\"inLanguage\":\"es-AR\",\"@id\":\"https:\/\/www.diario21.tv\/noticias\/#\/schema\/person\/image\/\",\"url\":\"https:\/\/secure.gravatar.com\/avatar\/c478a405bd10621167f4c3167cc770f5?s=96&d=mm&r=g\",\"contentUrl\":\"https:\/\/secure.gravatar.com\/avatar\/c478a405bd10621167f4c3167cc770f5?s=96&d=mm&r=g\",\"caption\":\"Juan P\u00e9rez\"},\"description\":\"Juan P\u00e9rez es el redactor en jefe de Diario 21. Con m\u00e1s de 10 a\u00f1os de experiencia en el periodismo, se especializa en pol\u00edtica nacional y an\u00e1lisis socioecon\u00f3mico. Su enfoque cr\u00edtico y riguroso aporta una perspectiva \u00fanica a cada art\u00edculo.\",\"sameAs\":[\"https:\/\/www.diario21.tv\/noticias\/\"],\"url\":\"https:\/\/www.diario21.tv\/noticias\/author\/juan-perez\/\"}]}<\/script>\n<!-- \/ Yoast SEO plugin. -->","yoast_head_json":{"title":"\u00a1Alerta en Espa\u00f1a! Aumento constante de casos de meningitis durante una d\u00e9cada - Diario 21","robots":{"index":"index","follow":"follow","max-snippet":"max-snippet:-1","max-image-preview":"max-image-preview:large","max-video-preview":"max-video-preview:-1"},"canonical":"https:\/\/www.diario21.tv\/noticias\/alerta-en-espana-aumento-constante-de-casos-de-meningitis-durante-una-decada\/","og_locale":"es_ES","og_type":"article","og_title":"\u00a1Alerta en Espa\u00f1a! Aumento constante de casos de meningitis durante una d\u00e9cada - Diario 21","og_description":"Aumento de Casos de Meningitis en Espa\u00f1a Durante la \u00daltima D\u00e9cada En los \u00faltimos diez a\u00f1os, Espa\u00f1a ha experimentado un incremento significativo en los casos de ... Seguir leyendo &rarr;","og_url":"https:\/\/www.diario21.tv\/noticias\/alerta-en-espana-aumento-constante-de-casos-de-meningitis-durante-una-decada\/","og_site_name":"Diario 21","article_published_time":"2025-10-07T18:57:08+00:00","article_modified_time":"2025-10-07T18:57:09+00:00","og_image":[{"width":1200,"height":840,"url":"https:\/\/www.diario21.tv\/noticias\/wp-content\/uploads\/2025\/10\/\u00a1Alerta-en-Espana-Aumento-constante-de-casos-de-meningitis-durante.jpg","type":"image\/jpeg"}],"author":"Juan P\u00e9rez","twitter_card":"summary_large_image","twitter_misc":{"Escrito por":"Juan P\u00e9rez","Tiempo de lectura":"2 minutos"},"schema":{"@context":"https:\/\/schema.org","@graph":[{"@type":"WebPage","@id":"https:\/\/www.diario21.tv\/noticias\/alerta-en-espana-aumento-constante-de-casos-de-meningitis-durante-una-decada\/","url":"https:\/\/www.diario21.tv\/noticias\/alerta-en-espana-aumento-constante-de-casos-de-meningitis-durante-una-decada\/","name":"\u00a1Alerta en Espa\u00f1a! Aumento constante de casos de meningitis durante una d\u00e9cada - Diario 21","isPartOf":{"@id":"https:\/\/www.diario21.tv\/noticias\/#website"},"primaryImageOfPage":{"@id":"https:\/\/www.diario21.tv\/noticias\/alerta-en-espana-aumento-constante-de-casos-de-meningitis-durante-una-decada\/#primaryimage"},"image":{"@id":"https:\/\/www.diario21.tv\/noticias\/alerta-en-espana-aumento-constante-de-casos-de-meningitis-durante-una-decada\/#primaryimage"},"thumbnailUrl":"https:\/\/www.diario21.tv\/noticias\/wp-content\/uploads\/2025\/10\/\u00a1Alerta-en-Espana-Aumento-constante-de-casos-de-meningitis-durante.jpg","datePublished":"2025-10-07T18:57:08+00:00","dateModified":"2025-10-07T18:57:09+00:00","author":{"@id":"https:\/\/www.diario21.tv\/noticias\/#\/schema\/person\/dfb778f73814d8f09f302618446a526b"},"breadcrumb":{"@id":"https:\/\/www.diario21.tv\/noticias\/alerta-en-espana-aumento-constante-de-casos-de-meningitis-durante-una-decada\/#breadcrumb"},"inLanguage":"es-AR","potentialAction":[{"@type":"ReadAction","target":["https:\/\/www.diario21.tv\/noticias\/alerta-en-espana-aumento-constante-de-casos-de-meningitis-durante-una-decada\/"]}]},{"@type":"ImageObject","inLanguage":"es-AR","@id":"https:\/\/www.diario21.tv\/noticias\/alerta-en-espana-aumento-constante-de-casos-de-meningitis-durante-una-decada\/#primaryimage","url":"https:\/\/www.diario21.tv\/noticias\/wp-content\/uploads\/2025\/10\/\u00a1Alerta-en-Espana-Aumento-constante-de-casos-de-meningitis-durante.jpg","contentUrl":"https:\/\/www.diario21.tv\/noticias\/wp-content\/uploads\/2025\/10\/\u00a1Alerta-en-Espana-Aumento-constante-de-casos-de-meningitis-durante.jpg","width":1200,"height":840,"caption":"La meningitis sigue una tendencia al alza en Espa\u00f1a desde hace una d\u00e9cada"},{"@type":"BreadcrumbList","@id":"https:\/\/www.diario21.tv\/noticias\/alerta-en-espana-aumento-constante-de-casos-de-meningitis-durante-una-decada\/#breadcrumb","itemListElement":[{"@type":"ListItem","position":1,"name":"Accueil","item":"https:\/\/www.diario21.tv\/noticias\/"},{"@type":"ListItem","position":2,"name":"\u00a1Alerta en Espa\u00f1a! Aumento constante de casos de meningitis durante una d\u00e9cada"}]},{"@type":"WebSite","@id":"https:\/\/www.diario21.tv\/noticias\/#website","url":"https:\/\/www.diario21.tv\/noticias\/","name":"Diario 21","description":"","potentialAction":[{"@type":"SearchAction","target":{"@type":"EntryPoint","urlTemplate":"https:\/\/www.diario21.tv\/noticias\/?s={search_term_string}"},"query-input":{"@type":"PropertyValueSpecification","valueRequired":true,"valueName":"search_term_string"}}],"inLanguage":"es-AR"},{"@type":"Person","@id":"https:\/\/www.diario21.tv\/noticias\/#\/schema\/person\/dfb778f73814d8f09f302618446a526b","name":"Juan P\u00e9rez","image":{"@type":"ImageObject","inLanguage":"es-AR","@id":"https:\/\/www.diario21.tv\/noticias\/#\/schema\/person\/image\/","url":"https:\/\/secure.gravatar.com\/avatar\/c478a405bd10621167f4c3167cc770f5?s=96&d=mm&r=g","contentUrl":"https:\/\/secure.gravatar.com\/avatar\/c478a405bd10621167f4c3167cc770f5?s=96&d=mm&r=g","caption":"Juan P\u00e9rez"},"description":"Juan P\u00e9rez es el redactor en jefe de Diario 21. Con m\u00e1s de 10 a\u00f1os de experiencia en el periodismo, se especializa en pol\u00edtica nacional y an\u00e1lisis socioecon\u00f3mico. Su enfoque cr\u00edtico y riguroso aporta una perspectiva \u00fanica a cada art\u00edculo.","sameAs":["https:\/\/www.diario21.tv\/noticias\/"],"url":"https:\/\/www.diario21.tv\/noticias\/author\/juan-perez\/"}]}},"_links":{"self":[{"href":"https:\/\/www.diario21.tv\/noticias\/wp-json\/wp\/v2\/posts\/4765"}],"collection":[{"href":"https:\/\/www.diario21.tv\/noticias\/wp-json\/wp\/v2\/posts"}],"about":[{"href":"https:\/\/www.diario21.tv\/noticias\/wp-json\/wp\/v2\/types\/post"}],"author":[{"embeddable":true,"href":"https:\/\/www.diario21.tv\/noticias\/wp-json\/wp\/v2\/users\/20"}],"replies":[{"embeddable":true,"href":"https:\/\/www.diario21.tv\/noticias\/wp-json\/wp\/v2\/comments?post=4765"}],"version-history":[{"count":1,"href":"https:\/\/www.diario21.tv\/noticias\/wp-json\/wp\/v2\/posts\/4765\/revisions"}],"predecessor-version":[{"id":4767,"href":"https:\/\/www.diario21.tv\/noticias\/wp-json\/wp\/v2\/posts\/4765\/revisions\/4767"}],"wp:featuredmedia":[{"embeddable":true,"href":"https:\/\/www.diario21.tv\/noticias\/wp-json\/wp\/v2\/media\/4766"}],"wp:attachment":[{"href":"https:\/\/www.diario21.tv\/noticias\/wp-json\/wp\/v2\/media?parent=4765"}],"wp:term":[{"taxonomy":"category","embeddable":true,"href":"https:\/\/www.diario21.tv\/noticias\/wp-json\/wp\/v2\/categories?post=4765"},{"taxonomy":"post_tag","embeddable":true,"href":"https:\/\/www.diario21.tv\/noticias\/wp-json\/wp\/v2\/tags?post=4765"}],"curies":[{"name":"wp","href":"https:\/\/api.w.org\/{rel}","templated":true}]}}