{"id":4759,"date":"2025-10-07T06:53:43","date_gmt":"2025-10-07T06:53:43","guid":{"rendered":"https:\/\/www.diario21.tv\/noticias\/sobrevivi-ana-relata-como-su-marido-intento-asesinarla-en-cullar-vega\/"},"modified":"2025-10-07T06:53:44","modified_gmt":"2025-10-07T06:53:44","slug":"sobrevivi-ana-relata-como-su-marido-intento-asesinarla-en-cullar-vega","status":"publish","type":"post","link":"https:\/\/www.diario21.tv\/noticias\/sobrevivi-ana-relata-como-su-marido-intento-asesinarla-en-cullar-vega\/","title":{"rendered":"\u00a1Sobreviv\u00ed! Ana relata c\u00f3mo su marido intent\u00f3 asesinarla en C\u00fallar Vega"},"content":{"rendered":"<h2>La Historia de Ana: Superviviente de un Intento de Asesinato en C\u00fallar Vega<\/h2>\n<p>Soy Ana, y quiero contarles mi historia, una que est\u00e1 marcada por un suceso terrible que cambi\u00f3 mi vida para siempre. Vivo en C\u00fallar Vega, un lugar que siempre consider\u00e9 tranquilo y seguro hasta que la violencia toc\u00f3 a mi puerta de la manera m\u00e1s personal y brutal.<\/p>\n<h3>El Ataque que Cambi\u00f3 Todo<\/h3>\n<p>Era una tarde como cualquier otra en nuestra casa en C\u00fallar Vega, cuando la persona que jur\u00f3 amarme y protegerme, mi esposo, se convirti\u00f3 en mi agresor. Sin previo aviso, su comportamiento cambi\u00f3 dr\u00e1sticamente y lo que comenz\u00f3 como una discusi\u00f3n normal, escal\u00f3 a un nivel de violencia que nunca imagin\u00e9 posible.<\/p>\n<p>Con una ira incontrolable, intent\u00f3 quitarme la vida. Afortunadamente, pude sobrevivir a este intento de asesinato, pero no sin secuelas f\u00edsicas y emocionales que a\u00fan hoy contin\u00fao tratando de superar. La experiencia fue aterradora, y la traici\u00f3n, indescriptible.<\/p>\n<h3>La Lucha por la Justicia y la Recuperaci\u00f3n<\/h3>\n<p>Despu\u00e9s del ataque, el proceso para obtener justicia comenz\u00f3, lo cual fue otro camino dif\u00edcil de recorrer. Denunciar a alguien que fue tan cercano y querido para m\u00ed fue complicado y doloroso, pero necesario para mi seguridad y mi paz mental.<\/p>\n<p>Paralelamente, inici\u00e9 un proceso de recuperaci\u00f3n, tanto f\u00edsica como emocionalmente. Las heridas del cuerpo eventualmente sanan, pero las del alma requieren de un trabajo constante y, a menudo, de ayuda profesional. He buscado apoyo en terapia, grupos de apoyo y en la compa\u00f1\u00eda de familiares y amigos que me han brindado su amor incondicional en estos momentos oscuros.<\/p>\n<h3>Mi Vida Hoy<\/h3>\n<p>Hoy, mi vida ha cambiado considerablemente. He aprendido a ser m\u00e1s fuerte de lo que nunca pens\u00e9 que podr\u00eda ser. Aunque los recuerdos del ataque a veces vuelven a m\u00ed, me esfuerzo por mirar hacia adelante y rehacer mi vida con nuevos prop\u00f3sitos y metas.<\/p>\n<p>Adem\u00e1s, me he convertido en una voz activa contra la violencia dom\u00e9stica, compartiendo mi historia para concientizar sobre esta grave problem\u00e1tica que afecta a muchas personas, predominantemente mujeres, en nuestra sociedad. Es mi esperanza que al hacerlo, pueda prevenir que otros sufran lo que yo sufr\u00ed.<\/p>\n<h3>Un Mensaje de Esperanza<\/h3>\n<p>A aquellos que puedan estar enfrentando situaciones de violencia, quiero decirles que no est\u00e1n solos y que hay salida. Busquen ayuda, hablen con alguien de confianza y no tengan miedo de denunciar. La violencia nunca debe ser una norma o algo a soportar en silencio.<\/p>\n<p>Mi nombre es Ana, y soy una superviviente. Mi historia es una de dolor, pero tambi\u00e9n de resiliencia y esperanza. Aunque las cicatrices permanecen, mi esp\u00edritu se niega a ser quebrantado, y cada d\u00eda es una oportunidad para continuar sanando y construyendo un futuro mejor.<\/p>\n\n\n<div class=\"kk-star-ratings kksr-auto kksr-align-left kksr-valign-bottom\"\n    data-payload='{&quot;align&quot;:&quot;left&quot;,&quot;id&quot;:&quot;4759&quot;,&quot;slug&quot;:&quot;default&quot;,&quot;valign&quot;:&quot;bottom&quot;,&quot;ignore&quot;:&quot;&quot;,&quot;reference&quot;:&quot;auto&quot;,&quot;class&quot;:&quot;&quot;,&quot;count&quot;:&quot;0&quot;,&quot;legendonly&quot;:&quot;&quot;,&quot;readonly&quot;:&quot;&quot;,&quot;score&quot;:&quot;0&quot;,&quot;starsonly&quot;:&quot;&quot;,&quot;best&quot;:&quot;5&quot;,&quot;gap&quot;:&quot;5&quot;,&quot;greet&quot;:&quot;Valora este post&quot;,&quot;legend&quot;:&quot;0\\\/5 - (0 votes)&quot;,&quot;size&quot;:&quot;22&quot;,&quot;title&quot;:&quot;\u00a1Sobreviv\u00ed! Ana relata c\u00f3mo su marido intent\u00f3 asesinarla en C\u00fallar Vega&quot;,&quot;width&quot;:&quot;0&quot;,&quot;_legend&quot;:&quot;{score}\\\/{best} - ({count} {votes})&quot;,&quot;font_factor&quot;:&quot;1.25&quot;}'>\n            \n<div class=\"kksr-stars\">\n    \n<div class=\"kksr-stars-inactive\">\n            <div class=\"kksr-star\" data-star=\"1\" style=\"padding-right: 5px\">\n            \n\n<div class=\"kksr-icon\" style=\"width: 22px; height: 22px;\"><\/div>\n        <\/div>\n            <div class=\"kksr-star\" data-star=\"2\" style=\"padding-right: 5px\">\n            \n\n<div class=\"kksr-icon\" style=\"width: 22px; height: 22px;\"><\/div>\n        <\/div>\n            <div class=\"kksr-star\" data-star=\"3\" style=\"padding-right: 5px\">\n            \n\n<div class=\"kksr-icon\" style=\"width: 22px; height: 22px;\"><\/div>\n        <\/div>\n            <div class=\"kksr-star\" data-star=\"4\" style=\"padding-right: 5px\">\n            \n\n<div class=\"kksr-icon\" style=\"width: 22px; height: 22px;\"><\/div>\n        <\/div>\n            <div class=\"kksr-star\" data-star=\"5\" style=\"padding-right: 5px\">\n            \n\n<div class=\"kksr-icon\" style=\"width: 22px; height: 22px;\"><\/div>\n        <\/div>\n    <\/div>\n    \n<div class=\"kksr-stars-active\" style=\"width: 0px;\">\n            <div class=\"kksr-star\" style=\"padding-right: 5px\">\n            \n\n<div class=\"kksr-icon\" style=\"width: 22px; height: 22px;\"><\/div>\n        <\/div>\n            <div class=\"kksr-star\" style=\"padding-right: 5px\">\n            \n\n<div class=\"kksr-icon\" style=\"width: 22px; height: 22px;\"><\/div>\n        <\/div>\n            <div class=\"kksr-star\" style=\"padding-right: 5px\">\n            \n\n<div class=\"kksr-icon\" style=\"width: 22px; height: 22px;\"><\/div>\n        <\/div>\n            <div class=\"kksr-star\" style=\"padding-right: 5px\">\n            \n\n<div class=\"kksr-icon\" style=\"width: 22px; height: 22px;\"><\/div>\n        <\/div>\n            <div class=\"kksr-star\" style=\"padding-right: 5px\">\n            \n\n<div class=\"kksr-icon\" style=\"width: 22px; height: 22px;\"><\/div>\n        <\/div>\n    <\/div>\n<\/div>\n                \n\n<div class=\"kksr-legend\" style=\"font-size: 17.6px;\">\n            <span class=\"kksr-muted\">Valora este post<\/span>\n    <\/div>\n    <\/div>\n","protected":false},"excerpt":{"rendered":"<p>La Historia de Ana: Superviviente de un Intento de Asesinato en C\u00fallar Vega Soy Ana, y quiero contarles mi historia, una que est\u00e1 marcada por un &#8230; <a title=\"\u00a1Sobreviv\u00ed! Ana relata c\u00f3mo su marido intent\u00f3 asesinarla en C\u00fallar Vega\" class=\"read-more\" href=\"https:\/\/www.diario21.tv\/noticias\/sobrevivi-ana-relata-como-su-marido-intento-asesinarla-en-cullar-vega\/\" aria-label=\"Leer m\u00e1s sobre \u00a1Sobreviv\u00ed! Ana relata c\u00f3mo su marido intent\u00f3 asesinarla en C\u00fallar Vega\">Seguir leyendo &rarr;<\/a><\/p>\n","protected":false},"author":20,"featured_media":4760,"comment_status":"open","ping_status":"open","sticky":false,"template":"","format":"standard","meta":{"footnotes":""},"categories":[13],"tags":[],"class_list":["post-4759","post","type-post","status-publish","format-standard","has-post-thumbnail","hentry","category-portada"],"yoast_head":"<!-- This site is optimized with the Yoast SEO plugin v25.6 - https:\/\/yoast.com\/wordpress\/plugins\/seo\/ -->\n<title>\u00a1Sobreviv\u00ed! Ana relata c\u00f3mo su marido intent\u00f3 asesinarla en C\u00fallar Vega - Diario 21<\/title>\n<meta name=\"robots\" content=\"index, follow, max-snippet:-1, max-image-preview:large, max-video-preview:-1\" \/>\n<link rel=\"canonical\" href=\"https:\/\/www.diario21.tv\/noticias\/sobrevivi-ana-relata-como-su-marido-intento-asesinarla-en-cullar-vega\/\" \/>\n<meta property=\"og:locale\" content=\"es_ES\" \/>\n<meta property=\"og:type\" content=\"article\" \/>\n<meta property=\"og:title\" content=\"\u00a1Sobreviv\u00ed! Ana relata c\u00f3mo su marido intent\u00f3 asesinarla en C\u00fallar Vega - Diario 21\" \/>\n<meta property=\"og:description\" content=\"La Historia de Ana: Superviviente de un Intento de Asesinato en C\u00fallar Vega Soy Ana, y quiero contarles mi historia, una que est\u00e1 marcada por un ... Seguir leyendo &rarr;\" \/>\n<meta property=\"og:url\" content=\"https:\/\/www.diario21.tv\/noticias\/sobrevivi-ana-relata-como-su-marido-intento-asesinarla-en-cullar-vega\/\" \/>\n<meta property=\"og:site_name\" content=\"Diario 21\" \/>\n<meta property=\"article:published_time\" content=\"2025-10-07T06:53:43+00:00\" \/>\n<meta property=\"article:modified_time\" content=\"2025-10-07T06:53:44+00:00\" \/>\n<meta property=\"og:image\" content=\"https:\/\/www.diario21.tv\/noticias\/wp-content\/uploads\/2025\/10\/\u00a1Sobrevivi-Ana-relata-como-su-marido-intento-asesinarla-en-Cullar.jpg\" \/>\n\t<meta property=\"og:image:width\" content=\"1200\" \/>\n\t<meta property=\"og:image:height\" content=\"840\" \/>\n\t<meta property=\"og:image:type\" content=\"image\/jpeg\" \/>\n<meta name=\"author\" content=\"Juan P\u00e9rez\" \/>\n<meta name=\"twitter:card\" content=\"summary_large_image\" \/>\n<meta name=\"twitter:label1\" content=\"Escrito por\" \/>\n\t<meta name=\"twitter:data1\" content=\"Juan P\u00e9rez\" \/>\n\t<meta name=\"twitter:label2\" content=\"Tiempo de lectura\" \/>\n\t<meta name=\"twitter:data2\" content=\"2 minutos\" \/>\n<script type=\"application\/ld+json\" class=\"yoast-schema-graph\">{\"@context\":\"https:\/\/schema.org\",\"@graph\":[{\"@type\":\"WebPage\",\"@id\":\"https:\/\/www.diario21.tv\/noticias\/sobrevivi-ana-relata-como-su-marido-intento-asesinarla-en-cullar-vega\/\",\"url\":\"https:\/\/www.diario21.tv\/noticias\/sobrevivi-ana-relata-como-su-marido-intento-asesinarla-en-cullar-vega\/\",\"name\":\"\u00a1Sobreviv\u00ed! Ana relata c\u00f3mo su marido intent\u00f3 asesinarla en C\u00fallar Vega - Diario 21\",\"isPartOf\":{\"@id\":\"https:\/\/www.diario21.tv\/noticias\/#website\"},\"primaryImageOfPage\":{\"@id\":\"https:\/\/www.diario21.tv\/noticias\/sobrevivi-ana-relata-como-su-marido-intento-asesinarla-en-cullar-vega\/#primaryimage\"},\"image\":{\"@id\":\"https:\/\/www.diario21.tv\/noticias\/sobrevivi-ana-relata-como-su-marido-intento-asesinarla-en-cullar-vega\/#primaryimage\"},\"thumbnailUrl\":\"https:\/\/www.diario21.tv\/noticias\/wp-content\/uploads\/2025\/10\/\u00a1Sobrevivi-Ana-relata-como-su-marido-intento-asesinarla-en-Cullar.jpg\",\"datePublished\":\"2025-10-07T06:53:43+00:00\",\"dateModified\":\"2025-10-07T06:53:44+00:00\",\"author\":{\"@id\":\"https:\/\/www.diario21.tv\/noticias\/#\/schema\/person\/dfb778f73814d8f09f302618446a526b\"},\"breadcrumb\":{\"@id\":\"https:\/\/www.diario21.tv\/noticias\/sobrevivi-ana-relata-como-su-marido-intento-asesinarla-en-cullar-vega\/#breadcrumb\"},\"inLanguage\":\"es-AR\",\"potentialAction\":[{\"@type\":\"ReadAction\",\"target\":[\"https:\/\/www.diario21.tv\/noticias\/sobrevivi-ana-relata-como-su-marido-intento-asesinarla-en-cullar-vega\/\"]}]},{\"@type\":\"ImageObject\",\"inLanguage\":\"es-AR\",\"@id\":\"https:\/\/www.diario21.tv\/noticias\/sobrevivi-ana-relata-como-su-marido-intento-asesinarla-en-cullar-vega\/#primaryimage\",\"url\":\"https:\/\/www.diario21.tv\/noticias\/wp-content\/uploads\/2025\/10\/\u00a1Sobrevivi-Ana-relata-como-su-marido-intento-asesinarla-en-Cullar.jpg\",\"contentUrl\":\"https:\/\/www.diario21.tv\/noticias\/wp-content\/uploads\/2025\/10\/\u00a1Sobrevivi-Ana-relata-como-su-marido-intento-asesinarla-en-Cullar.jpg\",\"width\":1200,\"height\":840,\"caption\":\"\u00abSoy Ana, la mujer a la que su marido intent\u00f3 matar en C\u00fallar Vega\u00bb\"},{\"@type\":\"BreadcrumbList\",\"@id\":\"https:\/\/www.diario21.tv\/noticias\/sobrevivi-ana-relata-como-su-marido-intento-asesinarla-en-cullar-vega\/#breadcrumb\",\"itemListElement\":[{\"@type\":\"ListItem\",\"position\":1,\"name\":\"Accueil\",\"item\":\"https:\/\/www.diario21.tv\/noticias\/\"},{\"@type\":\"ListItem\",\"position\":2,\"name\":\"\u00a1Sobreviv\u00ed! Ana relata c\u00f3mo su marido intent\u00f3 asesinarla en C\u00fallar Vega\"}]},{\"@type\":\"WebSite\",\"@id\":\"https:\/\/www.diario21.tv\/noticias\/#website\",\"url\":\"https:\/\/www.diario21.tv\/noticias\/\",\"name\":\"Diario 21\",\"description\":\"\",\"potentialAction\":[{\"@type\":\"SearchAction\",\"target\":{\"@type\":\"EntryPoint\",\"urlTemplate\":\"https:\/\/www.diario21.tv\/noticias\/?s={search_term_string}\"},\"query-input\":{\"@type\":\"PropertyValueSpecification\",\"valueRequired\":true,\"valueName\":\"search_term_string\"}}],\"inLanguage\":\"es-AR\"},{\"@type\":\"Person\",\"@id\":\"https:\/\/www.diario21.tv\/noticias\/#\/schema\/person\/dfb778f73814d8f09f302618446a526b\",\"name\":\"Juan P\u00e9rez\",\"image\":{\"@type\":\"ImageObject\",\"inLanguage\":\"es-AR\",\"@id\":\"https:\/\/www.diario21.tv\/noticias\/#\/schema\/person\/image\/\",\"url\":\"https:\/\/secure.gravatar.com\/avatar\/c478a405bd10621167f4c3167cc770f5?s=96&d=mm&r=g\",\"contentUrl\":\"https:\/\/secure.gravatar.com\/avatar\/c478a405bd10621167f4c3167cc770f5?s=96&d=mm&r=g\",\"caption\":\"Juan P\u00e9rez\"},\"description\":\"Juan P\u00e9rez es el redactor en jefe de Diario 21. Con m\u00e1s de 10 a\u00f1os de experiencia en el periodismo, se especializa en pol\u00edtica nacional y an\u00e1lisis socioecon\u00f3mico. Su enfoque cr\u00edtico y riguroso aporta una perspectiva \u00fanica a cada art\u00edculo.\",\"sameAs\":[\"https:\/\/www.diario21.tv\/noticias\/\"],\"url\":\"https:\/\/www.diario21.tv\/noticias\/author\/juan-perez\/\"}]}<\/script>\n<!-- \/ Yoast SEO plugin. -->","yoast_head_json":{"title":"\u00a1Sobreviv\u00ed! Ana relata c\u00f3mo su marido intent\u00f3 asesinarla en C\u00fallar Vega - Diario 21","robots":{"index":"index","follow":"follow","max-snippet":"max-snippet:-1","max-image-preview":"max-image-preview:large","max-video-preview":"max-video-preview:-1"},"canonical":"https:\/\/www.diario21.tv\/noticias\/sobrevivi-ana-relata-como-su-marido-intento-asesinarla-en-cullar-vega\/","og_locale":"es_ES","og_type":"article","og_title":"\u00a1Sobreviv\u00ed! Ana relata c\u00f3mo su marido intent\u00f3 asesinarla en C\u00fallar Vega - Diario 21","og_description":"La Historia de Ana: Superviviente de un Intento de Asesinato en C\u00fallar Vega Soy Ana, y quiero contarles mi historia, una que est\u00e1 marcada por un ... Seguir leyendo &rarr;","og_url":"https:\/\/www.diario21.tv\/noticias\/sobrevivi-ana-relata-como-su-marido-intento-asesinarla-en-cullar-vega\/","og_site_name":"Diario 21","article_published_time":"2025-10-07T06:53:43+00:00","article_modified_time":"2025-10-07T06:53:44+00:00","og_image":[{"width":1200,"height":840,"url":"https:\/\/www.diario21.tv\/noticias\/wp-content\/uploads\/2025\/10\/\u00a1Sobrevivi-Ana-relata-como-su-marido-intento-asesinarla-en-Cullar.jpg","type":"image\/jpeg"}],"author":"Juan P\u00e9rez","twitter_card":"summary_large_image","twitter_misc":{"Escrito por":"Juan P\u00e9rez","Tiempo de lectura":"2 minutos"},"schema":{"@context":"https:\/\/schema.org","@graph":[{"@type":"WebPage","@id":"https:\/\/www.diario21.tv\/noticias\/sobrevivi-ana-relata-como-su-marido-intento-asesinarla-en-cullar-vega\/","url":"https:\/\/www.diario21.tv\/noticias\/sobrevivi-ana-relata-como-su-marido-intento-asesinarla-en-cullar-vega\/","name":"\u00a1Sobreviv\u00ed! Ana relata c\u00f3mo su marido intent\u00f3 asesinarla en C\u00fallar Vega - Diario 21","isPartOf":{"@id":"https:\/\/www.diario21.tv\/noticias\/#website"},"primaryImageOfPage":{"@id":"https:\/\/www.diario21.tv\/noticias\/sobrevivi-ana-relata-como-su-marido-intento-asesinarla-en-cullar-vega\/#primaryimage"},"image":{"@id":"https:\/\/www.diario21.tv\/noticias\/sobrevivi-ana-relata-como-su-marido-intento-asesinarla-en-cullar-vega\/#primaryimage"},"thumbnailUrl":"https:\/\/www.diario21.tv\/noticias\/wp-content\/uploads\/2025\/10\/\u00a1Sobrevivi-Ana-relata-como-su-marido-intento-asesinarla-en-Cullar.jpg","datePublished":"2025-10-07T06:53:43+00:00","dateModified":"2025-10-07T06:53:44+00:00","author":{"@id":"https:\/\/www.diario21.tv\/noticias\/#\/schema\/person\/dfb778f73814d8f09f302618446a526b"},"breadcrumb":{"@id":"https:\/\/www.diario21.tv\/noticias\/sobrevivi-ana-relata-como-su-marido-intento-asesinarla-en-cullar-vega\/#breadcrumb"},"inLanguage":"es-AR","potentialAction":[{"@type":"ReadAction","target":["https:\/\/www.diario21.tv\/noticias\/sobrevivi-ana-relata-como-su-marido-intento-asesinarla-en-cullar-vega\/"]}]},{"@type":"ImageObject","inLanguage":"es-AR","@id":"https:\/\/www.diario21.tv\/noticias\/sobrevivi-ana-relata-como-su-marido-intento-asesinarla-en-cullar-vega\/#primaryimage","url":"https:\/\/www.diario21.tv\/noticias\/wp-content\/uploads\/2025\/10\/\u00a1Sobrevivi-Ana-relata-como-su-marido-intento-asesinarla-en-Cullar.jpg","contentUrl":"https:\/\/www.diario21.tv\/noticias\/wp-content\/uploads\/2025\/10\/\u00a1Sobrevivi-Ana-relata-como-su-marido-intento-asesinarla-en-Cullar.jpg","width":1200,"height":840,"caption":"\u00abSoy Ana, la mujer a la que su marido intent\u00f3 matar en C\u00fallar Vega\u00bb"},{"@type":"BreadcrumbList","@id":"https:\/\/www.diario21.tv\/noticias\/sobrevivi-ana-relata-como-su-marido-intento-asesinarla-en-cullar-vega\/#breadcrumb","itemListElement":[{"@type":"ListItem","position":1,"name":"Accueil","item":"https:\/\/www.diario21.tv\/noticias\/"},{"@type":"ListItem","position":2,"name":"\u00a1Sobreviv\u00ed! Ana relata c\u00f3mo su marido intent\u00f3 asesinarla en C\u00fallar Vega"}]},{"@type":"WebSite","@id":"https:\/\/www.diario21.tv\/noticias\/#website","url":"https:\/\/www.diario21.tv\/noticias\/","name":"Diario 21","description":"","potentialAction":[{"@type":"SearchAction","target":{"@type":"EntryPoint","urlTemplate":"https:\/\/www.diario21.tv\/noticias\/?s={search_term_string}"},"query-input":{"@type":"PropertyValueSpecification","valueRequired":true,"valueName":"search_term_string"}}],"inLanguage":"es-AR"},{"@type":"Person","@id":"https:\/\/www.diario21.tv\/noticias\/#\/schema\/person\/dfb778f73814d8f09f302618446a526b","name":"Juan P\u00e9rez","image":{"@type":"ImageObject","inLanguage":"es-AR","@id":"https:\/\/www.diario21.tv\/noticias\/#\/schema\/person\/image\/","url":"https:\/\/secure.gravatar.com\/avatar\/c478a405bd10621167f4c3167cc770f5?s=96&d=mm&r=g","contentUrl":"https:\/\/secure.gravatar.com\/avatar\/c478a405bd10621167f4c3167cc770f5?s=96&d=mm&r=g","caption":"Juan P\u00e9rez"},"description":"Juan P\u00e9rez es el redactor en jefe de Diario 21. Con m\u00e1s de 10 a\u00f1os de experiencia en el periodismo, se especializa en pol\u00edtica nacional y an\u00e1lisis socioecon\u00f3mico. Su enfoque cr\u00edtico y riguroso aporta una perspectiva \u00fanica a cada art\u00edculo.","sameAs":["https:\/\/www.diario21.tv\/noticias\/"],"url":"https:\/\/www.diario21.tv\/noticias\/author\/juan-perez\/"}]}},"_links":{"self":[{"href":"https:\/\/www.diario21.tv\/noticias\/wp-json\/wp\/v2\/posts\/4759"}],"collection":[{"href":"https:\/\/www.diario21.tv\/noticias\/wp-json\/wp\/v2\/posts"}],"about":[{"href":"https:\/\/www.diario21.tv\/noticias\/wp-json\/wp\/v2\/types\/post"}],"author":[{"embeddable":true,"href":"https:\/\/www.diario21.tv\/noticias\/wp-json\/wp\/v2\/users\/20"}],"replies":[{"embeddable":true,"href":"https:\/\/www.diario21.tv\/noticias\/wp-json\/wp\/v2\/comments?post=4759"}],"version-history":[{"count":1,"href":"https:\/\/www.diario21.tv\/noticias\/wp-json\/wp\/v2\/posts\/4759\/revisions"}],"predecessor-version":[{"id":4761,"href":"https:\/\/www.diario21.tv\/noticias\/wp-json\/wp\/v2\/posts\/4759\/revisions\/4761"}],"wp:featuredmedia":[{"embeddable":true,"href":"https:\/\/www.diario21.tv\/noticias\/wp-json\/wp\/v2\/media\/4760"}],"wp:attachment":[{"href":"https:\/\/www.diario21.tv\/noticias\/wp-json\/wp\/v2\/media?parent=4759"}],"wp:term":[{"taxonomy":"category","embeddable":true,"href":"https:\/\/www.diario21.tv\/noticias\/wp-json\/wp\/v2\/categories?post=4759"},{"taxonomy":"post_tag","embeddable":true,"href":"https:\/\/www.diario21.tv\/noticias\/wp-json\/wp\/v2\/tags?post=4759"}],"curies":[{"name":"wp","href":"https:\/\/api.w.org\/{rel}","templated":true}]}}