{"id":4756,"date":"2025-10-07T00:51:43","date_gmt":"2025-10-07T00:51:43","guid":{"rendered":"https:\/\/www.diario21.tv\/noticias\/vacunate-contra-la-gripe-y-salva-tu-vida-mientras-mejoras-tu-calidad-de-vida\/"},"modified":"2025-10-07T00:51:44","modified_gmt":"2025-10-07T00:51:44","slug":"vacunate-contra-la-gripe-y-salva-tu-vida-mientras-mejoras-tu-calidad-de-vida","status":"publish","type":"post","link":"https:\/\/www.diario21.tv\/noticias\/vacunate-contra-la-gripe-y-salva-tu-vida-mientras-mejoras-tu-calidad-de-vida\/","title":{"rendered":"\u00a1Vac\u00fanate contra la gripe y salva tu vida mientras mejoras tu calidad de vida!"},"content":{"rendered":"<h2>Los beneficios de la vacuna contra la gripe<\/h2>\n<p>La vacunaci\u00f3n contra la influenza es una pr\u00e1ctica m\u00e9dica recomendada no solo para prevenir las fatalidades relacionadas con esta enfermedad, sino tambi\u00e9n para conservar un nivel de vida saludable y activo. A menudo subestimada, la gripe puede tener efectos severos en la salud de las personas, especialmente en aquellos grupos considerados de alto riesgo, como los ancianos, ni\u00f1os peque\u00f1os, y personas con ciertas condiciones m\u00e9dicas preexistentes.<\/p>\n<h3>Impacto en la salud y calidad de vida<\/h3>\n<p>Recibir la vacuna de la gripe anualmente es una medida preventiva que contribuye significativamente a la disminuci\u00f3n de las complicaciones que pueden surgir de la enfermedad. Estas complicaciones no solo pueden resultar en hospitalizaciones, sino tambi\u00e9n en una disminuci\u00f3n marcada de la calidad de vida de la persona afectada. La vacunaci\u00f3n ayuda a evitar que el sistema de salud se sature, especialmente durante los picos de la temporada de gripe, permitiendo que los recursos m\u00e9dicos se utilicen de manera m\u00e1s eficiente.<\/p>\n<p>Adem\u00e1s, las personas vacunadas muestran una menor propensi\u00f3n a sufrir las complicaciones m\u00e1s graves de la gripe. Esto no solo reduce el n\u00famero de muertes asociadas a la enfermedad, sino que tambi\u00e9n conserva la calidad de vida de los individuos, permiti\u00e9ndoles mantener su rutina diaria con m\u00ednima interrupci\u00f3n.<\/p>\n<h3>Protecci\u00f3n extendida a trav\u00e9s de la vacunaci\u00f3n<\/h3>\n<p>La vacuna de la gripe no solo protege al individuo vacunado, sino que tambi\u00e9n contribuye a la protecci\u00f3n de la comunidad en general. Este fen\u00f3meno, conocido como inmunidad de reba\u00f1o, ocurre cuando una gran parte de la comunidad est\u00e1 vacunada y las posibilidades de un brote de gripe se reducen considerablemente. As\u00ed, incluso aquellos que no pueden vacunarse, como los beb\u00e9s menores de seis meses y personas con ciertas alergias, reciben cierta protecci\u00f3n debido a la menor circulaci\u00f3n del virus.<\/p>\n<h3>Conclusiones sobre la vacunaci\u00f3n contra la gripe<\/h3>\n<p>En conclusi\u00f3n, la vacunaci\u00f3n contra la gripe es una herramienta esencial no solo para prevenir la muerte en personas vulnerables, sino tambi\u00e9n para mantener y promover un estilo de vida saludable y activo en toda la comunidad. Ignorar la importancia de esta vacuna puede llevar a consecuencias graves, no solo para el individuo, sino tambi\u00e9n para la sociedad en su conjunto. Por ello, es crucial seguir promoviendo y facilitando el acceso a la vacuna contra la gripe cada a\u00f1o.<\/p>\n\n\n<div class=\"kk-star-ratings kksr-auto kksr-align-left kksr-valign-bottom\"\n    data-payload='{&quot;align&quot;:&quot;left&quot;,&quot;id&quot;:&quot;4756&quot;,&quot;slug&quot;:&quot;default&quot;,&quot;valign&quot;:&quot;bottom&quot;,&quot;ignore&quot;:&quot;&quot;,&quot;reference&quot;:&quot;auto&quot;,&quot;class&quot;:&quot;&quot;,&quot;count&quot;:&quot;0&quot;,&quot;legendonly&quot;:&quot;&quot;,&quot;readonly&quot;:&quot;&quot;,&quot;score&quot;:&quot;0&quot;,&quot;starsonly&quot;:&quot;&quot;,&quot;best&quot;:&quot;5&quot;,&quot;gap&quot;:&quot;5&quot;,&quot;greet&quot;:&quot;Valora este post&quot;,&quot;legend&quot;:&quot;0\\\/5 - (0 votes)&quot;,&quot;size&quot;:&quot;22&quot;,&quot;title&quot;:&quot;\u00a1Vac\u00fanate contra la gripe y salva tu vida mientras mejoras tu calidad de vida!&quot;,&quot;width&quot;:&quot;0&quot;,&quot;_legend&quot;:&quot;{score}\\\/{best} - ({count} {votes})&quot;,&quot;font_factor&quot;:&quot;1.25&quot;}'>\n            \n<div class=\"kksr-stars\">\n    \n<div class=\"kksr-stars-inactive\">\n            <div class=\"kksr-star\" data-star=\"1\" style=\"padding-right: 5px\">\n            \n\n<div class=\"kksr-icon\" style=\"width: 22px; height: 22px;\"><\/div>\n        <\/div>\n            <div class=\"kksr-star\" data-star=\"2\" style=\"padding-right: 5px\">\n            \n\n<div class=\"kksr-icon\" style=\"width: 22px; height: 22px;\"><\/div>\n        <\/div>\n            <div class=\"kksr-star\" data-star=\"3\" style=\"padding-right: 5px\">\n            \n\n<div class=\"kksr-icon\" style=\"width: 22px; height: 22px;\"><\/div>\n        <\/div>\n            <div class=\"kksr-star\" data-star=\"4\" style=\"padding-right: 5px\">\n            \n\n<div class=\"kksr-icon\" style=\"width: 22px; height: 22px;\"><\/div>\n        <\/div>\n            <div class=\"kksr-star\" data-star=\"5\" style=\"padding-right: 5px\">\n            \n\n<div class=\"kksr-icon\" style=\"width: 22px; height: 22px;\"><\/div>\n        <\/div>\n    <\/div>\n    \n<div class=\"kksr-stars-active\" style=\"width: 0px;\">\n            <div class=\"kksr-star\" style=\"padding-right: 5px\">\n            \n\n<div class=\"kksr-icon\" style=\"width: 22px; height: 22px;\"><\/div>\n        <\/div>\n            <div class=\"kksr-star\" style=\"padding-right: 5px\">\n            \n\n<div class=\"kksr-icon\" style=\"width: 22px; height: 22px;\"><\/div>\n        <\/div>\n            <div class=\"kksr-star\" style=\"padding-right: 5px\">\n            \n\n<div class=\"kksr-icon\" style=\"width: 22px; height: 22px;\"><\/div>\n        <\/div>\n            <div class=\"kksr-star\" style=\"padding-right: 5px\">\n            \n\n<div class=\"kksr-icon\" style=\"width: 22px; height: 22px;\"><\/div>\n        <\/div>\n            <div class=\"kksr-star\" style=\"padding-right: 5px\">\n            \n\n<div class=\"kksr-icon\" style=\"width: 22px; height: 22px;\"><\/div>\n        <\/div>\n    <\/div>\n<\/div>\n                \n\n<div class=\"kksr-legend\" style=\"font-size: 17.6px;\">\n            <span class=\"kksr-muted\">Valora este post<\/span>\n    <\/div>\n    <\/div>\n","protected":false},"excerpt":{"rendered":"<p>Los beneficios de la vacuna contra la gripe La vacunaci\u00f3n contra la influenza es una pr\u00e1ctica m\u00e9dica recomendada no solo para prevenir las fatalidades relacionadas con &#8230; <a title=\"\u00a1Vac\u00fanate contra la gripe y salva tu vida mientras mejoras tu calidad de vida!\" class=\"read-more\" href=\"https:\/\/www.diario21.tv\/noticias\/vacunate-contra-la-gripe-y-salva-tu-vida-mientras-mejoras-tu-calidad-de-vida\/\" aria-label=\"Leer m\u00e1s sobre \u00a1Vac\u00fanate contra la gripe y salva tu vida mientras mejoras tu calidad de vida!\">Seguir leyendo &rarr;<\/a><\/p>\n","protected":false},"author":20,"featured_media":4757,"comment_status":"open","ping_status":"open","sticky":false,"template":"","format":"standard","meta":{"footnotes":""},"categories":[13],"tags":[],"class_list":["post-4756","post","type-post","status-publish","format-standard","has-post-thumbnail","hentry","category-portada"],"yoast_head":"<!-- This site is optimized with the Yoast SEO plugin v25.6 - https:\/\/yoast.com\/wordpress\/plugins\/seo\/ -->\n<title>\u00a1Vac\u00fanate contra la gripe y salva tu vida mientras mejoras tu calidad de vida! - Diario 21<\/title>\n<meta name=\"robots\" content=\"index, follow, max-snippet:-1, max-image-preview:large, max-video-preview:-1\" \/>\n<link rel=\"canonical\" href=\"https:\/\/www.diario21.tv\/noticias\/vacunate-contra-la-gripe-y-salva-tu-vida-mientras-mejoras-tu-calidad-de-vida\/\" \/>\n<meta property=\"og:locale\" content=\"es_ES\" \/>\n<meta property=\"og:type\" content=\"article\" \/>\n<meta property=\"og:title\" content=\"\u00a1Vac\u00fanate contra la gripe y salva tu vida mientras mejoras tu calidad de vida! - Diario 21\" \/>\n<meta property=\"og:description\" content=\"Los beneficios de la vacuna contra la gripe La vacunaci\u00f3n contra la influenza es una pr\u00e1ctica m\u00e9dica recomendada no solo para prevenir las fatalidades relacionadas con ... Seguir leyendo &rarr;\" \/>\n<meta property=\"og:url\" content=\"https:\/\/www.diario21.tv\/noticias\/vacunate-contra-la-gripe-y-salva-tu-vida-mientras-mejoras-tu-calidad-de-vida\/\" \/>\n<meta property=\"og:site_name\" content=\"Diario 21\" \/>\n<meta property=\"article:published_time\" content=\"2025-10-07T00:51:43+00:00\" \/>\n<meta property=\"article:modified_time\" content=\"2025-10-07T00:51:44+00:00\" \/>\n<meta property=\"og:image\" content=\"https:\/\/www.diario21.tv\/noticias\/wp-content\/uploads\/2025\/10\/\u00a1Vacunate-contra-la-gripe-y-salva-tu-vida-mientras-mejoras.jpg\" \/>\n\t<meta property=\"og:image:width\" content=\"1200\" \/>\n\t<meta property=\"og:image:height\" content=\"840\" \/>\n\t<meta property=\"og:image:type\" content=\"image\/jpeg\" \/>\n<meta name=\"author\" content=\"Juan P\u00e9rez\" \/>\n<meta name=\"twitter:card\" content=\"summary_large_image\" \/>\n<meta name=\"twitter:label1\" content=\"Escrito por\" \/>\n\t<meta name=\"twitter:data1\" content=\"Juan P\u00e9rez\" \/>\n\t<meta name=\"twitter:label2\" content=\"Tiempo de lectura\" \/>\n\t<meta name=\"twitter:data2\" content=\"2 minutos\" \/>\n<script type=\"application\/ld+json\" class=\"yoast-schema-graph\">{\"@context\":\"https:\/\/schema.org\",\"@graph\":[{\"@type\":\"WebPage\",\"@id\":\"https:\/\/www.diario21.tv\/noticias\/vacunate-contra-la-gripe-y-salva-tu-vida-mientras-mejoras-tu-calidad-de-vida\/\",\"url\":\"https:\/\/www.diario21.tv\/noticias\/vacunate-contra-la-gripe-y-salva-tu-vida-mientras-mejoras-tu-calidad-de-vida\/\",\"name\":\"\u00a1Vac\u00fanate contra la gripe y salva tu vida mientras mejoras tu calidad de vida! - Diario 21\",\"isPartOf\":{\"@id\":\"https:\/\/www.diario21.tv\/noticias\/#website\"},\"primaryImageOfPage\":{\"@id\":\"https:\/\/www.diario21.tv\/noticias\/vacunate-contra-la-gripe-y-salva-tu-vida-mientras-mejoras-tu-calidad-de-vida\/#primaryimage\"},\"image\":{\"@id\":\"https:\/\/www.diario21.tv\/noticias\/vacunate-contra-la-gripe-y-salva-tu-vida-mientras-mejoras-tu-calidad-de-vida\/#primaryimage\"},\"thumbnailUrl\":\"https:\/\/www.diario21.tv\/noticias\/wp-content\/uploads\/2025\/10\/\u00a1Vacunate-contra-la-gripe-y-salva-tu-vida-mientras-mejoras.jpg\",\"datePublished\":\"2025-10-07T00:51:43+00:00\",\"dateModified\":\"2025-10-07T00:51:44+00:00\",\"author\":{\"@id\":\"https:\/\/www.diario21.tv\/noticias\/#\/schema\/person\/dfb778f73814d8f09f302618446a526b\"},\"breadcrumb\":{\"@id\":\"https:\/\/www.diario21.tv\/noticias\/vacunate-contra-la-gripe-y-salva-tu-vida-mientras-mejoras-tu-calidad-de-vida\/#breadcrumb\"},\"inLanguage\":\"es-AR\",\"potentialAction\":[{\"@type\":\"ReadAction\",\"target\":[\"https:\/\/www.diario21.tv\/noticias\/vacunate-contra-la-gripe-y-salva-tu-vida-mientras-mejoras-tu-calidad-de-vida\/\"]}]},{\"@type\":\"ImageObject\",\"inLanguage\":\"es-AR\",\"@id\":\"https:\/\/www.diario21.tv\/noticias\/vacunate-contra-la-gripe-y-salva-tu-vida-mientras-mejoras-tu-calidad-de-vida\/#primaryimage\",\"url\":\"https:\/\/www.diario21.tv\/noticias\/wp-content\/uploads\/2025\/10\/\u00a1Vacunate-contra-la-gripe-y-salva-tu-vida-mientras-mejoras.jpg\",\"contentUrl\":\"https:\/\/www.diario21.tv\/noticias\/wp-content\/uploads\/2025\/10\/\u00a1Vacunate-contra-la-gripe-y-salva-tu-vida-mientras-mejoras.jpg\",\"width\":1200,\"height\":840,\"caption\":\"\u00abVacunarse de la gripe no solo evita muertes, tambi\u00e9n mantiene la calidad de vida\u00bb\"},{\"@type\":\"BreadcrumbList\",\"@id\":\"https:\/\/www.diario21.tv\/noticias\/vacunate-contra-la-gripe-y-salva-tu-vida-mientras-mejoras-tu-calidad-de-vida\/#breadcrumb\",\"itemListElement\":[{\"@type\":\"ListItem\",\"position\":1,\"name\":\"Accueil\",\"item\":\"https:\/\/www.diario21.tv\/noticias\/\"},{\"@type\":\"ListItem\",\"position\":2,\"name\":\"\u00a1Vac\u00fanate contra la gripe y salva tu vida mientras mejoras tu calidad de vida!\"}]},{\"@type\":\"WebSite\",\"@id\":\"https:\/\/www.diario21.tv\/noticias\/#website\",\"url\":\"https:\/\/www.diario21.tv\/noticias\/\",\"name\":\"Diario 21\",\"description\":\"\",\"potentialAction\":[{\"@type\":\"SearchAction\",\"target\":{\"@type\":\"EntryPoint\",\"urlTemplate\":\"https:\/\/www.diario21.tv\/noticias\/?s={search_term_string}\"},\"query-input\":{\"@type\":\"PropertyValueSpecification\",\"valueRequired\":true,\"valueName\":\"search_term_string\"}}],\"inLanguage\":\"es-AR\"},{\"@type\":\"Person\",\"@id\":\"https:\/\/www.diario21.tv\/noticias\/#\/schema\/person\/dfb778f73814d8f09f302618446a526b\",\"name\":\"Juan P\u00e9rez\",\"image\":{\"@type\":\"ImageObject\",\"inLanguage\":\"es-AR\",\"@id\":\"https:\/\/www.diario21.tv\/noticias\/#\/schema\/person\/image\/\",\"url\":\"https:\/\/secure.gravatar.com\/avatar\/c478a405bd10621167f4c3167cc770f5?s=96&d=mm&r=g\",\"contentUrl\":\"https:\/\/secure.gravatar.com\/avatar\/c478a405bd10621167f4c3167cc770f5?s=96&d=mm&r=g\",\"caption\":\"Juan P\u00e9rez\"},\"description\":\"Juan P\u00e9rez es el redactor en jefe de Diario 21. Con m\u00e1s de 10 a\u00f1os de experiencia en el periodismo, se especializa en pol\u00edtica nacional y an\u00e1lisis socioecon\u00f3mico. Su enfoque cr\u00edtico y riguroso aporta una perspectiva \u00fanica a cada art\u00edculo.\",\"sameAs\":[\"https:\/\/www.diario21.tv\/noticias\/\"],\"url\":\"https:\/\/www.diario21.tv\/noticias\/author\/juan-perez\/\"}]}<\/script>\n<!-- \/ Yoast SEO plugin. -->","yoast_head_json":{"title":"\u00a1Vac\u00fanate contra la gripe y salva tu vida mientras mejoras tu calidad de vida! - Diario 21","robots":{"index":"index","follow":"follow","max-snippet":"max-snippet:-1","max-image-preview":"max-image-preview:large","max-video-preview":"max-video-preview:-1"},"canonical":"https:\/\/www.diario21.tv\/noticias\/vacunate-contra-la-gripe-y-salva-tu-vida-mientras-mejoras-tu-calidad-de-vida\/","og_locale":"es_ES","og_type":"article","og_title":"\u00a1Vac\u00fanate contra la gripe y salva tu vida mientras mejoras tu calidad de vida! - Diario 21","og_description":"Los beneficios de la vacuna contra la gripe La vacunaci\u00f3n contra la influenza es una pr\u00e1ctica m\u00e9dica recomendada no solo para prevenir las fatalidades relacionadas con ... Seguir leyendo &rarr;","og_url":"https:\/\/www.diario21.tv\/noticias\/vacunate-contra-la-gripe-y-salva-tu-vida-mientras-mejoras-tu-calidad-de-vida\/","og_site_name":"Diario 21","article_published_time":"2025-10-07T00:51:43+00:00","article_modified_time":"2025-10-07T00:51:44+00:00","og_image":[{"width":1200,"height":840,"url":"https:\/\/www.diario21.tv\/noticias\/wp-content\/uploads\/2025\/10\/\u00a1Vacunate-contra-la-gripe-y-salva-tu-vida-mientras-mejoras.jpg","type":"image\/jpeg"}],"author":"Juan P\u00e9rez","twitter_card":"summary_large_image","twitter_misc":{"Escrito por":"Juan P\u00e9rez","Tiempo de lectura":"2 minutos"},"schema":{"@context":"https:\/\/schema.org","@graph":[{"@type":"WebPage","@id":"https:\/\/www.diario21.tv\/noticias\/vacunate-contra-la-gripe-y-salva-tu-vida-mientras-mejoras-tu-calidad-de-vida\/","url":"https:\/\/www.diario21.tv\/noticias\/vacunate-contra-la-gripe-y-salva-tu-vida-mientras-mejoras-tu-calidad-de-vida\/","name":"\u00a1Vac\u00fanate contra la gripe y salva tu vida mientras mejoras tu calidad de vida! - Diario 21","isPartOf":{"@id":"https:\/\/www.diario21.tv\/noticias\/#website"},"primaryImageOfPage":{"@id":"https:\/\/www.diario21.tv\/noticias\/vacunate-contra-la-gripe-y-salva-tu-vida-mientras-mejoras-tu-calidad-de-vida\/#primaryimage"},"image":{"@id":"https:\/\/www.diario21.tv\/noticias\/vacunate-contra-la-gripe-y-salva-tu-vida-mientras-mejoras-tu-calidad-de-vida\/#primaryimage"},"thumbnailUrl":"https:\/\/www.diario21.tv\/noticias\/wp-content\/uploads\/2025\/10\/\u00a1Vacunate-contra-la-gripe-y-salva-tu-vida-mientras-mejoras.jpg","datePublished":"2025-10-07T00:51:43+00:00","dateModified":"2025-10-07T00:51:44+00:00","author":{"@id":"https:\/\/www.diario21.tv\/noticias\/#\/schema\/person\/dfb778f73814d8f09f302618446a526b"},"breadcrumb":{"@id":"https:\/\/www.diario21.tv\/noticias\/vacunate-contra-la-gripe-y-salva-tu-vida-mientras-mejoras-tu-calidad-de-vida\/#breadcrumb"},"inLanguage":"es-AR","potentialAction":[{"@type":"ReadAction","target":["https:\/\/www.diario21.tv\/noticias\/vacunate-contra-la-gripe-y-salva-tu-vida-mientras-mejoras-tu-calidad-de-vida\/"]}]},{"@type":"ImageObject","inLanguage":"es-AR","@id":"https:\/\/www.diario21.tv\/noticias\/vacunate-contra-la-gripe-y-salva-tu-vida-mientras-mejoras-tu-calidad-de-vida\/#primaryimage","url":"https:\/\/www.diario21.tv\/noticias\/wp-content\/uploads\/2025\/10\/\u00a1Vacunate-contra-la-gripe-y-salva-tu-vida-mientras-mejoras.jpg","contentUrl":"https:\/\/www.diario21.tv\/noticias\/wp-content\/uploads\/2025\/10\/\u00a1Vacunate-contra-la-gripe-y-salva-tu-vida-mientras-mejoras.jpg","width":1200,"height":840,"caption":"\u00abVacunarse de la gripe no solo evita muertes, tambi\u00e9n mantiene la calidad de vida\u00bb"},{"@type":"BreadcrumbList","@id":"https:\/\/www.diario21.tv\/noticias\/vacunate-contra-la-gripe-y-salva-tu-vida-mientras-mejoras-tu-calidad-de-vida\/#breadcrumb","itemListElement":[{"@type":"ListItem","position":1,"name":"Accueil","item":"https:\/\/www.diario21.tv\/noticias\/"},{"@type":"ListItem","position":2,"name":"\u00a1Vac\u00fanate contra la gripe y salva tu vida mientras mejoras tu calidad de vida!"}]},{"@type":"WebSite","@id":"https:\/\/www.diario21.tv\/noticias\/#website","url":"https:\/\/www.diario21.tv\/noticias\/","name":"Diario 21","description":"","potentialAction":[{"@type":"SearchAction","target":{"@type":"EntryPoint","urlTemplate":"https:\/\/www.diario21.tv\/noticias\/?s={search_term_string}"},"query-input":{"@type":"PropertyValueSpecification","valueRequired":true,"valueName":"search_term_string"}}],"inLanguage":"es-AR"},{"@type":"Person","@id":"https:\/\/www.diario21.tv\/noticias\/#\/schema\/person\/dfb778f73814d8f09f302618446a526b","name":"Juan P\u00e9rez","image":{"@type":"ImageObject","inLanguage":"es-AR","@id":"https:\/\/www.diario21.tv\/noticias\/#\/schema\/person\/image\/","url":"https:\/\/secure.gravatar.com\/avatar\/c478a405bd10621167f4c3167cc770f5?s=96&d=mm&r=g","contentUrl":"https:\/\/secure.gravatar.com\/avatar\/c478a405bd10621167f4c3167cc770f5?s=96&d=mm&r=g","caption":"Juan P\u00e9rez"},"description":"Juan P\u00e9rez es el redactor en jefe de Diario 21. Con m\u00e1s de 10 a\u00f1os de experiencia en el periodismo, se especializa en pol\u00edtica nacional y an\u00e1lisis socioecon\u00f3mico. Su enfoque cr\u00edtico y riguroso aporta una perspectiva \u00fanica a cada art\u00edculo.","sameAs":["https:\/\/www.diario21.tv\/noticias\/"],"url":"https:\/\/www.diario21.tv\/noticias\/author\/juan-perez\/"}]}},"_links":{"self":[{"href":"https:\/\/www.diario21.tv\/noticias\/wp-json\/wp\/v2\/posts\/4756"}],"collection":[{"href":"https:\/\/www.diario21.tv\/noticias\/wp-json\/wp\/v2\/posts"}],"about":[{"href":"https:\/\/www.diario21.tv\/noticias\/wp-json\/wp\/v2\/types\/post"}],"author":[{"embeddable":true,"href":"https:\/\/www.diario21.tv\/noticias\/wp-json\/wp\/v2\/users\/20"}],"replies":[{"embeddable":true,"href":"https:\/\/www.diario21.tv\/noticias\/wp-json\/wp\/v2\/comments?post=4756"}],"version-history":[{"count":1,"href":"https:\/\/www.diario21.tv\/noticias\/wp-json\/wp\/v2\/posts\/4756\/revisions"}],"predecessor-version":[{"id":4758,"href":"https:\/\/www.diario21.tv\/noticias\/wp-json\/wp\/v2\/posts\/4756\/revisions\/4758"}],"wp:featuredmedia":[{"embeddable":true,"href":"https:\/\/www.diario21.tv\/noticias\/wp-json\/wp\/v2\/media\/4757"}],"wp:attachment":[{"href":"https:\/\/www.diario21.tv\/noticias\/wp-json\/wp\/v2\/media?parent=4756"}],"wp:term":[{"taxonomy":"category","embeddable":true,"href":"https:\/\/www.diario21.tv\/noticias\/wp-json\/wp\/v2\/categories?post=4756"},{"taxonomy":"post_tag","embeddable":true,"href":"https:\/\/www.diario21.tv\/noticias\/wp-json\/wp\/v2\/tags?post=4756"}],"curies":[{"name":"wp","href":"https:\/\/api.w.org\/{rel}","templated":true}]}}