{"id":4744,"date":"2025-10-05T18:41:52","date_gmt":"2025-10-05T18:41:52","guid":{"rendered":"https:\/\/www.diario21.tv\/noticias\/increible-rescate-en-gran-canaria-joven-sobrevive-tres-dias-en-el-mar-tras-desaparecer-en-moto-acuatica\/"},"modified":"2025-10-05T18:41:54","modified_gmt":"2025-10-05T18:41:54","slug":"increible-rescate-en-gran-canaria-joven-sobrevive-tres-dias-en-el-mar-tras-desaparecer-en-moto-acuatica","status":"publish","type":"post","link":"https:\/\/www.diario21.tv\/noticias\/increible-rescate-en-gran-canaria-joven-sobrevive-tres-dias-en-el-mar-tras-desaparecer-en-moto-acuatica\/","title":{"rendered":"\u00a1Incre\u00edble rescate en Gran Canaria! Joven sobrevive tres d\u00edas en el mar tras desaparecer en moto acu\u00e1tica."},"content":{"rendered":"<h2>Salvamento Mar\u00edtimo Localiza a Joven Tras Tres D\u00edas a la Deriva en Gran Canaria<\/h2>\n<p>En un impresionante operativo de rescate, un joven que hab\u00eda desaparecido mientras navegaba en su moto acu\u00e1tica fue encontrado sano y salvo despu\u00e9s de pasar tres d\u00edas a la deriva en las aguas cercanas a Gran Canaria. El incidente, que puso en vilo a la comunidad local y a los equipos de rescate, comenz\u00f3 cuando el joven, cuya identidad no ha sido divulgada, sali\u00f3 a navegar y no regres\u00f3 a la hora prevista.<\/p>\n<h3>La Desaparici\u00f3n<\/h3>\n<p>El joven, apasionado por los deportes acu\u00e1ticos, hab\u00eda planeado un d\u00eda de actividades en el mar. Sin embargo, tras varias horas sin noticias de su paradero, familiares y amigos dieron la voz de alarma, temiendo lo peor. R\u00e1pidamente, se coordin\u00f3 una b\u00fasqueda intensiva en la que participaron Salvamento Mar\u00edtimo, la Guardia Civil y otros cuerpos de seguridad.<\/p>\n<h3>La B\u00fasqueda<\/h3>\n<p>Durante los d\u00edas siguientes, la b\u00fasqueda se intensific\u00f3. Se utilizaron helic\u00f3pteros, barcos y personal especializado en rescates mar\u00edtimos, cubriendo una amplia zona que se extend\u00eda m\u00e1s all\u00e1 de las \u00faltimas coordenadas conocidas del joven. Las condiciones meteorol\u00f3gicas complicaron las tareas, pero los equipos no desistieron.<\/p>\n<h3>El Rescate<\/h3>\n<p>Finalmente, al tercer d\u00eda de b\u00fasqueda, la perseverancia dio sus frutos. Un helic\u00f3ptero de Salvamento Mar\u00edtimo avist\u00f3 la moto acu\u00e1tica a varios kil\u00f3metros de la costa. Al acercarse, encontraron al joven aferrado a su veh\u00edculo, visiblemente agotado pero en estado consciente.<\/p>\n<p>Inmediatamente, se le proporcion\u00f3 asistencia m\u00e9dica preliminar y fue trasladado a un hospital cercano para una evaluaci\u00f3n m\u00e1s exhaustiva. Los m\u00e9dicos confirmaron que, a pesar de la deshidrataci\u00f3n y el agotamiento, su estado general era estable.<\/p>\n<h3>Reacciones y Prevenciones<\/h3>\n<p>Este incidente ha reavivado el debate sobre la seguridad en deportes acu\u00e1ticos y ha puesto de relieve la importancia de tomar precauciones adecuadas, como informar a alguien sobre el plan de navegaci\u00f3n y la hora estimada de retorno, y llevar siempre un dispositivo de localizaci\u00f3n.<\/p>\n<p>La comunidad ha expresado un profundo alivio por el feliz desenlace del rescate y ha elogiado la r\u00e1pida respuesta y la coordinaci\u00f3n de los diferentes cuerpos de seguridad y rescate involucrados en la operaci\u00f3n.<\/p>\n<p>Este suceso sirve como un recordatorio vital de los riesgos asociados con el mar y la importancia de prepararse adecuadamente para cualquier actividad mar\u00edtima. Afortunadamente, gracias a la r\u00e1pida actuaci\u00f3n de los equipos de rescate, esta historia tuvo un final feliz.<\/p>\n\n\n<div class=\"kk-star-ratings kksr-auto kksr-align-left kksr-valign-bottom\"\n    data-payload='{&quot;align&quot;:&quot;left&quot;,&quot;id&quot;:&quot;4744&quot;,&quot;slug&quot;:&quot;default&quot;,&quot;valign&quot;:&quot;bottom&quot;,&quot;ignore&quot;:&quot;&quot;,&quot;reference&quot;:&quot;auto&quot;,&quot;class&quot;:&quot;&quot;,&quot;count&quot;:&quot;0&quot;,&quot;legendonly&quot;:&quot;&quot;,&quot;readonly&quot;:&quot;&quot;,&quot;score&quot;:&quot;0&quot;,&quot;starsonly&quot;:&quot;&quot;,&quot;best&quot;:&quot;5&quot;,&quot;gap&quot;:&quot;5&quot;,&quot;greet&quot;:&quot;Valora este post&quot;,&quot;legend&quot;:&quot;0\\\/5 - (0 votes)&quot;,&quot;size&quot;:&quot;22&quot;,&quot;title&quot;:&quot;\u00a1Incre\u00edble rescate en Gran Canaria! Joven sobrevive tres d\u00edas en el mar tras desaparecer en moto acu\u00e1tica.&quot;,&quot;width&quot;:&quot;0&quot;,&quot;_legend&quot;:&quot;{score}\\\/{best} - ({count} {votes})&quot;,&quot;font_factor&quot;:&quot;1.25&quot;}'>\n            \n<div class=\"kksr-stars\">\n    \n<div class=\"kksr-stars-inactive\">\n            <div class=\"kksr-star\" data-star=\"1\" style=\"padding-right: 5px\">\n            \n\n<div class=\"kksr-icon\" style=\"width: 22px; height: 22px;\"><\/div>\n        <\/div>\n            <div class=\"kksr-star\" data-star=\"2\" style=\"padding-right: 5px\">\n            \n\n<div class=\"kksr-icon\" style=\"width: 22px; height: 22px;\"><\/div>\n        <\/div>\n            <div class=\"kksr-star\" data-star=\"3\" style=\"padding-right: 5px\">\n            \n\n<div class=\"kksr-icon\" style=\"width: 22px; height: 22px;\"><\/div>\n        <\/div>\n            <div class=\"kksr-star\" data-star=\"4\" style=\"padding-right: 5px\">\n            \n\n<div class=\"kksr-icon\" style=\"width: 22px; height: 22px;\"><\/div>\n        <\/div>\n            <div class=\"kksr-star\" data-star=\"5\" style=\"padding-right: 5px\">\n            \n\n<div class=\"kksr-icon\" style=\"width: 22px; height: 22px;\"><\/div>\n        <\/div>\n    <\/div>\n    \n<div class=\"kksr-stars-active\" style=\"width: 0px;\">\n            <div class=\"kksr-star\" style=\"padding-right: 5px\">\n            \n\n<div class=\"kksr-icon\" style=\"width: 22px; height: 22px;\"><\/div>\n        <\/div>\n            <div class=\"kksr-star\" style=\"padding-right: 5px\">\n            \n\n<div class=\"kksr-icon\" style=\"width: 22px; height: 22px;\"><\/div>\n        <\/div>\n            <div class=\"kksr-star\" style=\"padding-right: 5px\">\n            \n\n<div class=\"kksr-icon\" style=\"width: 22px; height: 22px;\"><\/div>\n        <\/div>\n            <div class=\"kksr-star\" style=\"padding-right: 5px\">\n            \n\n<div class=\"kksr-icon\" style=\"width: 22px; height: 22px;\"><\/div>\n        <\/div>\n            <div class=\"kksr-star\" style=\"padding-right: 5px\">\n            \n\n<div class=\"kksr-icon\" style=\"width: 22px; height: 22px;\"><\/div>\n        <\/div>\n    <\/div>\n<\/div>\n                \n\n<div class=\"kksr-legend\" style=\"font-size: 17.6px;\">\n            <span class=\"kksr-muted\">Valora este post<\/span>\n    <\/div>\n    <\/div>\n","protected":false},"excerpt":{"rendered":"<p>Salvamento Mar\u00edtimo Localiza a Joven Tras Tres D\u00edas a la Deriva en Gran Canaria En un impresionante operativo de rescate, un joven que hab\u00eda desaparecido mientras &#8230; <a title=\"\u00a1Incre\u00edble rescate en Gran Canaria! Joven sobrevive tres d\u00edas en el mar tras desaparecer en moto acu\u00e1tica.\" class=\"read-more\" href=\"https:\/\/www.diario21.tv\/noticias\/increible-rescate-en-gran-canaria-joven-sobrevive-tres-dias-en-el-mar-tras-desaparecer-en-moto-acuatica\/\" aria-label=\"Leer m\u00e1s sobre \u00a1Incre\u00edble rescate en Gran Canaria! Joven sobrevive tres d\u00edas en el mar tras desaparecer en moto acu\u00e1tica.\">Seguir leyendo &rarr;<\/a><\/p>\n","protected":false},"author":20,"featured_media":4745,"comment_status":"open","ping_status":"open","sticky":false,"template":"","format":"standard","meta":{"footnotes":""},"categories":[13],"tags":[],"class_list":["post-4744","post","type-post","status-publish","format-standard","has-post-thumbnail","hentry","category-portada"],"yoast_head":"<!-- This site is optimized with the Yoast SEO plugin v25.6 - https:\/\/yoast.com\/wordpress\/plugins\/seo\/ -->\n<title>\u00a1Incre\u00edble rescate en Gran Canaria! Joven sobrevive tres d\u00edas en el mar tras desaparecer en moto acu\u00e1tica. - Diario 21<\/title>\n<meta name=\"robots\" content=\"index, follow, max-snippet:-1, max-image-preview:large, max-video-preview:-1\" \/>\n<link rel=\"canonical\" href=\"https:\/\/www.diario21.tv\/noticias\/increible-rescate-en-gran-canaria-joven-sobrevive-tres-dias-en-el-mar-tras-desaparecer-en-moto-acuatica\/\" \/>\n<meta property=\"og:locale\" content=\"es_ES\" \/>\n<meta property=\"og:type\" content=\"article\" \/>\n<meta property=\"og:title\" content=\"\u00a1Incre\u00edble rescate en Gran Canaria! Joven sobrevive tres d\u00edas en el mar tras desaparecer en moto acu\u00e1tica. - Diario 21\" \/>\n<meta property=\"og:description\" content=\"Salvamento Mar\u00edtimo Localiza a Joven Tras Tres D\u00edas a la Deriva en Gran Canaria En un impresionante operativo de rescate, un joven que hab\u00eda desaparecido mientras ... Seguir leyendo &rarr;\" \/>\n<meta property=\"og:url\" content=\"https:\/\/www.diario21.tv\/noticias\/increible-rescate-en-gran-canaria-joven-sobrevive-tres-dias-en-el-mar-tras-desaparecer-en-moto-acuatica\/\" \/>\n<meta property=\"og:site_name\" content=\"Diario 21\" \/>\n<meta property=\"article:published_time\" content=\"2025-10-05T18:41:52+00:00\" \/>\n<meta property=\"article:modified_time\" content=\"2025-10-05T18:41:54+00:00\" \/>\n<meta property=\"og:image\" content=\"https:\/\/www.diario21.tv\/noticias\/wp-content\/uploads\/2025\/10\/\u00a1Increible-rescate-en-Gran-Canaria-Joven-sobrevive-tres-dias-en.PNG\" \/>\n\t<meta property=\"og:image:width\" content=\"1198\" \/>\n\t<meta property=\"og:image:height\" content=\"840\" \/>\n\t<meta property=\"og:image:type\" content=\"image\/png\" \/>\n<meta name=\"author\" content=\"Juan P\u00e9rez\" \/>\n<meta name=\"twitter:card\" content=\"summary_large_image\" \/>\n<meta name=\"twitter:label1\" content=\"Escrito por\" \/>\n\t<meta name=\"twitter:data1\" content=\"Juan P\u00e9rez\" \/>\n\t<meta name=\"twitter:label2\" content=\"Tiempo de lectura\" \/>\n\t<meta name=\"twitter:data2\" content=\"2 minutos\" \/>\n<script type=\"application\/ld+json\" class=\"yoast-schema-graph\">{\"@context\":\"https:\/\/schema.org\",\"@graph\":[{\"@type\":\"WebPage\",\"@id\":\"https:\/\/www.diario21.tv\/noticias\/increible-rescate-en-gran-canaria-joven-sobrevive-tres-dias-en-el-mar-tras-desaparecer-en-moto-acuatica\/\",\"url\":\"https:\/\/www.diario21.tv\/noticias\/increible-rescate-en-gran-canaria-joven-sobrevive-tres-dias-en-el-mar-tras-desaparecer-en-moto-acuatica\/\",\"name\":\"\u00a1Incre\u00edble rescate en Gran Canaria! Joven sobrevive tres d\u00edas en el mar tras desaparecer en moto acu\u00e1tica. - Diario 21\",\"isPartOf\":{\"@id\":\"https:\/\/www.diario21.tv\/noticias\/#website\"},\"primaryImageOfPage\":{\"@id\":\"https:\/\/www.diario21.tv\/noticias\/increible-rescate-en-gran-canaria-joven-sobrevive-tres-dias-en-el-mar-tras-desaparecer-en-moto-acuatica\/#primaryimage\"},\"image\":{\"@id\":\"https:\/\/www.diario21.tv\/noticias\/increible-rescate-en-gran-canaria-joven-sobrevive-tres-dias-en-el-mar-tras-desaparecer-en-moto-acuatica\/#primaryimage\"},\"thumbnailUrl\":\"https:\/\/www.diario21.tv\/noticias\/wp-content\/uploads\/2025\/10\/\u00a1Increible-rescate-en-Gran-Canaria-Joven-sobrevive-tres-dias-en.PNG\",\"datePublished\":\"2025-10-05T18:41:52+00:00\",\"dateModified\":\"2025-10-05T18:41:54+00:00\",\"author\":{\"@id\":\"https:\/\/www.diario21.tv\/noticias\/#\/schema\/person\/dfb778f73814d8f09f302618446a526b\"},\"breadcrumb\":{\"@id\":\"https:\/\/www.diario21.tv\/noticias\/increible-rescate-en-gran-canaria-joven-sobrevive-tres-dias-en-el-mar-tras-desaparecer-en-moto-acuatica\/#breadcrumb\"},\"inLanguage\":\"es-AR\",\"potentialAction\":[{\"@type\":\"ReadAction\",\"target\":[\"https:\/\/www.diario21.tv\/noticias\/increible-rescate-en-gran-canaria-joven-sobrevive-tres-dias-en-el-mar-tras-desaparecer-en-moto-acuatica\/\"]}]},{\"@type\":\"ImageObject\",\"inLanguage\":\"es-AR\",\"@id\":\"https:\/\/www.diario21.tv\/noticias\/increible-rescate-en-gran-canaria-joven-sobrevive-tres-dias-en-el-mar-tras-desaparecer-en-moto-acuatica\/#primaryimage\",\"url\":\"https:\/\/www.diario21.tv\/noticias\/wp-content\/uploads\/2025\/10\/\u00a1Increible-rescate-en-Gran-Canaria-Joven-sobrevive-tres-dias-en.PNG\",\"contentUrl\":\"https:\/\/www.diario21.tv\/noticias\/wp-content\/uploads\/2025\/10\/\u00a1Increible-rescate-en-Gran-Canaria-Joven-sobrevive-tres-dias-en.PNG\",\"width\":1198,\"height\":840,\"caption\":\"Rescatan a un joven desaparecido en moto acu\u00e1tica tras tres d\u00edas en el mar en Gran Canaria\"},{\"@type\":\"BreadcrumbList\",\"@id\":\"https:\/\/www.diario21.tv\/noticias\/increible-rescate-en-gran-canaria-joven-sobrevive-tres-dias-en-el-mar-tras-desaparecer-en-moto-acuatica\/#breadcrumb\",\"itemListElement\":[{\"@type\":\"ListItem\",\"position\":1,\"name\":\"Accueil\",\"item\":\"https:\/\/www.diario21.tv\/noticias\/\"},{\"@type\":\"ListItem\",\"position\":2,\"name\":\"\u00a1Incre\u00edble rescate en Gran Canaria! Joven sobrevive tres d\u00edas en el mar tras desaparecer en moto acu\u00e1tica.\"}]},{\"@type\":\"WebSite\",\"@id\":\"https:\/\/www.diario21.tv\/noticias\/#website\",\"url\":\"https:\/\/www.diario21.tv\/noticias\/\",\"name\":\"Diario 21\",\"description\":\"\",\"potentialAction\":[{\"@type\":\"SearchAction\",\"target\":{\"@type\":\"EntryPoint\",\"urlTemplate\":\"https:\/\/www.diario21.tv\/noticias\/?s={search_term_string}\"},\"query-input\":{\"@type\":\"PropertyValueSpecification\",\"valueRequired\":true,\"valueName\":\"search_term_string\"}}],\"inLanguage\":\"es-AR\"},{\"@type\":\"Person\",\"@id\":\"https:\/\/www.diario21.tv\/noticias\/#\/schema\/person\/dfb778f73814d8f09f302618446a526b\",\"name\":\"Juan P\u00e9rez\",\"image\":{\"@type\":\"ImageObject\",\"inLanguage\":\"es-AR\",\"@id\":\"https:\/\/www.diario21.tv\/noticias\/#\/schema\/person\/image\/\",\"url\":\"https:\/\/secure.gravatar.com\/avatar\/c478a405bd10621167f4c3167cc770f5?s=96&d=mm&r=g\",\"contentUrl\":\"https:\/\/secure.gravatar.com\/avatar\/c478a405bd10621167f4c3167cc770f5?s=96&d=mm&r=g\",\"caption\":\"Juan P\u00e9rez\"},\"description\":\"Juan P\u00e9rez es el redactor en jefe de Diario 21. Con m\u00e1s de 10 a\u00f1os de experiencia en el periodismo, se especializa en pol\u00edtica nacional y an\u00e1lisis socioecon\u00f3mico. Su enfoque cr\u00edtico y riguroso aporta una perspectiva \u00fanica a cada art\u00edculo.\",\"sameAs\":[\"https:\/\/www.diario21.tv\/noticias\/\"],\"url\":\"https:\/\/www.diario21.tv\/noticias\/author\/juan-perez\/\"}]}<\/script>\n<!-- \/ Yoast SEO plugin. -->","yoast_head_json":{"title":"\u00a1Incre\u00edble rescate en Gran Canaria! Joven sobrevive tres d\u00edas en el mar tras desaparecer en moto acu\u00e1tica. - Diario 21","robots":{"index":"index","follow":"follow","max-snippet":"max-snippet:-1","max-image-preview":"max-image-preview:large","max-video-preview":"max-video-preview:-1"},"canonical":"https:\/\/www.diario21.tv\/noticias\/increible-rescate-en-gran-canaria-joven-sobrevive-tres-dias-en-el-mar-tras-desaparecer-en-moto-acuatica\/","og_locale":"es_ES","og_type":"article","og_title":"\u00a1Incre\u00edble rescate en Gran Canaria! Joven sobrevive tres d\u00edas en el mar tras desaparecer en moto acu\u00e1tica. - Diario 21","og_description":"Salvamento Mar\u00edtimo Localiza a Joven Tras Tres D\u00edas a la Deriva en Gran Canaria En un impresionante operativo de rescate, un joven que hab\u00eda desaparecido mientras ... Seguir leyendo &rarr;","og_url":"https:\/\/www.diario21.tv\/noticias\/increible-rescate-en-gran-canaria-joven-sobrevive-tres-dias-en-el-mar-tras-desaparecer-en-moto-acuatica\/","og_site_name":"Diario 21","article_published_time":"2025-10-05T18:41:52+00:00","article_modified_time":"2025-10-05T18:41:54+00:00","og_image":[{"width":1198,"height":840,"url":"https:\/\/www.diario21.tv\/noticias\/wp-content\/uploads\/2025\/10\/\u00a1Increible-rescate-en-Gran-Canaria-Joven-sobrevive-tres-dias-en.PNG","type":"image\/png"}],"author":"Juan P\u00e9rez","twitter_card":"summary_large_image","twitter_misc":{"Escrito por":"Juan P\u00e9rez","Tiempo de lectura":"2 minutos"},"schema":{"@context":"https:\/\/schema.org","@graph":[{"@type":"WebPage","@id":"https:\/\/www.diario21.tv\/noticias\/increible-rescate-en-gran-canaria-joven-sobrevive-tres-dias-en-el-mar-tras-desaparecer-en-moto-acuatica\/","url":"https:\/\/www.diario21.tv\/noticias\/increible-rescate-en-gran-canaria-joven-sobrevive-tres-dias-en-el-mar-tras-desaparecer-en-moto-acuatica\/","name":"\u00a1Incre\u00edble rescate en Gran Canaria! Joven sobrevive tres d\u00edas en el mar tras desaparecer en moto acu\u00e1tica. - Diario 21","isPartOf":{"@id":"https:\/\/www.diario21.tv\/noticias\/#website"},"primaryImageOfPage":{"@id":"https:\/\/www.diario21.tv\/noticias\/increible-rescate-en-gran-canaria-joven-sobrevive-tres-dias-en-el-mar-tras-desaparecer-en-moto-acuatica\/#primaryimage"},"image":{"@id":"https:\/\/www.diario21.tv\/noticias\/increible-rescate-en-gran-canaria-joven-sobrevive-tres-dias-en-el-mar-tras-desaparecer-en-moto-acuatica\/#primaryimage"},"thumbnailUrl":"https:\/\/www.diario21.tv\/noticias\/wp-content\/uploads\/2025\/10\/\u00a1Increible-rescate-en-Gran-Canaria-Joven-sobrevive-tres-dias-en.PNG","datePublished":"2025-10-05T18:41:52+00:00","dateModified":"2025-10-05T18:41:54+00:00","author":{"@id":"https:\/\/www.diario21.tv\/noticias\/#\/schema\/person\/dfb778f73814d8f09f302618446a526b"},"breadcrumb":{"@id":"https:\/\/www.diario21.tv\/noticias\/increible-rescate-en-gran-canaria-joven-sobrevive-tres-dias-en-el-mar-tras-desaparecer-en-moto-acuatica\/#breadcrumb"},"inLanguage":"es-AR","potentialAction":[{"@type":"ReadAction","target":["https:\/\/www.diario21.tv\/noticias\/increible-rescate-en-gran-canaria-joven-sobrevive-tres-dias-en-el-mar-tras-desaparecer-en-moto-acuatica\/"]}]},{"@type":"ImageObject","inLanguage":"es-AR","@id":"https:\/\/www.diario21.tv\/noticias\/increible-rescate-en-gran-canaria-joven-sobrevive-tres-dias-en-el-mar-tras-desaparecer-en-moto-acuatica\/#primaryimage","url":"https:\/\/www.diario21.tv\/noticias\/wp-content\/uploads\/2025\/10\/\u00a1Increible-rescate-en-Gran-Canaria-Joven-sobrevive-tres-dias-en.PNG","contentUrl":"https:\/\/www.diario21.tv\/noticias\/wp-content\/uploads\/2025\/10\/\u00a1Increible-rescate-en-Gran-Canaria-Joven-sobrevive-tres-dias-en.PNG","width":1198,"height":840,"caption":"Rescatan a un joven desaparecido en moto acu\u00e1tica tras tres d\u00edas en el mar en Gran Canaria"},{"@type":"BreadcrumbList","@id":"https:\/\/www.diario21.tv\/noticias\/increible-rescate-en-gran-canaria-joven-sobrevive-tres-dias-en-el-mar-tras-desaparecer-en-moto-acuatica\/#breadcrumb","itemListElement":[{"@type":"ListItem","position":1,"name":"Accueil","item":"https:\/\/www.diario21.tv\/noticias\/"},{"@type":"ListItem","position":2,"name":"\u00a1Incre\u00edble rescate en Gran Canaria! Joven sobrevive tres d\u00edas en el mar tras desaparecer en moto acu\u00e1tica."}]},{"@type":"WebSite","@id":"https:\/\/www.diario21.tv\/noticias\/#website","url":"https:\/\/www.diario21.tv\/noticias\/","name":"Diario 21","description":"","potentialAction":[{"@type":"SearchAction","target":{"@type":"EntryPoint","urlTemplate":"https:\/\/www.diario21.tv\/noticias\/?s={search_term_string}"},"query-input":{"@type":"PropertyValueSpecification","valueRequired":true,"valueName":"search_term_string"}}],"inLanguage":"es-AR"},{"@type":"Person","@id":"https:\/\/www.diario21.tv\/noticias\/#\/schema\/person\/dfb778f73814d8f09f302618446a526b","name":"Juan P\u00e9rez","image":{"@type":"ImageObject","inLanguage":"es-AR","@id":"https:\/\/www.diario21.tv\/noticias\/#\/schema\/person\/image\/","url":"https:\/\/secure.gravatar.com\/avatar\/c478a405bd10621167f4c3167cc770f5?s=96&d=mm&r=g","contentUrl":"https:\/\/secure.gravatar.com\/avatar\/c478a405bd10621167f4c3167cc770f5?s=96&d=mm&r=g","caption":"Juan P\u00e9rez"},"description":"Juan P\u00e9rez es el redactor en jefe de Diario 21. Con m\u00e1s de 10 a\u00f1os de experiencia en el periodismo, se especializa en pol\u00edtica nacional y an\u00e1lisis socioecon\u00f3mico. Su enfoque cr\u00edtico y riguroso aporta una perspectiva \u00fanica a cada art\u00edculo.","sameAs":["https:\/\/www.diario21.tv\/noticias\/"],"url":"https:\/\/www.diario21.tv\/noticias\/author\/juan-perez\/"}]}},"_links":{"self":[{"href":"https:\/\/www.diario21.tv\/noticias\/wp-json\/wp\/v2\/posts\/4744"}],"collection":[{"href":"https:\/\/www.diario21.tv\/noticias\/wp-json\/wp\/v2\/posts"}],"about":[{"href":"https:\/\/www.diario21.tv\/noticias\/wp-json\/wp\/v2\/types\/post"}],"author":[{"embeddable":true,"href":"https:\/\/www.diario21.tv\/noticias\/wp-json\/wp\/v2\/users\/20"}],"replies":[{"embeddable":true,"href":"https:\/\/www.diario21.tv\/noticias\/wp-json\/wp\/v2\/comments?post=4744"}],"version-history":[{"count":1,"href":"https:\/\/www.diario21.tv\/noticias\/wp-json\/wp\/v2\/posts\/4744\/revisions"}],"predecessor-version":[{"id":4746,"href":"https:\/\/www.diario21.tv\/noticias\/wp-json\/wp\/v2\/posts\/4744\/revisions\/4746"}],"wp:featuredmedia":[{"embeddable":true,"href":"https:\/\/www.diario21.tv\/noticias\/wp-json\/wp\/v2\/media\/4745"}],"wp:attachment":[{"href":"https:\/\/www.diario21.tv\/noticias\/wp-json\/wp\/v2\/media?parent=4744"}],"wp:term":[{"taxonomy":"category","embeddable":true,"href":"https:\/\/www.diario21.tv\/noticias\/wp-json\/wp\/v2\/categories?post=4744"},{"taxonomy":"post_tag","embeddable":true,"href":"https:\/\/www.diario21.tv\/noticias\/wp-json\/wp\/v2\/tags?post=4744"}],"curies":[{"name":"wp","href":"https:\/\/api.w.org\/{rel}","templated":true}]}}