{"id":4723,"date":"2025-10-04T00:29:21","date_gmt":"2025-10-04T00:29:21","guid":{"rendered":"https:\/\/www.diario21.tv\/noticias\/impactante-en-valencia-un-indigente-asesina-a-otro-con-un-paraguas-tras-fuerte-discusion\/"},"modified":"2025-10-04T00:29:22","modified_gmt":"2025-10-04T00:29:22","slug":"impactante-en-valencia-un-indigente-asesina-a-otro-con-un-paraguas-tras-fuerte-discusion","status":"publish","type":"post","link":"https:\/\/www.diario21.tv\/noticias\/impactante-en-valencia-un-indigente-asesina-a-otro-con-un-paraguas-tras-fuerte-discusion\/","title":{"rendered":"\u00a1Impactante! En Valencia, un indigente asesina a otro con un paraguas tras fuerte discusi\u00f3n"},"content":{"rendered":"<h2>Tr\u00e1gico suceso en Valencia: Un hombre sin hogar acaba con la vida de otro usando un paraguas<\/h2>\n<p>En un lamentable incidente en Valencia, un hombre sin hogar ha sido acusado de asesinar a otro tras una acalorada discusi\u00f3n. El arma utilizada en el ataque fue, sorprendentemente, un paraguas.<\/p>\n<h3>Detalles del altercado<\/h3>\n<p>Seg\u00fan los reportes de las autoridades locales, los hechos ocurrieron en una concurrida calle de Valencia, cuando dos hombres, ambos sin hogar, comenzaron a discutir por razones que a\u00fan est\u00e1n siendo investigadas. La disputa escal\u00f3 r\u00e1pidamente hasta que uno de los individuos, en un acto de ira, apu\u00f1al\u00f3 al otro en el pecho con un paraguas.<\/p>\n<p>Las fuerzas de seguridad llegaron al lugar tras ser alertadas por transe\u00fantes que presenciaron el tr\u00e1gico suceso. A pesar de los esfuerzos de los servicios m\u00e9dicos, la v\u00edctima fue declarada muerta en el sitio debido a la gravedad de la herida.<\/p>\n<h3>Investigaci\u00f3n en curso<\/h3>\n<p>El presunto agresor fue detenido inmediatamente por la polic\u00eda en el lugar del incidente. Actualmente, se encuentra bajo custodia mientras se llevan a cabo las investigaciones pertinentes para esclarecer los detalles completos del evento y determinar las motivaciones detr\u00e1s del ataque.<\/p>\n<p>Este incidente ha conmocionado a la comunidad local, poniendo de relieve las dif\u00edciles condiciones que enfrentan las personas sin hogar y la urgencia de abordar problemas relacionados con la salud mental y la seguridad en las calles.<\/p>\n<p>Las autoridades han hecho un llamado a testigos que pudieran haber visto la discusi\u00f3n o cualquier detalle previo al ataque para que se acerquen y aporten su testimonio, con el fin de ayudar a esclarecer este lamentable suceso.<\/p>\n<p>Este es un caso m\u00e1s que subraya la necesidad de pol\u00edticas m\u00e1s efectivas para la protecci\u00f3n y asistencia de la poblaci\u00f3n vulnerable, en particular aquellos que viven en la indigencia, para prevenir que tragedias como esta se repitan en el futuro.<\/p>\n\n\n<div class=\"kk-star-ratings kksr-auto kksr-align-left kksr-valign-bottom\"\n    data-payload='{&quot;align&quot;:&quot;left&quot;,&quot;id&quot;:&quot;4723&quot;,&quot;slug&quot;:&quot;default&quot;,&quot;valign&quot;:&quot;bottom&quot;,&quot;ignore&quot;:&quot;&quot;,&quot;reference&quot;:&quot;auto&quot;,&quot;class&quot;:&quot;&quot;,&quot;count&quot;:&quot;0&quot;,&quot;legendonly&quot;:&quot;&quot;,&quot;readonly&quot;:&quot;&quot;,&quot;score&quot;:&quot;0&quot;,&quot;starsonly&quot;:&quot;&quot;,&quot;best&quot;:&quot;5&quot;,&quot;gap&quot;:&quot;5&quot;,&quot;greet&quot;:&quot;Valora este post&quot;,&quot;legend&quot;:&quot;0\\\/5 - (0 votes)&quot;,&quot;size&quot;:&quot;22&quot;,&quot;title&quot;:&quot;\u00a1Impactante! En Valencia, un indigente asesina a otro con un paraguas tras fuerte discusi\u00f3n&quot;,&quot;width&quot;:&quot;0&quot;,&quot;_legend&quot;:&quot;{score}\\\/{best} - ({count} {votes})&quot;,&quot;font_factor&quot;:&quot;1.25&quot;}'>\n            \n<div class=\"kksr-stars\">\n    \n<div class=\"kksr-stars-inactive\">\n            <div class=\"kksr-star\" data-star=\"1\" style=\"padding-right: 5px\">\n            \n\n<div class=\"kksr-icon\" style=\"width: 22px; height: 22px;\"><\/div>\n        <\/div>\n            <div class=\"kksr-star\" data-star=\"2\" style=\"padding-right: 5px\">\n            \n\n<div class=\"kksr-icon\" style=\"width: 22px; height: 22px;\"><\/div>\n        <\/div>\n            <div class=\"kksr-star\" data-star=\"3\" style=\"padding-right: 5px\">\n            \n\n<div class=\"kksr-icon\" style=\"width: 22px; height: 22px;\"><\/div>\n        <\/div>\n            <div class=\"kksr-star\" data-star=\"4\" style=\"padding-right: 5px\">\n            \n\n<div class=\"kksr-icon\" style=\"width: 22px; height: 22px;\"><\/div>\n        <\/div>\n            <div class=\"kksr-star\" data-star=\"5\" style=\"padding-right: 5px\">\n            \n\n<div class=\"kksr-icon\" style=\"width: 22px; height: 22px;\"><\/div>\n        <\/div>\n    <\/div>\n    \n<div class=\"kksr-stars-active\" style=\"width: 0px;\">\n            <div class=\"kksr-star\" style=\"padding-right: 5px\">\n            \n\n<div class=\"kksr-icon\" style=\"width: 22px; height: 22px;\"><\/div>\n        <\/div>\n            <div class=\"kksr-star\" style=\"padding-right: 5px\">\n            \n\n<div class=\"kksr-icon\" style=\"width: 22px; height: 22px;\"><\/div>\n        <\/div>\n            <div class=\"kksr-star\" style=\"padding-right: 5px\">\n            \n\n<div class=\"kksr-icon\" style=\"width: 22px; height: 22px;\"><\/div>\n        <\/div>\n            <div class=\"kksr-star\" style=\"padding-right: 5px\">\n            \n\n<div class=\"kksr-icon\" style=\"width: 22px; height: 22px;\"><\/div>\n        <\/div>\n            <div class=\"kksr-star\" style=\"padding-right: 5px\">\n            \n\n<div class=\"kksr-icon\" style=\"width: 22px; height: 22px;\"><\/div>\n        <\/div>\n    <\/div>\n<\/div>\n                \n\n<div class=\"kksr-legend\" style=\"font-size: 17.6px;\">\n            <span class=\"kksr-muted\">Valora este post<\/span>\n    <\/div>\n    <\/div>\n","protected":false},"excerpt":{"rendered":"<p>Tr\u00e1gico suceso en Valencia: Un hombre sin hogar acaba con la vida de otro usando un paraguas En un lamentable incidente en Valencia, un hombre sin &#8230; <a title=\"\u00a1Impactante! En Valencia, un indigente asesina a otro con un paraguas tras fuerte discusi\u00f3n\" class=\"read-more\" href=\"https:\/\/www.diario21.tv\/noticias\/impactante-en-valencia-un-indigente-asesina-a-otro-con-un-paraguas-tras-fuerte-discusion\/\" aria-label=\"Leer m\u00e1s sobre \u00a1Impactante! En Valencia, un indigente asesina a otro con un paraguas tras fuerte discusi\u00f3n\">Seguir leyendo &rarr;<\/a><\/p>\n","protected":false},"author":20,"featured_media":4724,"comment_status":"open","ping_status":"open","sticky":false,"template":"","format":"standard","meta":{"footnotes":""},"categories":[13],"tags":[],"class_list":["post-4723","post","type-post","status-publish","format-standard","has-post-thumbnail","hentry","category-portada"],"yoast_head":"<!-- This site is optimized with the Yoast SEO plugin v25.6 - https:\/\/yoast.com\/wordpress\/plugins\/seo\/ -->\n<title>\u00a1Impactante! En Valencia, un indigente asesina a otro con un paraguas tras fuerte discusi\u00f3n - Diario 21<\/title>\n<meta name=\"robots\" content=\"index, follow, max-snippet:-1, max-image-preview:large, max-video-preview:-1\" \/>\n<link rel=\"canonical\" href=\"https:\/\/www.diario21.tv\/noticias\/impactante-en-valencia-un-indigente-asesina-a-otro-con-un-paraguas-tras-fuerte-discusion\/\" \/>\n<meta property=\"og:locale\" content=\"es_ES\" \/>\n<meta property=\"og:type\" content=\"article\" \/>\n<meta property=\"og:title\" content=\"\u00a1Impactante! En Valencia, un indigente asesina a otro con un paraguas tras fuerte discusi\u00f3n - Diario 21\" \/>\n<meta property=\"og:description\" content=\"Tr\u00e1gico suceso en Valencia: Un hombre sin hogar acaba con la vida de otro usando un paraguas En un lamentable incidente en Valencia, un hombre sin ... Seguir leyendo &rarr;\" \/>\n<meta property=\"og:url\" content=\"https:\/\/www.diario21.tv\/noticias\/impactante-en-valencia-un-indigente-asesina-a-otro-con-un-paraguas-tras-fuerte-discusion\/\" \/>\n<meta property=\"og:site_name\" content=\"Diario 21\" \/>\n<meta property=\"article:published_time\" content=\"2025-10-04T00:29:21+00:00\" \/>\n<meta property=\"article:modified_time\" content=\"2025-10-04T00:29:22+00:00\" \/>\n<meta property=\"og:image\" content=\"https:\/\/www.diario21.tv\/noticias\/wp-content\/uploads\/2025\/10\/\u00a1Impactante-En-Valencia-un-indigente-asesina-a-otro-con-un.jpg\" \/>\n\t<meta property=\"og:image:width\" content=\"1200\" \/>\n\t<meta property=\"og:image:height\" content=\"840\" \/>\n\t<meta property=\"og:image:type\" content=\"image\/jpeg\" \/>\n<meta name=\"author\" content=\"Juan P\u00e9rez\" \/>\n<meta name=\"twitter:card\" content=\"summary_large_image\" \/>\n<meta name=\"twitter:label1\" content=\"Escrito por\" \/>\n\t<meta name=\"twitter:data1\" content=\"Juan P\u00e9rez\" \/>\n\t<meta name=\"twitter:label2\" content=\"Tiempo de lectura\" \/>\n\t<meta name=\"twitter:data2\" content=\"2 minutos\" \/>\n<script type=\"application\/ld+json\" class=\"yoast-schema-graph\">{\"@context\":\"https:\/\/schema.org\",\"@graph\":[{\"@type\":\"WebPage\",\"@id\":\"https:\/\/www.diario21.tv\/noticias\/impactante-en-valencia-un-indigente-asesina-a-otro-con-un-paraguas-tras-fuerte-discusion\/\",\"url\":\"https:\/\/www.diario21.tv\/noticias\/impactante-en-valencia-un-indigente-asesina-a-otro-con-un-paraguas-tras-fuerte-discusion\/\",\"name\":\"\u00a1Impactante! En Valencia, un indigente asesina a otro con un paraguas tras fuerte discusi\u00f3n - Diario 21\",\"isPartOf\":{\"@id\":\"https:\/\/www.diario21.tv\/noticias\/#website\"},\"primaryImageOfPage\":{\"@id\":\"https:\/\/www.diario21.tv\/noticias\/impactante-en-valencia-un-indigente-asesina-a-otro-con-un-paraguas-tras-fuerte-discusion\/#primaryimage\"},\"image\":{\"@id\":\"https:\/\/www.diario21.tv\/noticias\/impactante-en-valencia-un-indigente-asesina-a-otro-con-un-paraguas-tras-fuerte-discusion\/#primaryimage\"},\"thumbnailUrl\":\"https:\/\/www.diario21.tv\/noticias\/wp-content\/uploads\/2025\/10\/\u00a1Impactante-En-Valencia-un-indigente-asesina-a-otro-con-un.jpg\",\"datePublished\":\"2025-10-04T00:29:21+00:00\",\"dateModified\":\"2025-10-04T00:29:22+00:00\",\"author\":{\"@id\":\"https:\/\/www.diario21.tv\/noticias\/#\/schema\/person\/dfb778f73814d8f09f302618446a526b\"},\"breadcrumb\":{\"@id\":\"https:\/\/www.diario21.tv\/noticias\/impactante-en-valencia-un-indigente-asesina-a-otro-con-un-paraguas-tras-fuerte-discusion\/#breadcrumb\"},\"inLanguage\":\"es-AR\",\"potentialAction\":[{\"@type\":\"ReadAction\",\"target\":[\"https:\/\/www.diario21.tv\/noticias\/impactante-en-valencia-un-indigente-asesina-a-otro-con-un-paraguas-tras-fuerte-discusion\/\"]}]},{\"@type\":\"ImageObject\",\"inLanguage\":\"es-AR\",\"@id\":\"https:\/\/www.diario21.tv\/noticias\/impactante-en-valencia-un-indigente-asesina-a-otro-con-un-paraguas-tras-fuerte-discusion\/#primaryimage\",\"url\":\"https:\/\/www.diario21.tv\/noticias\/wp-content\/uploads\/2025\/10\/\u00a1Impactante-En-Valencia-un-indigente-asesina-a-otro-con-un.jpg\",\"contentUrl\":\"https:\/\/www.diario21.tv\/noticias\/wp-content\/uploads\/2025\/10\/\u00a1Impactante-En-Valencia-un-indigente-asesina-a-otro-con-un.jpg\",\"width\":1200,\"height\":840,\"caption\":\"Un indigente mata a otro al apu\u00f1alarlo con un paraguas tras discutir en Valencia\"},{\"@type\":\"BreadcrumbList\",\"@id\":\"https:\/\/www.diario21.tv\/noticias\/impactante-en-valencia-un-indigente-asesina-a-otro-con-un-paraguas-tras-fuerte-discusion\/#breadcrumb\",\"itemListElement\":[{\"@type\":\"ListItem\",\"position\":1,\"name\":\"Accueil\",\"item\":\"https:\/\/www.diario21.tv\/noticias\/\"},{\"@type\":\"ListItem\",\"position\":2,\"name\":\"\u00a1Impactante! En Valencia, un indigente asesina a otro con un paraguas tras fuerte discusi\u00f3n\"}]},{\"@type\":\"WebSite\",\"@id\":\"https:\/\/www.diario21.tv\/noticias\/#website\",\"url\":\"https:\/\/www.diario21.tv\/noticias\/\",\"name\":\"Diario 21\",\"description\":\"\",\"potentialAction\":[{\"@type\":\"SearchAction\",\"target\":{\"@type\":\"EntryPoint\",\"urlTemplate\":\"https:\/\/www.diario21.tv\/noticias\/?s={search_term_string}\"},\"query-input\":{\"@type\":\"PropertyValueSpecification\",\"valueRequired\":true,\"valueName\":\"search_term_string\"}}],\"inLanguage\":\"es-AR\"},{\"@type\":\"Person\",\"@id\":\"https:\/\/www.diario21.tv\/noticias\/#\/schema\/person\/dfb778f73814d8f09f302618446a526b\",\"name\":\"Juan P\u00e9rez\",\"image\":{\"@type\":\"ImageObject\",\"inLanguage\":\"es-AR\",\"@id\":\"https:\/\/www.diario21.tv\/noticias\/#\/schema\/person\/image\/\",\"url\":\"https:\/\/secure.gravatar.com\/avatar\/c478a405bd10621167f4c3167cc770f5?s=96&d=mm&r=g\",\"contentUrl\":\"https:\/\/secure.gravatar.com\/avatar\/c478a405bd10621167f4c3167cc770f5?s=96&d=mm&r=g\",\"caption\":\"Juan P\u00e9rez\"},\"description\":\"Juan P\u00e9rez es el redactor en jefe de Diario 21. Con m\u00e1s de 10 a\u00f1os de experiencia en el periodismo, se especializa en pol\u00edtica nacional y an\u00e1lisis socioecon\u00f3mico. Su enfoque cr\u00edtico y riguroso aporta una perspectiva \u00fanica a cada art\u00edculo.\",\"sameAs\":[\"https:\/\/www.diario21.tv\/noticias\/\"],\"url\":\"https:\/\/www.diario21.tv\/noticias\/author\/juan-perez\/\"}]}<\/script>\n<!-- \/ Yoast SEO plugin. -->","yoast_head_json":{"title":"\u00a1Impactante! En Valencia, un indigente asesina a otro con un paraguas tras fuerte discusi\u00f3n - Diario 21","robots":{"index":"index","follow":"follow","max-snippet":"max-snippet:-1","max-image-preview":"max-image-preview:large","max-video-preview":"max-video-preview:-1"},"canonical":"https:\/\/www.diario21.tv\/noticias\/impactante-en-valencia-un-indigente-asesina-a-otro-con-un-paraguas-tras-fuerte-discusion\/","og_locale":"es_ES","og_type":"article","og_title":"\u00a1Impactante! En Valencia, un indigente asesina a otro con un paraguas tras fuerte discusi\u00f3n - Diario 21","og_description":"Tr\u00e1gico suceso en Valencia: Un hombre sin hogar acaba con la vida de otro usando un paraguas En un lamentable incidente en Valencia, un hombre sin ... Seguir leyendo &rarr;","og_url":"https:\/\/www.diario21.tv\/noticias\/impactante-en-valencia-un-indigente-asesina-a-otro-con-un-paraguas-tras-fuerte-discusion\/","og_site_name":"Diario 21","article_published_time":"2025-10-04T00:29:21+00:00","article_modified_time":"2025-10-04T00:29:22+00:00","og_image":[{"width":1200,"height":840,"url":"https:\/\/www.diario21.tv\/noticias\/wp-content\/uploads\/2025\/10\/\u00a1Impactante-En-Valencia-un-indigente-asesina-a-otro-con-un.jpg","type":"image\/jpeg"}],"author":"Juan P\u00e9rez","twitter_card":"summary_large_image","twitter_misc":{"Escrito por":"Juan P\u00e9rez","Tiempo de lectura":"2 minutos"},"schema":{"@context":"https:\/\/schema.org","@graph":[{"@type":"WebPage","@id":"https:\/\/www.diario21.tv\/noticias\/impactante-en-valencia-un-indigente-asesina-a-otro-con-un-paraguas-tras-fuerte-discusion\/","url":"https:\/\/www.diario21.tv\/noticias\/impactante-en-valencia-un-indigente-asesina-a-otro-con-un-paraguas-tras-fuerte-discusion\/","name":"\u00a1Impactante! En Valencia, un indigente asesina a otro con un paraguas tras fuerte discusi\u00f3n - Diario 21","isPartOf":{"@id":"https:\/\/www.diario21.tv\/noticias\/#website"},"primaryImageOfPage":{"@id":"https:\/\/www.diario21.tv\/noticias\/impactante-en-valencia-un-indigente-asesina-a-otro-con-un-paraguas-tras-fuerte-discusion\/#primaryimage"},"image":{"@id":"https:\/\/www.diario21.tv\/noticias\/impactante-en-valencia-un-indigente-asesina-a-otro-con-un-paraguas-tras-fuerte-discusion\/#primaryimage"},"thumbnailUrl":"https:\/\/www.diario21.tv\/noticias\/wp-content\/uploads\/2025\/10\/\u00a1Impactante-En-Valencia-un-indigente-asesina-a-otro-con-un.jpg","datePublished":"2025-10-04T00:29:21+00:00","dateModified":"2025-10-04T00:29:22+00:00","author":{"@id":"https:\/\/www.diario21.tv\/noticias\/#\/schema\/person\/dfb778f73814d8f09f302618446a526b"},"breadcrumb":{"@id":"https:\/\/www.diario21.tv\/noticias\/impactante-en-valencia-un-indigente-asesina-a-otro-con-un-paraguas-tras-fuerte-discusion\/#breadcrumb"},"inLanguage":"es-AR","potentialAction":[{"@type":"ReadAction","target":["https:\/\/www.diario21.tv\/noticias\/impactante-en-valencia-un-indigente-asesina-a-otro-con-un-paraguas-tras-fuerte-discusion\/"]}]},{"@type":"ImageObject","inLanguage":"es-AR","@id":"https:\/\/www.diario21.tv\/noticias\/impactante-en-valencia-un-indigente-asesina-a-otro-con-un-paraguas-tras-fuerte-discusion\/#primaryimage","url":"https:\/\/www.diario21.tv\/noticias\/wp-content\/uploads\/2025\/10\/\u00a1Impactante-En-Valencia-un-indigente-asesina-a-otro-con-un.jpg","contentUrl":"https:\/\/www.diario21.tv\/noticias\/wp-content\/uploads\/2025\/10\/\u00a1Impactante-En-Valencia-un-indigente-asesina-a-otro-con-un.jpg","width":1200,"height":840,"caption":"Un indigente mata a otro al apu\u00f1alarlo con un paraguas tras discutir en Valencia"},{"@type":"BreadcrumbList","@id":"https:\/\/www.diario21.tv\/noticias\/impactante-en-valencia-un-indigente-asesina-a-otro-con-un-paraguas-tras-fuerte-discusion\/#breadcrumb","itemListElement":[{"@type":"ListItem","position":1,"name":"Accueil","item":"https:\/\/www.diario21.tv\/noticias\/"},{"@type":"ListItem","position":2,"name":"\u00a1Impactante! En Valencia, un indigente asesina a otro con un paraguas tras fuerte discusi\u00f3n"}]},{"@type":"WebSite","@id":"https:\/\/www.diario21.tv\/noticias\/#website","url":"https:\/\/www.diario21.tv\/noticias\/","name":"Diario 21","description":"","potentialAction":[{"@type":"SearchAction","target":{"@type":"EntryPoint","urlTemplate":"https:\/\/www.diario21.tv\/noticias\/?s={search_term_string}"},"query-input":{"@type":"PropertyValueSpecification","valueRequired":true,"valueName":"search_term_string"}}],"inLanguage":"es-AR"},{"@type":"Person","@id":"https:\/\/www.diario21.tv\/noticias\/#\/schema\/person\/dfb778f73814d8f09f302618446a526b","name":"Juan P\u00e9rez","image":{"@type":"ImageObject","inLanguage":"es-AR","@id":"https:\/\/www.diario21.tv\/noticias\/#\/schema\/person\/image\/","url":"https:\/\/secure.gravatar.com\/avatar\/c478a405bd10621167f4c3167cc770f5?s=96&d=mm&r=g","contentUrl":"https:\/\/secure.gravatar.com\/avatar\/c478a405bd10621167f4c3167cc770f5?s=96&d=mm&r=g","caption":"Juan P\u00e9rez"},"description":"Juan P\u00e9rez es el redactor en jefe de Diario 21. Con m\u00e1s de 10 a\u00f1os de experiencia en el periodismo, se especializa en pol\u00edtica nacional y an\u00e1lisis socioecon\u00f3mico. Su enfoque cr\u00edtico y riguroso aporta una perspectiva \u00fanica a cada art\u00edculo.","sameAs":["https:\/\/www.diario21.tv\/noticias\/"],"url":"https:\/\/www.diario21.tv\/noticias\/author\/juan-perez\/"}]}},"_links":{"self":[{"href":"https:\/\/www.diario21.tv\/noticias\/wp-json\/wp\/v2\/posts\/4723"}],"collection":[{"href":"https:\/\/www.diario21.tv\/noticias\/wp-json\/wp\/v2\/posts"}],"about":[{"href":"https:\/\/www.diario21.tv\/noticias\/wp-json\/wp\/v2\/types\/post"}],"author":[{"embeddable":true,"href":"https:\/\/www.diario21.tv\/noticias\/wp-json\/wp\/v2\/users\/20"}],"replies":[{"embeddable":true,"href":"https:\/\/www.diario21.tv\/noticias\/wp-json\/wp\/v2\/comments?post=4723"}],"version-history":[{"count":1,"href":"https:\/\/www.diario21.tv\/noticias\/wp-json\/wp\/v2\/posts\/4723\/revisions"}],"predecessor-version":[{"id":4725,"href":"https:\/\/www.diario21.tv\/noticias\/wp-json\/wp\/v2\/posts\/4723\/revisions\/4725"}],"wp:featuredmedia":[{"embeddable":true,"href":"https:\/\/www.diario21.tv\/noticias\/wp-json\/wp\/v2\/media\/4724"}],"wp:attachment":[{"href":"https:\/\/www.diario21.tv\/noticias\/wp-json\/wp\/v2\/media?parent=4723"}],"wp:term":[{"taxonomy":"category","embeddable":true,"href":"https:\/\/www.diario21.tv\/noticias\/wp-json\/wp\/v2\/categories?post=4723"},{"taxonomy":"post_tag","embeddable":true,"href":"https:\/\/www.diario21.tv\/noticias\/wp-json\/wp\/v2\/tags?post=4723"}],"curies":[{"name":"wp","href":"https:\/\/api.w.org\/{rel}","templated":true}]}}