{"id":4720,"date":"2025-10-03T18:26:59","date_gmt":"2025-10-03T18:26:59","guid":{"rendered":"https:\/\/www.diario21.tv\/noticias\/impactante-actuacion-de-la-ume-en-ibiza-evacuan-agua-de-casas-y-calles-durante-la-noche\/"},"modified":"2025-10-03T18:27:00","modified_gmt":"2025-10-03T18:27:00","slug":"impactante-actuacion-de-la-ume-en-ibiza-evacuan-agua-de-casas-y-calles-durante-la-noche","status":"publish","type":"post","link":"https:\/\/www.diario21.tv\/noticias\/impactante-actuacion-de-la-ume-en-ibiza-evacuan-agua-de-casas-y-calles-durante-la-noche\/","title":{"rendered":"\u00a1Impactante actuaci\u00f3n de la UME en Ibiza! Evacuan agua de casas y calles durante la noche."},"content":{"rendered":"<h2>La UME Act\u00faa en Ibiza para Drenar Agua de Viviendas y Calles Durante la Noche<\/h2>\n<p>En un esfuerzo por manejar las consecuencias de las intensas lluvias en Ibiza, la Unidad Militar de Emergencias (UME) ha sido desplegada para llevar a cabo operaciones de bombeo de agua en \u00e1reas residenciales y v\u00edas p\u00fablicas a lo largo de la noche. Este equipo especializado fue movilizado tras la acumulaci\u00f3n significativa de agua que afect\u00f3 tanto a hogares como a infraestructuras urbanas, causando considerable disrupci\u00f3n.<\/p>\n<h3>Operativos Nocturnos para Controlar Inundaciones<\/h3>\n<p>Los efectivos de la UME trabajaron incansablemente a lo largo de la noche, empleando equipos de alto rendimiento para extraer el agua acumulada. La intervenci\u00f3n se concentr\u00f3 principalmente en las zonas m\u00e1s afectadas, donde el nivel del agua alcanz\u00f3 puntos cr\u00edticos, poniendo en riesgo tanto la seguridad de los residentes como la integridad de las estructuras.<\/p>\n<p>La r\u00e1pida respuesta de la UME fue crucial para prevenir da\u00f1os mayores y ayudar a restablecer la normalidad en las \u00e1reas impactadas. El trabajo no solo incluy\u00f3 el achique de agua, sino tambi\u00e9n la evaluaci\u00f3n de da\u00f1os a infraestructuras para asegurar que no hay riesgos adicionales para los ciudadanos.<\/p>\n<h3>Impacto de las Lluvias y Respuesta Comunitaria<\/h3>\n<p>Las lluvias que precipitaron estas inundaciones fueron extraordinariamente intensas, superando las previsiones meteorol\u00f3gicas y desbordando los sistemas de drenaje locales. La comunidad ibicenca, aunque acostumbrada a las fluctuaciones clim\u00e1ticas, se vio sorprendida por la velocidad y volumen del agua.<\/p>\n<p>La colaboraci\u00f3n entre la UME, servicios locales de emergencia y voluntarios ha sido fundamental para manejar esta crisis. La solidaridad y el esfuerzo conjunto han permitido que se lleven a cabo evacuaciones eficientes y se minimicen los potenciales da\u00f1os a la propiedad y lesiones personales.<\/p>\n<h3>Continuaci\u00f3n de las Labores de Recuperaci\u00f3n<\/h3>\n<p>Aunque la situaci\u00f3n m\u00e1s cr\u00edtica ha sido controlada, la UME permanecer\u00e1 en la zona para continuar con las labores de recuperaci\u00f3n y asegurar que todas las \u00e1reas afectadas sean seguras para su regreso a la normalidad. Adem\u00e1s, se est\u00e1n realizando evaluaciones continuas para mejorar la respuesta a futuras emergencias basadas en las lecciones aprendidas de este evento.<\/p>\n<p>Este incidente subraya la importancia de la preparaci\u00f3n y la respuesta r\u00e1pida en situaciones de desastre natural. Tambi\u00e9n destaca el papel vital que juegan unidades como la UME en la gesti\u00f3n de emergencias en Espa\u00f1a, demostrando una vez m\u00e1s su eficacia y dedicaci\u00f3n en tiempos de necesidad.<\/p>\n\n\n<div class=\"kk-star-ratings kksr-auto kksr-align-left kksr-valign-bottom\"\n    data-payload='{&quot;align&quot;:&quot;left&quot;,&quot;id&quot;:&quot;4720&quot;,&quot;slug&quot;:&quot;default&quot;,&quot;valign&quot;:&quot;bottom&quot;,&quot;ignore&quot;:&quot;&quot;,&quot;reference&quot;:&quot;auto&quot;,&quot;class&quot;:&quot;&quot;,&quot;count&quot;:&quot;0&quot;,&quot;legendonly&quot;:&quot;&quot;,&quot;readonly&quot;:&quot;&quot;,&quot;score&quot;:&quot;0&quot;,&quot;starsonly&quot;:&quot;&quot;,&quot;best&quot;:&quot;5&quot;,&quot;gap&quot;:&quot;5&quot;,&quot;greet&quot;:&quot;Valora este post&quot;,&quot;legend&quot;:&quot;0\\\/5 - (0 votes)&quot;,&quot;size&quot;:&quot;22&quot;,&quot;title&quot;:&quot;\u00a1Impactante actuaci\u00f3n de la UME en Ibiza! Evacuan agua de casas y calles durante la noche.&quot;,&quot;width&quot;:&quot;0&quot;,&quot;_legend&quot;:&quot;{score}\\\/{best} - ({count} {votes})&quot;,&quot;font_factor&quot;:&quot;1.25&quot;}'>\n            \n<div class=\"kksr-stars\">\n    \n<div class=\"kksr-stars-inactive\">\n            <div class=\"kksr-star\" data-star=\"1\" style=\"padding-right: 5px\">\n            \n\n<div class=\"kksr-icon\" style=\"width: 22px; height: 22px;\"><\/div>\n        <\/div>\n            <div class=\"kksr-star\" data-star=\"2\" style=\"padding-right: 5px\">\n            \n\n<div class=\"kksr-icon\" style=\"width: 22px; height: 22px;\"><\/div>\n        <\/div>\n            <div class=\"kksr-star\" data-star=\"3\" style=\"padding-right: 5px\">\n            \n\n<div class=\"kksr-icon\" style=\"width: 22px; height: 22px;\"><\/div>\n        <\/div>\n            <div class=\"kksr-star\" data-star=\"4\" style=\"padding-right: 5px\">\n            \n\n<div class=\"kksr-icon\" style=\"width: 22px; height: 22px;\"><\/div>\n        <\/div>\n            <div class=\"kksr-star\" data-star=\"5\" style=\"padding-right: 5px\">\n            \n\n<div class=\"kksr-icon\" style=\"width: 22px; height: 22px;\"><\/div>\n        <\/div>\n    <\/div>\n    \n<div class=\"kksr-stars-active\" style=\"width: 0px;\">\n            <div class=\"kksr-star\" style=\"padding-right: 5px\">\n            \n\n<div class=\"kksr-icon\" style=\"width: 22px; height: 22px;\"><\/div>\n        <\/div>\n            <div class=\"kksr-star\" style=\"padding-right: 5px\">\n            \n\n<div class=\"kksr-icon\" style=\"width: 22px; height: 22px;\"><\/div>\n        <\/div>\n            <div class=\"kksr-star\" style=\"padding-right: 5px\">\n            \n\n<div class=\"kksr-icon\" style=\"width: 22px; height: 22px;\"><\/div>\n        <\/div>\n            <div class=\"kksr-star\" style=\"padding-right: 5px\">\n            \n\n<div class=\"kksr-icon\" style=\"width: 22px; height: 22px;\"><\/div>\n        <\/div>\n            <div class=\"kksr-star\" style=\"padding-right: 5px\">\n            \n\n<div class=\"kksr-icon\" style=\"width: 22px; height: 22px;\"><\/div>\n        <\/div>\n    <\/div>\n<\/div>\n                \n\n<div class=\"kksr-legend\" style=\"font-size: 17.6px;\">\n            <span class=\"kksr-muted\">Valora este post<\/span>\n    <\/div>\n    <\/div>\n","protected":false},"excerpt":{"rendered":"<p>La UME Act\u00faa en Ibiza para Drenar Agua de Viviendas y Calles Durante la Noche En un esfuerzo por manejar las consecuencias de las intensas lluvias &#8230; <a title=\"\u00a1Impactante actuaci\u00f3n de la UME en Ibiza! Evacuan agua de casas y calles durante la noche.\" class=\"read-more\" href=\"https:\/\/www.diario21.tv\/noticias\/impactante-actuacion-de-la-ume-en-ibiza-evacuan-agua-de-casas-y-calles-durante-la-noche\/\" aria-label=\"Leer m\u00e1s sobre \u00a1Impactante actuaci\u00f3n de la UME en Ibiza! Evacuan agua de casas y calles durante la noche.\">Seguir leyendo &rarr;<\/a><\/p>\n","protected":false},"author":20,"featured_media":4721,"comment_status":"open","ping_status":"open","sticky":false,"template":"","format":"standard","meta":{"footnotes":""},"categories":[13],"tags":[],"class_list":["post-4720","post","type-post","status-publish","format-standard","has-post-thumbnail","hentry","category-portada"],"yoast_head":"<!-- This site is optimized with the Yoast SEO plugin v25.6 - https:\/\/yoast.com\/wordpress\/plugins\/seo\/ -->\n<title>\u00a1Impactante actuaci\u00f3n de la UME en Ibiza! Evacuan agua de casas y calles durante la noche. - Diario 21<\/title>\n<meta name=\"robots\" content=\"index, follow, max-snippet:-1, max-image-preview:large, max-video-preview:-1\" \/>\n<link rel=\"canonical\" href=\"https:\/\/www.diario21.tv\/noticias\/impactante-actuacion-de-la-ume-en-ibiza-evacuan-agua-de-casas-y-calles-durante-la-noche\/\" \/>\n<meta property=\"og:locale\" content=\"es_ES\" \/>\n<meta property=\"og:type\" content=\"article\" \/>\n<meta property=\"og:title\" content=\"\u00a1Impactante actuaci\u00f3n de la UME en Ibiza! Evacuan agua de casas y calles durante la noche. - Diario 21\" \/>\n<meta property=\"og:description\" content=\"La UME Act\u00faa en Ibiza para Drenar Agua de Viviendas y Calles Durante la Noche En un esfuerzo por manejar las consecuencias de las intensas lluvias ... Seguir leyendo &rarr;\" \/>\n<meta property=\"og:url\" content=\"https:\/\/www.diario21.tv\/noticias\/impactante-actuacion-de-la-ume-en-ibiza-evacuan-agua-de-casas-y-calles-durante-la-noche\/\" \/>\n<meta property=\"og:site_name\" content=\"Diario 21\" \/>\n<meta property=\"article:published_time\" content=\"2025-10-03T18:26:59+00:00\" \/>\n<meta property=\"article:modified_time\" content=\"2025-10-03T18:27:00+00:00\" \/>\n<meta property=\"og:image\" content=\"https:\/\/www.diario21.tv\/noticias\/wp-content\/uploads\/2025\/10\/\u00a1Impactante-actuacion-de-la-UME-en-Ibiza-Evacuan-agua-de.jpg\" \/>\n\t<meta property=\"og:image:width\" content=\"1200\" \/>\n\t<meta property=\"og:image:height\" content=\"840\" \/>\n\t<meta property=\"og:image:type\" content=\"image\/jpeg\" \/>\n<meta name=\"author\" content=\"Juan P\u00e9rez\" \/>\n<meta name=\"twitter:card\" content=\"summary_large_image\" \/>\n<meta name=\"twitter:label1\" content=\"Escrito por\" \/>\n\t<meta name=\"twitter:data1\" content=\"Juan P\u00e9rez\" \/>\n\t<meta name=\"twitter:label2\" content=\"Tiempo de lectura\" \/>\n\t<meta name=\"twitter:data2\" content=\"2 minutos\" \/>\n<script type=\"application\/ld+json\" class=\"yoast-schema-graph\">{\"@context\":\"https:\/\/schema.org\",\"@graph\":[{\"@type\":\"WebPage\",\"@id\":\"https:\/\/www.diario21.tv\/noticias\/impactante-actuacion-de-la-ume-en-ibiza-evacuan-agua-de-casas-y-calles-durante-la-noche\/\",\"url\":\"https:\/\/www.diario21.tv\/noticias\/impactante-actuacion-de-la-ume-en-ibiza-evacuan-agua-de-casas-y-calles-durante-la-noche\/\",\"name\":\"\u00a1Impactante actuaci\u00f3n de la UME en Ibiza! Evacuan agua de casas y calles durante la noche. - Diario 21\",\"isPartOf\":{\"@id\":\"https:\/\/www.diario21.tv\/noticias\/#website\"},\"primaryImageOfPage\":{\"@id\":\"https:\/\/www.diario21.tv\/noticias\/impactante-actuacion-de-la-ume-en-ibiza-evacuan-agua-de-casas-y-calles-durante-la-noche\/#primaryimage\"},\"image\":{\"@id\":\"https:\/\/www.diario21.tv\/noticias\/impactante-actuacion-de-la-ume-en-ibiza-evacuan-agua-de-casas-y-calles-durante-la-noche\/#primaryimage\"},\"thumbnailUrl\":\"https:\/\/www.diario21.tv\/noticias\/wp-content\/uploads\/2025\/10\/\u00a1Impactante-actuacion-de-la-UME-en-Ibiza-Evacuan-agua-de.jpg\",\"datePublished\":\"2025-10-03T18:26:59+00:00\",\"dateModified\":\"2025-10-03T18:27:00+00:00\",\"author\":{\"@id\":\"https:\/\/www.diario21.tv\/noticias\/#\/schema\/person\/dfb778f73814d8f09f302618446a526b\"},\"breadcrumb\":{\"@id\":\"https:\/\/www.diario21.tv\/noticias\/impactante-actuacion-de-la-ume-en-ibiza-evacuan-agua-de-casas-y-calles-durante-la-noche\/#breadcrumb\"},\"inLanguage\":\"es-AR\",\"potentialAction\":[{\"@type\":\"ReadAction\",\"target\":[\"https:\/\/www.diario21.tv\/noticias\/impactante-actuacion-de-la-ume-en-ibiza-evacuan-agua-de-casas-y-calles-durante-la-noche\/\"]}]},{\"@type\":\"ImageObject\",\"inLanguage\":\"es-AR\",\"@id\":\"https:\/\/www.diario21.tv\/noticias\/impactante-actuacion-de-la-ume-en-ibiza-evacuan-agua-de-casas-y-calles-durante-la-noche\/#primaryimage\",\"url\":\"https:\/\/www.diario21.tv\/noticias\/wp-content\/uploads\/2025\/10\/\u00a1Impactante-actuacion-de-la-UME-en-Ibiza-Evacuan-agua-de.jpg\",\"contentUrl\":\"https:\/\/www.diario21.tv\/noticias\/wp-content\/uploads\/2025\/10\/\u00a1Impactante-actuacion-de-la-UME-en-Ibiza-Evacuan-agua-de.jpg\",\"width\":1200,\"height\":840,\"caption\":\"La UME interviene durante la noche en Ibiza achicando agua en casas y calles\"},{\"@type\":\"BreadcrumbList\",\"@id\":\"https:\/\/www.diario21.tv\/noticias\/impactante-actuacion-de-la-ume-en-ibiza-evacuan-agua-de-casas-y-calles-durante-la-noche\/#breadcrumb\",\"itemListElement\":[{\"@type\":\"ListItem\",\"position\":1,\"name\":\"Accueil\",\"item\":\"https:\/\/www.diario21.tv\/noticias\/\"},{\"@type\":\"ListItem\",\"position\":2,\"name\":\"\u00a1Impactante actuaci\u00f3n de la UME en Ibiza! Evacuan agua de casas y calles durante la noche.\"}]},{\"@type\":\"WebSite\",\"@id\":\"https:\/\/www.diario21.tv\/noticias\/#website\",\"url\":\"https:\/\/www.diario21.tv\/noticias\/\",\"name\":\"Diario 21\",\"description\":\"\",\"potentialAction\":[{\"@type\":\"SearchAction\",\"target\":{\"@type\":\"EntryPoint\",\"urlTemplate\":\"https:\/\/www.diario21.tv\/noticias\/?s={search_term_string}\"},\"query-input\":{\"@type\":\"PropertyValueSpecification\",\"valueRequired\":true,\"valueName\":\"search_term_string\"}}],\"inLanguage\":\"es-AR\"},{\"@type\":\"Person\",\"@id\":\"https:\/\/www.diario21.tv\/noticias\/#\/schema\/person\/dfb778f73814d8f09f302618446a526b\",\"name\":\"Juan P\u00e9rez\",\"image\":{\"@type\":\"ImageObject\",\"inLanguage\":\"es-AR\",\"@id\":\"https:\/\/www.diario21.tv\/noticias\/#\/schema\/person\/image\/\",\"url\":\"https:\/\/secure.gravatar.com\/avatar\/c478a405bd10621167f4c3167cc770f5?s=96&d=mm&r=g\",\"contentUrl\":\"https:\/\/secure.gravatar.com\/avatar\/c478a405bd10621167f4c3167cc770f5?s=96&d=mm&r=g\",\"caption\":\"Juan P\u00e9rez\"},\"description\":\"Juan P\u00e9rez es el redactor en jefe de Diario 21. Con m\u00e1s de 10 a\u00f1os de experiencia en el periodismo, se especializa en pol\u00edtica nacional y an\u00e1lisis socioecon\u00f3mico. Su enfoque cr\u00edtico y riguroso aporta una perspectiva \u00fanica a cada art\u00edculo.\",\"sameAs\":[\"https:\/\/www.diario21.tv\/noticias\/\"],\"url\":\"https:\/\/www.diario21.tv\/noticias\/author\/juan-perez\/\"}]}<\/script>\n<!-- \/ Yoast SEO plugin. -->","yoast_head_json":{"title":"\u00a1Impactante actuaci\u00f3n de la UME en Ibiza! Evacuan agua de casas y calles durante la noche. - Diario 21","robots":{"index":"index","follow":"follow","max-snippet":"max-snippet:-1","max-image-preview":"max-image-preview:large","max-video-preview":"max-video-preview:-1"},"canonical":"https:\/\/www.diario21.tv\/noticias\/impactante-actuacion-de-la-ume-en-ibiza-evacuan-agua-de-casas-y-calles-durante-la-noche\/","og_locale":"es_ES","og_type":"article","og_title":"\u00a1Impactante actuaci\u00f3n de la UME en Ibiza! Evacuan agua de casas y calles durante la noche. - Diario 21","og_description":"La UME Act\u00faa en Ibiza para Drenar Agua de Viviendas y Calles Durante la Noche En un esfuerzo por manejar las consecuencias de las intensas lluvias ... Seguir leyendo &rarr;","og_url":"https:\/\/www.diario21.tv\/noticias\/impactante-actuacion-de-la-ume-en-ibiza-evacuan-agua-de-casas-y-calles-durante-la-noche\/","og_site_name":"Diario 21","article_published_time":"2025-10-03T18:26:59+00:00","article_modified_time":"2025-10-03T18:27:00+00:00","og_image":[{"width":1200,"height":840,"url":"https:\/\/www.diario21.tv\/noticias\/wp-content\/uploads\/2025\/10\/\u00a1Impactante-actuacion-de-la-UME-en-Ibiza-Evacuan-agua-de.jpg","type":"image\/jpeg"}],"author":"Juan P\u00e9rez","twitter_card":"summary_large_image","twitter_misc":{"Escrito por":"Juan P\u00e9rez","Tiempo de lectura":"2 minutos"},"schema":{"@context":"https:\/\/schema.org","@graph":[{"@type":"WebPage","@id":"https:\/\/www.diario21.tv\/noticias\/impactante-actuacion-de-la-ume-en-ibiza-evacuan-agua-de-casas-y-calles-durante-la-noche\/","url":"https:\/\/www.diario21.tv\/noticias\/impactante-actuacion-de-la-ume-en-ibiza-evacuan-agua-de-casas-y-calles-durante-la-noche\/","name":"\u00a1Impactante actuaci\u00f3n de la UME en Ibiza! Evacuan agua de casas y calles durante la noche. - Diario 21","isPartOf":{"@id":"https:\/\/www.diario21.tv\/noticias\/#website"},"primaryImageOfPage":{"@id":"https:\/\/www.diario21.tv\/noticias\/impactante-actuacion-de-la-ume-en-ibiza-evacuan-agua-de-casas-y-calles-durante-la-noche\/#primaryimage"},"image":{"@id":"https:\/\/www.diario21.tv\/noticias\/impactante-actuacion-de-la-ume-en-ibiza-evacuan-agua-de-casas-y-calles-durante-la-noche\/#primaryimage"},"thumbnailUrl":"https:\/\/www.diario21.tv\/noticias\/wp-content\/uploads\/2025\/10\/\u00a1Impactante-actuacion-de-la-UME-en-Ibiza-Evacuan-agua-de.jpg","datePublished":"2025-10-03T18:26:59+00:00","dateModified":"2025-10-03T18:27:00+00:00","author":{"@id":"https:\/\/www.diario21.tv\/noticias\/#\/schema\/person\/dfb778f73814d8f09f302618446a526b"},"breadcrumb":{"@id":"https:\/\/www.diario21.tv\/noticias\/impactante-actuacion-de-la-ume-en-ibiza-evacuan-agua-de-casas-y-calles-durante-la-noche\/#breadcrumb"},"inLanguage":"es-AR","potentialAction":[{"@type":"ReadAction","target":["https:\/\/www.diario21.tv\/noticias\/impactante-actuacion-de-la-ume-en-ibiza-evacuan-agua-de-casas-y-calles-durante-la-noche\/"]}]},{"@type":"ImageObject","inLanguage":"es-AR","@id":"https:\/\/www.diario21.tv\/noticias\/impactante-actuacion-de-la-ume-en-ibiza-evacuan-agua-de-casas-y-calles-durante-la-noche\/#primaryimage","url":"https:\/\/www.diario21.tv\/noticias\/wp-content\/uploads\/2025\/10\/\u00a1Impactante-actuacion-de-la-UME-en-Ibiza-Evacuan-agua-de.jpg","contentUrl":"https:\/\/www.diario21.tv\/noticias\/wp-content\/uploads\/2025\/10\/\u00a1Impactante-actuacion-de-la-UME-en-Ibiza-Evacuan-agua-de.jpg","width":1200,"height":840,"caption":"La UME interviene durante la noche en Ibiza achicando agua en casas y calles"},{"@type":"BreadcrumbList","@id":"https:\/\/www.diario21.tv\/noticias\/impactante-actuacion-de-la-ume-en-ibiza-evacuan-agua-de-casas-y-calles-durante-la-noche\/#breadcrumb","itemListElement":[{"@type":"ListItem","position":1,"name":"Accueil","item":"https:\/\/www.diario21.tv\/noticias\/"},{"@type":"ListItem","position":2,"name":"\u00a1Impactante actuaci\u00f3n de la UME en Ibiza! Evacuan agua de casas y calles durante la noche."}]},{"@type":"WebSite","@id":"https:\/\/www.diario21.tv\/noticias\/#website","url":"https:\/\/www.diario21.tv\/noticias\/","name":"Diario 21","description":"","potentialAction":[{"@type":"SearchAction","target":{"@type":"EntryPoint","urlTemplate":"https:\/\/www.diario21.tv\/noticias\/?s={search_term_string}"},"query-input":{"@type":"PropertyValueSpecification","valueRequired":true,"valueName":"search_term_string"}}],"inLanguage":"es-AR"},{"@type":"Person","@id":"https:\/\/www.diario21.tv\/noticias\/#\/schema\/person\/dfb778f73814d8f09f302618446a526b","name":"Juan P\u00e9rez","image":{"@type":"ImageObject","inLanguage":"es-AR","@id":"https:\/\/www.diario21.tv\/noticias\/#\/schema\/person\/image\/","url":"https:\/\/secure.gravatar.com\/avatar\/c478a405bd10621167f4c3167cc770f5?s=96&d=mm&r=g","contentUrl":"https:\/\/secure.gravatar.com\/avatar\/c478a405bd10621167f4c3167cc770f5?s=96&d=mm&r=g","caption":"Juan P\u00e9rez"},"description":"Juan P\u00e9rez es el redactor en jefe de Diario 21. Con m\u00e1s de 10 a\u00f1os de experiencia en el periodismo, se especializa en pol\u00edtica nacional y an\u00e1lisis socioecon\u00f3mico. Su enfoque cr\u00edtico y riguroso aporta una perspectiva \u00fanica a cada art\u00edculo.","sameAs":["https:\/\/www.diario21.tv\/noticias\/"],"url":"https:\/\/www.diario21.tv\/noticias\/author\/juan-perez\/"}]}},"_links":{"self":[{"href":"https:\/\/www.diario21.tv\/noticias\/wp-json\/wp\/v2\/posts\/4720"}],"collection":[{"href":"https:\/\/www.diario21.tv\/noticias\/wp-json\/wp\/v2\/posts"}],"about":[{"href":"https:\/\/www.diario21.tv\/noticias\/wp-json\/wp\/v2\/types\/post"}],"author":[{"embeddable":true,"href":"https:\/\/www.diario21.tv\/noticias\/wp-json\/wp\/v2\/users\/20"}],"replies":[{"embeddable":true,"href":"https:\/\/www.diario21.tv\/noticias\/wp-json\/wp\/v2\/comments?post=4720"}],"version-history":[{"count":1,"href":"https:\/\/www.diario21.tv\/noticias\/wp-json\/wp\/v2\/posts\/4720\/revisions"}],"predecessor-version":[{"id":4722,"href":"https:\/\/www.diario21.tv\/noticias\/wp-json\/wp\/v2\/posts\/4720\/revisions\/4722"}],"wp:featuredmedia":[{"embeddable":true,"href":"https:\/\/www.diario21.tv\/noticias\/wp-json\/wp\/v2\/media\/4721"}],"wp:attachment":[{"href":"https:\/\/www.diario21.tv\/noticias\/wp-json\/wp\/v2\/media?parent=4720"}],"wp:term":[{"taxonomy":"category","embeddable":true,"href":"https:\/\/www.diario21.tv\/noticias\/wp-json\/wp\/v2\/categories?post=4720"},{"taxonomy":"post_tag","embeddable":true,"href":"https:\/\/www.diario21.tv\/noticias\/wp-json\/wp\/v2\/tags?post=4720"}],"curies":[{"name":"wp","href":"https:\/\/api.w.org\/{rel}","templated":true}]}}