{"id":4702,"date":"2025-10-02T06:14:52","date_gmt":"2025-10-02T06:14:52","guid":{"rendered":"https:\/\/www.diario21.tv\/noticias\/ultima-hora-incendio-en-guadalajara-estabilizado-tras-arrasar-3-000-hectareas\/"},"modified":"2025-10-02T06:14:52","modified_gmt":"2025-10-02T06:14:52","slug":"ultima-hora-incendio-en-guadalajara-estabilizado-tras-arrasar-3-000-hectareas","status":"publish","type":"post","link":"https:\/\/www.diario21.tv\/noticias\/ultima-hora-incendio-en-guadalajara-estabilizado-tras-arrasar-3-000-hectareas\/","title":{"rendered":"\u00a1\u00daltima hora! Incendio en Guadalajara estabilizado tras arrasar 3.000 hect\u00e1reas"},"content":{"rendered":"<h2>Control del incendio en Guadalajara tras quemar 3.000 hect\u00e1reas<\/h2>\n<p>El incendio forestal que ha devastado aproximadamente 3.000 hect\u00e1reas en la regi\u00f3n de Guadalajara, finalmente ha sido estabilizado. Este desastre natural, que comenz\u00f3 hace varios d\u00edas, ha requerido la intervenci\u00f3n de numerosos equipos de bomberos y voluntarios que trabajaron incansablemente para controlar las llamas y evitar que se extendieran a \u00e1reas a\u00fan m\u00e1s amplias.<\/p>\n<h3>Origen y desarrollo del incendio<\/h3>\n<p>El fuego se origin\u00f3 bajo circunstancias que a\u00fan est\u00e1n siendo investigadas por las autoridades competentes. R\u00e1pidamente, las llamas se expandieron debido a las condiciones clim\u00e1ticas adversas, incluyendo vientos fuertes y temperaturas elevadas, t\u00edpicos de esta \u00e9poca del a\u00f1o en la regi\u00f3n. La rapidez del avance del fuego complic\u00f3 las labores de extinci\u00f3n y control, haciendo que el trabajo de los equipos de emergencia fuera extremadamente desafiante.<\/p>\n<h3>Esfuerzos de contenci\u00f3n<\/h3>\n<p>Desde el momento en que se declar\u00f3 el incendio, brigadas de bomberos de Guadalajara y zonas aleda\u00f1as se movilizaron para enfrentar la emergencia. Se desplegaron recursos terrestres y a\u00e9reos, incluyendo aviones hidrantes y helic\u00f3pteros, que jugaron un papel crucial en la contenci\u00f3n del incendio. Adem\u00e1s, se establecieron cortafuegos y se realizaron quemas controladas para evitar que el fuego se propagara hacia zonas pobladas y \u00e1reas de valor ecol\u00f3gico significativo.<\/p>\n<h3>Impacto ambiental y recuperaci\u00f3n<\/h3>\n<p>El incendio ha dejado tras de s\u00ed un paisaje desolador, afectando no solo la flora y la fauna local, sino tambi\u00e9n comprometiendo la calidad del aire y el equilibrio ecol\u00f3gico de la regi\u00f3n. Las autoridades ambientales ya est\u00e1n coordinando esfuerzos para iniciar la reforestaci\u00f3n y rehabilitaci\u00f3n de las \u00e1reas afectadas, un proceso que se anticipa largo y complejo.<\/p>\n<h3>Medidas de prevenci\u00f3n y vigilancia<\/h3>\n<p>Con el incendio ahora bajo control, la atenci\u00f3n se ha dirigido hacia la prevenci\u00f3n de futuros incendios. Esto incluye la implementaci\u00f3n de mayores medidas de vigilancia, la educaci\u00f3n de la comunidad sobre pr\u00e1cticas seguras durante condiciones de alto riesgo de incendio, y el fortalecimiento de las pol\u00edticas de gesti\u00f3n y uso del suelo.<\/p>\n<p>Este incidente ha servido como un recordatorio cr\u00edtico de la vulnerabilidad de nuestras \u00e1reas forestales ante los incendios y de la importancia de mantener una gesti\u00f3n ambiental prudente y proactiva para proteger estos valiosos recursos naturales.<\/p>\n\n\n<div class=\"kk-star-ratings kksr-auto kksr-align-left kksr-valign-bottom\"\n    data-payload='{&quot;align&quot;:&quot;left&quot;,&quot;id&quot;:&quot;4702&quot;,&quot;slug&quot;:&quot;default&quot;,&quot;valign&quot;:&quot;bottom&quot;,&quot;ignore&quot;:&quot;&quot;,&quot;reference&quot;:&quot;auto&quot;,&quot;class&quot;:&quot;&quot;,&quot;count&quot;:&quot;0&quot;,&quot;legendonly&quot;:&quot;&quot;,&quot;readonly&quot;:&quot;&quot;,&quot;score&quot;:&quot;0&quot;,&quot;starsonly&quot;:&quot;&quot;,&quot;best&quot;:&quot;5&quot;,&quot;gap&quot;:&quot;5&quot;,&quot;greet&quot;:&quot;Valora este post&quot;,&quot;legend&quot;:&quot;0\\\/5 - (0 votes)&quot;,&quot;size&quot;:&quot;22&quot;,&quot;title&quot;:&quot;\u00a1\u00daltima hora! Incendio en Guadalajara estabilizado tras arrasar 3.000 hect\u00e1reas&quot;,&quot;width&quot;:&quot;0&quot;,&quot;_legend&quot;:&quot;{score}\\\/{best} - ({count} {votes})&quot;,&quot;font_factor&quot;:&quot;1.25&quot;}'>\n            \n<div class=\"kksr-stars\">\n    \n<div class=\"kksr-stars-inactive\">\n            <div class=\"kksr-star\" data-star=\"1\" style=\"padding-right: 5px\">\n            \n\n<div class=\"kksr-icon\" style=\"width: 22px; height: 22px;\"><\/div>\n        <\/div>\n            <div class=\"kksr-star\" data-star=\"2\" style=\"padding-right: 5px\">\n            \n\n<div class=\"kksr-icon\" style=\"width: 22px; height: 22px;\"><\/div>\n        <\/div>\n            <div class=\"kksr-star\" data-star=\"3\" style=\"padding-right: 5px\">\n            \n\n<div class=\"kksr-icon\" style=\"width: 22px; height: 22px;\"><\/div>\n        <\/div>\n            <div class=\"kksr-star\" data-star=\"4\" style=\"padding-right: 5px\">\n            \n\n<div class=\"kksr-icon\" style=\"width: 22px; height: 22px;\"><\/div>\n        <\/div>\n            <div class=\"kksr-star\" data-star=\"5\" style=\"padding-right: 5px\">\n            \n\n<div class=\"kksr-icon\" style=\"width: 22px; height: 22px;\"><\/div>\n        <\/div>\n    <\/div>\n    \n<div class=\"kksr-stars-active\" style=\"width: 0px;\">\n            <div class=\"kksr-star\" style=\"padding-right: 5px\">\n            \n\n<div class=\"kksr-icon\" style=\"width: 22px; height: 22px;\"><\/div>\n        <\/div>\n            <div class=\"kksr-star\" style=\"padding-right: 5px\">\n            \n\n<div class=\"kksr-icon\" style=\"width: 22px; height: 22px;\"><\/div>\n        <\/div>\n            <div class=\"kksr-star\" style=\"padding-right: 5px\">\n            \n\n<div class=\"kksr-icon\" style=\"width: 22px; height: 22px;\"><\/div>\n        <\/div>\n            <div class=\"kksr-star\" style=\"padding-right: 5px\">\n            \n\n<div class=\"kksr-icon\" style=\"width: 22px; height: 22px;\"><\/div>\n        <\/div>\n            <div class=\"kksr-star\" style=\"padding-right: 5px\">\n            \n\n<div class=\"kksr-icon\" style=\"width: 22px; height: 22px;\"><\/div>\n        <\/div>\n    <\/div>\n<\/div>\n                \n\n<div class=\"kksr-legend\" style=\"font-size: 17.6px;\">\n            <span class=\"kksr-muted\">Valora este post<\/span>\n    <\/div>\n    <\/div>\n","protected":false},"excerpt":{"rendered":"<p>Control del incendio en Guadalajara tras quemar 3.000 hect\u00e1reas El incendio forestal que ha devastado aproximadamente 3.000 hect\u00e1reas en la regi\u00f3n de Guadalajara, finalmente ha sido &#8230; <a title=\"\u00a1\u00daltima hora! Incendio en Guadalajara estabilizado tras arrasar 3.000 hect\u00e1reas\" class=\"read-more\" href=\"https:\/\/www.diario21.tv\/noticias\/ultima-hora-incendio-en-guadalajara-estabilizado-tras-arrasar-3-000-hectareas\/\" aria-label=\"Leer m\u00e1s sobre \u00a1\u00daltima hora! Incendio en Guadalajara estabilizado tras arrasar 3.000 hect\u00e1reas\">Seguir leyendo &rarr;<\/a><\/p>\n","protected":false},"author":20,"featured_media":4703,"comment_status":"open","ping_status":"open","sticky":false,"template":"","format":"standard","meta":{"footnotes":""},"categories":[13],"tags":[],"class_list":["post-4702","post","type-post","status-publish","format-standard","has-post-thumbnail","hentry","category-portada"],"yoast_head":"<!-- This site is optimized with the Yoast SEO plugin v25.6 - https:\/\/yoast.com\/wordpress\/plugins\/seo\/ -->\n<title>\u00a1\u00daltima hora! Incendio en Guadalajara estabilizado tras arrasar 3.000 hect\u00e1reas - Diario 21<\/title>\n<meta name=\"robots\" content=\"index, follow, max-snippet:-1, max-image-preview:large, max-video-preview:-1\" \/>\n<link rel=\"canonical\" href=\"https:\/\/www.diario21.tv\/noticias\/ultima-hora-incendio-en-guadalajara-estabilizado-tras-arrasar-3-000-hectareas\/\" \/>\n<meta property=\"og:locale\" content=\"es_ES\" \/>\n<meta property=\"og:type\" content=\"article\" \/>\n<meta property=\"og:title\" content=\"\u00a1\u00daltima hora! Incendio en Guadalajara estabilizado tras arrasar 3.000 hect\u00e1reas - Diario 21\" \/>\n<meta property=\"og:description\" content=\"Control del incendio en Guadalajara tras quemar 3.000 hect\u00e1reas El incendio forestal que ha devastado aproximadamente 3.000 hect\u00e1reas en la regi\u00f3n de Guadalajara, finalmente ha sido ... Seguir leyendo &rarr;\" \/>\n<meta property=\"og:url\" content=\"https:\/\/www.diario21.tv\/noticias\/ultima-hora-incendio-en-guadalajara-estabilizado-tras-arrasar-3-000-hectareas\/\" \/>\n<meta property=\"og:site_name\" content=\"Diario 21\" \/>\n<meta property=\"article:published_time\" content=\"2025-10-02T06:14:52+00:00\" \/>\n<meta property=\"og:image\" content=\"https:\/\/www.diario21.tv\/noticias\/wp-content\/uploads\/2025\/10\/\u00a1Ultima-hora-Incendio-en-Guadalajara-estabilizado-tras-arrasar-3000-hectareas.jpg\" \/>\n\t<meta property=\"og:image:width\" content=\"1200\" \/>\n\t<meta property=\"og:image:height\" content=\"840\" \/>\n\t<meta property=\"og:image:type\" content=\"image\/jpeg\" \/>\n<meta name=\"author\" content=\"Juan P\u00e9rez\" \/>\n<meta name=\"twitter:card\" content=\"summary_large_image\" \/>\n<meta name=\"twitter:label1\" content=\"Escrito por\" \/>\n\t<meta name=\"twitter:data1\" content=\"Juan P\u00e9rez\" \/>\n\t<meta name=\"twitter:label2\" content=\"Tiempo de lectura\" \/>\n\t<meta name=\"twitter:data2\" content=\"2 minutos\" \/>\n<script type=\"application\/ld+json\" class=\"yoast-schema-graph\">{\"@context\":\"https:\/\/schema.org\",\"@graph\":[{\"@type\":\"WebPage\",\"@id\":\"https:\/\/www.diario21.tv\/noticias\/ultima-hora-incendio-en-guadalajara-estabilizado-tras-arrasar-3-000-hectareas\/\",\"url\":\"https:\/\/www.diario21.tv\/noticias\/ultima-hora-incendio-en-guadalajara-estabilizado-tras-arrasar-3-000-hectareas\/\",\"name\":\"\u00a1\u00daltima hora! Incendio en Guadalajara estabilizado tras arrasar 3.000 hect\u00e1reas - Diario 21\",\"isPartOf\":{\"@id\":\"https:\/\/www.diario21.tv\/noticias\/#website\"},\"primaryImageOfPage\":{\"@id\":\"https:\/\/www.diario21.tv\/noticias\/ultima-hora-incendio-en-guadalajara-estabilizado-tras-arrasar-3-000-hectareas\/#primaryimage\"},\"image\":{\"@id\":\"https:\/\/www.diario21.tv\/noticias\/ultima-hora-incendio-en-guadalajara-estabilizado-tras-arrasar-3-000-hectareas\/#primaryimage\"},\"thumbnailUrl\":\"https:\/\/www.diario21.tv\/noticias\/wp-content\/uploads\/2025\/10\/\u00a1Ultima-hora-Incendio-en-Guadalajara-estabilizado-tras-arrasar-3000-hectareas.jpg\",\"datePublished\":\"2025-10-02T06:14:52+00:00\",\"author\":{\"@id\":\"https:\/\/www.diario21.tv\/noticias\/#\/schema\/person\/dfb778f73814d8f09f302618446a526b\"},\"breadcrumb\":{\"@id\":\"https:\/\/www.diario21.tv\/noticias\/ultima-hora-incendio-en-guadalajara-estabilizado-tras-arrasar-3-000-hectareas\/#breadcrumb\"},\"inLanguage\":\"es-AR\",\"potentialAction\":[{\"@type\":\"ReadAction\",\"target\":[\"https:\/\/www.diario21.tv\/noticias\/ultima-hora-incendio-en-guadalajara-estabilizado-tras-arrasar-3-000-hectareas\/\"]}]},{\"@type\":\"ImageObject\",\"inLanguage\":\"es-AR\",\"@id\":\"https:\/\/www.diario21.tv\/noticias\/ultima-hora-incendio-en-guadalajara-estabilizado-tras-arrasar-3-000-hectareas\/#primaryimage\",\"url\":\"https:\/\/www.diario21.tv\/noticias\/wp-content\/uploads\/2025\/10\/\u00a1Ultima-hora-Incendio-en-Guadalajara-estabilizado-tras-arrasar-3000-hectareas.jpg\",\"contentUrl\":\"https:\/\/www.diario21.tv\/noticias\/wp-content\/uploads\/2025\/10\/\u00a1Ultima-hora-Incendio-en-Guadalajara-estabilizado-tras-arrasar-3000-hectareas.jpg\",\"width\":1200,\"height\":840,\"caption\":\"Estabilizado el incendio de Guadalajara que ha quemado 3.000 hect\u00e1reas\"},{\"@type\":\"BreadcrumbList\",\"@id\":\"https:\/\/www.diario21.tv\/noticias\/ultima-hora-incendio-en-guadalajara-estabilizado-tras-arrasar-3-000-hectareas\/#breadcrumb\",\"itemListElement\":[{\"@type\":\"ListItem\",\"position\":1,\"name\":\"Accueil\",\"item\":\"https:\/\/www.diario21.tv\/noticias\/\"},{\"@type\":\"ListItem\",\"position\":2,\"name\":\"\u00a1\u00daltima hora! Incendio en Guadalajara estabilizado tras arrasar 3.000 hect\u00e1reas\"}]},{\"@type\":\"WebSite\",\"@id\":\"https:\/\/www.diario21.tv\/noticias\/#website\",\"url\":\"https:\/\/www.diario21.tv\/noticias\/\",\"name\":\"Diario 21\",\"description\":\"\",\"potentialAction\":[{\"@type\":\"SearchAction\",\"target\":{\"@type\":\"EntryPoint\",\"urlTemplate\":\"https:\/\/www.diario21.tv\/noticias\/?s={search_term_string}\"},\"query-input\":{\"@type\":\"PropertyValueSpecification\",\"valueRequired\":true,\"valueName\":\"search_term_string\"}}],\"inLanguage\":\"es-AR\"},{\"@type\":\"Person\",\"@id\":\"https:\/\/www.diario21.tv\/noticias\/#\/schema\/person\/dfb778f73814d8f09f302618446a526b\",\"name\":\"Juan P\u00e9rez\",\"image\":{\"@type\":\"ImageObject\",\"inLanguage\":\"es-AR\",\"@id\":\"https:\/\/www.diario21.tv\/noticias\/#\/schema\/person\/image\/\",\"url\":\"https:\/\/secure.gravatar.com\/avatar\/c478a405bd10621167f4c3167cc770f5?s=96&d=mm&r=g\",\"contentUrl\":\"https:\/\/secure.gravatar.com\/avatar\/c478a405bd10621167f4c3167cc770f5?s=96&d=mm&r=g\",\"caption\":\"Juan P\u00e9rez\"},\"description\":\"Juan P\u00e9rez es el redactor en jefe de Diario 21. Con m\u00e1s de 10 a\u00f1os de experiencia en el periodismo, se especializa en pol\u00edtica nacional y an\u00e1lisis socioecon\u00f3mico. Su enfoque cr\u00edtico y riguroso aporta una perspectiva \u00fanica a cada art\u00edculo.\",\"sameAs\":[\"https:\/\/www.diario21.tv\/noticias\/\"],\"url\":\"https:\/\/www.diario21.tv\/noticias\/author\/juan-perez\/\"}]}<\/script>\n<!-- \/ Yoast SEO plugin. -->","yoast_head_json":{"title":"\u00a1\u00daltima hora! Incendio en Guadalajara estabilizado tras arrasar 3.000 hect\u00e1reas - Diario 21","robots":{"index":"index","follow":"follow","max-snippet":"max-snippet:-1","max-image-preview":"max-image-preview:large","max-video-preview":"max-video-preview:-1"},"canonical":"https:\/\/www.diario21.tv\/noticias\/ultima-hora-incendio-en-guadalajara-estabilizado-tras-arrasar-3-000-hectareas\/","og_locale":"es_ES","og_type":"article","og_title":"\u00a1\u00daltima hora! Incendio en Guadalajara estabilizado tras arrasar 3.000 hect\u00e1reas - Diario 21","og_description":"Control del incendio en Guadalajara tras quemar 3.000 hect\u00e1reas El incendio forestal que ha devastado aproximadamente 3.000 hect\u00e1reas en la regi\u00f3n de Guadalajara, finalmente ha sido ... Seguir leyendo &rarr;","og_url":"https:\/\/www.diario21.tv\/noticias\/ultima-hora-incendio-en-guadalajara-estabilizado-tras-arrasar-3-000-hectareas\/","og_site_name":"Diario 21","article_published_time":"2025-10-02T06:14:52+00:00","og_image":[{"width":1200,"height":840,"url":"https:\/\/www.diario21.tv\/noticias\/wp-content\/uploads\/2025\/10\/\u00a1Ultima-hora-Incendio-en-Guadalajara-estabilizado-tras-arrasar-3000-hectareas.jpg","type":"image\/jpeg"}],"author":"Juan P\u00e9rez","twitter_card":"summary_large_image","twitter_misc":{"Escrito por":"Juan P\u00e9rez","Tiempo de lectura":"2 minutos"},"schema":{"@context":"https:\/\/schema.org","@graph":[{"@type":"WebPage","@id":"https:\/\/www.diario21.tv\/noticias\/ultima-hora-incendio-en-guadalajara-estabilizado-tras-arrasar-3-000-hectareas\/","url":"https:\/\/www.diario21.tv\/noticias\/ultima-hora-incendio-en-guadalajara-estabilizado-tras-arrasar-3-000-hectareas\/","name":"\u00a1\u00daltima hora! Incendio en Guadalajara estabilizado tras arrasar 3.000 hect\u00e1reas - Diario 21","isPartOf":{"@id":"https:\/\/www.diario21.tv\/noticias\/#website"},"primaryImageOfPage":{"@id":"https:\/\/www.diario21.tv\/noticias\/ultima-hora-incendio-en-guadalajara-estabilizado-tras-arrasar-3-000-hectareas\/#primaryimage"},"image":{"@id":"https:\/\/www.diario21.tv\/noticias\/ultima-hora-incendio-en-guadalajara-estabilizado-tras-arrasar-3-000-hectareas\/#primaryimage"},"thumbnailUrl":"https:\/\/www.diario21.tv\/noticias\/wp-content\/uploads\/2025\/10\/\u00a1Ultima-hora-Incendio-en-Guadalajara-estabilizado-tras-arrasar-3000-hectareas.jpg","datePublished":"2025-10-02T06:14:52+00:00","author":{"@id":"https:\/\/www.diario21.tv\/noticias\/#\/schema\/person\/dfb778f73814d8f09f302618446a526b"},"breadcrumb":{"@id":"https:\/\/www.diario21.tv\/noticias\/ultima-hora-incendio-en-guadalajara-estabilizado-tras-arrasar-3-000-hectareas\/#breadcrumb"},"inLanguage":"es-AR","potentialAction":[{"@type":"ReadAction","target":["https:\/\/www.diario21.tv\/noticias\/ultima-hora-incendio-en-guadalajara-estabilizado-tras-arrasar-3-000-hectareas\/"]}]},{"@type":"ImageObject","inLanguage":"es-AR","@id":"https:\/\/www.diario21.tv\/noticias\/ultima-hora-incendio-en-guadalajara-estabilizado-tras-arrasar-3-000-hectareas\/#primaryimage","url":"https:\/\/www.diario21.tv\/noticias\/wp-content\/uploads\/2025\/10\/\u00a1Ultima-hora-Incendio-en-Guadalajara-estabilizado-tras-arrasar-3000-hectareas.jpg","contentUrl":"https:\/\/www.diario21.tv\/noticias\/wp-content\/uploads\/2025\/10\/\u00a1Ultima-hora-Incendio-en-Guadalajara-estabilizado-tras-arrasar-3000-hectareas.jpg","width":1200,"height":840,"caption":"Estabilizado el incendio de Guadalajara que ha quemado 3.000 hect\u00e1reas"},{"@type":"BreadcrumbList","@id":"https:\/\/www.diario21.tv\/noticias\/ultima-hora-incendio-en-guadalajara-estabilizado-tras-arrasar-3-000-hectareas\/#breadcrumb","itemListElement":[{"@type":"ListItem","position":1,"name":"Accueil","item":"https:\/\/www.diario21.tv\/noticias\/"},{"@type":"ListItem","position":2,"name":"\u00a1\u00daltima hora! Incendio en Guadalajara estabilizado tras arrasar 3.000 hect\u00e1reas"}]},{"@type":"WebSite","@id":"https:\/\/www.diario21.tv\/noticias\/#website","url":"https:\/\/www.diario21.tv\/noticias\/","name":"Diario 21","description":"","potentialAction":[{"@type":"SearchAction","target":{"@type":"EntryPoint","urlTemplate":"https:\/\/www.diario21.tv\/noticias\/?s={search_term_string}"},"query-input":{"@type":"PropertyValueSpecification","valueRequired":true,"valueName":"search_term_string"}}],"inLanguage":"es-AR"},{"@type":"Person","@id":"https:\/\/www.diario21.tv\/noticias\/#\/schema\/person\/dfb778f73814d8f09f302618446a526b","name":"Juan P\u00e9rez","image":{"@type":"ImageObject","inLanguage":"es-AR","@id":"https:\/\/www.diario21.tv\/noticias\/#\/schema\/person\/image\/","url":"https:\/\/secure.gravatar.com\/avatar\/c478a405bd10621167f4c3167cc770f5?s=96&d=mm&r=g","contentUrl":"https:\/\/secure.gravatar.com\/avatar\/c478a405bd10621167f4c3167cc770f5?s=96&d=mm&r=g","caption":"Juan P\u00e9rez"},"description":"Juan P\u00e9rez es el redactor en jefe de Diario 21. Con m\u00e1s de 10 a\u00f1os de experiencia en el periodismo, se especializa en pol\u00edtica nacional y an\u00e1lisis socioecon\u00f3mico. Su enfoque cr\u00edtico y riguroso aporta una perspectiva \u00fanica a cada art\u00edculo.","sameAs":["https:\/\/www.diario21.tv\/noticias\/"],"url":"https:\/\/www.diario21.tv\/noticias\/author\/juan-perez\/"}]}},"_links":{"self":[{"href":"https:\/\/www.diario21.tv\/noticias\/wp-json\/wp\/v2\/posts\/4702"}],"collection":[{"href":"https:\/\/www.diario21.tv\/noticias\/wp-json\/wp\/v2\/posts"}],"about":[{"href":"https:\/\/www.diario21.tv\/noticias\/wp-json\/wp\/v2\/types\/post"}],"author":[{"embeddable":true,"href":"https:\/\/www.diario21.tv\/noticias\/wp-json\/wp\/v2\/users\/20"}],"replies":[{"embeddable":true,"href":"https:\/\/www.diario21.tv\/noticias\/wp-json\/wp\/v2\/comments?post=4702"}],"version-history":[{"count":1,"href":"https:\/\/www.diario21.tv\/noticias\/wp-json\/wp\/v2\/posts\/4702\/revisions"}],"predecessor-version":[{"id":4704,"href":"https:\/\/www.diario21.tv\/noticias\/wp-json\/wp\/v2\/posts\/4702\/revisions\/4704"}],"wp:featuredmedia":[{"embeddable":true,"href":"https:\/\/www.diario21.tv\/noticias\/wp-json\/wp\/v2\/media\/4703"}],"wp:attachment":[{"href":"https:\/\/www.diario21.tv\/noticias\/wp-json\/wp\/v2\/media?parent=4702"}],"wp:term":[{"taxonomy":"category","embeddable":true,"href":"https:\/\/www.diario21.tv\/noticias\/wp-json\/wp\/v2\/categories?post=4702"},{"taxonomy":"post_tag","embeddable":true,"href":"https:\/\/www.diario21.tv\/noticias\/wp-json\/wp\/v2\/tags?post=4702"}],"curies":[{"name":"wp","href":"https:\/\/api.w.org\/{rel}","templated":true}]}}