{"id":4693,"date":"2025-10-01T06:10:09","date_gmt":"2025-10-01T06:10:09","guid":{"rendered":"https:\/\/www.diario21.tv\/noticias\/alerta-el-cancer-infantil-un-tsunami-devastador-lo-que-debes-saber\/"},"modified":"2025-10-01T06:10:10","modified_gmt":"2025-10-01T06:10:10","slug":"alerta-el-cancer-infantil-un-tsunami-devastador-lo-que-debes-saber","status":"publish","type":"post","link":"https:\/\/www.diario21.tv\/noticias\/alerta-el-cancer-infantil-un-tsunami-devastador-lo-que-debes-saber\/","title":{"rendered":"\u00a1Alerta! El c\u00e1ncer infantil, un tsunami devastador: lo que debes saber"},"content":{"rendered":"<h2>El Impacto Devastador del C\u00e1ncer Infantil<\/h2>\n<p>El c\u00e1ncer en ni\u00f1os es comparado frecuentemente con un tsunami debido a su capacidad destructiva y el efecto abrumador que tiene sobre las familias afectadas. Este tipo de enfermedad no solo desaf\u00eda la salud del menor, sino que tambi\u00e9n trastoca emocional, social y econ\u00f3micamente a toda su familia. La lucha contra el c\u00e1ncer infantil es una batalla ardua que enfrentan miles de ni\u00f1os en todo el mundo cada a\u00f1o.<\/p>\n<h3>La Realidad del C\u00e1ncer en la Infancia<\/h3>\n<p>El c\u00e1ncer infantil, aunque menos com\u00fan que el c\u00e1ncer en adultos, sigue siendo una de las principales causas de muerte en ni\u00f1os de entre 1 y 14 a\u00f1os. Cada diagn\u00f3stico es un golpe devastador para los seres queridos del peque\u00f1o, quienes deben prepararse para un largo y duro camino por delante. Las estad\u00edsticas muestran que, aunque las tasas de supervivencia han mejorado significativamente gracias a los avances m\u00e9dicos, el camino hacia la recuperaci\u00f3n sigue siendo complicado y lleno de incertidumbre.<\/p>\n<h3>Tipos Comunes de C\u00e1ncer Infantil<\/h3>\n<p>Entre los tipos de c\u00e1ncer m\u00e1s frecuentes en ni\u00f1os se encuentran la leucemia, los tumores cerebrales y el neuroblastoma. Cada uno de estos tipos de c\u00e1ncer requiere un enfoque y tratamiento espec\u00edficos, los cuales pueden variar enormemente dependiendo de la etapa en la que se detecte la enfermedad y las caracter\u00edsticas individuales del paciente. El tratamiento del c\u00e1ncer infantil es un proceso complejo que involucra a un equipo multidisciplinario de m\u00e9dicos, enfermeras, psic\u00f3logos y otros especialistas.<\/p>\n<h2>El Desaf\u00edo del Tratamiento y el Apoyo Familiar<\/h2>\n<p>El tratamiento del c\u00e1ncer en ni\u00f1os es un proceso extenso que no solo se centra en la eliminaci\u00f3n del c\u00e1ncer, sino tambi\u00e9n en minimizar los efectos secundarios y asegurar que el ni\u00f1o pueda llevar una vida lo m\u00e1s normal posible. Este proceso puede incluir cirug\u00eda, quimioterapia, radioterapia y, en algunos casos, tratamientos m\u00e1s innovadores como la terapia g\u00e9nica o la inmunoterapia.<\/p>\n<p>La experiencia de lidiar con el c\u00e1ncer tambi\u00e9n es extremadamente desafiante para la familia del ni\u00f1o. Los padres y otros familiares necesitan encontrar el equilibrio entre el cuidado del paciente y la atenci\u00f3n a otros aspectos de la vida familiar. Adem\u00e1s, el impacto emocional de la enfermedad puede ser profundo, no solo para el ni\u00f1o, sino tambi\u00e9n para sus hermanos, amigos y otros miembros de la familia.<\/p>\n<h3>La Importancia del Apoyo Emocional y Psicol\u00f3gico<\/h3>\n<p>Adem\u00e1s del tratamiento m\u00e9dico, es crucial proporcionar un fuerte apoyo emocional y psicol\u00f3gico tanto al ni\u00f1o enfermo como a su familia. Los hospitales y cl\u00ednicas especializadas a menudo cuentan con equipos de apoyo que incluyen psic\u00f3logos y trabajadores sociales que ayudan a las familias a manejar el estr\u00e9s, la ansiedad y la depresi\u00f3n que pueden surgir durante y despu\u00e9s del tratamiento.<\/p>\n<h2>Conclusi\u00f3n<\/h2>\n<p>El c\u00e1ncer infantil es un adversario formidable que afecta no solo la salud f\u00edsica del ni\u00f1o, sino tambi\u00e9n el bienestar emocional y social de su entorno. A pesar de los desaf\u00edos, muchos ni\u00f1os logran superar la enfermedad gracias a los avances en la medicina y el apoyo incansable de sus familias y equipos m\u00e9dicos. Sin embargo, la lucha contra esta enfermedad sigue siendo una prioridad en la investigaci\u00f3n y el tratamiento m\u00e9dico para asegurar que cada vez m\u00e1s ni\u00f1os puedan recuperar su salud y continuar con sus vidas.<\/p>\n\n\n<div class=\"kk-star-ratings kksr-auto kksr-align-left kksr-valign-bottom\"\n    data-payload='{&quot;align&quot;:&quot;left&quot;,&quot;id&quot;:&quot;4693&quot;,&quot;slug&quot;:&quot;default&quot;,&quot;valign&quot;:&quot;bottom&quot;,&quot;ignore&quot;:&quot;&quot;,&quot;reference&quot;:&quot;auto&quot;,&quot;class&quot;:&quot;&quot;,&quot;count&quot;:&quot;0&quot;,&quot;legendonly&quot;:&quot;&quot;,&quot;readonly&quot;:&quot;&quot;,&quot;score&quot;:&quot;0&quot;,&quot;starsonly&quot;:&quot;&quot;,&quot;best&quot;:&quot;5&quot;,&quot;gap&quot;:&quot;5&quot;,&quot;greet&quot;:&quot;Valora este post&quot;,&quot;legend&quot;:&quot;0\\\/5 - (0 votes)&quot;,&quot;size&quot;:&quot;22&quot;,&quot;title&quot;:&quot;\u00a1Alerta! El c\u00e1ncer infantil, un tsunami devastador: lo que debes saber&quot;,&quot;width&quot;:&quot;0&quot;,&quot;_legend&quot;:&quot;{score}\\\/{best} - ({count} {votes})&quot;,&quot;font_factor&quot;:&quot;1.25&quot;}'>\n            \n<div class=\"kksr-stars\">\n    \n<div class=\"kksr-stars-inactive\">\n            <div class=\"kksr-star\" data-star=\"1\" style=\"padding-right: 5px\">\n            \n\n<div class=\"kksr-icon\" style=\"width: 22px; height: 22px;\"><\/div>\n        <\/div>\n            <div class=\"kksr-star\" data-star=\"2\" style=\"padding-right: 5px\">\n            \n\n<div class=\"kksr-icon\" style=\"width: 22px; height: 22px;\"><\/div>\n        <\/div>\n            <div class=\"kksr-star\" data-star=\"3\" style=\"padding-right: 5px\">\n            \n\n<div class=\"kksr-icon\" style=\"width: 22px; height: 22px;\"><\/div>\n        <\/div>\n            <div class=\"kksr-star\" data-star=\"4\" style=\"padding-right: 5px\">\n            \n\n<div class=\"kksr-icon\" style=\"width: 22px; height: 22px;\"><\/div>\n        <\/div>\n            <div class=\"kksr-star\" data-star=\"5\" style=\"padding-right: 5px\">\n            \n\n<div class=\"kksr-icon\" style=\"width: 22px; height: 22px;\"><\/div>\n        <\/div>\n    <\/div>\n    \n<div class=\"kksr-stars-active\" style=\"width: 0px;\">\n            <div class=\"kksr-star\" style=\"padding-right: 5px\">\n            \n\n<div class=\"kksr-icon\" style=\"width: 22px; height: 22px;\"><\/div>\n        <\/div>\n            <div class=\"kksr-star\" style=\"padding-right: 5px\">\n            \n\n<div class=\"kksr-icon\" style=\"width: 22px; height: 22px;\"><\/div>\n        <\/div>\n            <div class=\"kksr-star\" style=\"padding-right: 5px\">\n            \n\n<div class=\"kksr-icon\" style=\"width: 22px; height: 22px;\"><\/div>\n        <\/div>\n            <div class=\"kksr-star\" style=\"padding-right: 5px\">\n            \n\n<div class=\"kksr-icon\" style=\"width: 22px; height: 22px;\"><\/div>\n        <\/div>\n            <div class=\"kksr-star\" style=\"padding-right: 5px\">\n            \n\n<div class=\"kksr-icon\" style=\"width: 22px; height: 22px;\"><\/div>\n        <\/div>\n    <\/div>\n<\/div>\n                \n\n<div class=\"kksr-legend\" style=\"font-size: 17.6px;\">\n            <span class=\"kksr-muted\">Valora este post<\/span>\n    <\/div>\n    <\/div>\n","protected":false},"excerpt":{"rendered":"<p>El Impacto Devastador del C\u00e1ncer Infantil El c\u00e1ncer en ni\u00f1os es comparado frecuentemente con un tsunami debido a su capacidad destructiva y el efecto abrumador que &#8230; <a title=\"\u00a1Alerta! El c\u00e1ncer infantil, un tsunami devastador: lo que debes saber\" class=\"read-more\" href=\"https:\/\/www.diario21.tv\/noticias\/alerta-el-cancer-infantil-un-tsunami-devastador-lo-que-debes-saber\/\" aria-label=\"Leer m\u00e1s sobre \u00a1Alerta! El c\u00e1ncer infantil, un tsunami devastador: lo que debes saber\">Seguir leyendo &rarr;<\/a><\/p>\n","protected":false},"author":20,"featured_media":4694,"comment_status":"open","ping_status":"open","sticky":false,"template":"","format":"standard","meta":{"footnotes":""},"categories":[13],"tags":[],"class_list":["post-4693","post","type-post","status-publish","format-standard","has-post-thumbnail","hentry","category-portada"],"yoast_head":"<!-- This site is optimized with the Yoast SEO plugin v25.6 - https:\/\/yoast.com\/wordpress\/plugins\/seo\/ -->\n<title>\u00a1Alerta! El c\u00e1ncer infantil, un tsunami devastador: lo que debes saber - Diario 21<\/title>\n<meta name=\"robots\" content=\"index, follow, max-snippet:-1, max-image-preview:large, max-video-preview:-1\" \/>\n<link rel=\"canonical\" href=\"https:\/\/www.diario21.tv\/noticias\/alerta-el-cancer-infantil-un-tsunami-devastador-lo-que-debes-saber\/\" \/>\n<meta property=\"og:locale\" content=\"es_ES\" \/>\n<meta property=\"og:type\" content=\"article\" \/>\n<meta property=\"og:title\" content=\"\u00a1Alerta! El c\u00e1ncer infantil, un tsunami devastador: lo que debes saber - Diario 21\" \/>\n<meta property=\"og:description\" content=\"El Impacto Devastador del C\u00e1ncer Infantil El c\u00e1ncer en ni\u00f1os es comparado frecuentemente con un tsunami debido a su capacidad destructiva y el efecto abrumador que ... Seguir leyendo &rarr;\" \/>\n<meta property=\"og:url\" content=\"https:\/\/www.diario21.tv\/noticias\/alerta-el-cancer-infantil-un-tsunami-devastador-lo-que-debes-saber\/\" \/>\n<meta property=\"og:site_name\" content=\"Diario 21\" \/>\n<meta property=\"article:published_time\" content=\"2025-10-01T06:10:09+00:00\" \/>\n<meta property=\"article:modified_time\" content=\"2025-10-01T06:10:10+00:00\" \/>\n<meta property=\"og:image\" content=\"https:\/\/www.diario21.tv\/noticias\/wp-content\/uploads\/2025\/10\/\u00a1Alerta-El-cancer-infantil-un-tsunami-devastador-lo-que-debes.jpg\" \/>\n\t<meta property=\"og:image:width\" content=\"1200\" \/>\n\t<meta property=\"og:image:height\" content=\"839\" \/>\n\t<meta property=\"og:image:type\" content=\"image\/jpeg\" \/>\n<meta name=\"author\" content=\"Juan P\u00e9rez\" \/>\n<meta name=\"twitter:card\" content=\"summary_large_image\" \/>\n<meta name=\"twitter:label1\" content=\"Escrito por\" \/>\n\t<meta name=\"twitter:data1\" content=\"Juan P\u00e9rez\" \/>\n\t<meta name=\"twitter:label2\" content=\"Tiempo de lectura\" \/>\n\t<meta name=\"twitter:data2\" content=\"3 minutos\" \/>\n<script type=\"application\/ld+json\" class=\"yoast-schema-graph\">{\"@context\":\"https:\/\/schema.org\",\"@graph\":[{\"@type\":\"WebPage\",\"@id\":\"https:\/\/www.diario21.tv\/noticias\/alerta-el-cancer-infantil-un-tsunami-devastador-lo-que-debes-saber\/\",\"url\":\"https:\/\/www.diario21.tv\/noticias\/alerta-el-cancer-infantil-un-tsunami-devastador-lo-que-debes-saber\/\",\"name\":\"\u00a1Alerta! El c\u00e1ncer infantil, un tsunami devastador: lo que debes saber - Diario 21\",\"isPartOf\":{\"@id\":\"https:\/\/www.diario21.tv\/noticias\/#website\"},\"primaryImageOfPage\":{\"@id\":\"https:\/\/www.diario21.tv\/noticias\/alerta-el-cancer-infantil-un-tsunami-devastador-lo-que-debes-saber\/#primaryimage\"},\"image\":{\"@id\":\"https:\/\/www.diario21.tv\/noticias\/alerta-el-cancer-infantil-un-tsunami-devastador-lo-que-debes-saber\/#primaryimage\"},\"thumbnailUrl\":\"https:\/\/www.diario21.tv\/noticias\/wp-content\/uploads\/2025\/10\/\u00a1Alerta-El-cancer-infantil-un-tsunami-devastador-lo-que-debes.jpg\",\"datePublished\":\"2025-10-01T06:10:09+00:00\",\"dateModified\":\"2025-10-01T06:10:10+00:00\",\"author\":{\"@id\":\"https:\/\/www.diario21.tv\/noticias\/#\/schema\/person\/dfb778f73814d8f09f302618446a526b\"},\"breadcrumb\":{\"@id\":\"https:\/\/www.diario21.tv\/noticias\/alerta-el-cancer-infantil-un-tsunami-devastador-lo-que-debes-saber\/#breadcrumb\"},\"inLanguage\":\"es-AR\",\"potentialAction\":[{\"@type\":\"ReadAction\",\"target\":[\"https:\/\/www.diario21.tv\/noticias\/alerta-el-cancer-infantil-un-tsunami-devastador-lo-que-debes-saber\/\"]}]},{\"@type\":\"ImageObject\",\"inLanguage\":\"es-AR\",\"@id\":\"https:\/\/www.diario21.tv\/noticias\/alerta-el-cancer-infantil-un-tsunami-devastador-lo-que-debes-saber\/#primaryimage\",\"url\":\"https:\/\/www.diario21.tv\/noticias\/wp-content\/uploads\/2025\/10\/\u00a1Alerta-El-cancer-infantil-un-tsunami-devastador-lo-que-debes.jpg\",\"contentUrl\":\"https:\/\/www.diario21.tv\/noticias\/wp-content\/uploads\/2025\/10\/\u00a1Alerta-El-cancer-infantil-un-tsunami-devastador-lo-que-debes.jpg\",\"width\":1200,\"height\":839,\"caption\":\"\u00abEl c\u00e1ncer infantil es un tsunami que arrasa con todo\u00bb\"},{\"@type\":\"BreadcrumbList\",\"@id\":\"https:\/\/www.diario21.tv\/noticias\/alerta-el-cancer-infantil-un-tsunami-devastador-lo-que-debes-saber\/#breadcrumb\",\"itemListElement\":[{\"@type\":\"ListItem\",\"position\":1,\"name\":\"Accueil\",\"item\":\"https:\/\/www.diario21.tv\/noticias\/\"},{\"@type\":\"ListItem\",\"position\":2,\"name\":\"\u00a1Alerta! El c\u00e1ncer infantil, un tsunami devastador: lo que debes saber\"}]},{\"@type\":\"WebSite\",\"@id\":\"https:\/\/www.diario21.tv\/noticias\/#website\",\"url\":\"https:\/\/www.diario21.tv\/noticias\/\",\"name\":\"Diario 21\",\"description\":\"\",\"potentialAction\":[{\"@type\":\"SearchAction\",\"target\":{\"@type\":\"EntryPoint\",\"urlTemplate\":\"https:\/\/www.diario21.tv\/noticias\/?s={search_term_string}\"},\"query-input\":{\"@type\":\"PropertyValueSpecification\",\"valueRequired\":true,\"valueName\":\"search_term_string\"}}],\"inLanguage\":\"es-AR\"},{\"@type\":\"Person\",\"@id\":\"https:\/\/www.diario21.tv\/noticias\/#\/schema\/person\/dfb778f73814d8f09f302618446a526b\",\"name\":\"Juan P\u00e9rez\",\"image\":{\"@type\":\"ImageObject\",\"inLanguage\":\"es-AR\",\"@id\":\"https:\/\/www.diario21.tv\/noticias\/#\/schema\/person\/image\/\",\"url\":\"https:\/\/secure.gravatar.com\/avatar\/c478a405bd10621167f4c3167cc770f5?s=96&d=mm&r=g\",\"contentUrl\":\"https:\/\/secure.gravatar.com\/avatar\/c478a405bd10621167f4c3167cc770f5?s=96&d=mm&r=g\",\"caption\":\"Juan P\u00e9rez\"},\"description\":\"Juan P\u00e9rez es el redactor en jefe de Diario 21. Con m\u00e1s de 10 a\u00f1os de experiencia en el periodismo, se especializa en pol\u00edtica nacional y an\u00e1lisis socioecon\u00f3mico. Su enfoque cr\u00edtico y riguroso aporta una perspectiva \u00fanica a cada art\u00edculo.\",\"sameAs\":[\"https:\/\/www.diario21.tv\/noticias\/\"],\"url\":\"https:\/\/www.diario21.tv\/noticias\/author\/juan-perez\/\"}]}<\/script>\n<!-- \/ Yoast SEO plugin. -->","yoast_head_json":{"title":"\u00a1Alerta! El c\u00e1ncer infantil, un tsunami devastador: lo que debes saber - Diario 21","robots":{"index":"index","follow":"follow","max-snippet":"max-snippet:-1","max-image-preview":"max-image-preview:large","max-video-preview":"max-video-preview:-1"},"canonical":"https:\/\/www.diario21.tv\/noticias\/alerta-el-cancer-infantil-un-tsunami-devastador-lo-que-debes-saber\/","og_locale":"es_ES","og_type":"article","og_title":"\u00a1Alerta! El c\u00e1ncer infantil, un tsunami devastador: lo que debes saber - Diario 21","og_description":"El Impacto Devastador del C\u00e1ncer Infantil El c\u00e1ncer en ni\u00f1os es comparado frecuentemente con un tsunami debido a su capacidad destructiva y el efecto abrumador que ... Seguir leyendo &rarr;","og_url":"https:\/\/www.diario21.tv\/noticias\/alerta-el-cancer-infantil-un-tsunami-devastador-lo-que-debes-saber\/","og_site_name":"Diario 21","article_published_time":"2025-10-01T06:10:09+00:00","article_modified_time":"2025-10-01T06:10:10+00:00","og_image":[{"width":1200,"height":839,"url":"https:\/\/www.diario21.tv\/noticias\/wp-content\/uploads\/2025\/10\/\u00a1Alerta-El-cancer-infantil-un-tsunami-devastador-lo-que-debes.jpg","type":"image\/jpeg"}],"author":"Juan P\u00e9rez","twitter_card":"summary_large_image","twitter_misc":{"Escrito por":"Juan P\u00e9rez","Tiempo de lectura":"3 minutos"},"schema":{"@context":"https:\/\/schema.org","@graph":[{"@type":"WebPage","@id":"https:\/\/www.diario21.tv\/noticias\/alerta-el-cancer-infantil-un-tsunami-devastador-lo-que-debes-saber\/","url":"https:\/\/www.diario21.tv\/noticias\/alerta-el-cancer-infantil-un-tsunami-devastador-lo-que-debes-saber\/","name":"\u00a1Alerta! El c\u00e1ncer infantil, un tsunami devastador: lo que debes saber - Diario 21","isPartOf":{"@id":"https:\/\/www.diario21.tv\/noticias\/#website"},"primaryImageOfPage":{"@id":"https:\/\/www.diario21.tv\/noticias\/alerta-el-cancer-infantil-un-tsunami-devastador-lo-que-debes-saber\/#primaryimage"},"image":{"@id":"https:\/\/www.diario21.tv\/noticias\/alerta-el-cancer-infantil-un-tsunami-devastador-lo-que-debes-saber\/#primaryimage"},"thumbnailUrl":"https:\/\/www.diario21.tv\/noticias\/wp-content\/uploads\/2025\/10\/\u00a1Alerta-El-cancer-infantil-un-tsunami-devastador-lo-que-debes.jpg","datePublished":"2025-10-01T06:10:09+00:00","dateModified":"2025-10-01T06:10:10+00:00","author":{"@id":"https:\/\/www.diario21.tv\/noticias\/#\/schema\/person\/dfb778f73814d8f09f302618446a526b"},"breadcrumb":{"@id":"https:\/\/www.diario21.tv\/noticias\/alerta-el-cancer-infantil-un-tsunami-devastador-lo-que-debes-saber\/#breadcrumb"},"inLanguage":"es-AR","potentialAction":[{"@type":"ReadAction","target":["https:\/\/www.diario21.tv\/noticias\/alerta-el-cancer-infantil-un-tsunami-devastador-lo-que-debes-saber\/"]}]},{"@type":"ImageObject","inLanguage":"es-AR","@id":"https:\/\/www.diario21.tv\/noticias\/alerta-el-cancer-infantil-un-tsunami-devastador-lo-que-debes-saber\/#primaryimage","url":"https:\/\/www.diario21.tv\/noticias\/wp-content\/uploads\/2025\/10\/\u00a1Alerta-El-cancer-infantil-un-tsunami-devastador-lo-que-debes.jpg","contentUrl":"https:\/\/www.diario21.tv\/noticias\/wp-content\/uploads\/2025\/10\/\u00a1Alerta-El-cancer-infantil-un-tsunami-devastador-lo-que-debes.jpg","width":1200,"height":839,"caption":"\u00abEl c\u00e1ncer infantil es un tsunami que arrasa con todo\u00bb"},{"@type":"BreadcrumbList","@id":"https:\/\/www.diario21.tv\/noticias\/alerta-el-cancer-infantil-un-tsunami-devastador-lo-que-debes-saber\/#breadcrumb","itemListElement":[{"@type":"ListItem","position":1,"name":"Accueil","item":"https:\/\/www.diario21.tv\/noticias\/"},{"@type":"ListItem","position":2,"name":"\u00a1Alerta! El c\u00e1ncer infantil, un tsunami devastador: lo que debes saber"}]},{"@type":"WebSite","@id":"https:\/\/www.diario21.tv\/noticias\/#website","url":"https:\/\/www.diario21.tv\/noticias\/","name":"Diario 21","description":"","potentialAction":[{"@type":"SearchAction","target":{"@type":"EntryPoint","urlTemplate":"https:\/\/www.diario21.tv\/noticias\/?s={search_term_string}"},"query-input":{"@type":"PropertyValueSpecification","valueRequired":true,"valueName":"search_term_string"}}],"inLanguage":"es-AR"},{"@type":"Person","@id":"https:\/\/www.diario21.tv\/noticias\/#\/schema\/person\/dfb778f73814d8f09f302618446a526b","name":"Juan P\u00e9rez","image":{"@type":"ImageObject","inLanguage":"es-AR","@id":"https:\/\/www.diario21.tv\/noticias\/#\/schema\/person\/image\/","url":"https:\/\/secure.gravatar.com\/avatar\/c478a405bd10621167f4c3167cc770f5?s=96&d=mm&r=g","contentUrl":"https:\/\/secure.gravatar.com\/avatar\/c478a405bd10621167f4c3167cc770f5?s=96&d=mm&r=g","caption":"Juan P\u00e9rez"},"description":"Juan P\u00e9rez es el redactor en jefe de Diario 21. Con m\u00e1s de 10 a\u00f1os de experiencia en el periodismo, se especializa en pol\u00edtica nacional y an\u00e1lisis socioecon\u00f3mico. Su enfoque cr\u00edtico y riguroso aporta una perspectiva \u00fanica a cada art\u00edculo.","sameAs":["https:\/\/www.diario21.tv\/noticias\/"],"url":"https:\/\/www.diario21.tv\/noticias\/author\/juan-perez\/"}]}},"_links":{"self":[{"href":"https:\/\/www.diario21.tv\/noticias\/wp-json\/wp\/v2\/posts\/4693"}],"collection":[{"href":"https:\/\/www.diario21.tv\/noticias\/wp-json\/wp\/v2\/posts"}],"about":[{"href":"https:\/\/www.diario21.tv\/noticias\/wp-json\/wp\/v2\/types\/post"}],"author":[{"embeddable":true,"href":"https:\/\/www.diario21.tv\/noticias\/wp-json\/wp\/v2\/users\/20"}],"replies":[{"embeddable":true,"href":"https:\/\/www.diario21.tv\/noticias\/wp-json\/wp\/v2\/comments?post=4693"}],"version-history":[{"count":1,"href":"https:\/\/www.diario21.tv\/noticias\/wp-json\/wp\/v2\/posts\/4693\/revisions"}],"predecessor-version":[{"id":4695,"href":"https:\/\/www.diario21.tv\/noticias\/wp-json\/wp\/v2\/posts\/4693\/revisions\/4695"}],"wp:featuredmedia":[{"embeddable":true,"href":"https:\/\/www.diario21.tv\/noticias\/wp-json\/wp\/v2\/media\/4694"}],"wp:attachment":[{"href":"https:\/\/www.diario21.tv\/noticias\/wp-json\/wp\/v2\/media?parent=4693"}],"wp:term":[{"taxonomy":"category","embeddable":true,"href":"https:\/\/www.diario21.tv\/noticias\/wp-json\/wp\/v2\/categories?post=4693"},{"taxonomy":"post_tag","embeddable":true,"href":"https:\/\/www.diario21.tv\/noticias\/wp-json\/wp\/v2\/tags?post=4693"}],"curies":[{"name":"wp","href":"https:\/\/api.w.org\/{rel}","templated":true}]}}