{"id":468,"date":"2024-09-19T19:58:08","date_gmt":"2024-09-19T19:58:08","guid":{"rendered":"https:\/\/www.diario21.tv\/noticias\/impactante-en-barcelona-hombre-es-arrestado-tras-amputar-la-mano-de-su-pareja-enterate\/"},"modified":"2024-09-19T19:58:11","modified_gmt":"2024-09-19T19:58:11","slug":"impactante-en-barcelona-hombre-es-arrestado-tras-amputar-la-mano-de-su-pareja-enterate","status":"publish","type":"post","link":"https:\/\/www.diario21.tv\/noticias\/impactante-en-barcelona-hombre-es-arrestado-tras-amputar-la-mano-de-su-pareja-enterate\/","title":{"rendered":"\u00a1Impactante! En Barcelona, Hombre es Arrestado tras Amputar la Mano de su Pareja \u00a1Ent\u00e9rate!"},"content":{"rendered":"<h2>Arrestado por cortar la mano de su compa\u00f1era en Barcelona<\/h2>\n<p>Un hombre ha sido detenido en Barcelona despu\u00e9s de que presuntamente amputara la mano de su pareja. El incidente ocurri\u00f3 la noche del martes y ha dejado a la ciudad en estado de shock.<\/p>\n<h3>Detalles del incidente<\/h3>\n<p>Seg\u00fan los informes, la polic\u00eda fue llamada a la residencia de la pareja en la ciudad despu\u00e9s de que se informara de un incidente de violencia dom\u00e9stica. Al llegar al lugar, los oficiales encontraron a la mujer con la mano amputada.<\/p>\n<h3>La respuesta de la polic\u00eda<\/h3>\n<p>El hombre fue detenido inmediatamente y la mujer fue llevada al hospital m\u00e1s cercano para recibir tratamiento m\u00e9dico. La investigaci\u00f3n est\u00e1 en curso, pero los primeros informes indican que el hombre podr\u00eda haber usado un cuchillo de cocina para llevar a cabo la agresi\u00f3n.<\/p>\n<h3>Reacciones en la ciudad<\/h3>\n<p>El incidente ha causado conmoci\u00f3n en Barcelona, con muchos residentes expresando su indignaci\u00f3n y tristeza por lo ocurrido. Varias personas tambi\u00e9n han hecho un llamado a las autoridades para que tomen medidas m\u00e1s fuertes para prevenir la violencia de g\u00e9nero.<\/p>\n<h3>Acciones futuras<\/h3>\n<p>El hombre enfrenta cargos graves y se espera que sea juzgado en los pr\u00f3ximos d\u00edas. Mientras tanto, la condici\u00f3n de la mujer es estable pero su recuperaci\u00f3n ser\u00e1 un proceso largo y dif\u00edcil. Este incidente es un recordatorio severo de la persistencia de la violencia de g\u00e9nero y la necesidad de esfuerzos continuos para combatirla.<\/p>\n\n\n<div class=\"kk-star-ratings kksr-auto kksr-align-left kksr-valign-bottom\"\n    data-payload='{&quot;align&quot;:&quot;left&quot;,&quot;id&quot;:&quot;468&quot;,&quot;slug&quot;:&quot;default&quot;,&quot;valign&quot;:&quot;bottom&quot;,&quot;ignore&quot;:&quot;&quot;,&quot;reference&quot;:&quot;auto&quot;,&quot;class&quot;:&quot;&quot;,&quot;count&quot;:&quot;0&quot;,&quot;legendonly&quot;:&quot;&quot;,&quot;readonly&quot;:&quot;&quot;,&quot;score&quot;:&quot;0&quot;,&quot;starsonly&quot;:&quot;&quot;,&quot;best&quot;:&quot;5&quot;,&quot;gap&quot;:&quot;5&quot;,&quot;greet&quot;:&quot;Valora este post&quot;,&quot;legend&quot;:&quot;0\\\/5 - (0 votes)&quot;,&quot;size&quot;:&quot;22&quot;,&quot;title&quot;:&quot;\u00a1Impactante! En Barcelona, Hombre es Arrestado tras Amputar la Mano de su Pareja \u00a1Ent\u00e9rate!&quot;,&quot;width&quot;:&quot;0&quot;,&quot;_legend&quot;:&quot;{score}\\\/{best} - ({count} {votes})&quot;,&quot;font_factor&quot;:&quot;1.25&quot;}'>\n            \n<div class=\"kksr-stars\">\n    \n<div class=\"kksr-stars-inactive\">\n            <div class=\"kksr-star\" data-star=\"1\" style=\"padding-right: 5px\">\n            \n\n<div class=\"kksr-icon\" style=\"width: 22px; height: 22px;\"><\/div>\n        <\/div>\n            <div class=\"kksr-star\" data-star=\"2\" style=\"padding-right: 5px\">\n            \n\n<div class=\"kksr-icon\" style=\"width: 22px; height: 22px;\"><\/div>\n        <\/div>\n            <div class=\"kksr-star\" data-star=\"3\" style=\"padding-right: 5px\">\n            \n\n<div class=\"kksr-icon\" style=\"width: 22px; height: 22px;\"><\/div>\n        <\/div>\n            <div class=\"kksr-star\" data-star=\"4\" style=\"padding-right: 5px\">\n            \n\n<div class=\"kksr-icon\" style=\"width: 22px; height: 22px;\"><\/div>\n        <\/div>\n            <div class=\"kksr-star\" data-star=\"5\" style=\"padding-right: 5px\">\n            \n\n<div class=\"kksr-icon\" style=\"width: 22px; height: 22px;\"><\/div>\n        <\/div>\n    <\/div>\n    \n<div class=\"kksr-stars-active\" style=\"width: 0px;\">\n            <div class=\"kksr-star\" style=\"padding-right: 5px\">\n            \n\n<div class=\"kksr-icon\" style=\"width: 22px; height: 22px;\"><\/div>\n        <\/div>\n            <div class=\"kksr-star\" style=\"padding-right: 5px\">\n            \n\n<div class=\"kksr-icon\" style=\"width: 22px; height: 22px;\"><\/div>\n        <\/div>\n            <div class=\"kksr-star\" style=\"padding-right: 5px\">\n            \n\n<div class=\"kksr-icon\" style=\"width: 22px; height: 22px;\"><\/div>\n        <\/div>\n            <div class=\"kksr-star\" style=\"padding-right: 5px\">\n            \n\n<div class=\"kksr-icon\" style=\"width: 22px; height: 22px;\"><\/div>\n        <\/div>\n            <div class=\"kksr-star\" style=\"padding-right: 5px\">\n            \n\n<div class=\"kksr-icon\" style=\"width: 22px; height: 22px;\"><\/div>\n        <\/div>\n    <\/div>\n<\/div>\n                \n\n<div class=\"kksr-legend\" style=\"font-size: 17.6px;\">\n            <span class=\"kksr-muted\">Valora este post<\/span>\n    <\/div>\n    <\/div>\n","protected":false},"excerpt":{"rendered":"<p>Arrestado por cortar la mano de su compa\u00f1era en Barcelona Un hombre ha sido detenido en Barcelona despu\u00e9s de que presuntamente amputara la mano de su &#8230; <a title=\"\u00a1Impactante! En Barcelona, Hombre es Arrestado tras Amputar la Mano de su Pareja \u00a1Ent\u00e9rate!\" class=\"read-more\" href=\"https:\/\/www.diario21.tv\/noticias\/impactante-en-barcelona-hombre-es-arrestado-tras-amputar-la-mano-de-su-pareja-enterate\/\" aria-label=\"Leer m\u00e1s sobre \u00a1Impactante! En Barcelona, Hombre es Arrestado tras Amputar la Mano de su Pareja \u00a1Ent\u00e9rate!\">Seguir leyendo &rarr;<\/a><\/p>\n","protected":false},"author":16,"featured_media":469,"comment_status":"open","ping_status":"open","sticky":false,"template":"","format":"standard","meta":{"footnotes":""},"categories":[12],"tags":[],"class_list":["post-468","post","type-post","status-publish","format-standard","has-post-thumbnail","hentry","category-tendencia"],"yoast_head":"<!-- This site is optimized with the Yoast SEO plugin v25.6 - https:\/\/yoast.com\/wordpress\/plugins\/seo\/ -->\n<title>\u00a1Impactante! En Barcelona, Hombre es Arrestado tras Amputar la Mano de su Pareja \u00a1Ent\u00e9rate! - Diario 21<\/title>\n<meta name=\"robots\" content=\"index, follow, max-snippet:-1, max-image-preview:large, max-video-preview:-1\" \/>\n<link rel=\"canonical\" href=\"https:\/\/www.diario21.tv\/noticias\/impactante-en-barcelona-hombre-es-arrestado-tras-amputar-la-mano-de-su-pareja-enterate\/\" \/>\n<meta property=\"og:locale\" content=\"es_ES\" \/>\n<meta property=\"og:type\" content=\"article\" \/>\n<meta property=\"og:title\" content=\"\u00a1Impactante! En Barcelona, Hombre es Arrestado tras Amputar la Mano de su Pareja \u00a1Ent\u00e9rate! - Diario 21\" \/>\n<meta property=\"og:description\" content=\"Arrestado por cortar la mano de su compa\u00f1era en Barcelona Un hombre ha sido detenido en Barcelona despu\u00e9s de que presuntamente amputara la mano de su ... Seguir leyendo &rarr;\" \/>\n<meta property=\"og:url\" content=\"https:\/\/www.diario21.tv\/noticias\/impactante-en-barcelona-hombre-es-arrestado-tras-amputar-la-mano-de-su-pareja-enterate\/\" \/>\n<meta property=\"og:site_name\" content=\"Diario 21\" \/>\n<meta property=\"article:published_time\" content=\"2024-09-19T19:58:08+00:00\" \/>\n<meta property=\"article:modified_time\" content=\"2024-09-19T19:58:11+00:00\" \/>\n<meta property=\"og:image\" content=\"https:\/\/www.diario21.tv\/noticias\/wp-content\/uploads\/2024\/09\/\u00a1Impactante-En-Barcelona-Hombre-es-Arrestado-tras-Amputar-la-Mano.jpg\" \/>\n\t<meta property=\"og:image:width\" content=\"1920\" \/>\n\t<meta property=\"og:image:height\" content=\"1080\" \/>\n\t<meta property=\"og:image:type\" content=\"image\/jpeg\" \/>\n<meta name=\"author\" content=\"Diario 21\" \/>\n<meta name=\"twitter:card\" content=\"summary_large_image\" \/>\n<meta name=\"twitter:label1\" content=\"Escrito por\" \/>\n\t<meta name=\"twitter:data1\" content=\"Diario 21\" \/>\n\t<meta name=\"twitter:label2\" content=\"Tiempo de lectura\" \/>\n\t<meta name=\"twitter:data2\" content=\"1 minuto\" \/>\n<script type=\"application\/ld+json\" class=\"yoast-schema-graph\">{\"@context\":\"https:\/\/schema.org\",\"@graph\":[{\"@type\":\"WebPage\",\"@id\":\"https:\/\/www.diario21.tv\/noticias\/impactante-en-barcelona-hombre-es-arrestado-tras-amputar-la-mano-de-su-pareja-enterate\/\",\"url\":\"https:\/\/www.diario21.tv\/noticias\/impactante-en-barcelona-hombre-es-arrestado-tras-amputar-la-mano-de-su-pareja-enterate\/\",\"name\":\"\u00a1Impactante! En Barcelona, Hombre es Arrestado tras Amputar la Mano de su Pareja \u00a1Ent\u00e9rate! - Diario 21\",\"isPartOf\":{\"@id\":\"https:\/\/www.diario21.tv\/noticias\/#website\"},\"primaryImageOfPage\":{\"@id\":\"https:\/\/www.diario21.tv\/noticias\/impactante-en-barcelona-hombre-es-arrestado-tras-amputar-la-mano-de-su-pareja-enterate\/#primaryimage\"},\"image\":{\"@id\":\"https:\/\/www.diario21.tv\/noticias\/impactante-en-barcelona-hombre-es-arrestado-tras-amputar-la-mano-de-su-pareja-enterate\/#primaryimage\"},\"thumbnailUrl\":\"https:\/\/www.diario21.tv\/noticias\/wp-content\/uploads\/2024\/09\/\u00a1Impactante-En-Barcelona-Hombre-es-Arrestado-tras-Amputar-la-Mano.jpg\",\"datePublished\":\"2024-09-19T19:58:08+00:00\",\"dateModified\":\"2024-09-19T19:58:11+00:00\",\"author\":{\"@id\":\"https:\/\/www.diario21.tv\/noticias\/#\/schema\/person\/7de9d6205bd3da5b7f01f5cffb18d715\"},\"breadcrumb\":{\"@id\":\"https:\/\/www.diario21.tv\/noticias\/impactante-en-barcelona-hombre-es-arrestado-tras-amputar-la-mano-de-su-pareja-enterate\/#breadcrumb\"},\"inLanguage\":\"es-AR\",\"potentialAction\":[{\"@type\":\"ReadAction\",\"target\":[\"https:\/\/www.diario21.tv\/noticias\/impactante-en-barcelona-hombre-es-arrestado-tras-amputar-la-mano-de-su-pareja-enterate\/\"]}]},{\"@type\":\"ImageObject\",\"inLanguage\":\"es-AR\",\"@id\":\"https:\/\/www.diario21.tv\/noticias\/impactante-en-barcelona-hombre-es-arrestado-tras-amputar-la-mano-de-su-pareja-enterate\/#primaryimage\",\"url\":\"https:\/\/www.diario21.tv\/noticias\/wp-content\/uploads\/2024\/09\/\u00a1Impactante-En-Barcelona-Hombre-es-Arrestado-tras-Amputar-la-Mano.jpg\",\"contentUrl\":\"https:\/\/www.diario21.tv\/noticias\/wp-content\/uploads\/2024\/09\/\u00a1Impactante-En-Barcelona-Hombre-es-Arrestado-tras-Amputar-la-Mano.jpg\",\"width\":1920,\"height\":1080,\"caption\":\"Detenido tras amputar la mano de su pareja en Barcelona\"},{\"@type\":\"BreadcrumbList\",\"@id\":\"https:\/\/www.diario21.tv\/noticias\/impactante-en-barcelona-hombre-es-arrestado-tras-amputar-la-mano-de-su-pareja-enterate\/#breadcrumb\",\"itemListElement\":[{\"@type\":\"ListItem\",\"position\":1,\"name\":\"Accueil\",\"item\":\"https:\/\/www.diario21.tv\/noticias\/\"},{\"@type\":\"ListItem\",\"position\":2,\"name\":\"\u00a1Impactante! En Barcelona, Hombre es Arrestado tras Amputar la Mano de su Pareja \u00a1Ent\u00e9rate!\"}]},{\"@type\":\"WebSite\",\"@id\":\"https:\/\/www.diario21.tv\/noticias\/#website\",\"url\":\"https:\/\/www.diario21.tv\/noticias\/\",\"name\":\"Diario 21\",\"description\":\"\",\"potentialAction\":[{\"@type\":\"SearchAction\",\"target\":{\"@type\":\"EntryPoint\",\"urlTemplate\":\"https:\/\/www.diario21.tv\/noticias\/?s={search_term_string}\"},\"query-input\":{\"@type\":\"PropertyValueSpecification\",\"valueRequired\":true,\"valueName\":\"search_term_string\"}}],\"inLanguage\":\"es-AR\"},{\"@type\":\"Person\",\"@id\":\"https:\/\/www.diario21.tv\/noticias\/#\/schema\/person\/7de9d6205bd3da5b7f01f5cffb18d715\",\"name\":\"Diario 21\",\"image\":{\"@type\":\"ImageObject\",\"inLanguage\":\"es-AR\",\"@id\":\"https:\/\/www.diario21.tv\/noticias\/#\/schema\/person\/image\/\",\"url\":\"https:\/\/secure.gravatar.com\/avatar\/d1d5e764b940c8e5990284cabcd5dea9?s=96&d=mm&r=g\",\"contentUrl\":\"https:\/\/secure.gravatar.com\/avatar\/d1d5e764b940c8e5990284cabcd5dea9?s=96&d=mm&r=g\",\"caption\":\"Diario 21\"},\"url\":\"https:\/\/www.diario21.tv\/noticias\/author\/diario-21\/\"}]}<\/script>\n<!-- \/ Yoast SEO plugin. -->","yoast_head_json":{"title":"\u00a1Impactante! En Barcelona, Hombre es Arrestado tras Amputar la Mano de su Pareja \u00a1Ent\u00e9rate! - Diario 21","robots":{"index":"index","follow":"follow","max-snippet":"max-snippet:-1","max-image-preview":"max-image-preview:large","max-video-preview":"max-video-preview:-1"},"canonical":"https:\/\/www.diario21.tv\/noticias\/impactante-en-barcelona-hombre-es-arrestado-tras-amputar-la-mano-de-su-pareja-enterate\/","og_locale":"es_ES","og_type":"article","og_title":"\u00a1Impactante! En Barcelona, Hombre es Arrestado tras Amputar la Mano de su Pareja \u00a1Ent\u00e9rate! - Diario 21","og_description":"Arrestado por cortar la mano de su compa\u00f1era en Barcelona Un hombre ha sido detenido en Barcelona despu\u00e9s de que presuntamente amputara la mano de su ... Seguir leyendo &rarr;","og_url":"https:\/\/www.diario21.tv\/noticias\/impactante-en-barcelona-hombre-es-arrestado-tras-amputar-la-mano-de-su-pareja-enterate\/","og_site_name":"Diario 21","article_published_time":"2024-09-19T19:58:08+00:00","article_modified_time":"2024-09-19T19:58:11+00:00","og_image":[{"width":1920,"height":1080,"url":"https:\/\/www.diario21.tv\/noticias\/wp-content\/uploads\/2024\/09\/\u00a1Impactante-En-Barcelona-Hombre-es-Arrestado-tras-Amputar-la-Mano.jpg","type":"image\/jpeg"}],"author":"Diario 21","twitter_card":"summary_large_image","twitter_misc":{"Escrito por":"Diario 21","Tiempo de lectura":"1 minuto"},"schema":{"@context":"https:\/\/schema.org","@graph":[{"@type":"WebPage","@id":"https:\/\/www.diario21.tv\/noticias\/impactante-en-barcelona-hombre-es-arrestado-tras-amputar-la-mano-de-su-pareja-enterate\/","url":"https:\/\/www.diario21.tv\/noticias\/impactante-en-barcelona-hombre-es-arrestado-tras-amputar-la-mano-de-su-pareja-enterate\/","name":"\u00a1Impactante! En Barcelona, Hombre es Arrestado tras Amputar la Mano de su Pareja \u00a1Ent\u00e9rate! - Diario 21","isPartOf":{"@id":"https:\/\/www.diario21.tv\/noticias\/#website"},"primaryImageOfPage":{"@id":"https:\/\/www.diario21.tv\/noticias\/impactante-en-barcelona-hombre-es-arrestado-tras-amputar-la-mano-de-su-pareja-enterate\/#primaryimage"},"image":{"@id":"https:\/\/www.diario21.tv\/noticias\/impactante-en-barcelona-hombre-es-arrestado-tras-amputar-la-mano-de-su-pareja-enterate\/#primaryimage"},"thumbnailUrl":"https:\/\/www.diario21.tv\/noticias\/wp-content\/uploads\/2024\/09\/\u00a1Impactante-En-Barcelona-Hombre-es-Arrestado-tras-Amputar-la-Mano.jpg","datePublished":"2024-09-19T19:58:08+00:00","dateModified":"2024-09-19T19:58:11+00:00","author":{"@id":"https:\/\/www.diario21.tv\/noticias\/#\/schema\/person\/7de9d6205bd3da5b7f01f5cffb18d715"},"breadcrumb":{"@id":"https:\/\/www.diario21.tv\/noticias\/impactante-en-barcelona-hombre-es-arrestado-tras-amputar-la-mano-de-su-pareja-enterate\/#breadcrumb"},"inLanguage":"es-AR","potentialAction":[{"@type":"ReadAction","target":["https:\/\/www.diario21.tv\/noticias\/impactante-en-barcelona-hombre-es-arrestado-tras-amputar-la-mano-de-su-pareja-enterate\/"]}]},{"@type":"ImageObject","inLanguage":"es-AR","@id":"https:\/\/www.diario21.tv\/noticias\/impactante-en-barcelona-hombre-es-arrestado-tras-amputar-la-mano-de-su-pareja-enterate\/#primaryimage","url":"https:\/\/www.diario21.tv\/noticias\/wp-content\/uploads\/2024\/09\/\u00a1Impactante-En-Barcelona-Hombre-es-Arrestado-tras-Amputar-la-Mano.jpg","contentUrl":"https:\/\/www.diario21.tv\/noticias\/wp-content\/uploads\/2024\/09\/\u00a1Impactante-En-Barcelona-Hombre-es-Arrestado-tras-Amputar-la-Mano.jpg","width":1920,"height":1080,"caption":"Detenido tras amputar la mano de su pareja en Barcelona"},{"@type":"BreadcrumbList","@id":"https:\/\/www.diario21.tv\/noticias\/impactante-en-barcelona-hombre-es-arrestado-tras-amputar-la-mano-de-su-pareja-enterate\/#breadcrumb","itemListElement":[{"@type":"ListItem","position":1,"name":"Accueil","item":"https:\/\/www.diario21.tv\/noticias\/"},{"@type":"ListItem","position":2,"name":"\u00a1Impactante! En Barcelona, Hombre es Arrestado tras Amputar la Mano de su Pareja \u00a1Ent\u00e9rate!"}]},{"@type":"WebSite","@id":"https:\/\/www.diario21.tv\/noticias\/#website","url":"https:\/\/www.diario21.tv\/noticias\/","name":"Diario 21","description":"","potentialAction":[{"@type":"SearchAction","target":{"@type":"EntryPoint","urlTemplate":"https:\/\/www.diario21.tv\/noticias\/?s={search_term_string}"},"query-input":{"@type":"PropertyValueSpecification","valueRequired":true,"valueName":"search_term_string"}}],"inLanguage":"es-AR"},{"@type":"Person","@id":"https:\/\/www.diario21.tv\/noticias\/#\/schema\/person\/7de9d6205bd3da5b7f01f5cffb18d715","name":"Diario 21","image":{"@type":"ImageObject","inLanguage":"es-AR","@id":"https:\/\/www.diario21.tv\/noticias\/#\/schema\/person\/image\/","url":"https:\/\/secure.gravatar.com\/avatar\/d1d5e764b940c8e5990284cabcd5dea9?s=96&d=mm&r=g","contentUrl":"https:\/\/secure.gravatar.com\/avatar\/d1d5e764b940c8e5990284cabcd5dea9?s=96&d=mm&r=g","caption":"Diario 21"},"url":"https:\/\/www.diario21.tv\/noticias\/author\/diario-21\/"}]}},"_links":{"self":[{"href":"https:\/\/www.diario21.tv\/noticias\/wp-json\/wp\/v2\/posts\/468"}],"collection":[{"href":"https:\/\/www.diario21.tv\/noticias\/wp-json\/wp\/v2\/posts"}],"about":[{"href":"https:\/\/www.diario21.tv\/noticias\/wp-json\/wp\/v2\/types\/post"}],"author":[{"embeddable":true,"href":"https:\/\/www.diario21.tv\/noticias\/wp-json\/wp\/v2\/users\/16"}],"replies":[{"embeddable":true,"href":"https:\/\/www.diario21.tv\/noticias\/wp-json\/wp\/v2\/comments?post=468"}],"version-history":[{"count":1,"href":"https:\/\/www.diario21.tv\/noticias\/wp-json\/wp\/v2\/posts\/468\/revisions"}],"predecessor-version":[{"id":470,"href":"https:\/\/www.diario21.tv\/noticias\/wp-json\/wp\/v2\/posts\/468\/revisions\/470"}],"wp:featuredmedia":[{"embeddable":true,"href":"https:\/\/www.diario21.tv\/noticias\/wp-json\/wp\/v2\/media\/469"}],"wp:attachment":[{"href":"https:\/\/www.diario21.tv\/noticias\/wp-json\/wp\/v2\/media?parent=468"}],"wp:term":[{"taxonomy":"category","embeddable":true,"href":"https:\/\/www.diario21.tv\/noticias\/wp-json\/wp\/v2\/categories?post=468"},{"taxonomy":"post_tag","embeddable":true,"href":"https:\/\/www.diario21.tv\/noticias\/wp-json\/wp\/v2\/tags?post=468"}],"curies":[{"name":"wp","href":"https:\/\/api.w.org\/{rel}","templated":true}]}}