{"id":4678,"date":"2025-09-30T00:07:05","date_gmt":"2025-09-30T00:07:05","guid":{"rendered":"https:\/\/www.diario21.tv\/noticias\/alerta-en-vitoria-maltratador-en-prision-tras-fallo-de-pulsera-y-acoso-a-su-ex\/"},"modified":"2025-09-30T00:07:08","modified_gmt":"2025-09-30T00:07:08","slug":"alerta-en-vitoria-maltratador-en-prision-tras-fallo-de-pulsera-y-acoso-a-su-ex","status":"publish","type":"post","link":"https:\/\/www.diario21.tv\/noticias\/alerta-en-vitoria-maltratador-en-prision-tras-fallo-de-pulsera-y-acoso-a-su-ex\/","title":{"rendered":"\u00a1Alerta en Vitoria! Maltratador en prisi\u00f3n tras fallo de pulsera y acoso a su ex"},"content":{"rendered":"<h2>Condena de c\u00e1rcel para el agresor cuyo dispositivo de localizaci\u00f3n fall\u00f3 y persigui\u00f3 a su ex pareja en Vitoria<\/h2>\n<p>En un reciente fallo judicial, un hombre ha sido sentenciado a prisi\u00f3n despu\u00e9s de que se comprobara que viol\u00f3 las restricciones impuestas por la justicia y hostig\u00f3 a su ex pareja en la ciudad de Vitoria. Este incidente pone de manifiesto las fallas en los dispositivos de localizaci\u00f3n que se utilizan para controlar a individuos con historial de violencia dom\u00e9stica.<\/p>\n<h3>El fallo del dispositivo y la persecuci\u00f3n<\/h3>\n<p>El condenado, cuya identidad no ha sido revelada para proteger a la v\u00edctima, estaba sujeto a una orden de alejamiento que le prohib\u00eda acercarse a su ex pareja. Sin embargo, se report\u00f3 que el dispositivo de localizaci\u00f3n que deb\u00eda llevar en todo momento fall\u00f3, lo que le permiti\u00f3 acercarse a su ex pareja sin ser detectado inicialmente.<\/p>\n<p>La v\u00edctima not\u00f3 la presencia de su agresor y alert\u00f3 a las autoridades, quienes actuaron r\u00e1pidamente para detenerlo. Durante el juicio, se demostr\u00f3 que el hombre hab\u00eda hecho caso omiso de la orden judicial y hab\u00eda buscado activamente a su ex pareja, infringiendo claramente las restricciones legales.<\/p>\n<h3>Implicaciones legales y medidas de seguridad fallidas<\/h3>\n<p>Este caso ha resaltado la importancia de asegurar el funcionamiento efectivo de los dispositivos de localizaci\u00f3n utilizados en casos de violencia dom\u00e9stica. La falla en el dispositivo no solo puso en riesgo la seguridad de la v\u00edctima, sino que tambi\u00e9n mostr\u00f3 vulnerabilidades en el sistema que deben ser abordadas para evitar futuras incidencias.<\/p>\n<p>La sentencia de prisi\u00f3n para el agresor es un recordatorio de que el incumplimiento de las ordenes de alejamiento y la violaci\u00f3n de las medidas de protecci\u00f3n son delitos graves que conllevan consecuencias significativas. Adem\u00e1s, este caso subraya la necesidad de revisi\u00f3n y mejora continua en los sistemas de monitoreo para asegurar que sirvan como un verdadero disuasivo contra la violencia y protecci\u00f3n para las v\u00edctimas.<\/p>\n<p>En conclusi\u00f3n, mientras que la justicia ha actuado en este caso particular, queda claro que se deben tomar medidas adicionales para fortalecer los mecanismos de seguridad y garantizar que estos dispositivos cumplan su funci\u00f3n de manera efectiva.<\/p>\n\n\n<div class=\"kk-star-ratings kksr-auto kksr-align-left kksr-valign-bottom\"\n    data-payload='{&quot;align&quot;:&quot;left&quot;,&quot;id&quot;:&quot;4678&quot;,&quot;slug&quot;:&quot;default&quot;,&quot;valign&quot;:&quot;bottom&quot;,&quot;ignore&quot;:&quot;&quot;,&quot;reference&quot;:&quot;auto&quot;,&quot;class&quot;:&quot;&quot;,&quot;count&quot;:&quot;0&quot;,&quot;legendonly&quot;:&quot;&quot;,&quot;readonly&quot;:&quot;&quot;,&quot;score&quot;:&quot;0&quot;,&quot;starsonly&quot;:&quot;&quot;,&quot;best&quot;:&quot;5&quot;,&quot;gap&quot;:&quot;5&quot;,&quot;greet&quot;:&quot;Valora este post&quot;,&quot;legend&quot;:&quot;0\\\/5 - (0 votes)&quot;,&quot;size&quot;:&quot;22&quot;,&quot;title&quot;:&quot;\u00a1Alerta en Vitoria! Maltratador en prisi\u00f3n tras fallo de pulsera y acoso a su ex&quot;,&quot;width&quot;:&quot;0&quot;,&quot;_legend&quot;:&quot;{score}\\\/{best} - ({count} {votes})&quot;,&quot;font_factor&quot;:&quot;1.25&quot;}'>\n            \n<div class=\"kksr-stars\">\n    \n<div class=\"kksr-stars-inactive\">\n            <div class=\"kksr-star\" data-star=\"1\" style=\"padding-right: 5px\">\n            \n\n<div class=\"kksr-icon\" style=\"width: 22px; height: 22px;\"><\/div>\n        <\/div>\n            <div class=\"kksr-star\" data-star=\"2\" style=\"padding-right: 5px\">\n            \n\n<div class=\"kksr-icon\" style=\"width: 22px; height: 22px;\"><\/div>\n        <\/div>\n            <div class=\"kksr-star\" data-star=\"3\" style=\"padding-right: 5px\">\n            \n\n<div class=\"kksr-icon\" style=\"width: 22px; height: 22px;\"><\/div>\n        <\/div>\n            <div class=\"kksr-star\" data-star=\"4\" style=\"padding-right: 5px\">\n            \n\n<div class=\"kksr-icon\" style=\"width: 22px; height: 22px;\"><\/div>\n        <\/div>\n            <div class=\"kksr-star\" data-star=\"5\" style=\"padding-right: 5px\">\n            \n\n<div class=\"kksr-icon\" style=\"width: 22px; height: 22px;\"><\/div>\n        <\/div>\n    <\/div>\n    \n<div class=\"kksr-stars-active\" style=\"width: 0px;\">\n            <div class=\"kksr-star\" style=\"padding-right: 5px\">\n            \n\n<div class=\"kksr-icon\" style=\"width: 22px; height: 22px;\"><\/div>\n        <\/div>\n            <div class=\"kksr-star\" style=\"padding-right: 5px\">\n            \n\n<div class=\"kksr-icon\" style=\"width: 22px; height: 22px;\"><\/div>\n        <\/div>\n            <div class=\"kksr-star\" style=\"padding-right: 5px\">\n            \n\n<div class=\"kksr-icon\" style=\"width: 22px; height: 22px;\"><\/div>\n        <\/div>\n            <div class=\"kksr-star\" style=\"padding-right: 5px\">\n            \n\n<div class=\"kksr-icon\" style=\"width: 22px; height: 22px;\"><\/div>\n        <\/div>\n            <div class=\"kksr-star\" style=\"padding-right: 5px\">\n            \n\n<div class=\"kksr-icon\" style=\"width: 22px; height: 22px;\"><\/div>\n        <\/div>\n    <\/div>\n<\/div>\n                \n\n<div class=\"kksr-legend\" style=\"font-size: 17.6px;\">\n            <span class=\"kksr-muted\">Valora este post<\/span>\n    <\/div>\n    <\/div>\n","protected":false},"excerpt":{"rendered":"<p>Condena de c\u00e1rcel para el agresor cuyo dispositivo de localizaci\u00f3n fall\u00f3 y persigui\u00f3 a su ex pareja en Vitoria En un reciente fallo judicial, un hombre &#8230; <a title=\"\u00a1Alerta en Vitoria! Maltratador en prisi\u00f3n tras fallo de pulsera y acoso a su ex\" class=\"read-more\" href=\"https:\/\/www.diario21.tv\/noticias\/alerta-en-vitoria-maltratador-en-prision-tras-fallo-de-pulsera-y-acoso-a-su-ex\/\" aria-label=\"Leer m\u00e1s sobre \u00a1Alerta en Vitoria! Maltratador en prisi\u00f3n tras fallo de pulsera y acoso a su ex\">Seguir leyendo &rarr;<\/a><\/p>\n","protected":false},"author":20,"featured_media":4679,"comment_status":"open","ping_status":"open","sticky":false,"template":"","format":"standard","meta":{"footnotes":""},"categories":[13],"tags":[],"class_list":["post-4678","post","type-post","status-publish","format-standard","has-post-thumbnail","hentry","category-portada"],"yoast_head":"<!-- This site is optimized with the Yoast SEO plugin v25.6 - https:\/\/yoast.com\/wordpress\/plugins\/seo\/ -->\n<title>\u00a1Alerta en Vitoria! Maltratador en prisi\u00f3n tras fallo de pulsera y acoso a su ex - Diario 21<\/title>\n<meta name=\"robots\" content=\"index, follow, max-snippet:-1, max-image-preview:large, max-video-preview:-1\" \/>\n<link rel=\"canonical\" href=\"https:\/\/www.diario21.tv\/noticias\/alerta-en-vitoria-maltratador-en-prision-tras-fallo-de-pulsera-y-acoso-a-su-ex\/\" \/>\n<meta property=\"og:locale\" content=\"es_ES\" \/>\n<meta property=\"og:type\" content=\"article\" \/>\n<meta property=\"og:title\" content=\"\u00a1Alerta en Vitoria! Maltratador en prisi\u00f3n tras fallo de pulsera y acoso a su ex - Diario 21\" \/>\n<meta property=\"og:description\" content=\"Condena de c\u00e1rcel para el agresor cuyo dispositivo de localizaci\u00f3n fall\u00f3 y persigui\u00f3 a su ex pareja en Vitoria En un reciente fallo judicial, un hombre ... Seguir leyendo &rarr;\" \/>\n<meta property=\"og:url\" content=\"https:\/\/www.diario21.tv\/noticias\/alerta-en-vitoria-maltratador-en-prision-tras-fallo-de-pulsera-y-acoso-a-su-ex\/\" \/>\n<meta property=\"og:site_name\" content=\"Diario 21\" \/>\n<meta property=\"article:published_time\" content=\"2025-09-30T00:07:05+00:00\" \/>\n<meta property=\"article:modified_time\" content=\"2025-09-30T00:07:08+00:00\" \/>\n<meta property=\"og:image\" content=\"https:\/\/www.diario21.tv\/noticias\/wp-content\/uploads\/2025\/09\/\u00a1Alerta-en-Vitoria-Maltratador-en-prision-tras-fallo-de-pulsera.png\" \/>\n\t<meta property=\"og:image:width\" content=\"1200\" \/>\n\t<meta property=\"og:image:height\" content=\"840\" \/>\n\t<meta property=\"og:image:type\" content=\"image\/png\" \/>\n<meta name=\"author\" content=\"Juan P\u00e9rez\" \/>\n<meta name=\"twitter:card\" content=\"summary_large_image\" \/>\n<meta name=\"twitter:label1\" content=\"Escrito por\" \/>\n\t<meta name=\"twitter:data1\" content=\"Juan P\u00e9rez\" \/>\n\t<meta name=\"twitter:label2\" content=\"Tiempo de lectura\" \/>\n\t<meta name=\"twitter:data2\" content=\"2 minutos\" \/>\n<script type=\"application\/ld+json\" class=\"yoast-schema-graph\">{\"@context\":\"https:\/\/schema.org\",\"@graph\":[{\"@type\":\"WebPage\",\"@id\":\"https:\/\/www.diario21.tv\/noticias\/alerta-en-vitoria-maltratador-en-prision-tras-fallo-de-pulsera-y-acoso-a-su-ex\/\",\"url\":\"https:\/\/www.diario21.tv\/noticias\/alerta-en-vitoria-maltratador-en-prision-tras-fallo-de-pulsera-y-acoso-a-su-ex\/\",\"name\":\"\u00a1Alerta en Vitoria! Maltratador en prisi\u00f3n tras fallo de pulsera y acoso a su ex - Diario 21\",\"isPartOf\":{\"@id\":\"https:\/\/www.diario21.tv\/noticias\/#website\"},\"primaryImageOfPage\":{\"@id\":\"https:\/\/www.diario21.tv\/noticias\/alerta-en-vitoria-maltratador-en-prision-tras-fallo-de-pulsera-y-acoso-a-su-ex\/#primaryimage\"},\"image\":{\"@id\":\"https:\/\/www.diario21.tv\/noticias\/alerta-en-vitoria-maltratador-en-prision-tras-fallo-de-pulsera-y-acoso-a-su-ex\/#primaryimage\"},\"thumbnailUrl\":\"https:\/\/www.diario21.tv\/noticias\/wp-content\/uploads\/2025\/09\/\u00a1Alerta-en-Vitoria-Maltratador-en-prision-tras-fallo-de-pulsera.png\",\"datePublished\":\"2025-09-30T00:07:05+00:00\",\"dateModified\":\"2025-09-30T00:07:08+00:00\",\"author\":{\"@id\":\"https:\/\/www.diario21.tv\/noticias\/#\/schema\/person\/dfb778f73814d8f09f302618446a526b\"},\"breadcrumb\":{\"@id\":\"https:\/\/www.diario21.tv\/noticias\/alerta-en-vitoria-maltratador-en-prision-tras-fallo-de-pulsera-y-acoso-a-su-ex\/#breadcrumb\"},\"inLanguage\":\"es-AR\",\"potentialAction\":[{\"@type\":\"ReadAction\",\"target\":[\"https:\/\/www.diario21.tv\/noticias\/alerta-en-vitoria-maltratador-en-prision-tras-fallo-de-pulsera-y-acoso-a-su-ex\/\"]}]},{\"@type\":\"ImageObject\",\"inLanguage\":\"es-AR\",\"@id\":\"https:\/\/www.diario21.tv\/noticias\/alerta-en-vitoria-maltratador-en-prision-tras-fallo-de-pulsera-y-acoso-a-su-ex\/#primaryimage\",\"url\":\"https:\/\/www.diario21.tv\/noticias\/wp-content\/uploads\/2025\/09\/\u00a1Alerta-en-Vitoria-Maltratador-en-prision-tras-fallo-de-pulsera.png\",\"contentUrl\":\"https:\/\/www.diario21.tv\/noticias\/wp-content\/uploads\/2025\/09\/\u00a1Alerta-en-Vitoria-Maltratador-en-prision-tras-fallo-de-pulsera.png\",\"width\":1200,\"height\":840,\"caption\":\"Prisi\u00f3n para el maltratador al que le fall\u00f3 la pulsera y acos\u00f3 a su ex en Vitoria\"},{\"@type\":\"BreadcrumbList\",\"@id\":\"https:\/\/www.diario21.tv\/noticias\/alerta-en-vitoria-maltratador-en-prision-tras-fallo-de-pulsera-y-acoso-a-su-ex\/#breadcrumb\",\"itemListElement\":[{\"@type\":\"ListItem\",\"position\":1,\"name\":\"Accueil\",\"item\":\"https:\/\/www.diario21.tv\/noticias\/\"},{\"@type\":\"ListItem\",\"position\":2,\"name\":\"\u00a1Alerta en Vitoria! Maltratador en prisi\u00f3n tras fallo de pulsera y acoso a su ex\"}]},{\"@type\":\"WebSite\",\"@id\":\"https:\/\/www.diario21.tv\/noticias\/#website\",\"url\":\"https:\/\/www.diario21.tv\/noticias\/\",\"name\":\"Diario 21\",\"description\":\"\",\"potentialAction\":[{\"@type\":\"SearchAction\",\"target\":{\"@type\":\"EntryPoint\",\"urlTemplate\":\"https:\/\/www.diario21.tv\/noticias\/?s={search_term_string}\"},\"query-input\":{\"@type\":\"PropertyValueSpecification\",\"valueRequired\":true,\"valueName\":\"search_term_string\"}}],\"inLanguage\":\"es-AR\"},{\"@type\":\"Person\",\"@id\":\"https:\/\/www.diario21.tv\/noticias\/#\/schema\/person\/dfb778f73814d8f09f302618446a526b\",\"name\":\"Juan P\u00e9rez\",\"image\":{\"@type\":\"ImageObject\",\"inLanguage\":\"es-AR\",\"@id\":\"https:\/\/www.diario21.tv\/noticias\/#\/schema\/person\/image\/\",\"url\":\"https:\/\/secure.gravatar.com\/avatar\/c478a405bd10621167f4c3167cc770f5?s=96&d=mm&r=g\",\"contentUrl\":\"https:\/\/secure.gravatar.com\/avatar\/c478a405bd10621167f4c3167cc770f5?s=96&d=mm&r=g\",\"caption\":\"Juan P\u00e9rez\"},\"description\":\"Juan P\u00e9rez es el redactor en jefe de Diario 21. Con m\u00e1s de 10 a\u00f1os de experiencia en el periodismo, se especializa en pol\u00edtica nacional y an\u00e1lisis socioecon\u00f3mico. Su enfoque cr\u00edtico y riguroso aporta una perspectiva \u00fanica a cada art\u00edculo.\",\"sameAs\":[\"https:\/\/www.diario21.tv\/noticias\/\"],\"url\":\"https:\/\/www.diario21.tv\/noticias\/author\/juan-perez\/\"}]}<\/script>\n<!-- \/ Yoast SEO plugin. -->","yoast_head_json":{"title":"\u00a1Alerta en Vitoria! Maltratador en prisi\u00f3n tras fallo de pulsera y acoso a su ex - Diario 21","robots":{"index":"index","follow":"follow","max-snippet":"max-snippet:-1","max-image-preview":"max-image-preview:large","max-video-preview":"max-video-preview:-1"},"canonical":"https:\/\/www.diario21.tv\/noticias\/alerta-en-vitoria-maltratador-en-prision-tras-fallo-de-pulsera-y-acoso-a-su-ex\/","og_locale":"es_ES","og_type":"article","og_title":"\u00a1Alerta en Vitoria! Maltratador en prisi\u00f3n tras fallo de pulsera y acoso a su ex - Diario 21","og_description":"Condena de c\u00e1rcel para el agresor cuyo dispositivo de localizaci\u00f3n fall\u00f3 y persigui\u00f3 a su ex pareja en Vitoria En un reciente fallo judicial, un hombre ... Seguir leyendo &rarr;","og_url":"https:\/\/www.diario21.tv\/noticias\/alerta-en-vitoria-maltratador-en-prision-tras-fallo-de-pulsera-y-acoso-a-su-ex\/","og_site_name":"Diario 21","article_published_time":"2025-09-30T00:07:05+00:00","article_modified_time":"2025-09-30T00:07:08+00:00","og_image":[{"width":1200,"height":840,"url":"https:\/\/www.diario21.tv\/noticias\/wp-content\/uploads\/2025\/09\/\u00a1Alerta-en-Vitoria-Maltratador-en-prision-tras-fallo-de-pulsera.png","type":"image\/png"}],"author":"Juan P\u00e9rez","twitter_card":"summary_large_image","twitter_misc":{"Escrito por":"Juan P\u00e9rez","Tiempo de lectura":"2 minutos"},"schema":{"@context":"https:\/\/schema.org","@graph":[{"@type":"WebPage","@id":"https:\/\/www.diario21.tv\/noticias\/alerta-en-vitoria-maltratador-en-prision-tras-fallo-de-pulsera-y-acoso-a-su-ex\/","url":"https:\/\/www.diario21.tv\/noticias\/alerta-en-vitoria-maltratador-en-prision-tras-fallo-de-pulsera-y-acoso-a-su-ex\/","name":"\u00a1Alerta en Vitoria! Maltratador en prisi\u00f3n tras fallo de pulsera y acoso a su ex - Diario 21","isPartOf":{"@id":"https:\/\/www.diario21.tv\/noticias\/#website"},"primaryImageOfPage":{"@id":"https:\/\/www.diario21.tv\/noticias\/alerta-en-vitoria-maltratador-en-prision-tras-fallo-de-pulsera-y-acoso-a-su-ex\/#primaryimage"},"image":{"@id":"https:\/\/www.diario21.tv\/noticias\/alerta-en-vitoria-maltratador-en-prision-tras-fallo-de-pulsera-y-acoso-a-su-ex\/#primaryimage"},"thumbnailUrl":"https:\/\/www.diario21.tv\/noticias\/wp-content\/uploads\/2025\/09\/\u00a1Alerta-en-Vitoria-Maltratador-en-prision-tras-fallo-de-pulsera.png","datePublished":"2025-09-30T00:07:05+00:00","dateModified":"2025-09-30T00:07:08+00:00","author":{"@id":"https:\/\/www.diario21.tv\/noticias\/#\/schema\/person\/dfb778f73814d8f09f302618446a526b"},"breadcrumb":{"@id":"https:\/\/www.diario21.tv\/noticias\/alerta-en-vitoria-maltratador-en-prision-tras-fallo-de-pulsera-y-acoso-a-su-ex\/#breadcrumb"},"inLanguage":"es-AR","potentialAction":[{"@type":"ReadAction","target":["https:\/\/www.diario21.tv\/noticias\/alerta-en-vitoria-maltratador-en-prision-tras-fallo-de-pulsera-y-acoso-a-su-ex\/"]}]},{"@type":"ImageObject","inLanguage":"es-AR","@id":"https:\/\/www.diario21.tv\/noticias\/alerta-en-vitoria-maltratador-en-prision-tras-fallo-de-pulsera-y-acoso-a-su-ex\/#primaryimage","url":"https:\/\/www.diario21.tv\/noticias\/wp-content\/uploads\/2025\/09\/\u00a1Alerta-en-Vitoria-Maltratador-en-prision-tras-fallo-de-pulsera.png","contentUrl":"https:\/\/www.diario21.tv\/noticias\/wp-content\/uploads\/2025\/09\/\u00a1Alerta-en-Vitoria-Maltratador-en-prision-tras-fallo-de-pulsera.png","width":1200,"height":840,"caption":"Prisi\u00f3n para el maltratador al que le fall\u00f3 la pulsera y acos\u00f3 a su ex en Vitoria"},{"@type":"BreadcrumbList","@id":"https:\/\/www.diario21.tv\/noticias\/alerta-en-vitoria-maltratador-en-prision-tras-fallo-de-pulsera-y-acoso-a-su-ex\/#breadcrumb","itemListElement":[{"@type":"ListItem","position":1,"name":"Accueil","item":"https:\/\/www.diario21.tv\/noticias\/"},{"@type":"ListItem","position":2,"name":"\u00a1Alerta en Vitoria! Maltratador en prisi\u00f3n tras fallo de pulsera y acoso a su ex"}]},{"@type":"WebSite","@id":"https:\/\/www.diario21.tv\/noticias\/#website","url":"https:\/\/www.diario21.tv\/noticias\/","name":"Diario 21","description":"","potentialAction":[{"@type":"SearchAction","target":{"@type":"EntryPoint","urlTemplate":"https:\/\/www.diario21.tv\/noticias\/?s={search_term_string}"},"query-input":{"@type":"PropertyValueSpecification","valueRequired":true,"valueName":"search_term_string"}}],"inLanguage":"es-AR"},{"@type":"Person","@id":"https:\/\/www.diario21.tv\/noticias\/#\/schema\/person\/dfb778f73814d8f09f302618446a526b","name":"Juan P\u00e9rez","image":{"@type":"ImageObject","inLanguage":"es-AR","@id":"https:\/\/www.diario21.tv\/noticias\/#\/schema\/person\/image\/","url":"https:\/\/secure.gravatar.com\/avatar\/c478a405bd10621167f4c3167cc770f5?s=96&d=mm&r=g","contentUrl":"https:\/\/secure.gravatar.com\/avatar\/c478a405bd10621167f4c3167cc770f5?s=96&d=mm&r=g","caption":"Juan P\u00e9rez"},"description":"Juan P\u00e9rez es el redactor en jefe de Diario 21. Con m\u00e1s de 10 a\u00f1os de experiencia en el periodismo, se especializa en pol\u00edtica nacional y an\u00e1lisis socioecon\u00f3mico. Su enfoque cr\u00edtico y riguroso aporta una perspectiva \u00fanica a cada art\u00edculo.","sameAs":["https:\/\/www.diario21.tv\/noticias\/"],"url":"https:\/\/www.diario21.tv\/noticias\/author\/juan-perez\/"}]}},"_links":{"self":[{"href":"https:\/\/www.diario21.tv\/noticias\/wp-json\/wp\/v2\/posts\/4678"}],"collection":[{"href":"https:\/\/www.diario21.tv\/noticias\/wp-json\/wp\/v2\/posts"}],"about":[{"href":"https:\/\/www.diario21.tv\/noticias\/wp-json\/wp\/v2\/types\/post"}],"author":[{"embeddable":true,"href":"https:\/\/www.diario21.tv\/noticias\/wp-json\/wp\/v2\/users\/20"}],"replies":[{"embeddable":true,"href":"https:\/\/www.diario21.tv\/noticias\/wp-json\/wp\/v2\/comments?post=4678"}],"version-history":[{"count":1,"href":"https:\/\/www.diario21.tv\/noticias\/wp-json\/wp\/v2\/posts\/4678\/revisions"}],"predecessor-version":[{"id":4680,"href":"https:\/\/www.diario21.tv\/noticias\/wp-json\/wp\/v2\/posts\/4678\/revisions\/4680"}],"wp:featuredmedia":[{"embeddable":true,"href":"https:\/\/www.diario21.tv\/noticias\/wp-json\/wp\/v2\/media\/4679"}],"wp:attachment":[{"href":"https:\/\/www.diario21.tv\/noticias\/wp-json\/wp\/v2\/media?parent=4678"}],"wp:term":[{"taxonomy":"category","embeddable":true,"href":"https:\/\/www.diario21.tv\/noticias\/wp-json\/wp\/v2\/categories?post=4678"},{"taxonomy":"post_tag","embeddable":true,"href":"https:\/\/www.diario21.tv\/noticias\/wp-json\/wp\/v2\/tags?post=4678"}],"curies":[{"name":"wp","href":"https:\/\/api.w.org\/{rel}","templated":true}]}}