{"id":4672,"date":"2025-09-29T11:59:48","date_gmt":"2025-09-29T11:59:48","guid":{"rendered":"https:\/\/www.diario21.tv\/noticias\/escandalo-en-alava-la-diputacion-conocia-la-colonia-desde-hace-decadas-y-no-actuo\/"},"modified":"2025-09-29T11:59:50","modified_gmt":"2025-09-29T11:59:50","slug":"escandalo-en-alava-la-diputacion-conocia-la-colonia-desde-hace-decadas-y-no-actuo","status":"publish","type":"post","link":"https:\/\/www.diario21.tv\/noticias\/escandalo-en-alava-la-diputacion-conocia-la-colonia-desde-hace-decadas-y-no-actuo\/","title":{"rendered":"\u00a1Esc\u00e1ndalo en \u00c1lava! La Diputaci\u00f3n conoc\u00eda la colonia desde hace d\u00e9cadas y no actu\u00f3."},"content":{"rendered":"<h2>La Diputaci\u00f3n de \u00c1lava Reconoce Conocimiento Previo de la Colonia Sin Ejercer Control<\/h2>\n<p>La administraci\u00f3n de la Diputaci\u00f3n de \u00c1lava ha admitido recientemente que ten\u00eda conocimiento desde hace varias d\u00e9cadas de la existencia de una colonia, pero no realiz\u00f3 acciones para controlarla o gestionarla de manera efectiva. La entidad p\u00fablica, en una declaraci\u00f3n oficial, ha se\u00f1alizado que no tiene la capacidad de intervenir en cada localidad de manera individual.<\/p>\n<h3>Declaraciones Oficiales y Justificaciones<\/h3>\n<p>Un portavoz de la Diputaci\u00f3n expres\u00f3 en una conferencia de prensa que, aunque eran conscientes de la presencia de la colonia, las limitaciones log\u00edsticas y de recursos impidieron una supervisi\u00f3n constante. &#8220;No vamos a ir por todos los pueblos&#8221;, declar\u00f3, subrayando la dificultad de abarcar todas las \u00e1reas con el mismo nivel de intensidad y recursos.<\/p>\n<h3>Impacto y Reacciones Comunitarias<\/h3>\n<p>La admisi\u00f3n de la Diputaci\u00f3n ha provocado diversas reacciones entre los residentes de las localidades afectadas. Algunos ciudadanos se sienten decepcionados y abandonados por las autoridades, mientras que otros comprenden las limitaciones mencionadas por la Diputaci\u00f3n. Las discusiones sobre c\u00f3mo mejorar la supervisi\u00f3n y la gesti\u00f3n de tales situaciones han empezado a surgir en foros comunitarios y encuentros vecinales.<\/p>\n<h3>Planes a Futuro y Compromisos<\/h3>\n<p>Ante la situaci\u00f3n y las cr\u00edticas recibidas, la Diputaci\u00f3n de \u00c1lava ha prometido revisar sus protocolos y buscar formas de optimizar sus recursos para poder atender mejor las necesidades de todas las localidades bajo su jurisdicci\u00f3n. Aunque no se han detallado planes concretos, se espera que la entidad desarrolle estrategias m\u00e1s efectivas para prevenir que situaciones similares se repitan en el futuro.<\/p>\n<p>En resumen, la Diputaci\u00f3n de \u00c1lava ha reconocido fallos en su gesti\u00f3n pasada respecto a la supervisi\u00f3n de ciertas \u00e1reas, pero se compromete a hacer ajustes y mejorar su respuesta a las necesidades de la comunidad. La eficacia de estas medidas, sin embargo, solo se podr\u00e1 evaluar con el tiempo.<\/p>\n\n\n<div class=\"kk-star-ratings kksr-auto kksr-align-left kksr-valign-bottom\"\n    data-payload='{&quot;align&quot;:&quot;left&quot;,&quot;id&quot;:&quot;4672&quot;,&quot;slug&quot;:&quot;default&quot;,&quot;valign&quot;:&quot;bottom&quot;,&quot;ignore&quot;:&quot;&quot;,&quot;reference&quot;:&quot;auto&quot;,&quot;class&quot;:&quot;&quot;,&quot;count&quot;:&quot;0&quot;,&quot;legendonly&quot;:&quot;&quot;,&quot;readonly&quot;:&quot;&quot;,&quot;score&quot;:&quot;0&quot;,&quot;starsonly&quot;:&quot;&quot;,&quot;best&quot;:&quot;5&quot;,&quot;gap&quot;:&quot;5&quot;,&quot;greet&quot;:&quot;Valora este post&quot;,&quot;legend&quot;:&quot;0\\\/5 - (0 votes)&quot;,&quot;size&quot;:&quot;22&quot;,&quot;title&quot;:&quot;\u00a1Esc\u00e1ndalo en \u00c1lava! La Diputaci\u00f3n conoc\u00eda la colonia desde hace d\u00e9cadas y no actu\u00f3.&quot;,&quot;width&quot;:&quot;0&quot;,&quot;_legend&quot;:&quot;{score}\\\/{best} - ({count} {votes})&quot;,&quot;font_factor&quot;:&quot;1.25&quot;}'>\n            \n<div class=\"kksr-stars\">\n    \n<div class=\"kksr-stars-inactive\">\n            <div class=\"kksr-star\" data-star=\"1\" style=\"padding-right: 5px\">\n            \n\n<div class=\"kksr-icon\" style=\"width: 22px; height: 22px;\"><\/div>\n        <\/div>\n            <div class=\"kksr-star\" data-star=\"2\" style=\"padding-right: 5px\">\n            \n\n<div class=\"kksr-icon\" style=\"width: 22px; height: 22px;\"><\/div>\n        <\/div>\n            <div class=\"kksr-star\" data-star=\"3\" style=\"padding-right: 5px\">\n            \n\n<div class=\"kksr-icon\" style=\"width: 22px; height: 22px;\"><\/div>\n        <\/div>\n            <div class=\"kksr-star\" data-star=\"4\" style=\"padding-right: 5px\">\n            \n\n<div class=\"kksr-icon\" style=\"width: 22px; height: 22px;\"><\/div>\n        <\/div>\n            <div class=\"kksr-star\" data-star=\"5\" style=\"padding-right: 5px\">\n            \n\n<div class=\"kksr-icon\" style=\"width: 22px; height: 22px;\"><\/div>\n        <\/div>\n    <\/div>\n    \n<div class=\"kksr-stars-active\" style=\"width: 0px;\">\n            <div class=\"kksr-star\" style=\"padding-right: 5px\">\n            \n\n<div class=\"kksr-icon\" style=\"width: 22px; height: 22px;\"><\/div>\n        <\/div>\n            <div class=\"kksr-star\" style=\"padding-right: 5px\">\n            \n\n<div class=\"kksr-icon\" style=\"width: 22px; height: 22px;\"><\/div>\n        <\/div>\n            <div class=\"kksr-star\" style=\"padding-right: 5px\">\n            \n\n<div class=\"kksr-icon\" style=\"width: 22px; height: 22px;\"><\/div>\n        <\/div>\n            <div class=\"kksr-star\" style=\"padding-right: 5px\">\n            \n\n<div class=\"kksr-icon\" style=\"width: 22px; height: 22px;\"><\/div>\n        <\/div>\n            <div class=\"kksr-star\" style=\"padding-right: 5px\">\n            \n\n<div class=\"kksr-icon\" style=\"width: 22px; height: 22px;\"><\/div>\n        <\/div>\n    <\/div>\n<\/div>\n                \n\n<div class=\"kksr-legend\" style=\"font-size: 17.6px;\">\n            <span class=\"kksr-muted\">Valora este post<\/span>\n    <\/div>\n    <\/div>\n","protected":false},"excerpt":{"rendered":"<p>La Diputaci\u00f3n de \u00c1lava Reconoce Conocimiento Previo de la Colonia Sin Ejercer Control La administraci\u00f3n de la Diputaci\u00f3n de \u00c1lava ha admitido recientemente que ten\u00eda conocimiento &#8230; <a title=\"\u00a1Esc\u00e1ndalo en \u00c1lava! La Diputaci\u00f3n conoc\u00eda la colonia desde hace d\u00e9cadas y no actu\u00f3.\" class=\"read-more\" href=\"https:\/\/www.diario21.tv\/noticias\/escandalo-en-alava-la-diputacion-conocia-la-colonia-desde-hace-decadas-y-no-actuo\/\" aria-label=\"Leer m\u00e1s sobre \u00a1Esc\u00e1ndalo en \u00c1lava! La Diputaci\u00f3n conoc\u00eda la colonia desde hace d\u00e9cadas y no actu\u00f3.\">Seguir leyendo &rarr;<\/a><\/p>\n","protected":false},"author":20,"featured_media":4673,"comment_status":"open","ping_status":"open","sticky":false,"template":"","format":"standard","meta":{"footnotes":""},"categories":[13],"tags":[],"class_list":["post-4672","post","type-post","status-publish","format-standard","has-post-thumbnail","hentry","category-portada"],"yoast_head":"<!-- This site is optimized with the Yoast SEO plugin v25.6 - https:\/\/yoast.com\/wordpress\/plugins\/seo\/ -->\n<title>\u00a1Esc\u00e1ndalo en \u00c1lava! La Diputaci\u00f3n conoc\u00eda la colonia desde hace d\u00e9cadas y no actu\u00f3. - Diario 21<\/title>\n<meta name=\"robots\" content=\"index, follow, max-snippet:-1, max-image-preview:large, max-video-preview:-1\" \/>\n<link rel=\"canonical\" href=\"https:\/\/www.diario21.tv\/noticias\/escandalo-en-alava-la-diputacion-conocia-la-colonia-desde-hace-decadas-y-no-actuo\/\" \/>\n<meta property=\"og:locale\" content=\"es_ES\" \/>\n<meta property=\"og:type\" content=\"article\" \/>\n<meta property=\"og:title\" content=\"\u00a1Esc\u00e1ndalo en \u00c1lava! La Diputaci\u00f3n conoc\u00eda la colonia desde hace d\u00e9cadas y no actu\u00f3. - Diario 21\" \/>\n<meta property=\"og:description\" content=\"La Diputaci\u00f3n de \u00c1lava Reconoce Conocimiento Previo de la Colonia Sin Ejercer Control La administraci\u00f3n de la Diputaci\u00f3n de \u00c1lava ha admitido recientemente que ten\u00eda conocimiento ... Seguir leyendo &rarr;\" \/>\n<meta property=\"og:url\" content=\"https:\/\/www.diario21.tv\/noticias\/escandalo-en-alava-la-diputacion-conocia-la-colonia-desde-hace-decadas-y-no-actuo\/\" \/>\n<meta property=\"og:site_name\" content=\"Diario 21\" \/>\n<meta property=\"article:published_time\" content=\"2025-09-29T11:59:48+00:00\" \/>\n<meta property=\"article:modified_time\" content=\"2025-09-29T11:59:50+00:00\" \/>\n<meta property=\"og:image\" content=\"https:\/\/www.diario21.tv\/noticias\/wp-content\/uploads\/2025\/09\/\u00a1Escandalo-en-Alava-La-Diputacion-conocia-la-colonia-desde-hace.png\" \/>\n\t<meta property=\"og:image:width\" content=\"1200\" \/>\n\t<meta property=\"og:image:height\" content=\"840\" \/>\n\t<meta property=\"og:image:type\" content=\"image\/png\" \/>\n<meta name=\"author\" content=\"Juan P\u00e9rez\" \/>\n<meta name=\"twitter:card\" content=\"summary_large_image\" \/>\n<meta name=\"twitter:label1\" content=\"Escrito por\" \/>\n\t<meta name=\"twitter:data1\" content=\"Juan P\u00e9rez\" \/>\n\t<meta name=\"twitter:label2\" content=\"Tiempo de lectura\" \/>\n\t<meta name=\"twitter:data2\" content=\"2 minutos\" \/>\n<script type=\"application\/ld+json\" class=\"yoast-schema-graph\">{\"@context\":\"https:\/\/schema.org\",\"@graph\":[{\"@type\":\"WebPage\",\"@id\":\"https:\/\/www.diario21.tv\/noticias\/escandalo-en-alava-la-diputacion-conocia-la-colonia-desde-hace-decadas-y-no-actuo\/\",\"url\":\"https:\/\/www.diario21.tv\/noticias\/escandalo-en-alava-la-diputacion-conocia-la-colonia-desde-hace-decadas-y-no-actuo\/\",\"name\":\"\u00a1Esc\u00e1ndalo en \u00c1lava! La Diputaci\u00f3n conoc\u00eda la colonia desde hace d\u00e9cadas y no actu\u00f3. - Diario 21\",\"isPartOf\":{\"@id\":\"https:\/\/www.diario21.tv\/noticias\/#website\"},\"primaryImageOfPage\":{\"@id\":\"https:\/\/www.diario21.tv\/noticias\/escandalo-en-alava-la-diputacion-conocia-la-colonia-desde-hace-decadas-y-no-actuo\/#primaryimage\"},\"image\":{\"@id\":\"https:\/\/www.diario21.tv\/noticias\/escandalo-en-alava-la-diputacion-conocia-la-colonia-desde-hace-decadas-y-no-actuo\/#primaryimage\"},\"thumbnailUrl\":\"https:\/\/www.diario21.tv\/noticias\/wp-content\/uploads\/2025\/09\/\u00a1Escandalo-en-Alava-La-Diputacion-conocia-la-colonia-desde-hace.png\",\"datePublished\":\"2025-09-29T11:59:48+00:00\",\"dateModified\":\"2025-09-29T11:59:50+00:00\",\"author\":{\"@id\":\"https:\/\/www.diario21.tv\/noticias\/#\/schema\/person\/dfb778f73814d8f09f302618446a526b\"},\"breadcrumb\":{\"@id\":\"https:\/\/www.diario21.tv\/noticias\/escandalo-en-alava-la-diputacion-conocia-la-colonia-desde-hace-decadas-y-no-actuo\/#breadcrumb\"},\"inLanguage\":\"es-AR\",\"potentialAction\":[{\"@type\":\"ReadAction\",\"target\":[\"https:\/\/www.diario21.tv\/noticias\/escandalo-en-alava-la-diputacion-conocia-la-colonia-desde-hace-decadas-y-no-actuo\/\"]}]},{\"@type\":\"ImageObject\",\"inLanguage\":\"es-AR\",\"@id\":\"https:\/\/www.diario21.tv\/noticias\/escandalo-en-alava-la-diputacion-conocia-la-colonia-desde-hace-decadas-y-no-actuo\/#primaryimage\",\"url\":\"https:\/\/www.diario21.tv\/noticias\/wp-content\/uploads\/2025\/09\/\u00a1Escandalo-en-Alava-La-Diputacion-conocia-la-colonia-desde-hace.png\",\"contentUrl\":\"https:\/\/www.diario21.tv\/noticias\/wp-content\/uploads\/2025\/09\/\u00a1Escandalo-en-Alava-La-Diputacion-conocia-la-colonia-desde-hace.png\",\"width\":1200,\"height\":840,\"caption\":\"La Diputaci\u00f3n alavesa admite que conoc\u00eda la colonia hace d\u00e9cadas pero no la control\u00f3: \u00abNo vamos a ir por todos los pueblos\u00bb\"},{\"@type\":\"BreadcrumbList\",\"@id\":\"https:\/\/www.diario21.tv\/noticias\/escandalo-en-alava-la-diputacion-conocia-la-colonia-desde-hace-decadas-y-no-actuo\/#breadcrumb\",\"itemListElement\":[{\"@type\":\"ListItem\",\"position\":1,\"name\":\"Accueil\",\"item\":\"https:\/\/www.diario21.tv\/noticias\/\"},{\"@type\":\"ListItem\",\"position\":2,\"name\":\"\u00a1Esc\u00e1ndalo en \u00c1lava! La Diputaci\u00f3n conoc\u00eda la colonia desde hace d\u00e9cadas y no actu\u00f3.\"}]},{\"@type\":\"WebSite\",\"@id\":\"https:\/\/www.diario21.tv\/noticias\/#website\",\"url\":\"https:\/\/www.diario21.tv\/noticias\/\",\"name\":\"Diario 21\",\"description\":\"\",\"potentialAction\":[{\"@type\":\"SearchAction\",\"target\":{\"@type\":\"EntryPoint\",\"urlTemplate\":\"https:\/\/www.diario21.tv\/noticias\/?s={search_term_string}\"},\"query-input\":{\"@type\":\"PropertyValueSpecification\",\"valueRequired\":true,\"valueName\":\"search_term_string\"}}],\"inLanguage\":\"es-AR\"},{\"@type\":\"Person\",\"@id\":\"https:\/\/www.diario21.tv\/noticias\/#\/schema\/person\/dfb778f73814d8f09f302618446a526b\",\"name\":\"Juan P\u00e9rez\",\"image\":{\"@type\":\"ImageObject\",\"inLanguage\":\"es-AR\",\"@id\":\"https:\/\/www.diario21.tv\/noticias\/#\/schema\/person\/image\/\",\"url\":\"https:\/\/secure.gravatar.com\/avatar\/c478a405bd10621167f4c3167cc770f5?s=96&d=mm&r=g\",\"contentUrl\":\"https:\/\/secure.gravatar.com\/avatar\/c478a405bd10621167f4c3167cc770f5?s=96&d=mm&r=g\",\"caption\":\"Juan P\u00e9rez\"},\"description\":\"Juan P\u00e9rez es el redactor en jefe de Diario 21. Con m\u00e1s de 10 a\u00f1os de experiencia en el periodismo, se especializa en pol\u00edtica nacional y an\u00e1lisis socioecon\u00f3mico. Su enfoque cr\u00edtico y riguroso aporta una perspectiva \u00fanica a cada art\u00edculo.\",\"sameAs\":[\"https:\/\/www.diario21.tv\/noticias\/\"],\"url\":\"https:\/\/www.diario21.tv\/noticias\/author\/juan-perez\/\"}]}<\/script>\n<!-- \/ Yoast SEO plugin. -->","yoast_head_json":{"title":"\u00a1Esc\u00e1ndalo en \u00c1lava! La Diputaci\u00f3n conoc\u00eda la colonia desde hace d\u00e9cadas y no actu\u00f3. - Diario 21","robots":{"index":"index","follow":"follow","max-snippet":"max-snippet:-1","max-image-preview":"max-image-preview:large","max-video-preview":"max-video-preview:-1"},"canonical":"https:\/\/www.diario21.tv\/noticias\/escandalo-en-alava-la-diputacion-conocia-la-colonia-desde-hace-decadas-y-no-actuo\/","og_locale":"es_ES","og_type":"article","og_title":"\u00a1Esc\u00e1ndalo en \u00c1lava! La Diputaci\u00f3n conoc\u00eda la colonia desde hace d\u00e9cadas y no actu\u00f3. - Diario 21","og_description":"La Diputaci\u00f3n de \u00c1lava Reconoce Conocimiento Previo de la Colonia Sin Ejercer Control La administraci\u00f3n de la Diputaci\u00f3n de \u00c1lava ha admitido recientemente que ten\u00eda conocimiento ... Seguir leyendo &rarr;","og_url":"https:\/\/www.diario21.tv\/noticias\/escandalo-en-alava-la-diputacion-conocia-la-colonia-desde-hace-decadas-y-no-actuo\/","og_site_name":"Diario 21","article_published_time":"2025-09-29T11:59:48+00:00","article_modified_time":"2025-09-29T11:59:50+00:00","og_image":[{"width":1200,"height":840,"url":"https:\/\/www.diario21.tv\/noticias\/wp-content\/uploads\/2025\/09\/\u00a1Escandalo-en-Alava-La-Diputacion-conocia-la-colonia-desde-hace.png","type":"image\/png"}],"author":"Juan P\u00e9rez","twitter_card":"summary_large_image","twitter_misc":{"Escrito por":"Juan P\u00e9rez","Tiempo de lectura":"2 minutos"},"schema":{"@context":"https:\/\/schema.org","@graph":[{"@type":"WebPage","@id":"https:\/\/www.diario21.tv\/noticias\/escandalo-en-alava-la-diputacion-conocia-la-colonia-desde-hace-decadas-y-no-actuo\/","url":"https:\/\/www.diario21.tv\/noticias\/escandalo-en-alava-la-diputacion-conocia-la-colonia-desde-hace-decadas-y-no-actuo\/","name":"\u00a1Esc\u00e1ndalo en \u00c1lava! La Diputaci\u00f3n conoc\u00eda la colonia desde hace d\u00e9cadas y no actu\u00f3. - Diario 21","isPartOf":{"@id":"https:\/\/www.diario21.tv\/noticias\/#website"},"primaryImageOfPage":{"@id":"https:\/\/www.diario21.tv\/noticias\/escandalo-en-alava-la-diputacion-conocia-la-colonia-desde-hace-decadas-y-no-actuo\/#primaryimage"},"image":{"@id":"https:\/\/www.diario21.tv\/noticias\/escandalo-en-alava-la-diputacion-conocia-la-colonia-desde-hace-decadas-y-no-actuo\/#primaryimage"},"thumbnailUrl":"https:\/\/www.diario21.tv\/noticias\/wp-content\/uploads\/2025\/09\/\u00a1Escandalo-en-Alava-La-Diputacion-conocia-la-colonia-desde-hace.png","datePublished":"2025-09-29T11:59:48+00:00","dateModified":"2025-09-29T11:59:50+00:00","author":{"@id":"https:\/\/www.diario21.tv\/noticias\/#\/schema\/person\/dfb778f73814d8f09f302618446a526b"},"breadcrumb":{"@id":"https:\/\/www.diario21.tv\/noticias\/escandalo-en-alava-la-diputacion-conocia-la-colonia-desde-hace-decadas-y-no-actuo\/#breadcrumb"},"inLanguage":"es-AR","potentialAction":[{"@type":"ReadAction","target":["https:\/\/www.diario21.tv\/noticias\/escandalo-en-alava-la-diputacion-conocia-la-colonia-desde-hace-decadas-y-no-actuo\/"]}]},{"@type":"ImageObject","inLanguage":"es-AR","@id":"https:\/\/www.diario21.tv\/noticias\/escandalo-en-alava-la-diputacion-conocia-la-colonia-desde-hace-decadas-y-no-actuo\/#primaryimage","url":"https:\/\/www.diario21.tv\/noticias\/wp-content\/uploads\/2025\/09\/\u00a1Escandalo-en-Alava-La-Diputacion-conocia-la-colonia-desde-hace.png","contentUrl":"https:\/\/www.diario21.tv\/noticias\/wp-content\/uploads\/2025\/09\/\u00a1Escandalo-en-Alava-La-Diputacion-conocia-la-colonia-desde-hace.png","width":1200,"height":840,"caption":"La Diputaci\u00f3n alavesa admite que conoc\u00eda la colonia hace d\u00e9cadas pero no la control\u00f3: \u00abNo vamos a ir por todos los pueblos\u00bb"},{"@type":"BreadcrumbList","@id":"https:\/\/www.diario21.tv\/noticias\/escandalo-en-alava-la-diputacion-conocia-la-colonia-desde-hace-decadas-y-no-actuo\/#breadcrumb","itemListElement":[{"@type":"ListItem","position":1,"name":"Accueil","item":"https:\/\/www.diario21.tv\/noticias\/"},{"@type":"ListItem","position":2,"name":"\u00a1Esc\u00e1ndalo en \u00c1lava! La Diputaci\u00f3n conoc\u00eda la colonia desde hace d\u00e9cadas y no actu\u00f3."}]},{"@type":"WebSite","@id":"https:\/\/www.diario21.tv\/noticias\/#website","url":"https:\/\/www.diario21.tv\/noticias\/","name":"Diario 21","description":"","potentialAction":[{"@type":"SearchAction","target":{"@type":"EntryPoint","urlTemplate":"https:\/\/www.diario21.tv\/noticias\/?s={search_term_string}"},"query-input":{"@type":"PropertyValueSpecification","valueRequired":true,"valueName":"search_term_string"}}],"inLanguage":"es-AR"},{"@type":"Person","@id":"https:\/\/www.diario21.tv\/noticias\/#\/schema\/person\/dfb778f73814d8f09f302618446a526b","name":"Juan P\u00e9rez","image":{"@type":"ImageObject","inLanguage":"es-AR","@id":"https:\/\/www.diario21.tv\/noticias\/#\/schema\/person\/image\/","url":"https:\/\/secure.gravatar.com\/avatar\/c478a405bd10621167f4c3167cc770f5?s=96&d=mm&r=g","contentUrl":"https:\/\/secure.gravatar.com\/avatar\/c478a405bd10621167f4c3167cc770f5?s=96&d=mm&r=g","caption":"Juan P\u00e9rez"},"description":"Juan P\u00e9rez es el redactor en jefe de Diario 21. Con m\u00e1s de 10 a\u00f1os de experiencia en el periodismo, se especializa en pol\u00edtica nacional y an\u00e1lisis socioecon\u00f3mico. Su enfoque cr\u00edtico y riguroso aporta una perspectiva \u00fanica a cada art\u00edculo.","sameAs":["https:\/\/www.diario21.tv\/noticias\/"],"url":"https:\/\/www.diario21.tv\/noticias\/author\/juan-perez\/"}]}},"_links":{"self":[{"href":"https:\/\/www.diario21.tv\/noticias\/wp-json\/wp\/v2\/posts\/4672"}],"collection":[{"href":"https:\/\/www.diario21.tv\/noticias\/wp-json\/wp\/v2\/posts"}],"about":[{"href":"https:\/\/www.diario21.tv\/noticias\/wp-json\/wp\/v2\/types\/post"}],"author":[{"embeddable":true,"href":"https:\/\/www.diario21.tv\/noticias\/wp-json\/wp\/v2\/users\/20"}],"replies":[{"embeddable":true,"href":"https:\/\/www.diario21.tv\/noticias\/wp-json\/wp\/v2\/comments?post=4672"}],"version-history":[{"count":1,"href":"https:\/\/www.diario21.tv\/noticias\/wp-json\/wp\/v2\/posts\/4672\/revisions"}],"predecessor-version":[{"id":4674,"href":"https:\/\/www.diario21.tv\/noticias\/wp-json\/wp\/v2\/posts\/4672\/revisions\/4674"}],"wp:featuredmedia":[{"embeddable":true,"href":"https:\/\/www.diario21.tv\/noticias\/wp-json\/wp\/v2\/media\/4673"}],"wp:attachment":[{"href":"https:\/\/www.diario21.tv\/noticias\/wp-json\/wp\/v2\/media?parent=4672"}],"wp:term":[{"taxonomy":"category","embeddable":true,"href":"https:\/\/www.diario21.tv\/noticias\/wp-json\/wp\/v2\/categories?post=4672"},{"taxonomy":"post_tag","embeddable":true,"href":"https:\/\/www.diario21.tv\/noticias\/wp-json\/wp\/v2\/tags?post=4672"}],"curies":[{"name":"wp","href":"https:\/\/api.w.org\/{rel}","templated":true}]}}