{"id":4669,"date":"2025-09-29T05:57:15","date_gmt":"2025-09-29T05:57:15","guid":{"rendered":"https:\/\/www.diario21.tv\/noticias\/alerta-maxima-el-huracan-gabrielle-impactara-pronto-en-la-peninsula\/"},"modified":"2025-09-29T05:57:16","modified_gmt":"2025-09-29T05:57:16","slug":"alerta-maxima-el-huracan-gabrielle-impactara-pronto-en-la-peninsula","status":"publish","type":"post","link":"https:\/\/www.diario21.tv\/noticias\/alerta-maxima-el-huracan-gabrielle-impactara-pronto-en-la-peninsula\/","title":{"rendered":"\u00a1Alerta m\u00e1xima! El hurac\u00e1n &#8216;Gabrielle&#8217; impactar\u00e1 pronto en la Pen\u00ednsula"},"content":{"rendered":"<h2>Llegada del hurac\u00e1n &#8216;Gabrielle&#8217; a la Pen\u00ednsula<\/h2>\n<p>El hurac\u00e1n &#8216;Gabrielle&#8217; se aproxima a la Pen\u00ednsula, trayendo consigo una serie de preocupaciones sobre el impacto que podr\u00eda tener en la regi\u00f3n. Este fen\u00f3meno meteorol\u00f3gico, que ha sido categorizado recientemente, se espera que toque tierra en los pr\u00f3ximos d\u00edas, causando efectos que podr\u00edan ser significativos.<\/p>\n<h3>Trayectoria y pron\u00f3stico<\/h3>\n<p>Seg\u00fan los \u00faltimos informes de los meteor\u00f3logos, &#8216;Gabrielle&#8217; ha ganado fuerza en el Atl\u00e1ntico y se dirige hacia la Pen\u00ednsula con vientos que podr\u00edan alcanzar velocidades considerables. La trayectoria prevista sugiere que el hurac\u00e1n impactar\u00e1 directamente en varias \u00e1reas, lo que ha puesto en alerta a las autoridades locales. Los expertos contin\u00faan monitoreando su ruta, que es susceptible de cambiar conforme avanza.<\/p>\n<h3>Preparativos y medidas de seguridad<\/h3>\n<p>En respuesta a la inminente llegada de &#8216;Gabrielle&#8217;, las autoridades han comenzado a implementar una serie de medidas de seguridad para minimizar el da\u00f1o. Esto incluye la emisi\u00f3n de alertas tempranas a los residentes en las zonas que probablemente ser\u00e1n m\u00e1s afectadas, instruy\u00e9ndolos sobre c\u00f3mo prepararse y qu\u00e9 medidas tomar antes, durante y despu\u00e9s del evento.<\/p>\n<p>Las evacuaciones podr\u00edan ser ordenadas en \u00e1reas particularmente vulnerables, especialmente en aquellas que est\u00e1n m\u00e1s expuestas a los fuertes vientos y posibles inundaciones. Se recomienda a la poblaci\u00f3n seguir todas las indicaciones proporcionadas por las autoridades y mantenerse al tanto de las actualizaciones del estado del hurac\u00e1n.<\/p>\n<h3>Impacto esperado<\/h3>\n<p>Aunque es dif\u00edcil predecir con exactitud el impacto total de &#8216;Gabrielle&#8217;, los efectos m\u00e1s probables incluyen fuertes vientos, lluvias intensas y la posibilidad de inundaciones y deslaves. Estos fen\u00f3menos podr\u00edan afectar la infraestructura, interrumpir los servicios esenciales y, en los casos m\u00e1s severos, provocar da\u00f1os significativos en las edificaciones y p\u00e9rdida de vidas.<\/p>\n<h3>Recomendaciones para la poblaci\u00f3n<\/h3>\n<p>Es crucial que los habitantes de la Pen\u00ednsula tomen todas las precauciones necesarias para protegerse del hurac\u00e1n &#8216;Gabrielle&#8217;. Esto incluye asegurar propiedades, preparar kits de emergencia con alimentos, agua y medicinas, y establecer un plan de comunicaci\u00f3n con familiares y amigos. Tambi\u00e9n es importante estar atentos a las instrucciones de evacuaci\u00f3n y moverse a un lugar seguro si es necesario.<\/p>\n<p>Con la colaboraci\u00f3n de todos y el seguimiento de las recomendaciones de seguridad, se puede reducir significativamente el impacto del hurac\u00e1n &#8216;Gabrielle&#8217; en la Pen\u00ednsula. Las autoridades contin\u00faan trabajando para garantizar la seguridad de todos los residentes y mitigar los efectos del hurac\u00e1n en la medida de lo posible.<\/p>\n\n\n<div class=\"kk-star-ratings kksr-auto kksr-align-left kksr-valign-bottom\"\n    data-payload='{&quot;align&quot;:&quot;left&quot;,&quot;id&quot;:&quot;4669&quot;,&quot;slug&quot;:&quot;default&quot;,&quot;valign&quot;:&quot;bottom&quot;,&quot;ignore&quot;:&quot;&quot;,&quot;reference&quot;:&quot;auto&quot;,&quot;class&quot;:&quot;&quot;,&quot;count&quot;:&quot;0&quot;,&quot;legendonly&quot;:&quot;&quot;,&quot;readonly&quot;:&quot;&quot;,&quot;score&quot;:&quot;0&quot;,&quot;starsonly&quot;:&quot;&quot;,&quot;best&quot;:&quot;5&quot;,&quot;gap&quot;:&quot;5&quot;,&quot;greet&quot;:&quot;Valora este post&quot;,&quot;legend&quot;:&quot;0\\\/5 - (0 votes)&quot;,&quot;size&quot;:&quot;22&quot;,&quot;title&quot;:&quot;\u00a1Alerta m\u00e1xima! El hurac\u00e1n \\u0026#039;Gabrielle\\u0026#039; impactar\u00e1 pronto en la Pen\u00ednsula&quot;,&quot;width&quot;:&quot;0&quot;,&quot;_legend&quot;:&quot;{score}\\\/{best} - ({count} {votes})&quot;,&quot;font_factor&quot;:&quot;1.25&quot;}'>\n            \n<div class=\"kksr-stars\">\n    \n<div class=\"kksr-stars-inactive\">\n            <div class=\"kksr-star\" data-star=\"1\" style=\"padding-right: 5px\">\n            \n\n<div class=\"kksr-icon\" style=\"width: 22px; height: 22px;\"><\/div>\n        <\/div>\n            <div class=\"kksr-star\" data-star=\"2\" style=\"padding-right: 5px\">\n            \n\n<div class=\"kksr-icon\" style=\"width: 22px; height: 22px;\"><\/div>\n        <\/div>\n            <div class=\"kksr-star\" data-star=\"3\" style=\"padding-right: 5px\">\n            \n\n<div class=\"kksr-icon\" style=\"width: 22px; height: 22px;\"><\/div>\n        <\/div>\n            <div class=\"kksr-star\" data-star=\"4\" style=\"padding-right: 5px\">\n            \n\n<div class=\"kksr-icon\" style=\"width: 22px; height: 22px;\"><\/div>\n        <\/div>\n            <div class=\"kksr-star\" data-star=\"5\" style=\"padding-right: 5px\">\n            \n\n<div class=\"kksr-icon\" style=\"width: 22px; height: 22px;\"><\/div>\n        <\/div>\n    <\/div>\n    \n<div class=\"kksr-stars-active\" style=\"width: 0px;\">\n            <div class=\"kksr-star\" style=\"padding-right: 5px\">\n            \n\n<div class=\"kksr-icon\" style=\"width: 22px; height: 22px;\"><\/div>\n        <\/div>\n            <div class=\"kksr-star\" style=\"padding-right: 5px\">\n            \n\n<div class=\"kksr-icon\" style=\"width: 22px; height: 22px;\"><\/div>\n        <\/div>\n            <div class=\"kksr-star\" style=\"padding-right: 5px\">\n            \n\n<div class=\"kksr-icon\" style=\"width: 22px; height: 22px;\"><\/div>\n        <\/div>\n            <div class=\"kksr-star\" style=\"padding-right: 5px\">\n            \n\n<div class=\"kksr-icon\" style=\"width: 22px; height: 22px;\"><\/div>\n        <\/div>\n            <div class=\"kksr-star\" style=\"padding-right: 5px\">\n            \n\n<div class=\"kksr-icon\" style=\"width: 22px; height: 22px;\"><\/div>\n        <\/div>\n    <\/div>\n<\/div>\n                \n\n<div class=\"kksr-legend\" style=\"font-size: 17.6px;\">\n            <span class=\"kksr-muted\">Valora este post<\/span>\n    <\/div>\n    <\/div>\n","protected":false},"excerpt":{"rendered":"<p>Llegada del hurac\u00e1n &#8216;Gabrielle&#8217; a la Pen\u00ednsula El hurac\u00e1n &#8216;Gabrielle&#8217; se aproxima a la Pen\u00ednsula, trayendo consigo una serie de preocupaciones sobre el impacto que podr\u00eda &#8230; <a title=\"\u00a1Alerta m\u00e1xima! El hurac\u00e1n &#8216;Gabrielle&#8217; impactar\u00e1 pronto en la Pen\u00ednsula\" class=\"read-more\" href=\"https:\/\/www.diario21.tv\/noticias\/alerta-maxima-el-huracan-gabrielle-impactara-pronto-en-la-peninsula\/\" aria-label=\"Leer m\u00e1s sobre \u00a1Alerta m\u00e1xima! El hurac\u00e1n &#8216;Gabrielle&#8217; impactar\u00e1 pronto en la Pen\u00ednsula\">Seguir leyendo &rarr;<\/a><\/p>\n","protected":false},"author":20,"featured_media":4670,"comment_status":"open","ping_status":"open","sticky":false,"template":"","format":"standard","meta":{"footnotes":""},"categories":[13],"tags":[],"class_list":["post-4669","post","type-post","status-publish","format-standard","has-post-thumbnail","hentry","category-portada"],"yoast_head":"<!-- This site is optimized with the Yoast SEO plugin v25.6 - https:\/\/yoast.com\/wordpress\/plugins\/seo\/ -->\n<title>\u00a1Alerta m\u00e1xima! El hurac\u00e1n &#039;Gabrielle&#039; impactar\u00e1 pronto en la Pen\u00ednsula - Diario 21<\/title>\n<meta name=\"robots\" content=\"index, follow, max-snippet:-1, max-image-preview:large, max-video-preview:-1\" \/>\n<link rel=\"canonical\" href=\"https:\/\/www.diario21.tv\/noticias\/alerta-maxima-el-huracan-gabrielle-impactara-pronto-en-la-peninsula\/\" \/>\n<meta property=\"og:locale\" content=\"es_ES\" \/>\n<meta property=\"og:type\" content=\"article\" \/>\n<meta property=\"og:title\" content=\"\u00a1Alerta m\u00e1xima! El hurac\u00e1n &#039;Gabrielle&#039; impactar\u00e1 pronto en la Pen\u00ednsula - Diario 21\" \/>\n<meta property=\"og:description\" content=\"Llegada del hurac\u00e1n &#8216;Gabrielle&#8217; a la Pen\u00ednsula El hurac\u00e1n &#8216;Gabrielle&#8217; se aproxima a la Pen\u00ednsula, trayendo consigo una serie de preocupaciones sobre el impacto que podr\u00eda ... Seguir leyendo &rarr;\" \/>\n<meta property=\"og:url\" content=\"https:\/\/www.diario21.tv\/noticias\/alerta-maxima-el-huracan-gabrielle-impactara-pronto-en-la-peninsula\/\" \/>\n<meta property=\"og:site_name\" content=\"Diario 21\" \/>\n<meta property=\"article:published_time\" content=\"2025-09-29T05:57:15+00:00\" \/>\n<meta property=\"article:modified_time\" content=\"2025-09-29T05:57:16+00:00\" \/>\n<meta property=\"og:image\" content=\"https:\/\/www.diario21.tv\/noticias\/wp-content\/uploads\/2025\/09\/\u00a1Alerta-maxima-El-huracan-Gabrielle-impactara-pronto-en-la-Peninsula.jpeg\" \/>\n\t<meta property=\"og:image:width\" content=\"1195\" \/>\n\t<meta property=\"og:image:height\" content=\"672\" \/>\n\t<meta property=\"og:image:type\" content=\"image\/jpeg\" \/>\n<meta name=\"author\" content=\"Juan P\u00e9rez\" \/>\n<meta name=\"twitter:card\" content=\"summary_large_image\" \/>\n<meta name=\"twitter:label1\" content=\"Escrito por\" \/>\n\t<meta name=\"twitter:data1\" content=\"Juan P\u00e9rez\" \/>\n\t<meta name=\"twitter:label2\" content=\"Tiempo de lectura\" \/>\n\t<meta name=\"twitter:data2\" content=\"2 minutos\" \/>\n<script type=\"application\/ld+json\" class=\"yoast-schema-graph\">{\"@context\":\"https:\/\/schema.org\",\"@graph\":[{\"@type\":\"WebPage\",\"@id\":\"https:\/\/www.diario21.tv\/noticias\/alerta-maxima-el-huracan-gabrielle-impactara-pronto-en-la-peninsula\/\",\"url\":\"https:\/\/www.diario21.tv\/noticias\/alerta-maxima-el-huracan-gabrielle-impactara-pronto-en-la-peninsula\/\",\"name\":\"\u00a1Alerta m\u00e1xima! El hurac\u00e1n 'Gabrielle' impactar\u00e1 pronto en la Pen\u00ednsula - Diario 21\",\"isPartOf\":{\"@id\":\"https:\/\/www.diario21.tv\/noticias\/#website\"},\"primaryImageOfPage\":{\"@id\":\"https:\/\/www.diario21.tv\/noticias\/alerta-maxima-el-huracan-gabrielle-impactara-pronto-en-la-peninsula\/#primaryimage\"},\"image\":{\"@id\":\"https:\/\/www.diario21.tv\/noticias\/alerta-maxima-el-huracan-gabrielle-impactara-pronto-en-la-peninsula\/#primaryimage\"},\"thumbnailUrl\":\"https:\/\/www.diario21.tv\/noticias\/wp-content\/uploads\/2025\/09\/\u00a1Alerta-maxima-El-huracan-Gabrielle-impactara-pronto-en-la-Peninsula.jpeg\",\"datePublished\":\"2025-09-29T05:57:15+00:00\",\"dateModified\":\"2025-09-29T05:57:16+00:00\",\"author\":{\"@id\":\"https:\/\/www.diario21.tv\/noticias\/#\/schema\/person\/dfb778f73814d8f09f302618446a526b\"},\"breadcrumb\":{\"@id\":\"https:\/\/www.diario21.tv\/noticias\/alerta-maxima-el-huracan-gabrielle-impactara-pronto-en-la-peninsula\/#breadcrumb\"},\"inLanguage\":\"es-AR\",\"potentialAction\":[{\"@type\":\"ReadAction\",\"target\":[\"https:\/\/www.diario21.tv\/noticias\/alerta-maxima-el-huracan-gabrielle-impactara-pronto-en-la-peninsula\/\"]}]},{\"@type\":\"ImageObject\",\"inLanguage\":\"es-AR\",\"@id\":\"https:\/\/www.diario21.tv\/noticias\/alerta-maxima-el-huracan-gabrielle-impactara-pronto-en-la-peninsula\/#primaryimage\",\"url\":\"https:\/\/www.diario21.tv\/noticias\/wp-content\/uploads\/2025\/09\/\u00a1Alerta-maxima-El-huracan-Gabrielle-impactara-pronto-en-la-Peninsula.jpeg\",\"contentUrl\":\"https:\/\/www.diario21.tv\/noticias\/wp-content\/uploads\/2025\/09\/\u00a1Alerta-maxima-El-huracan-Gabrielle-impactara-pronto-en-la-Peninsula.jpeg\",\"width\":1195,\"height\":672,\"caption\":\"As\u00ed tocar\u00e1 tierra en la Pen\u00ednsula el hurac\u00e1n &#039;Gabrielle&#039;\"},{\"@type\":\"BreadcrumbList\",\"@id\":\"https:\/\/www.diario21.tv\/noticias\/alerta-maxima-el-huracan-gabrielle-impactara-pronto-en-la-peninsula\/#breadcrumb\",\"itemListElement\":[{\"@type\":\"ListItem\",\"position\":1,\"name\":\"Accueil\",\"item\":\"https:\/\/www.diario21.tv\/noticias\/\"},{\"@type\":\"ListItem\",\"position\":2,\"name\":\"\u00a1Alerta m\u00e1xima! El hurac\u00e1n &#8216;Gabrielle&#8217; impactar\u00e1 pronto en la Pen\u00ednsula\"}]},{\"@type\":\"WebSite\",\"@id\":\"https:\/\/www.diario21.tv\/noticias\/#website\",\"url\":\"https:\/\/www.diario21.tv\/noticias\/\",\"name\":\"Diario 21\",\"description\":\"\",\"potentialAction\":[{\"@type\":\"SearchAction\",\"target\":{\"@type\":\"EntryPoint\",\"urlTemplate\":\"https:\/\/www.diario21.tv\/noticias\/?s={search_term_string}\"},\"query-input\":{\"@type\":\"PropertyValueSpecification\",\"valueRequired\":true,\"valueName\":\"search_term_string\"}}],\"inLanguage\":\"es-AR\"},{\"@type\":\"Person\",\"@id\":\"https:\/\/www.diario21.tv\/noticias\/#\/schema\/person\/dfb778f73814d8f09f302618446a526b\",\"name\":\"Juan P\u00e9rez\",\"image\":{\"@type\":\"ImageObject\",\"inLanguage\":\"es-AR\",\"@id\":\"https:\/\/www.diario21.tv\/noticias\/#\/schema\/person\/image\/\",\"url\":\"https:\/\/secure.gravatar.com\/avatar\/c478a405bd10621167f4c3167cc770f5?s=96&d=mm&r=g\",\"contentUrl\":\"https:\/\/secure.gravatar.com\/avatar\/c478a405bd10621167f4c3167cc770f5?s=96&d=mm&r=g\",\"caption\":\"Juan P\u00e9rez\"},\"description\":\"Juan P\u00e9rez es el redactor en jefe de Diario 21. Con m\u00e1s de 10 a\u00f1os de experiencia en el periodismo, se especializa en pol\u00edtica nacional y an\u00e1lisis socioecon\u00f3mico. Su enfoque cr\u00edtico y riguroso aporta una perspectiva \u00fanica a cada art\u00edculo.\",\"sameAs\":[\"https:\/\/www.diario21.tv\/noticias\/\"],\"url\":\"https:\/\/www.diario21.tv\/noticias\/author\/juan-perez\/\"}]}<\/script>\n<!-- \/ Yoast SEO plugin. -->","yoast_head_json":{"title":"\u00a1Alerta m\u00e1xima! El hurac\u00e1n 'Gabrielle' impactar\u00e1 pronto en la Pen\u00ednsula - Diario 21","robots":{"index":"index","follow":"follow","max-snippet":"max-snippet:-1","max-image-preview":"max-image-preview:large","max-video-preview":"max-video-preview:-1"},"canonical":"https:\/\/www.diario21.tv\/noticias\/alerta-maxima-el-huracan-gabrielle-impactara-pronto-en-la-peninsula\/","og_locale":"es_ES","og_type":"article","og_title":"\u00a1Alerta m\u00e1xima! El hurac\u00e1n 'Gabrielle' impactar\u00e1 pronto en la Pen\u00ednsula - Diario 21","og_description":"Llegada del hurac\u00e1n &#8216;Gabrielle&#8217; a la Pen\u00ednsula El hurac\u00e1n &#8216;Gabrielle&#8217; se aproxima a la Pen\u00ednsula, trayendo consigo una serie de preocupaciones sobre el impacto que podr\u00eda ... Seguir leyendo &rarr;","og_url":"https:\/\/www.diario21.tv\/noticias\/alerta-maxima-el-huracan-gabrielle-impactara-pronto-en-la-peninsula\/","og_site_name":"Diario 21","article_published_time":"2025-09-29T05:57:15+00:00","article_modified_time":"2025-09-29T05:57:16+00:00","og_image":[{"width":1195,"height":672,"url":"https:\/\/www.diario21.tv\/noticias\/wp-content\/uploads\/2025\/09\/\u00a1Alerta-maxima-El-huracan-Gabrielle-impactara-pronto-en-la-Peninsula.jpeg","type":"image\/jpeg"}],"author":"Juan P\u00e9rez","twitter_card":"summary_large_image","twitter_misc":{"Escrito por":"Juan P\u00e9rez","Tiempo de lectura":"2 minutos"},"schema":{"@context":"https:\/\/schema.org","@graph":[{"@type":"WebPage","@id":"https:\/\/www.diario21.tv\/noticias\/alerta-maxima-el-huracan-gabrielle-impactara-pronto-en-la-peninsula\/","url":"https:\/\/www.diario21.tv\/noticias\/alerta-maxima-el-huracan-gabrielle-impactara-pronto-en-la-peninsula\/","name":"\u00a1Alerta m\u00e1xima! El hurac\u00e1n 'Gabrielle' impactar\u00e1 pronto en la Pen\u00ednsula - Diario 21","isPartOf":{"@id":"https:\/\/www.diario21.tv\/noticias\/#website"},"primaryImageOfPage":{"@id":"https:\/\/www.diario21.tv\/noticias\/alerta-maxima-el-huracan-gabrielle-impactara-pronto-en-la-peninsula\/#primaryimage"},"image":{"@id":"https:\/\/www.diario21.tv\/noticias\/alerta-maxima-el-huracan-gabrielle-impactara-pronto-en-la-peninsula\/#primaryimage"},"thumbnailUrl":"https:\/\/www.diario21.tv\/noticias\/wp-content\/uploads\/2025\/09\/\u00a1Alerta-maxima-El-huracan-Gabrielle-impactara-pronto-en-la-Peninsula.jpeg","datePublished":"2025-09-29T05:57:15+00:00","dateModified":"2025-09-29T05:57:16+00:00","author":{"@id":"https:\/\/www.diario21.tv\/noticias\/#\/schema\/person\/dfb778f73814d8f09f302618446a526b"},"breadcrumb":{"@id":"https:\/\/www.diario21.tv\/noticias\/alerta-maxima-el-huracan-gabrielle-impactara-pronto-en-la-peninsula\/#breadcrumb"},"inLanguage":"es-AR","potentialAction":[{"@type":"ReadAction","target":["https:\/\/www.diario21.tv\/noticias\/alerta-maxima-el-huracan-gabrielle-impactara-pronto-en-la-peninsula\/"]}]},{"@type":"ImageObject","inLanguage":"es-AR","@id":"https:\/\/www.diario21.tv\/noticias\/alerta-maxima-el-huracan-gabrielle-impactara-pronto-en-la-peninsula\/#primaryimage","url":"https:\/\/www.diario21.tv\/noticias\/wp-content\/uploads\/2025\/09\/\u00a1Alerta-maxima-El-huracan-Gabrielle-impactara-pronto-en-la-Peninsula.jpeg","contentUrl":"https:\/\/www.diario21.tv\/noticias\/wp-content\/uploads\/2025\/09\/\u00a1Alerta-maxima-El-huracan-Gabrielle-impactara-pronto-en-la-Peninsula.jpeg","width":1195,"height":672,"caption":"As\u00ed tocar\u00e1 tierra en la Pen\u00ednsula el hurac\u00e1n &#039;Gabrielle&#039;"},{"@type":"BreadcrumbList","@id":"https:\/\/www.diario21.tv\/noticias\/alerta-maxima-el-huracan-gabrielle-impactara-pronto-en-la-peninsula\/#breadcrumb","itemListElement":[{"@type":"ListItem","position":1,"name":"Accueil","item":"https:\/\/www.diario21.tv\/noticias\/"},{"@type":"ListItem","position":2,"name":"\u00a1Alerta m\u00e1xima! El hurac\u00e1n &#8216;Gabrielle&#8217; impactar\u00e1 pronto en la Pen\u00ednsula"}]},{"@type":"WebSite","@id":"https:\/\/www.diario21.tv\/noticias\/#website","url":"https:\/\/www.diario21.tv\/noticias\/","name":"Diario 21","description":"","potentialAction":[{"@type":"SearchAction","target":{"@type":"EntryPoint","urlTemplate":"https:\/\/www.diario21.tv\/noticias\/?s={search_term_string}"},"query-input":{"@type":"PropertyValueSpecification","valueRequired":true,"valueName":"search_term_string"}}],"inLanguage":"es-AR"},{"@type":"Person","@id":"https:\/\/www.diario21.tv\/noticias\/#\/schema\/person\/dfb778f73814d8f09f302618446a526b","name":"Juan P\u00e9rez","image":{"@type":"ImageObject","inLanguage":"es-AR","@id":"https:\/\/www.diario21.tv\/noticias\/#\/schema\/person\/image\/","url":"https:\/\/secure.gravatar.com\/avatar\/c478a405bd10621167f4c3167cc770f5?s=96&d=mm&r=g","contentUrl":"https:\/\/secure.gravatar.com\/avatar\/c478a405bd10621167f4c3167cc770f5?s=96&d=mm&r=g","caption":"Juan P\u00e9rez"},"description":"Juan P\u00e9rez es el redactor en jefe de Diario 21. Con m\u00e1s de 10 a\u00f1os de experiencia en el periodismo, se especializa en pol\u00edtica nacional y an\u00e1lisis socioecon\u00f3mico. Su enfoque cr\u00edtico y riguroso aporta una perspectiva \u00fanica a cada art\u00edculo.","sameAs":["https:\/\/www.diario21.tv\/noticias\/"],"url":"https:\/\/www.diario21.tv\/noticias\/author\/juan-perez\/"}]}},"_links":{"self":[{"href":"https:\/\/www.diario21.tv\/noticias\/wp-json\/wp\/v2\/posts\/4669"}],"collection":[{"href":"https:\/\/www.diario21.tv\/noticias\/wp-json\/wp\/v2\/posts"}],"about":[{"href":"https:\/\/www.diario21.tv\/noticias\/wp-json\/wp\/v2\/types\/post"}],"author":[{"embeddable":true,"href":"https:\/\/www.diario21.tv\/noticias\/wp-json\/wp\/v2\/users\/20"}],"replies":[{"embeddable":true,"href":"https:\/\/www.diario21.tv\/noticias\/wp-json\/wp\/v2\/comments?post=4669"}],"version-history":[{"count":1,"href":"https:\/\/www.diario21.tv\/noticias\/wp-json\/wp\/v2\/posts\/4669\/revisions"}],"predecessor-version":[{"id":4671,"href":"https:\/\/www.diario21.tv\/noticias\/wp-json\/wp\/v2\/posts\/4669\/revisions\/4671"}],"wp:featuredmedia":[{"embeddable":true,"href":"https:\/\/www.diario21.tv\/noticias\/wp-json\/wp\/v2\/media\/4670"}],"wp:attachment":[{"href":"https:\/\/www.diario21.tv\/noticias\/wp-json\/wp\/v2\/media?parent=4669"}],"wp:term":[{"taxonomy":"category","embeddable":true,"href":"https:\/\/www.diario21.tv\/noticias\/wp-json\/wp\/v2\/categories?post=4669"},{"taxonomy":"post_tag","embeddable":true,"href":"https:\/\/www.diario21.tv\/noticias\/wp-json\/wp\/v2\/tags?post=4669"}],"curies":[{"name":"wp","href":"https:\/\/api.w.org\/{rel}","templated":true}]}}