{"id":4654,"date":"2025-09-27T23:50:43","date_gmt":"2025-09-27T23:50:43","guid":{"rendered":"https:\/\/www.diario21.tv\/noticias\/atencion-protesis-y-sillas-de-ruedas-gratis-para-los-mas-vulnerables-anuncia-sanidad\/"},"modified":"2025-09-27T23:50:50","modified_gmt":"2025-09-27T23:50:50","slug":"atencion-protesis-y-sillas-de-ruedas-gratis-para-los-mas-vulnerables-anuncia-sanidad","status":"publish","type":"post","link":"https:\/\/www.diario21.tv\/noticias\/atencion-protesis-y-sillas-de-ruedas-gratis-para-los-mas-vulnerables-anuncia-sanidad\/","title":{"rendered":"\u00a1Atenci\u00f3n! Pr\u00f3tesis y sillas de ruedas gratis para los m\u00e1s vulnerables, anuncia Sanidad"},"content":{"rendered":"<h2>Exenci\u00f3n en el Pago de Ayudas T\u00e9cnicas para Grupos Vulnerables<\/h2>\n<p>El Ministerio de Sanidad ha anunciado una nueva medida que beneficiar\u00e1 a las personas en situaci\u00f3n de vulnerabilidad en Espa\u00f1a. Seg\u00fan las \u00faltimas disposiciones, individuos y familias que se encuentren en condiciones de vulnerabilidad econ\u00f3mica estar\u00e1n exentos del pago de dispositivos de asistencia como pr\u00f3tesis y sillas de ruedas. Esta iniciativa busca aliviar la carga financiera que enfrentan las personas m\u00e1s afectadas y garantizar su acceso a necesidades b\u00e1sicas de salud y movilidad.<\/p>\n<h3>Detalles de la Nueva Regulaci\u00f3n<\/h3>\n<p>La decisi\u00f3n del Ministerio de Sanidad se centra en proporcionar alivio directo a aquellos que m\u00e1s lo necesitan. Las pr\u00f3tesis, esenciales para la calidad de vida de muchos pacientes, junto con las sillas de ruedas, que son cruciales para la movilidad personal, ya no representar\u00e1n un costo para los individuos clasificados bajo ciertos umbrales de ingreso. <\/p>\n<p>La medida estipula que las familias y personas que cumplan con los criterios de ingreso establecidos por el gobierno ser\u00e1n autom\u00e1ticamente elegibles para recibir estas ayudas t\u00e9cnicas sin costo alguno. Los criterios espec\u00edficos para determinar la vulnerabilidad econ\u00f3mica y la elegibilidad se basar\u00e1n en los ingresos y la situaci\u00f3n socioecon\u00f3mica de las personas.<\/p>\n<h3>Impacto Esperado de la Medida<\/h3>\n<p>Con esta medida, el gobierno espera no solo facilitar el acceso a equipos esenciales para la vida diaria de muchos ciudadanos, sino tambi\u00e9n promover una mayor inclusi\u00f3n social y equidad. Al eliminar las barreras econ\u00f3micas que limitan el acceso a estas herramientas esenciales, se espera que m\u00e1s personas puedan integrarse de manera efectiva en la sociedad y llevar una vida m\u00e1s independiente y digna.<\/p>\n<p>La exenci\u00f3n del pago de pr\u00f3tesis y sillas de ruedas ser\u00e1 implementada con la colaboraci\u00f3n de diversas entidades de salud a nivel nacional, asegurando que la distribuci\u00f3n de las ayudas t\u00e9cnicas sea eficiente y llegue a quienes realmente las necesitan.<\/p>\n<h3>Reacciones Frente a la Medida<\/h3>\n<p>La noticia ha sido bien recibida por varias organizaciones de derechos humanos y grupos de apoyo a personas con discapacidad, quienes han destacado la importancia de este tipo de pol\u00edticas para mejorar la calidad de vida de los ciudadanos m\u00e1s desfavorecidos. Sin embargo, tambi\u00e9n han hecho un llamado a seguir trabajando en otras \u00e1reas de necesidad y a asegurar la implementaci\u00f3n efectiva de la medida.<\/p>\n<p>Esta iniciativa forma parte de un conjunto de esfuerzos del gobierno para fortalecer el sistema de salud y servicios sociales, buscando construir una sociedad m\u00e1s inclusiva y justa para todos sus ciudadanos. Con el tiempo, se evaluar\u00e1 el impacto de esta pol\u00edtica para determinar su \u00e9xito y la posibilidad de expandir beneficios similares a otros sectores necesitados.<\/p>\n\n\n<div class=\"kk-star-ratings kksr-auto kksr-align-left kksr-valign-bottom\"\n    data-payload='{&quot;align&quot;:&quot;left&quot;,&quot;id&quot;:&quot;4654&quot;,&quot;slug&quot;:&quot;default&quot;,&quot;valign&quot;:&quot;bottom&quot;,&quot;ignore&quot;:&quot;&quot;,&quot;reference&quot;:&quot;auto&quot;,&quot;class&quot;:&quot;&quot;,&quot;count&quot;:&quot;0&quot;,&quot;legendonly&quot;:&quot;&quot;,&quot;readonly&quot;:&quot;&quot;,&quot;score&quot;:&quot;0&quot;,&quot;starsonly&quot;:&quot;&quot;,&quot;best&quot;:&quot;5&quot;,&quot;gap&quot;:&quot;5&quot;,&quot;greet&quot;:&quot;Valora este post&quot;,&quot;legend&quot;:&quot;0\\\/5 - (0 votes)&quot;,&quot;size&quot;:&quot;22&quot;,&quot;title&quot;:&quot;\u00a1Atenci\u00f3n! Pr\u00f3tesis y sillas de ruedas gratis para los m\u00e1s vulnerables, anuncia Sanidad&quot;,&quot;width&quot;:&quot;0&quot;,&quot;_legend&quot;:&quot;{score}\\\/{best} - ({count} {votes})&quot;,&quot;font_factor&quot;:&quot;1.25&quot;}'>\n            \n<div class=\"kksr-stars\">\n    \n<div class=\"kksr-stars-inactive\">\n            <div class=\"kksr-star\" data-star=\"1\" style=\"padding-right: 5px\">\n            \n\n<div class=\"kksr-icon\" style=\"width: 22px; height: 22px;\"><\/div>\n        <\/div>\n            <div class=\"kksr-star\" data-star=\"2\" style=\"padding-right: 5px\">\n            \n\n<div class=\"kksr-icon\" style=\"width: 22px; height: 22px;\"><\/div>\n        <\/div>\n            <div class=\"kksr-star\" data-star=\"3\" style=\"padding-right: 5px\">\n            \n\n<div class=\"kksr-icon\" style=\"width: 22px; height: 22px;\"><\/div>\n        <\/div>\n            <div class=\"kksr-star\" data-star=\"4\" style=\"padding-right: 5px\">\n            \n\n<div class=\"kksr-icon\" style=\"width: 22px; height: 22px;\"><\/div>\n        <\/div>\n            <div class=\"kksr-star\" data-star=\"5\" style=\"padding-right: 5px\">\n            \n\n<div class=\"kksr-icon\" style=\"width: 22px; height: 22px;\"><\/div>\n        <\/div>\n    <\/div>\n    \n<div class=\"kksr-stars-active\" style=\"width: 0px;\">\n            <div class=\"kksr-star\" style=\"padding-right: 5px\">\n            \n\n<div class=\"kksr-icon\" style=\"width: 22px; height: 22px;\"><\/div>\n        <\/div>\n            <div class=\"kksr-star\" style=\"padding-right: 5px\">\n            \n\n<div class=\"kksr-icon\" style=\"width: 22px; height: 22px;\"><\/div>\n        <\/div>\n            <div class=\"kksr-star\" style=\"padding-right: 5px\">\n            \n\n<div class=\"kksr-icon\" style=\"width: 22px; height: 22px;\"><\/div>\n        <\/div>\n            <div class=\"kksr-star\" style=\"padding-right: 5px\">\n            \n\n<div class=\"kksr-icon\" style=\"width: 22px; height: 22px;\"><\/div>\n        <\/div>\n            <div class=\"kksr-star\" style=\"padding-right: 5px\">\n            \n\n<div class=\"kksr-icon\" style=\"width: 22px; height: 22px;\"><\/div>\n        <\/div>\n    <\/div>\n<\/div>\n                \n\n<div class=\"kksr-legend\" style=\"font-size: 17.6px;\">\n            <span class=\"kksr-muted\">Valora este post<\/span>\n    <\/div>\n    <\/div>\n","protected":false},"excerpt":{"rendered":"<p>Exenci\u00f3n en el Pago de Ayudas T\u00e9cnicas para Grupos Vulnerables El Ministerio de Sanidad ha anunciado una nueva medida que beneficiar\u00e1 a las personas en situaci\u00f3n &#8230; <a title=\"\u00a1Atenci\u00f3n! Pr\u00f3tesis y sillas de ruedas gratis para los m\u00e1s vulnerables, anuncia Sanidad\" class=\"read-more\" href=\"https:\/\/www.diario21.tv\/noticias\/atencion-protesis-y-sillas-de-ruedas-gratis-para-los-mas-vulnerables-anuncia-sanidad\/\" aria-label=\"Leer m\u00e1s sobre \u00a1Atenci\u00f3n! Pr\u00f3tesis y sillas de ruedas gratis para los m\u00e1s vulnerables, anuncia Sanidad\">Seguir leyendo &rarr;<\/a><\/p>\n","protected":false},"author":20,"featured_media":4655,"comment_status":"open","ping_status":"open","sticky":false,"template":"","format":"standard","meta":{"footnotes":""},"categories":[13],"tags":[],"class_list":["post-4654","post","type-post","status-publish","format-standard","has-post-thumbnail","hentry","category-portada"],"yoast_head":"<!-- This site is optimized with the Yoast SEO plugin v25.6 - https:\/\/yoast.com\/wordpress\/plugins\/seo\/ -->\n<title>\u00a1Atenci\u00f3n! Pr\u00f3tesis y sillas de ruedas gratis para los m\u00e1s vulnerables, anuncia Sanidad - Diario 21<\/title>\n<meta name=\"robots\" content=\"index, follow, max-snippet:-1, max-image-preview:large, max-video-preview:-1\" \/>\n<link rel=\"canonical\" href=\"https:\/\/www.diario21.tv\/noticias\/atencion-protesis-y-sillas-de-ruedas-gratis-para-los-mas-vulnerables-anuncia-sanidad\/\" \/>\n<meta property=\"og:locale\" content=\"es_ES\" \/>\n<meta property=\"og:type\" content=\"article\" \/>\n<meta property=\"og:title\" content=\"\u00a1Atenci\u00f3n! Pr\u00f3tesis y sillas de ruedas gratis para los m\u00e1s vulnerables, anuncia Sanidad - Diario 21\" \/>\n<meta property=\"og:description\" content=\"Exenci\u00f3n en el Pago de Ayudas T\u00e9cnicas para Grupos Vulnerables El Ministerio de Sanidad ha anunciado una nueva medida que beneficiar\u00e1 a las personas en situaci\u00f3n ... Seguir leyendo &rarr;\" \/>\n<meta property=\"og:url\" content=\"https:\/\/www.diario21.tv\/noticias\/atencion-protesis-y-sillas-de-ruedas-gratis-para-los-mas-vulnerables-anuncia-sanidad\/\" \/>\n<meta property=\"og:site_name\" content=\"Diario 21\" \/>\n<meta property=\"article:published_time\" content=\"2025-09-27T23:50:43+00:00\" \/>\n<meta property=\"article:modified_time\" content=\"2025-09-27T23:50:50+00:00\" \/>\n<meta property=\"og:image\" content=\"https:\/\/www.diario21.tv\/noticias\/wp-content\/uploads\/2025\/09\/\u00a1Atencion-Protesis-y-sillas-de-ruedas-gratis-para-los-mas.JPG\" \/>\n\t<meta property=\"og:image:width\" content=\"1200\" \/>\n\t<meta property=\"og:image:height\" content=\"840\" \/>\n\t<meta property=\"og:image:type\" content=\"image\/jpeg\" \/>\n<meta name=\"author\" content=\"Juan P\u00e9rez\" \/>\n<meta name=\"twitter:card\" content=\"summary_large_image\" \/>\n<meta name=\"twitter:label1\" content=\"Escrito por\" \/>\n\t<meta name=\"twitter:data1\" content=\"Juan P\u00e9rez\" \/>\n\t<meta name=\"twitter:label2\" content=\"Tiempo de lectura\" \/>\n\t<meta name=\"twitter:data2\" content=\"2 minutos\" \/>\n<script type=\"application\/ld+json\" class=\"yoast-schema-graph\">{\"@context\":\"https:\/\/schema.org\",\"@graph\":[{\"@type\":\"WebPage\",\"@id\":\"https:\/\/www.diario21.tv\/noticias\/atencion-protesis-y-sillas-de-ruedas-gratis-para-los-mas-vulnerables-anuncia-sanidad\/\",\"url\":\"https:\/\/www.diario21.tv\/noticias\/atencion-protesis-y-sillas-de-ruedas-gratis-para-los-mas-vulnerables-anuncia-sanidad\/\",\"name\":\"\u00a1Atenci\u00f3n! Pr\u00f3tesis y sillas de ruedas gratis para los m\u00e1s vulnerables, anuncia Sanidad - Diario 21\",\"isPartOf\":{\"@id\":\"https:\/\/www.diario21.tv\/noticias\/#website\"},\"primaryImageOfPage\":{\"@id\":\"https:\/\/www.diario21.tv\/noticias\/atencion-protesis-y-sillas-de-ruedas-gratis-para-los-mas-vulnerables-anuncia-sanidad\/#primaryimage\"},\"image\":{\"@id\":\"https:\/\/www.diario21.tv\/noticias\/atencion-protesis-y-sillas-de-ruedas-gratis-para-los-mas-vulnerables-anuncia-sanidad\/#primaryimage\"},\"thumbnailUrl\":\"https:\/\/www.diario21.tv\/noticias\/wp-content\/uploads\/2025\/09\/\u00a1Atencion-Protesis-y-sillas-de-ruedas-gratis-para-los-mas.JPG\",\"datePublished\":\"2025-09-27T23:50:43+00:00\",\"dateModified\":\"2025-09-27T23:50:50+00:00\",\"author\":{\"@id\":\"https:\/\/www.diario21.tv\/noticias\/#\/schema\/person\/dfb778f73814d8f09f302618446a526b\"},\"breadcrumb\":{\"@id\":\"https:\/\/www.diario21.tv\/noticias\/atencion-protesis-y-sillas-de-ruedas-gratis-para-los-mas-vulnerables-anuncia-sanidad\/#breadcrumb\"},\"inLanguage\":\"es-AR\",\"potentialAction\":[{\"@type\":\"ReadAction\",\"target\":[\"https:\/\/www.diario21.tv\/noticias\/atencion-protesis-y-sillas-de-ruedas-gratis-para-los-mas-vulnerables-anuncia-sanidad\/\"]}]},{\"@type\":\"ImageObject\",\"inLanguage\":\"es-AR\",\"@id\":\"https:\/\/www.diario21.tv\/noticias\/atencion-protesis-y-sillas-de-ruedas-gratis-para-los-mas-vulnerables-anuncia-sanidad\/#primaryimage\",\"url\":\"https:\/\/www.diario21.tv\/noticias\/wp-content\/uploads\/2025\/09\/\u00a1Atencion-Protesis-y-sillas-de-ruedas-gratis-para-los-mas.JPG\",\"contentUrl\":\"https:\/\/www.diario21.tv\/noticias\/wp-content\/uploads\/2025\/09\/\u00a1Atencion-Protesis-y-sillas-de-ruedas-gratis-para-los-mas.JPG\",\"width\":1200,\"height\":840,\"caption\":\"Sanidad eximir\u00e1 del pago de pr\u00f3tesis y sillas de ruedas a los m\u00e1s vulnerables\"},{\"@type\":\"BreadcrumbList\",\"@id\":\"https:\/\/www.diario21.tv\/noticias\/atencion-protesis-y-sillas-de-ruedas-gratis-para-los-mas-vulnerables-anuncia-sanidad\/#breadcrumb\",\"itemListElement\":[{\"@type\":\"ListItem\",\"position\":1,\"name\":\"Accueil\",\"item\":\"https:\/\/www.diario21.tv\/noticias\/\"},{\"@type\":\"ListItem\",\"position\":2,\"name\":\"\u00a1Atenci\u00f3n! Pr\u00f3tesis y sillas de ruedas gratis para los m\u00e1s vulnerables, anuncia Sanidad\"}]},{\"@type\":\"WebSite\",\"@id\":\"https:\/\/www.diario21.tv\/noticias\/#website\",\"url\":\"https:\/\/www.diario21.tv\/noticias\/\",\"name\":\"Diario 21\",\"description\":\"\",\"potentialAction\":[{\"@type\":\"SearchAction\",\"target\":{\"@type\":\"EntryPoint\",\"urlTemplate\":\"https:\/\/www.diario21.tv\/noticias\/?s={search_term_string}\"},\"query-input\":{\"@type\":\"PropertyValueSpecification\",\"valueRequired\":true,\"valueName\":\"search_term_string\"}}],\"inLanguage\":\"es-AR\"},{\"@type\":\"Person\",\"@id\":\"https:\/\/www.diario21.tv\/noticias\/#\/schema\/person\/dfb778f73814d8f09f302618446a526b\",\"name\":\"Juan P\u00e9rez\",\"image\":{\"@type\":\"ImageObject\",\"inLanguage\":\"es-AR\",\"@id\":\"https:\/\/www.diario21.tv\/noticias\/#\/schema\/person\/image\/\",\"url\":\"https:\/\/secure.gravatar.com\/avatar\/c478a405bd10621167f4c3167cc770f5?s=96&d=mm&r=g\",\"contentUrl\":\"https:\/\/secure.gravatar.com\/avatar\/c478a405bd10621167f4c3167cc770f5?s=96&d=mm&r=g\",\"caption\":\"Juan P\u00e9rez\"},\"description\":\"Juan P\u00e9rez es el redactor en jefe de Diario 21. Con m\u00e1s de 10 a\u00f1os de experiencia en el periodismo, se especializa en pol\u00edtica nacional y an\u00e1lisis socioecon\u00f3mico. Su enfoque cr\u00edtico y riguroso aporta una perspectiva \u00fanica a cada art\u00edculo.\",\"sameAs\":[\"https:\/\/www.diario21.tv\/noticias\/\"],\"url\":\"https:\/\/www.diario21.tv\/noticias\/author\/juan-perez\/\"}]}<\/script>\n<!-- \/ Yoast SEO plugin. -->","yoast_head_json":{"title":"\u00a1Atenci\u00f3n! Pr\u00f3tesis y sillas de ruedas gratis para los m\u00e1s vulnerables, anuncia Sanidad - Diario 21","robots":{"index":"index","follow":"follow","max-snippet":"max-snippet:-1","max-image-preview":"max-image-preview:large","max-video-preview":"max-video-preview:-1"},"canonical":"https:\/\/www.diario21.tv\/noticias\/atencion-protesis-y-sillas-de-ruedas-gratis-para-los-mas-vulnerables-anuncia-sanidad\/","og_locale":"es_ES","og_type":"article","og_title":"\u00a1Atenci\u00f3n! Pr\u00f3tesis y sillas de ruedas gratis para los m\u00e1s vulnerables, anuncia Sanidad - Diario 21","og_description":"Exenci\u00f3n en el Pago de Ayudas T\u00e9cnicas para Grupos Vulnerables El Ministerio de Sanidad ha anunciado una nueva medida que beneficiar\u00e1 a las personas en situaci\u00f3n ... Seguir leyendo &rarr;","og_url":"https:\/\/www.diario21.tv\/noticias\/atencion-protesis-y-sillas-de-ruedas-gratis-para-los-mas-vulnerables-anuncia-sanidad\/","og_site_name":"Diario 21","article_published_time":"2025-09-27T23:50:43+00:00","article_modified_time":"2025-09-27T23:50:50+00:00","og_image":[{"width":1200,"height":840,"url":"https:\/\/www.diario21.tv\/noticias\/wp-content\/uploads\/2025\/09\/\u00a1Atencion-Protesis-y-sillas-de-ruedas-gratis-para-los-mas.JPG","type":"image\/jpeg"}],"author":"Juan P\u00e9rez","twitter_card":"summary_large_image","twitter_misc":{"Escrito por":"Juan P\u00e9rez","Tiempo de lectura":"2 minutos"},"schema":{"@context":"https:\/\/schema.org","@graph":[{"@type":"WebPage","@id":"https:\/\/www.diario21.tv\/noticias\/atencion-protesis-y-sillas-de-ruedas-gratis-para-los-mas-vulnerables-anuncia-sanidad\/","url":"https:\/\/www.diario21.tv\/noticias\/atencion-protesis-y-sillas-de-ruedas-gratis-para-los-mas-vulnerables-anuncia-sanidad\/","name":"\u00a1Atenci\u00f3n! Pr\u00f3tesis y sillas de ruedas gratis para los m\u00e1s vulnerables, anuncia Sanidad - Diario 21","isPartOf":{"@id":"https:\/\/www.diario21.tv\/noticias\/#website"},"primaryImageOfPage":{"@id":"https:\/\/www.diario21.tv\/noticias\/atencion-protesis-y-sillas-de-ruedas-gratis-para-los-mas-vulnerables-anuncia-sanidad\/#primaryimage"},"image":{"@id":"https:\/\/www.diario21.tv\/noticias\/atencion-protesis-y-sillas-de-ruedas-gratis-para-los-mas-vulnerables-anuncia-sanidad\/#primaryimage"},"thumbnailUrl":"https:\/\/www.diario21.tv\/noticias\/wp-content\/uploads\/2025\/09\/\u00a1Atencion-Protesis-y-sillas-de-ruedas-gratis-para-los-mas.JPG","datePublished":"2025-09-27T23:50:43+00:00","dateModified":"2025-09-27T23:50:50+00:00","author":{"@id":"https:\/\/www.diario21.tv\/noticias\/#\/schema\/person\/dfb778f73814d8f09f302618446a526b"},"breadcrumb":{"@id":"https:\/\/www.diario21.tv\/noticias\/atencion-protesis-y-sillas-de-ruedas-gratis-para-los-mas-vulnerables-anuncia-sanidad\/#breadcrumb"},"inLanguage":"es-AR","potentialAction":[{"@type":"ReadAction","target":["https:\/\/www.diario21.tv\/noticias\/atencion-protesis-y-sillas-de-ruedas-gratis-para-los-mas-vulnerables-anuncia-sanidad\/"]}]},{"@type":"ImageObject","inLanguage":"es-AR","@id":"https:\/\/www.diario21.tv\/noticias\/atencion-protesis-y-sillas-de-ruedas-gratis-para-los-mas-vulnerables-anuncia-sanidad\/#primaryimage","url":"https:\/\/www.diario21.tv\/noticias\/wp-content\/uploads\/2025\/09\/\u00a1Atencion-Protesis-y-sillas-de-ruedas-gratis-para-los-mas.JPG","contentUrl":"https:\/\/www.diario21.tv\/noticias\/wp-content\/uploads\/2025\/09\/\u00a1Atencion-Protesis-y-sillas-de-ruedas-gratis-para-los-mas.JPG","width":1200,"height":840,"caption":"Sanidad eximir\u00e1 del pago de pr\u00f3tesis y sillas de ruedas a los m\u00e1s vulnerables"},{"@type":"BreadcrumbList","@id":"https:\/\/www.diario21.tv\/noticias\/atencion-protesis-y-sillas-de-ruedas-gratis-para-los-mas-vulnerables-anuncia-sanidad\/#breadcrumb","itemListElement":[{"@type":"ListItem","position":1,"name":"Accueil","item":"https:\/\/www.diario21.tv\/noticias\/"},{"@type":"ListItem","position":2,"name":"\u00a1Atenci\u00f3n! Pr\u00f3tesis y sillas de ruedas gratis para los m\u00e1s vulnerables, anuncia Sanidad"}]},{"@type":"WebSite","@id":"https:\/\/www.diario21.tv\/noticias\/#website","url":"https:\/\/www.diario21.tv\/noticias\/","name":"Diario 21","description":"","potentialAction":[{"@type":"SearchAction","target":{"@type":"EntryPoint","urlTemplate":"https:\/\/www.diario21.tv\/noticias\/?s={search_term_string}"},"query-input":{"@type":"PropertyValueSpecification","valueRequired":true,"valueName":"search_term_string"}}],"inLanguage":"es-AR"},{"@type":"Person","@id":"https:\/\/www.diario21.tv\/noticias\/#\/schema\/person\/dfb778f73814d8f09f302618446a526b","name":"Juan P\u00e9rez","image":{"@type":"ImageObject","inLanguage":"es-AR","@id":"https:\/\/www.diario21.tv\/noticias\/#\/schema\/person\/image\/","url":"https:\/\/secure.gravatar.com\/avatar\/c478a405bd10621167f4c3167cc770f5?s=96&d=mm&r=g","contentUrl":"https:\/\/secure.gravatar.com\/avatar\/c478a405bd10621167f4c3167cc770f5?s=96&d=mm&r=g","caption":"Juan P\u00e9rez"},"description":"Juan P\u00e9rez es el redactor en jefe de Diario 21. Con m\u00e1s de 10 a\u00f1os de experiencia en el periodismo, se especializa en pol\u00edtica nacional y an\u00e1lisis socioecon\u00f3mico. Su enfoque cr\u00edtico y riguroso aporta una perspectiva \u00fanica a cada art\u00edculo.","sameAs":["https:\/\/www.diario21.tv\/noticias\/"],"url":"https:\/\/www.diario21.tv\/noticias\/author\/juan-perez\/"}]}},"_links":{"self":[{"href":"https:\/\/www.diario21.tv\/noticias\/wp-json\/wp\/v2\/posts\/4654"}],"collection":[{"href":"https:\/\/www.diario21.tv\/noticias\/wp-json\/wp\/v2\/posts"}],"about":[{"href":"https:\/\/www.diario21.tv\/noticias\/wp-json\/wp\/v2\/types\/post"}],"author":[{"embeddable":true,"href":"https:\/\/www.diario21.tv\/noticias\/wp-json\/wp\/v2\/users\/20"}],"replies":[{"embeddable":true,"href":"https:\/\/www.diario21.tv\/noticias\/wp-json\/wp\/v2\/comments?post=4654"}],"version-history":[{"count":1,"href":"https:\/\/www.diario21.tv\/noticias\/wp-json\/wp\/v2\/posts\/4654\/revisions"}],"predecessor-version":[{"id":4656,"href":"https:\/\/www.diario21.tv\/noticias\/wp-json\/wp\/v2\/posts\/4654\/revisions\/4656"}],"wp:featuredmedia":[{"embeddable":true,"href":"https:\/\/www.diario21.tv\/noticias\/wp-json\/wp\/v2\/media\/4655"}],"wp:attachment":[{"href":"https:\/\/www.diario21.tv\/noticias\/wp-json\/wp\/v2\/media?parent=4654"}],"wp:term":[{"taxonomy":"category","embeddable":true,"href":"https:\/\/www.diario21.tv\/noticias\/wp-json\/wp\/v2\/categories?post=4654"},{"taxonomy":"post_tag","embeddable":true,"href":"https:\/\/www.diario21.tv\/noticias\/wp-json\/wp\/v2\/tags?post=4654"}],"curies":[{"name":"wp","href":"https:\/\/api.w.org\/{rel}","templated":true}]}}