{"id":4645,"date":"2025-09-26T23:45:07","date_gmt":"2025-09-26T23:45:07","guid":{"rendered":"https:\/\/www.diario21.tv\/noticias\/confirmado-por-adn-guipuzcoano-reclama-herencia-de-14-millones-de-empresario-leones\/"},"modified":"2025-09-26T23:45:08","modified_gmt":"2025-09-26T23:45:08","slug":"confirmado-por-adn-guipuzcoano-reclama-herencia-de-14-millones-de-empresario-leones","status":"publish","type":"post","link":"https:\/\/www.diario21.tv\/noticias\/confirmado-por-adn-guipuzcoano-reclama-herencia-de-14-millones-de-empresario-leones\/","title":{"rendered":"\u00a1Confirmado por ADN! Guipuzcoano reclama herencia de 14 millones de empresario leon\u00e9s."},"content":{"rendered":"<h2>Lucha legal de un hombre de Guip\u00fazcoa por la herencia de un empresario de Le\u00f3n valorada en 14 millones de euros<\/h2>\n<p>Un ciudadano originario de Guip\u00fazcoa ha iniciado una batalla legal para reclamar la herencia de un empresario de Le\u00f3n, cuyo patrimonio est\u00e1 valorado en aproximadamente 14 millones de euros. Este caso se ha desencadenado tras la confirmaci\u00f3n de la relaci\u00f3n de paternidad entre ambos, a trav\u00e9s de pruebas de ADN.<\/p>\n<h3>Descubrimiento y reclamaci\u00f3n de paternidad<\/h3>\n<p>El guipuzcoano, que prefiri\u00f3 mantener su identidad en reserva, descubri\u00f3 hace algunos a\u00f1os que podr\u00eda ser hijo del empresario leon\u00e9s tras conversaciones y revelaciones familiares. Motivado por la b\u00fasqueda de su identidad y verdad biol\u00f3gica, decidi\u00f3 someterse a pruebas de ADN que finalmente confirmaron su sospecha: los an\u00e1lisis demostraron de manera concluyente que efectivamente era hijo biol\u00f3gico del empresario, quien hab\u00eda fallecido recientemente sin reconocerlo oficialmente como tal.<\/p>\n<h3>Inicio del proceso legal<\/h3>\n<p>Basado en los resultados obtenidos, el hombre de Guip\u00fazcoa emprendi\u00f3 acciones legales para ser reconocido como heredero leg\u00edtimo. Este proceso involucra no solo la aceptaci\u00f3n legal de la paternidad, sino tambi\u00e9n la reclamaci\u00f3n de su parte correspondiente de la herencia, que incluye bienes inmuebles, cuentas bancarias y participaciones en varias empresas.<\/p>\n<p>El caso, que ahora se encuentra en manos de la justicia, ha suscitado gran inter\u00e9s tanto por la cuant\u00eda de la herencia como por las implicaciones legales y \u00e9ticas de la reclamaci\u00f3n post mortem de paternidad.<\/p>\n<h3>Implicaciones del caso<\/h3>\n<p>Este proceso no solo afecta al reclamante y a otros posibles herederos, sino que tambi\u00e9n plantea cuestiones importantes sobre los derechos de los hijos no reconocidos y la distribuci\u00f3n de activos tras el fallecimiento de una persona. Los expertos legales sugieren que este caso podr\u00eda sentar precedentes en cuanto a c\u00f3mo se manejan las pruebas de ADN y las reclamaciones de herencia en situaciones similares.<\/p>\n<p>Mientras tanto, la resoluci\u00f3n del caso podr\u00eda tardar varios a\u00f1os, considerando la complejidad de los procedimientos legales y la posible aparici\u00f3n de otros reclamantes o disputas entre los ya existentes.<\/p>\n<p>Este caso resalta la importancia de la claridad en asuntos de paternidad y herencia, y posiblemente motive a individuos en situaciones similares a buscar la verdad y sus derechos legales. La conclusi\u00f3n de este proceso judicial ser\u00e1 determinante no solo para el futuro financiero del guipuzcoano sino tambi\u00e9n para el marco legal en torno a la herencia y reconocimiento de paternidad en Espa\u00f1a.<\/p>\n\n\n<div class=\"kk-star-ratings kksr-auto kksr-align-left kksr-valign-bottom\"\n    data-payload='{&quot;align&quot;:&quot;left&quot;,&quot;id&quot;:&quot;4645&quot;,&quot;slug&quot;:&quot;default&quot;,&quot;valign&quot;:&quot;bottom&quot;,&quot;ignore&quot;:&quot;&quot;,&quot;reference&quot;:&quot;auto&quot;,&quot;class&quot;:&quot;&quot;,&quot;count&quot;:&quot;0&quot;,&quot;legendonly&quot;:&quot;&quot;,&quot;readonly&quot;:&quot;&quot;,&quot;score&quot;:&quot;0&quot;,&quot;starsonly&quot;:&quot;&quot;,&quot;best&quot;:&quot;5&quot;,&quot;gap&quot;:&quot;5&quot;,&quot;greet&quot;:&quot;Valora este post&quot;,&quot;legend&quot;:&quot;0\\\/5 - (0 votes)&quot;,&quot;size&quot;:&quot;22&quot;,&quot;title&quot;:&quot;\u00a1Confirmado por ADN! Guipuzcoano reclama herencia de 14 millones de empresario leon\u00e9s.&quot;,&quot;width&quot;:&quot;0&quot;,&quot;_legend&quot;:&quot;{score}\\\/{best} - ({count} {votes})&quot;,&quot;font_factor&quot;:&quot;1.25&quot;}'>\n            \n<div class=\"kksr-stars\">\n    \n<div class=\"kksr-stars-inactive\">\n            <div class=\"kksr-star\" data-star=\"1\" style=\"padding-right: 5px\">\n            \n\n<div class=\"kksr-icon\" style=\"width: 22px; height: 22px;\"><\/div>\n        <\/div>\n            <div class=\"kksr-star\" data-star=\"2\" style=\"padding-right: 5px\">\n            \n\n<div class=\"kksr-icon\" style=\"width: 22px; height: 22px;\"><\/div>\n        <\/div>\n            <div class=\"kksr-star\" data-star=\"3\" style=\"padding-right: 5px\">\n            \n\n<div class=\"kksr-icon\" style=\"width: 22px; height: 22px;\"><\/div>\n        <\/div>\n            <div class=\"kksr-star\" data-star=\"4\" style=\"padding-right: 5px\">\n            \n\n<div class=\"kksr-icon\" style=\"width: 22px; height: 22px;\"><\/div>\n        <\/div>\n            <div class=\"kksr-star\" data-star=\"5\" style=\"padding-right: 5px\">\n            \n\n<div class=\"kksr-icon\" style=\"width: 22px; height: 22px;\"><\/div>\n        <\/div>\n    <\/div>\n    \n<div class=\"kksr-stars-active\" style=\"width: 0px;\">\n            <div class=\"kksr-star\" style=\"padding-right: 5px\">\n            \n\n<div class=\"kksr-icon\" style=\"width: 22px; height: 22px;\"><\/div>\n        <\/div>\n            <div class=\"kksr-star\" style=\"padding-right: 5px\">\n            \n\n<div class=\"kksr-icon\" style=\"width: 22px; height: 22px;\"><\/div>\n        <\/div>\n            <div class=\"kksr-star\" style=\"padding-right: 5px\">\n            \n\n<div class=\"kksr-icon\" style=\"width: 22px; height: 22px;\"><\/div>\n        <\/div>\n            <div class=\"kksr-star\" style=\"padding-right: 5px\">\n            \n\n<div class=\"kksr-icon\" style=\"width: 22px; height: 22px;\"><\/div>\n        <\/div>\n            <div class=\"kksr-star\" style=\"padding-right: 5px\">\n            \n\n<div class=\"kksr-icon\" style=\"width: 22px; height: 22px;\"><\/div>\n        <\/div>\n    <\/div>\n<\/div>\n                \n\n<div class=\"kksr-legend\" style=\"font-size: 17.6px;\">\n            <span class=\"kksr-muted\">Valora este post<\/span>\n    <\/div>\n    <\/div>\n","protected":false},"excerpt":{"rendered":"<p>Lucha legal de un hombre de Guip\u00fazcoa por la herencia de un empresario de Le\u00f3n valorada en 14 millones de euros Un ciudadano originario de Guip\u00fazcoa &#8230; <a title=\"\u00a1Confirmado por ADN! Guipuzcoano reclama herencia de 14 millones de empresario leon\u00e9s.\" class=\"read-more\" href=\"https:\/\/www.diario21.tv\/noticias\/confirmado-por-adn-guipuzcoano-reclama-herencia-de-14-millones-de-empresario-leones\/\" aria-label=\"Leer m\u00e1s sobre \u00a1Confirmado por ADN! Guipuzcoano reclama herencia de 14 millones de empresario leon\u00e9s.\">Seguir leyendo &rarr;<\/a><\/p>\n","protected":false},"author":20,"featured_media":4646,"comment_status":"open","ping_status":"open","sticky":false,"template":"","format":"standard","meta":{"footnotes":""},"categories":[13],"tags":[],"class_list":["post-4645","post","type-post","status-publish","format-standard","has-post-thumbnail","hentry","category-portada"],"yoast_head":"<!-- This site is optimized with the Yoast SEO plugin v25.6 - https:\/\/yoast.com\/wordpress\/plugins\/seo\/ -->\n<title>\u00a1Confirmado por ADN! Guipuzcoano reclama herencia de 14 millones de empresario leon\u00e9s. - Diario 21<\/title>\n<meta name=\"robots\" content=\"index, follow, max-snippet:-1, max-image-preview:large, max-video-preview:-1\" \/>\n<link rel=\"canonical\" href=\"https:\/\/www.diario21.tv\/noticias\/confirmado-por-adn-guipuzcoano-reclama-herencia-de-14-millones-de-empresario-leones\/\" \/>\n<meta property=\"og:locale\" content=\"es_ES\" \/>\n<meta property=\"og:type\" content=\"article\" \/>\n<meta property=\"og:title\" content=\"\u00a1Confirmado por ADN! Guipuzcoano reclama herencia de 14 millones de empresario leon\u00e9s. - Diario 21\" \/>\n<meta property=\"og:description\" content=\"Lucha legal de un hombre de Guip\u00fazcoa por la herencia de un empresario de Le\u00f3n valorada en 14 millones de euros Un ciudadano originario de Guip\u00fazcoa ... Seguir leyendo &rarr;\" \/>\n<meta property=\"og:url\" content=\"https:\/\/www.diario21.tv\/noticias\/confirmado-por-adn-guipuzcoano-reclama-herencia-de-14-millones-de-empresario-leones\/\" \/>\n<meta property=\"og:site_name\" content=\"Diario 21\" \/>\n<meta property=\"article:published_time\" content=\"2025-09-26T23:45:07+00:00\" \/>\n<meta property=\"article:modified_time\" content=\"2025-09-26T23:45:08+00:00\" \/>\n<meta property=\"og:image\" content=\"https:\/\/www.diario21.tv\/noticias\/wp-content\/uploads\/2025\/09\/\u00a1Confirmado-por-ADN-Guipuzcoano-reclama-herencia-de-14-millones-de.jpg\" \/>\n\t<meta property=\"og:image:width\" content=\"1200\" \/>\n\t<meta property=\"og:image:height\" content=\"840\" \/>\n\t<meta property=\"og:image:type\" content=\"image\/jpeg\" \/>\n<meta name=\"author\" content=\"Juan P\u00e9rez\" \/>\n<meta name=\"twitter:card\" content=\"summary_large_image\" \/>\n<meta name=\"twitter:label1\" content=\"Escrito por\" \/>\n\t<meta name=\"twitter:data1\" content=\"Juan P\u00e9rez\" \/>\n\t<meta name=\"twitter:label2\" content=\"Tiempo de lectura\" \/>\n\t<meta name=\"twitter:data2\" content=\"2 minutos\" \/>\n<script type=\"application\/ld+json\" class=\"yoast-schema-graph\">{\"@context\":\"https:\/\/schema.org\",\"@graph\":[{\"@type\":\"WebPage\",\"@id\":\"https:\/\/www.diario21.tv\/noticias\/confirmado-por-adn-guipuzcoano-reclama-herencia-de-14-millones-de-empresario-leones\/\",\"url\":\"https:\/\/www.diario21.tv\/noticias\/confirmado-por-adn-guipuzcoano-reclama-herencia-de-14-millones-de-empresario-leones\/\",\"name\":\"\u00a1Confirmado por ADN! Guipuzcoano reclama herencia de 14 millones de empresario leon\u00e9s. - Diario 21\",\"isPartOf\":{\"@id\":\"https:\/\/www.diario21.tv\/noticias\/#website\"},\"primaryImageOfPage\":{\"@id\":\"https:\/\/www.diario21.tv\/noticias\/confirmado-por-adn-guipuzcoano-reclama-herencia-de-14-millones-de-empresario-leones\/#primaryimage\"},\"image\":{\"@id\":\"https:\/\/www.diario21.tv\/noticias\/confirmado-por-adn-guipuzcoano-reclama-herencia-de-14-millones-de-empresario-leones\/#primaryimage\"},\"thumbnailUrl\":\"https:\/\/www.diario21.tv\/noticias\/wp-content\/uploads\/2025\/09\/\u00a1Confirmado-por-ADN-Guipuzcoano-reclama-herencia-de-14-millones-de.jpg\",\"datePublished\":\"2025-09-26T23:45:07+00:00\",\"dateModified\":\"2025-09-26T23:45:08+00:00\",\"author\":{\"@id\":\"https:\/\/www.diario21.tv\/noticias\/#\/schema\/person\/dfb778f73814d8f09f302618446a526b\"},\"breadcrumb\":{\"@id\":\"https:\/\/www.diario21.tv\/noticias\/confirmado-por-adn-guipuzcoano-reclama-herencia-de-14-millones-de-empresario-leones\/#breadcrumb\"},\"inLanguage\":\"es-AR\",\"potentialAction\":[{\"@type\":\"ReadAction\",\"target\":[\"https:\/\/www.diario21.tv\/noticias\/confirmado-por-adn-guipuzcoano-reclama-herencia-de-14-millones-de-empresario-leones\/\"]}]},{\"@type\":\"ImageObject\",\"inLanguage\":\"es-AR\",\"@id\":\"https:\/\/www.diario21.tv\/noticias\/confirmado-por-adn-guipuzcoano-reclama-herencia-de-14-millones-de-empresario-leones\/#primaryimage\",\"url\":\"https:\/\/www.diario21.tv\/noticias\/wp-content\/uploads\/2025\/09\/\u00a1Confirmado-por-ADN-Guipuzcoano-reclama-herencia-de-14-millones-de.jpg\",\"contentUrl\":\"https:\/\/www.diario21.tv\/noticias\/wp-content\/uploads\/2025\/09\/\u00a1Confirmado-por-ADN-Guipuzcoano-reclama-herencia-de-14-millones-de.jpg\",\"width\":1200,\"height\":840,\"caption\":\"Un guipuzcoano pleitea por la herencia de 14 millones de un empresario leon\u00e9s tras demostrar su paternidad\"},{\"@type\":\"BreadcrumbList\",\"@id\":\"https:\/\/www.diario21.tv\/noticias\/confirmado-por-adn-guipuzcoano-reclama-herencia-de-14-millones-de-empresario-leones\/#breadcrumb\",\"itemListElement\":[{\"@type\":\"ListItem\",\"position\":1,\"name\":\"Accueil\",\"item\":\"https:\/\/www.diario21.tv\/noticias\/\"},{\"@type\":\"ListItem\",\"position\":2,\"name\":\"\u00a1Confirmado por ADN! Guipuzcoano reclama herencia de 14 millones de empresario leon\u00e9s.\"}]},{\"@type\":\"WebSite\",\"@id\":\"https:\/\/www.diario21.tv\/noticias\/#website\",\"url\":\"https:\/\/www.diario21.tv\/noticias\/\",\"name\":\"Diario 21\",\"description\":\"\",\"potentialAction\":[{\"@type\":\"SearchAction\",\"target\":{\"@type\":\"EntryPoint\",\"urlTemplate\":\"https:\/\/www.diario21.tv\/noticias\/?s={search_term_string}\"},\"query-input\":{\"@type\":\"PropertyValueSpecification\",\"valueRequired\":true,\"valueName\":\"search_term_string\"}}],\"inLanguage\":\"es-AR\"},{\"@type\":\"Person\",\"@id\":\"https:\/\/www.diario21.tv\/noticias\/#\/schema\/person\/dfb778f73814d8f09f302618446a526b\",\"name\":\"Juan P\u00e9rez\",\"image\":{\"@type\":\"ImageObject\",\"inLanguage\":\"es-AR\",\"@id\":\"https:\/\/www.diario21.tv\/noticias\/#\/schema\/person\/image\/\",\"url\":\"https:\/\/secure.gravatar.com\/avatar\/c478a405bd10621167f4c3167cc770f5?s=96&d=mm&r=g\",\"contentUrl\":\"https:\/\/secure.gravatar.com\/avatar\/c478a405bd10621167f4c3167cc770f5?s=96&d=mm&r=g\",\"caption\":\"Juan P\u00e9rez\"},\"description\":\"Juan P\u00e9rez es el redactor en jefe de Diario 21. Con m\u00e1s de 10 a\u00f1os de experiencia en el periodismo, se especializa en pol\u00edtica nacional y an\u00e1lisis socioecon\u00f3mico. Su enfoque cr\u00edtico y riguroso aporta una perspectiva \u00fanica a cada art\u00edculo.\",\"sameAs\":[\"https:\/\/www.diario21.tv\/noticias\/\"],\"url\":\"https:\/\/www.diario21.tv\/noticias\/author\/juan-perez\/\"}]}<\/script>\n<!-- \/ Yoast SEO plugin. -->","yoast_head_json":{"title":"\u00a1Confirmado por ADN! Guipuzcoano reclama herencia de 14 millones de empresario leon\u00e9s. - Diario 21","robots":{"index":"index","follow":"follow","max-snippet":"max-snippet:-1","max-image-preview":"max-image-preview:large","max-video-preview":"max-video-preview:-1"},"canonical":"https:\/\/www.diario21.tv\/noticias\/confirmado-por-adn-guipuzcoano-reclama-herencia-de-14-millones-de-empresario-leones\/","og_locale":"es_ES","og_type":"article","og_title":"\u00a1Confirmado por ADN! Guipuzcoano reclama herencia de 14 millones de empresario leon\u00e9s. - Diario 21","og_description":"Lucha legal de un hombre de Guip\u00fazcoa por la herencia de un empresario de Le\u00f3n valorada en 14 millones de euros Un ciudadano originario de Guip\u00fazcoa ... Seguir leyendo &rarr;","og_url":"https:\/\/www.diario21.tv\/noticias\/confirmado-por-adn-guipuzcoano-reclama-herencia-de-14-millones-de-empresario-leones\/","og_site_name":"Diario 21","article_published_time":"2025-09-26T23:45:07+00:00","article_modified_time":"2025-09-26T23:45:08+00:00","og_image":[{"width":1200,"height":840,"url":"https:\/\/www.diario21.tv\/noticias\/wp-content\/uploads\/2025\/09\/\u00a1Confirmado-por-ADN-Guipuzcoano-reclama-herencia-de-14-millones-de.jpg","type":"image\/jpeg"}],"author":"Juan P\u00e9rez","twitter_card":"summary_large_image","twitter_misc":{"Escrito por":"Juan P\u00e9rez","Tiempo de lectura":"2 minutos"},"schema":{"@context":"https:\/\/schema.org","@graph":[{"@type":"WebPage","@id":"https:\/\/www.diario21.tv\/noticias\/confirmado-por-adn-guipuzcoano-reclama-herencia-de-14-millones-de-empresario-leones\/","url":"https:\/\/www.diario21.tv\/noticias\/confirmado-por-adn-guipuzcoano-reclama-herencia-de-14-millones-de-empresario-leones\/","name":"\u00a1Confirmado por ADN! Guipuzcoano reclama herencia de 14 millones de empresario leon\u00e9s. - Diario 21","isPartOf":{"@id":"https:\/\/www.diario21.tv\/noticias\/#website"},"primaryImageOfPage":{"@id":"https:\/\/www.diario21.tv\/noticias\/confirmado-por-adn-guipuzcoano-reclama-herencia-de-14-millones-de-empresario-leones\/#primaryimage"},"image":{"@id":"https:\/\/www.diario21.tv\/noticias\/confirmado-por-adn-guipuzcoano-reclama-herencia-de-14-millones-de-empresario-leones\/#primaryimage"},"thumbnailUrl":"https:\/\/www.diario21.tv\/noticias\/wp-content\/uploads\/2025\/09\/\u00a1Confirmado-por-ADN-Guipuzcoano-reclama-herencia-de-14-millones-de.jpg","datePublished":"2025-09-26T23:45:07+00:00","dateModified":"2025-09-26T23:45:08+00:00","author":{"@id":"https:\/\/www.diario21.tv\/noticias\/#\/schema\/person\/dfb778f73814d8f09f302618446a526b"},"breadcrumb":{"@id":"https:\/\/www.diario21.tv\/noticias\/confirmado-por-adn-guipuzcoano-reclama-herencia-de-14-millones-de-empresario-leones\/#breadcrumb"},"inLanguage":"es-AR","potentialAction":[{"@type":"ReadAction","target":["https:\/\/www.diario21.tv\/noticias\/confirmado-por-adn-guipuzcoano-reclama-herencia-de-14-millones-de-empresario-leones\/"]}]},{"@type":"ImageObject","inLanguage":"es-AR","@id":"https:\/\/www.diario21.tv\/noticias\/confirmado-por-adn-guipuzcoano-reclama-herencia-de-14-millones-de-empresario-leones\/#primaryimage","url":"https:\/\/www.diario21.tv\/noticias\/wp-content\/uploads\/2025\/09\/\u00a1Confirmado-por-ADN-Guipuzcoano-reclama-herencia-de-14-millones-de.jpg","contentUrl":"https:\/\/www.diario21.tv\/noticias\/wp-content\/uploads\/2025\/09\/\u00a1Confirmado-por-ADN-Guipuzcoano-reclama-herencia-de-14-millones-de.jpg","width":1200,"height":840,"caption":"Un guipuzcoano pleitea por la herencia de 14 millones de un empresario leon\u00e9s tras demostrar su paternidad"},{"@type":"BreadcrumbList","@id":"https:\/\/www.diario21.tv\/noticias\/confirmado-por-adn-guipuzcoano-reclama-herencia-de-14-millones-de-empresario-leones\/#breadcrumb","itemListElement":[{"@type":"ListItem","position":1,"name":"Accueil","item":"https:\/\/www.diario21.tv\/noticias\/"},{"@type":"ListItem","position":2,"name":"\u00a1Confirmado por ADN! Guipuzcoano reclama herencia de 14 millones de empresario leon\u00e9s."}]},{"@type":"WebSite","@id":"https:\/\/www.diario21.tv\/noticias\/#website","url":"https:\/\/www.diario21.tv\/noticias\/","name":"Diario 21","description":"","potentialAction":[{"@type":"SearchAction","target":{"@type":"EntryPoint","urlTemplate":"https:\/\/www.diario21.tv\/noticias\/?s={search_term_string}"},"query-input":{"@type":"PropertyValueSpecification","valueRequired":true,"valueName":"search_term_string"}}],"inLanguage":"es-AR"},{"@type":"Person","@id":"https:\/\/www.diario21.tv\/noticias\/#\/schema\/person\/dfb778f73814d8f09f302618446a526b","name":"Juan P\u00e9rez","image":{"@type":"ImageObject","inLanguage":"es-AR","@id":"https:\/\/www.diario21.tv\/noticias\/#\/schema\/person\/image\/","url":"https:\/\/secure.gravatar.com\/avatar\/c478a405bd10621167f4c3167cc770f5?s=96&d=mm&r=g","contentUrl":"https:\/\/secure.gravatar.com\/avatar\/c478a405bd10621167f4c3167cc770f5?s=96&d=mm&r=g","caption":"Juan P\u00e9rez"},"description":"Juan P\u00e9rez es el redactor en jefe de Diario 21. Con m\u00e1s de 10 a\u00f1os de experiencia en el periodismo, se especializa en pol\u00edtica nacional y an\u00e1lisis socioecon\u00f3mico. Su enfoque cr\u00edtico y riguroso aporta una perspectiva \u00fanica a cada art\u00edculo.","sameAs":["https:\/\/www.diario21.tv\/noticias\/"],"url":"https:\/\/www.diario21.tv\/noticias\/author\/juan-perez\/"}]}},"_links":{"self":[{"href":"https:\/\/www.diario21.tv\/noticias\/wp-json\/wp\/v2\/posts\/4645"}],"collection":[{"href":"https:\/\/www.diario21.tv\/noticias\/wp-json\/wp\/v2\/posts"}],"about":[{"href":"https:\/\/www.diario21.tv\/noticias\/wp-json\/wp\/v2\/types\/post"}],"author":[{"embeddable":true,"href":"https:\/\/www.diario21.tv\/noticias\/wp-json\/wp\/v2\/users\/20"}],"replies":[{"embeddable":true,"href":"https:\/\/www.diario21.tv\/noticias\/wp-json\/wp\/v2\/comments?post=4645"}],"version-history":[{"count":1,"href":"https:\/\/www.diario21.tv\/noticias\/wp-json\/wp\/v2\/posts\/4645\/revisions"}],"predecessor-version":[{"id":4647,"href":"https:\/\/www.diario21.tv\/noticias\/wp-json\/wp\/v2\/posts\/4645\/revisions\/4647"}],"wp:featuredmedia":[{"embeddable":true,"href":"https:\/\/www.diario21.tv\/noticias\/wp-json\/wp\/v2\/media\/4646"}],"wp:attachment":[{"href":"https:\/\/www.diario21.tv\/noticias\/wp-json\/wp\/v2\/media?parent=4645"}],"wp:term":[{"taxonomy":"category","embeddable":true,"href":"https:\/\/www.diario21.tv\/noticias\/wp-json\/wp\/v2\/categories?post=4645"},{"taxonomy":"post_tag","embeddable":true,"href":"https:\/\/www.diario21.tv\/noticias\/wp-json\/wp\/v2\/tags?post=4645"}],"curies":[{"name":"wp","href":"https:\/\/api.w.org\/{rel}","templated":true}]}}