{"id":4624,"date":"2025-09-25T05:26:01","date_gmt":"2025-09-25T05:26:01","guid":{"rendered":"https:\/\/www.diario21.tv\/noticias\/impactante-redada-en-valencia-mas-de-80-detenidos-en-operativo-contra-narcotrafico-y-blanqueo\/"},"modified":"2025-09-25T05:26:02","modified_gmt":"2025-09-25T05:26:02","slug":"impactante-redada-en-valencia-mas-de-80-detenidos-en-operativo-contra-narcotrafico-y-blanqueo","status":"publish","type":"post","link":"https:\/\/www.diario21.tv\/noticias\/impactante-redada-en-valencia-mas-de-80-detenidos-en-operativo-contra-narcotrafico-y-blanqueo\/","title":{"rendered":"\u00a1Impactante redada en Valencia! M\u00e1s de 80 detenidos en operativo contra narcotr\u00e1fico y blanqueo."},"content":{"rendered":"<h2>Operativo Extensivo Contra el Narcotr\u00e1fico en Valencia<\/h2>\n<p>En un esfuerzo coordinado por las autoridades, m\u00e1s de 80 personas han sido arrestadas en la provincia de Valencia, acusadas de participar en una amplia red de tr\u00e1fico de drogas y lavado de dinero. Este operativo marca uno de los golpes m\u00e1s significativos a la delincuencia organizada en la regi\u00f3n en los \u00faltimos tiempos.<\/p>\n<h3>Detalles del Operativo<\/h3>\n<p>La operaci\u00f3n, que se ha llevado a cabo tras meses de investigaciones meticulosas, involucr\u00f3 a varios cuerpos de seguridad del estado. Los detenidos est\u00e1n siendo investigados por su presunta implicaci\u00f3n en una organizaci\u00f3n criminal que se dedicaba a la distribuci\u00f3n de sustancias ilegales a gran escala, as\u00ed como al lavado de los ingresos obtenidos de estas actividades il\u00edcitas.<\/p>\n<p>Seg\u00fan informes de la polic\u00eda, el grupo operaba principalmente en la provincia de Valencia, aunque ten\u00eda conexiones en otras partes del pa\u00eds y del extranjero. La red utilizaba una serie de t\u00e9cnicas sofisticadas para eludir la detecci\u00f3n de las autoridades y facilitar sus operaciones de blanqueo de capitales.<\/p>\n<h3>Impacto en la Comunidad<\/h3>\n<p>La desarticulaci\u00f3n de esta red no solo representa un duro golpe al narcotr\u00e1fico y al crimen organizado en la regi\u00f3n, sino que tambi\u00e9n es un paso adelante en la recuperaci\u00f3n de la seguridad y tranquilidad para los ciudadanos. La presencia de actividades delictivas como estas genera un ambiente de inseguridad y temor que afecta a toda la comunidad.<\/p>\n<h3>Proceso Judicial en Curso<\/h3>\n<p>Los individuos arrestados en esta macrooperaci\u00f3n est\u00e1n actualmente en proceso de ser procesados por la justicia. A medida que avance el caso, se espera que se revele m\u00e1s informaci\u00f3n sobre la magnitud y los detalles espec\u00edficos de las operaciones de esta red criminal.<\/p>\n<p>Este operativo es un claro ejemplo del compromiso de las fuerzas de seguridad con combatir el crimen organizado y proteger a los ciudadanos de amenazas a su bienestar y seguridad. Las autoridades contin\u00faan alerta y trabajando sin descanso para desmantelar cualquier grupo que intente perturbar la paz y el orden p\u00fablico.<\/p>\n\n\n<div class=\"kk-star-ratings kksr-auto kksr-align-left kksr-valign-bottom\"\n    data-payload='{&quot;align&quot;:&quot;left&quot;,&quot;id&quot;:&quot;4624&quot;,&quot;slug&quot;:&quot;default&quot;,&quot;valign&quot;:&quot;bottom&quot;,&quot;ignore&quot;:&quot;&quot;,&quot;reference&quot;:&quot;auto&quot;,&quot;class&quot;:&quot;&quot;,&quot;count&quot;:&quot;0&quot;,&quot;legendonly&quot;:&quot;&quot;,&quot;readonly&quot;:&quot;&quot;,&quot;score&quot;:&quot;0&quot;,&quot;starsonly&quot;:&quot;&quot;,&quot;best&quot;:&quot;5&quot;,&quot;gap&quot;:&quot;5&quot;,&quot;greet&quot;:&quot;Valora este post&quot;,&quot;legend&quot;:&quot;0\\\/5 - (0 votes)&quot;,&quot;size&quot;:&quot;22&quot;,&quot;title&quot;:&quot;\u00a1Impactante redada en Valencia! M\u00e1s de 80 detenidos en operativo contra narcotr\u00e1fico y blanqueo.&quot;,&quot;width&quot;:&quot;0&quot;,&quot;_legend&quot;:&quot;{score}\\\/{best} - ({count} {votes})&quot;,&quot;font_factor&quot;:&quot;1.25&quot;}'>\n            \n<div class=\"kksr-stars\">\n    \n<div class=\"kksr-stars-inactive\">\n            <div class=\"kksr-star\" data-star=\"1\" style=\"padding-right: 5px\">\n            \n\n<div class=\"kksr-icon\" style=\"width: 22px; height: 22px;\"><\/div>\n        <\/div>\n            <div class=\"kksr-star\" data-star=\"2\" style=\"padding-right: 5px\">\n            \n\n<div class=\"kksr-icon\" style=\"width: 22px; height: 22px;\"><\/div>\n        <\/div>\n            <div class=\"kksr-star\" data-star=\"3\" style=\"padding-right: 5px\">\n            \n\n<div class=\"kksr-icon\" style=\"width: 22px; height: 22px;\"><\/div>\n        <\/div>\n            <div class=\"kksr-star\" data-star=\"4\" style=\"padding-right: 5px\">\n            \n\n<div class=\"kksr-icon\" style=\"width: 22px; height: 22px;\"><\/div>\n        <\/div>\n            <div class=\"kksr-star\" data-star=\"5\" style=\"padding-right: 5px\">\n            \n\n<div class=\"kksr-icon\" style=\"width: 22px; height: 22px;\"><\/div>\n        <\/div>\n    <\/div>\n    \n<div class=\"kksr-stars-active\" style=\"width: 0px;\">\n            <div class=\"kksr-star\" style=\"padding-right: 5px\">\n            \n\n<div class=\"kksr-icon\" style=\"width: 22px; height: 22px;\"><\/div>\n        <\/div>\n            <div class=\"kksr-star\" style=\"padding-right: 5px\">\n            \n\n<div class=\"kksr-icon\" style=\"width: 22px; height: 22px;\"><\/div>\n        <\/div>\n            <div class=\"kksr-star\" style=\"padding-right: 5px\">\n            \n\n<div class=\"kksr-icon\" style=\"width: 22px; height: 22px;\"><\/div>\n        <\/div>\n            <div class=\"kksr-star\" style=\"padding-right: 5px\">\n            \n\n<div class=\"kksr-icon\" style=\"width: 22px; height: 22px;\"><\/div>\n        <\/div>\n            <div class=\"kksr-star\" style=\"padding-right: 5px\">\n            \n\n<div class=\"kksr-icon\" style=\"width: 22px; height: 22px;\"><\/div>\n        <\/div>\n    <\/div>\n<\/div>\n                \n\n<div class=\"kksr-legend\" style=\"font-size: 17.6px;\">\n            <span class=\"kksr-muted\">Valora este post<\/span>\n    <\/div>\n    <\/div>\n","protected":false},"excerpt":{"rendered":"<p>Operativo Extensivo Contra el Narcotr\u00e1fico en Valencia En un esfuerzo coordinado por las autoridades, m\u00e1s de 80 personas han sido arrestadas en la provincia de Valencia, &#8230; <a title=\"\u00a1Impactante redada en Valencia! M\u00e1s de 80 detenidos en operativo contra narcotr\u00e1fico y blanqueo.\" class=\"read-more\" href=\"https:\/\/www.diario21.tv\/noticias\/impactante-redada-en-valencia-mas-de-80-detenidos-en-operativo-contra-narcotrafico-y-blanqueo\/\" aria-label=\"Leer m\u00e1s sobre \u00a1Impactante redada en Valencia! M\u00e1s de 80 detenidos en operativo contra narcotr\u00e1fico y blanqueo.\">Seguir leyendo &rarr;<\/a><\/p>\n","protected":false},"author":20,"featured_media":4625,"comment_status":"open","ping_status":"open","sticky":false,"template":"","format":"standard","meta":{"footnotes":""},"categories":[13],"tags":[],"class_list":["post-4624","post","type-post","status-publish","format-standard","has-post-thumbnail","hentry","category-portada"],"yoast_head":"<!-- This site is optimized with the Yoast SEO plugin v25.6 - https:\/\/yoast.com\/wordpress\/plugins\/seo\/ -->\n<title>\u00a1Impactante redada en Valencia! M\u00e1s de 80 detenidos en operativo contra narcotr\u00e1fico y blanqueo. - Diario 21<\/title>\n<meta name=\"robots\" content=\"index, follow, max-snippet:-1, max-image-preview:large, max-video-preview:-1\" \/>\n<link rel=\"canonical\" href=\"https:\/\/www.diario21.tv\/noticias\/impactante-redada-en-valencia-mas-de-80-detenidos-en-operativo-contra-narcotrafico-y-blanqueo\/\" \/>\n<meta property=\"og:locale\" content=\"es_ES\" \/>\n<meta property=\"og:type\" content=\"article\" \/>\n<meta property=\"og:title\" content=\"\u00a1Impactante redada en Valencia! M\u00e1s de 80 detenidos en operativo contra narcotr\u00e1fico y blanqueo. - Diario 21\" \/>\n<meta property=\"og:description\" content=\"Operativo Extensivo Contra el Narcotr\u00e1fico en Valencia En un esfuerzo coordinado por las autoridades, m\u00e1s de 80 personas han sido arrestadas en la provincia de Valencia, ... Seguir leyendo &rarr;\" \/>\n<meta property=\"og:url\" content=\"https:\/\/www.diario21.tv\/noticias\/impactante-redada-en-valencia-mas-de-80-detenidos-en-operativo-contra-narcotrafico-y-blanqueo\/\" \/>\n<meta property=\"og:site_name\" content=\"Diario 21\" \/>\n<meta property=\"article:published_time\" content=\"2025-09-25T05:26:01+00:00\" \/>\n<meta property=\"article:modified_time\" content=\"2025-09-25T05:26:02+00:00\" \/>\n<meta property=\"og:image\" content=\"https:\/\/www.diario21.tv\/noticias\/wp-content\/uploads\/2025\/09\/\u00a1Impactante-redada-en-Valencia-Mas-de-80-detenidos-en-operativo.jpg\" \/>\n\t<meta property=\"og:image:width\" content=\"1200\" \/>\n\t<meta property=\"og:image:height\" content=\"840\" \/>\n\t<meta property=\"og:image:type\" content=\"image\/jpeg\" \/>\n<meta name=\"author\" content=\"Juan P\u00e9rez\" \/>\n<meta name=\"twitter:card\" content=\"summary_large_image\" \/>\n<meta name=\"twitter:label1\" content=\"Escrito por\" \/>\n\t<meta name=\"twitter:data1\" content=\"Juan P\u00e9rez\" \/>\n\t<meta name=\"twitter:label2\" content=\"Tiempo de lectura\" \/>\n\t<meta name=\"twitter:data2\" content=\"2 minutos\" \/>\n<script type=\"application\/ld+json\" class=\"yoast-schema-graph\">{\"@context\":\"https:\/\/schema.org\",\"@graph\":[{\"@type\":\"WebPage\",\"@id\":\"https:\/\/www.diario21.tv\/noticias\/impactante-redada-en-valencia-mas-de-80-detenidos-en-operativo-contra-narcotrafico-y-blanqueo\/\",\"url\":\"https:\/\/www.diario21.tv\/noticias\/impactante-redada-en-valencia-mas-de-80-detenidos-en-operativo-contra-narcotrafico-y-blanqueo\/\",\"name\":\"\u00a1Impactante redada en Valencia! M\u00e1s de 80 detenidos en operativo contra narcotr\u00e1fico y blanqueo. - Diario 21\",\"isPartOf\":{\"@id\":\"https:\/\/www.diario21.tv\/noticias\/#website\"},\"primaryImageOfPage\":{\"@id\":\"https:\/\/www.diario21.tv\/noticias\/impactante-redada-en-valencia-mas-de-80-detenidos-en-operativo-contra-narcotrafico-y-blanqueo\/#primaryimage\"},\"image\":{\"@id\":\"https:\/\/www.diario21.tv\/noticias\/impactante-redada-en-valencia-mas-de-80-detenidos-en-operativo-contra-narcotrafico-y-blanqueo\/#primaryimage\"},\"thumbnailUrl\":\"https:\/\/www.diario21.tv\/noticias\/wp-content\/uploads\/2025\/09\/\u00a1Impactante-redada-en-Valencia-Mas-de-80-detenidos-en-operativo.jpg\",\"datePublished\":\"2025-09-25T05:26:01+00:00\",\"dateModified\":\"2025-09-25T05:26:02+00:00\",\"author\":{\"@id\":\"https:\/\/www.diario21.tv\/noticias\/#\/schema\/person\/dfb778f73814d8f09f302618446a526b\"},\"breadcrumb\":{\"@id\":\"https:\/\/www.diario21.tv\/noticias\/impactante-redada-en-valencia-mas-de-80-detenidos-en-operativo-contra-narcotrafico-y-blanqueo\/#breadcrumb\"},\"inLanguage\":\"es-AR\",\"potentialAction\":[{\"@type\":\"ReadAction\",\"target\":[\"https:\/\/www.diario21.tv\/noticias\/impactante-redada-en-valencia-mas-de-80-detenidos-en-operativo-contra-narcotrafico-y-blanqueo\/\"]}]},{\"@type\":\"ImageObject\",\"inLanguage\":\"es-AR\",\"@id\":\"https:\/\/www.diario21.tv\/noticias\/impactante-redada-en-valencia-mas-de-80-detenidos-en-operativo-contra-narcotrafico-y-blanqueo\/#primaryimage\",\"url\":\"https:\/\/www.diario21.tv\/noticias\/wp-content\/uploads\/2025\/09\/\u00a1Impactante-redada-en-Valencia-Mas-de-80-detenidos-en-operativo.jpg\",\"contentUrl\":\"https:\/\/www.diario21.tv\/noticias\/wp-content\/uploads\/2025\/09\/\u00a1Impactante-redada-en-Valencia-Mas-de-80-detenidos-en-operativo.jpg\",\"width\":1200,\"height\":840,\"caption\":\"Macrooperaci\u00f3n contra una red de narcotr\u00e1fico y blanqueo con m\u00e1s de 80 detenidos en la provincia de Valencia\"},{\"@type\":\"BreadcrumbList\",\"@id\":\"https:\/\/www.diario21.tv\/noticias\/impactante-redada-en-valencia-mas-de-80-detenidos-en-operativo-contra-narcotrafico-y-blanqueo\/#breadcrumb\",\"itemListElement\":[{\"@type\":\"ListItem\",\"position\":1,\"name\":\"Accueil\",\"item\":\"https:\/\/www.diario21.tv\/noticias\/\"},{\"@type\":\"ListItem\",\"position\":2,\"name\":\"\u00a1Impactante redada en Valencia! M\u00e1s de 80 detenidos en operativo contra narcotr\u00e1fico y blanqueo.\"}]},{\"@type\":\"WebSite\",\"@id\":\"https:\/\/www.diario21.tv\/noticias\/#website\",\"url\":\"https:\/\/www.diario21.tv\/noticias\/\",\"name\":\"Diario 21\",\"description\":\"\",\"potentialAction\":[{\"@type\":\"SearchAction\",\"target\":{\"@type\":\"EntryPoint\",\"urlTemplate\":\"https:\/\/www.diario21.tv\/noticias\/?s={search_term_string}\"},\"query-input\":{\"@type\":\"PropertyValueSpecification\",\"valueRequired\":true,\"valueName\":\"search_term_string\"}}],\"inLanguage\":\"es-AR\"},{\"@type\":\"Person\",\"@id\":\"https:\/\/www.diario21.tv\/noticias\/#\/schema\/person\/dfb778f73814d8f09f302618446a526b\",\"name\":\"Juan P\u00e9rez\",\"image\":{\"@type\":\"ImageObject\",\"inLanguage\":\"es-AR\",\"@id\":\"https:\/\/www.diario21.tv\/noticias\/#\/schema\/person\/image\/\",\"url\":\"https:\/\/secure.gravatar.com\/avatar\/c478a405bd10621167f4c3167cc770f5?s=96&d=mm&r=g\",\"contentUrl\":\"https:\/\/secure.gravatar.com\/avatar\/c478a405bd10621167f4c3167cc770f5?s=96&d=mm&r=g\",\"caption\":\"Juan P\u00e9rez\"},\"description\":\"Juan P\u00e9rez es el redactor en jefe de Diario 21. Con m\u00e1s de 10 a\u00f1os de experiencia en el periodismo, se especializa en pol\u00edtica nacional y an\u00e1lisis socioecon\u00f3mico. Su enfoque cr\u00edtico y riguroso aporta una perspectiva \u00fanica a cada art\u00edculo.\",\"sameAs\":[\"https:\/\/www.diario21.tv\/noticias\/\"],\"url\":\"https:\/\/www.diario21.tv\/noticias\/author\/juan-perez\/\"}]}<\/script>\n<!-- \/ Yoast SEO plugin. -->","yoast_head_json":{"title":"\u00a1Impactante redada en Valencia! M\u00e1s de 80 detenidos en operativo contra narcotr\u00e1fico y blanqueo. - Diario 21","robots":{"index":"index","follow":"follow","max-snippet":"max-snippet:-1","max-image-preview":"max-image-preview:large","max-video-preview":"max-video-preview:-1"},"canonical":"https:\/\/www.diario21.tv\/noticias\/impactante-redada-en-valencia-mas-de-80-detenidos-en-operativo-contra-narcotrafico-y-blanqueo\/","og_locale":"es_ES","og_type":"article","og_title":"\u00a1Impactante redada en Valencia! M\u00e1s de 80 detenidos en operativo contra narcotr\u00e1fico y blanqueo. - Diario 21","og_description":"Operativo Extensivo Contra el Narcotr\u00e1fico en Valencia En un esfuerzo coordinado por las autoridades, m\u00e1s de 80 personas han sido arrestadas en la provincia de Valencia, ... Seguir leyendo &rarr;","og_url":"https:\/\/www.diario21.tv\/noticias\/impactante-redada-en-valencia-mas-de-80-detenidos-en-operativo-contra-narcotrafico-y-blanqueo\/","og_site_name":"Diario 21","article_published_time":"2025-09-25T05:26:01+00:00","article_modified_time":"2025-09-25T05:26:02+00:00","og_image":[{"width":1200,"height":840,"url":"https:\/\/www.diario21.tv\/noticias\/wp-content\/uploads\/2025\/09\/\u00a1Impactante-redada-en-Valencia-Mas-de-80-detenidos-en-operativo.jpg","type":"image\/jpeg"}],"author":"Juan P\u00e9rez","twitter_card":"summary_large_image","twitter_misc":{"Escrito por":"Juan P\u00e9rez","Tiempo de lectura":"2 minutos"},"schema":{"@context":"https:\/\/schema.org","@graph":[{"@type":"WebPage","@id":"https:\/\/www.diario21.tv\/noticias\/impactante-redada-en-valencia-mas-de-80-detenidos-en-operativo-contra-narcotrafico-y-blanqueo\/","url":"https:\/\/www.diario21.tv\/noticias\/impactante-redada-en-valencia-mas-de-80-detenidos-en-operativo-contra-narcotrafico-y-blanqueo\/","name":"\u00a1Impactante redada en Valencia! M\u00e1s de 80 detenidos en operativo contra narcotr\u00e1fico y blanqueo. - Diario 21","isPartOf":{"@id":"https:\/\/www.diario21.tv\/noticias\/#website"},"primaryImageOfPage":{"@id":"https:\/\/www.diario21.tv\/noticias\/impactante-redada-en-valencia-mas-de-80-detenidos-en-operativo-contra-narcotrafico-y-blanqueo\/#primaryimage"},"image":{"@id":"https:\/\/www.diario21.tv\/noticias\/impactante-redada-en-valencia-mas-de-80-detenidos-en-operativo-contra-narcotrafico-y-blanqueo\/#primaryimage"},"thumbnailUrl":"https:\/\/www.diario21.tv\/noticias\/wp-content\/uploads\/2025\/09\/\u00a1Impactante-redada-en-Valencia-Mas-de-80-detenidos-en-operativo.jpg","datePublished":"2025-09-25T05:26:01+00:00","dateModified":"2025-09-25T05:26:02+00:00","author":{"@id":"https:\/\/www.diario21.tv\/noticias\/#\/schema\/person\/dfb778f73814d8f09f302618446a526b"},"breadcrumb":{"@id":"https:\/\/www.diario21.tv\/noticias\/impactante-redada-en-valencia-mas-de-80-detenidos-en-operativo-contra-narcotrafico-y-blanqueo\/#breadcrumb"},"inLanguage":"es-AR","potentialAction":[{"@type":"ReadAction","target":["https:\/\/www.diario21.tv\/noticias\/impactante-redada-en-valencia-mas-de-80-detenidos-en-operativo-contra-narcotrafico-y-blanqueo\/"]}]},{"@type":"ImageObject","inLanguage":"es-AR","@id":"https:\/\/www.diario21.tv\/noticias\/impactante-redada-en-valencia-mas-de-80-detenidos-en-operativo-contra-narcotrafico-y-blanqueo\/#primaryimage","url":"https:\/\/www.diario21.tv\/noticias\/wp-content\/uploads\/2025\/09\/\u00a1Impactante-redada-en-Valencia-Mas-de-80-detenidos-en-operativo.jpg","contentUrl":"https:\/\/www.diario21.tv\/noticias\/wp-content\/uploads\/2025\/09\/\u00a1Impactante-redada-en-Valencia-Mas-de-80-detenidos-en-operativo.jpg","width":1200,"height":840,"caption":"Macrooperaci\u00f3n contra una red de narcotr\u00e1fico y blanqueo con m\u00e1s de 80 detenidos en la provincia de Valencia"},{"@type":"BreadcrumbList","@id":"https:\/\/www.diario21.tv\/noticias\/impactante-redada-en-valencia-mas-de-80-detenidos-en-operativo-contra-narcotrafico-y-blanqueo\/#breadcrumb","itemListElement":[{"@type":"ListItem","position":1,"name":"Accueil","item":"https:\/\/www.diario21.tv\/noticias\/"},{"@type":"ListItem","position":2,"name":"\u00a1Impactante redada en Valencia! M\u00e1s de 80 detenidos en operativo contra narcotr\u00e1fico y blanqueo."}]},{"@type":"WebSite","@id":"https:\/\/www.diario21.tv\/noticias\/#website","url":"https:\/\/www.diario21.tv\/noticias\/","name":"Diario 21","description":"","potentialAction":[{"@type":"SearchAction","target":{"@type":"EntryPoint","urlTemplate":"https:\/\/www.diario21.tv\/noticias\/?s={search_term_string}"},"query-input":{"@type":"PropertyValueSpecification","valueRequired":true,"valueName":"search_term_string"}}],"inLanguage":"es-AR"},{"@type":"Person","@id":"https:\/\/www.diario21.tv\/noticias\/#\/schema\/person\/dfb778f73814d8f09f302618446a526b","name":"Juan P\u00e9rez","image":{"@type":"ImageObject","inLanguage":"es-AR","@id":"https:\/\/www.diario21.tv\/noticias\/#\/schema\/person\/image\/","url":"https:\/\/secure.gravatar.com\/avatar\/c478a405bd10621167f4c3167cc770f5?s=96&d=mm&r=g","contentUrl":"https:\/\/secure.gravatar.com\/avatar\/c478a405bd10621167f4c3167cc770f5?s=96&d=mm&r=g","caption":"Juan P\u00e9rez"},"description":"Juan P\u00e9rez es el redactor en jefe de Diario 21. Con m\u00e1s de 10 a\u00f1os de experiencia en el periodismo, se especializa en pol\u00edtica nacional y an\u00e1lisis socioecon\u00f3mico. Su enfoque cr\u00edtico y riguroso aporta una perspectiva \u00fanica a cada art\u00edculo.","sameAs":["https:\/\/www.diario21.tv\/noticias\/"],"url":"https:\/\/www.diario21.tv\/noticias\/author\/juan-perez\/"}]}},"_links":{"self":[{"href":"https:\/\/www.diario21.tv\/noticias\/wp-json\/wp\/v2\/posts\/4624"}],"collection":[{"href":"https:\/\/www.diario21.tv\/noticias\/wp-json\/wp\/v2\/posts"}],"about":[{"href":"https:\/\/www.diario21.tv\/noticias\/wp-json\/wp\/v2\/types\/post"}],"author":[{"embeddable":true,"href":"https:\/\/www.diario21.tv\/noticias\/wp-json\/wp\/v2\/users\/20"}],"replies":[{"embeddable":true,"href":"https:\/\/www.diario21.tv\/noticias\/wp-json\/wp\/v2\/comments?post=4624"}],"version-history":[{"count":1,"href":"https:\/\/www.diario21.tv\/noticias\/wp-json\/wp\/v2\/posts\/4624\/revisions"}],"predecessor-version":[{"id":4626,"href":"https:\/\/www.diario21.tv\/noticias\/wp-json\/wp\/v2\/posts\/4624\/revisions\/4626"}],"wp:featuredmedia":[{"embeddable":true,"href":"https:\/\/www.diario21.tv\/noticias\/wp-json\/wp\/v2\/media\/4625"}],"wp:attachment":[{"href":"https:\/\/www.diario21.tv\/noticias\/wp-json\/wp\/v2\/media?parent=4624"}],"wp:term":[{"taxonomy":"category","embeddable":true,"href":"https:\/\/www.diario21.tv\/noticias\/wp-json\/wp\/v2\/categories?post=4624"},{"taxonomy":"post_tag","embeddable":true,"href":"https:\/\/www.diario21.tv\/noticias\/wp-json\/wp\/v2\/tags?post=4624"}],"curies":[{"name":"wp","href":"https:\/\/api.w.org\/{rel}","templated":true}]}}