{"id":4618,"date":"2025-09-24T17:22:56","date_gmt":"2025-09-24T17:22:56","guid":{"rendered":"https:\/\/www.diario21.tv\/noticias\/atencion-jovenes-preservativos-gratis-antes-de-fin-de-ano-anuncia-sanidad\/"},"modified":"2025-09-24T17:22:57","modified_gmt":"2025-09-24T17:22:57","slug":"atencion-jovenes-preservativos-gratis-antes-de-fin-de-ano-anuncia-sanidad","status":"publish","type":"post","link":"https:\/\/www.diario21.tv\/noticias\/atencion-jovenes-preservativos-gratis-antes-de-fin-de-ano-anuncia-sanidad\/","title":{"rendered":"\u00a1Atenci\u00f3n j\u00f3venes! Preservativos gratis antes de fin de a\u00f1o, anuncia Sanidad"},"content":{"rendered":"<h2>El Ministerio de Salud Planea Distribuir Gratis Condones a los J\u00f3venes Antes de que Termine el A\u00f1o<\/h2>\n<p>En un esfuerzo por fomentar la salud sexual entre los j\u00f3venes, el Ministerio de Salud ha anunciado una nueva iniciativa que se espera poner en marcha antes de que concluya el a\u00f1o actual. El plan, que busca distribuir condones de manera gratuita a los j\u00f3venes, tiene como objetivo principal prevenir enfermedades de transmisi\u00f3n sexual (ETS) y reducir las tasas de embarazos no deseados entre este grupo demogr\u00e1fico.<\/p>\n<h3>Detalles de la Iniciativa<\/h3>\n<p>Seg\u00fan fuentes del Ministerio, este programa estar\u00e1 orientado especialmente a j\u00f3venes y adolescentes, proporcion\u00e1ndoles acceso f\u00e1cil y gratuito a preservativos. Esta medida no solo busca educar a los j\u00f3venes sobre la importancia de una sexualidad responsable, sino tambi\u00e9n ofrecerles los medios necesarios para practicarla de forma segura.<\/p>\n<p>El plan incluir\u00e1 la distribuci\u00f3n de los preservativos en centros de salud, colegios, y otros puntos de encuentro juvenil. Adem\u00e1s, se contempla la realizaci\u00f3n de campa\u00f1as educativas que acompa\u00f1ar\u00e1n la distribuci\u00f3n, asegurando que los j\u00f3venes no solo reciban el producto, sino tambi\u00e9n la informaci\u00f3n adecuada sobre c\u00f3mo y por qu\u00e9 utilizarlo.<\/p>\n<h3>Impacto Esperado de la Medida<\/h3>\n<p>Los expertos en salud p\u00fablica han aplaudido la iniciativa, destacando que el acceso gratuito a m\u00e9todos anticonceptivos probados como los condones puede tener un impacto significativo en la salud de los adolescentes y j\u00f3venes. Estudios anteriores han demostrado que iniciativas similares han llevado a una reducci\u00f3n en las tasas de ETS y embarazos no deseados en otros pa\u00edses.<\/p>\n<p>Adem\u00e1s, se espera que este programa ayude a romper el estigma asociado con la discusi\u00f3n y utilizaci\u00f3n de m\u00e9todos anticonceptivos entre los j\u00f3venes, un obst\u00e1culo significativo para la educaci\u00f3n sexual efectiva.<\/p>\n<h3>Reacciones y Expectativas<\/h3>\n<p>Mientras que la mayor\u00eda de las opiniones respecto al anuncio del Ministerio han sido positivas, hay quienes expresan preocupaciones sobre la implementaci\u00f3n del programa y c\u00f3mo ser\u00e1 recibido por diferentes sectores de la sociedad, incluyendo padres y educadores. Sin embargo, las autoridades de salud est\u00e1n trabajando para asegurar que el programa no solo sea accesible, sino tambi\u00e9n aceptado ampliamente, colaborando con educadores, padres y l\u00edderes comunitarios para informar y educar sobre los beneficios de esta iniciativa.<\/p>\n<p>Finalmente, el Ministerio de Salud espera que esta medida sea un paso adelante hacia una sociedad m\u00e1s informada y saludable en t\u00e9rminos de sexualidad juvenil. Con la correcta implementaci\u00f3n y aceptaci\u00f3n, el programa podr\u00eda establecer un precedente para futuras pol\u00edticas de salud p\u00fablica orientadas a j\u00f3venes en el pa\u00eds.<\/p>\n\n\n<div class=\"kk-star-ratings kksr-auto kksr-align-left kksr-valign-bottom\"\n    data-payload='{&quot;align&quot;:&quot;left&quot;,&quot;id&quot;:&quot;4618&quot;,&quot;slug&quot;:&quot;default&quot;,&quot;valign&quot;:&quot;bottom&quot;,&quot;ignore&quot;:&quot;&quot;,&quot;reference&quot;:&quot;auto&quot;,&quot;class&quot;:&quot;&quot;,&quot;count&quot;:&quot;0&quot;,&quot;legendonly&quot;:&quot;&quot;,&quot;readonly&quot;:&quot;&quot;,&quot;score&quot;:&quot;0&quot;,&quot;starsonly&quot;:&quot;&quot;,&quot;best&quot;:&quot;5&quot;,&quot;gap&quot;:&quot;5&quot;,&quot;greet&quot;:&quot;Valora este post&quot;,&quot;legend&quot;:&quot;0\\\/5 - (0 votes)&quot;,&quot;size&quot;:&quot;22&quot;,&quot;title&quot;:&quot;\u00a1Atenci\u00f3n j\u00f3venes! Preservativos gratis antes de fin de a\u00f1o, anuncia Sanidad&quot;,&quot;width&quot;:&quot;0&quot;,&quot;_legend&quot;:&quot;{score}\\\/{best} - ({count} {votes})&quot;,&quot;font_factor&quot;:&quot;1.25&quot;}'>\n            \n<div class=\"kksr-stars\">\n    \n<div class=\"kksr-stars-inactive\">\n            <div class=\"kksr-star\" data-star=\"1\" style=\"padding-right: 5px\">\n            \n\n<div class=\"kksr-icon\" style=\"width: 22px; height: 22px;\"><\/div>\n        <\/div>\n            <div class=\"kksr-star\" data-star=\"2\" style=\"padding-right: 5px\">\n            \n\n<div class=\"kksr-icon\" style=\"width: 22px; height: 22px;\"><\/div>\n        <\/div>\n            <div class=\"kksr-star\" data-star=\"3\" style=\"padding-right: 5px\">\n            \n\n<div class=\"kksr-icon\" style=\"width: 22px; height: 22px;\"><\/div>\n        <\/div>\n            <div class=\"kksr-star\" data-star=\"4\" style=\"padding-right: 5px\">\n            \n\n<div class=\"kksr-icon\" style=\"width: 22px; height: 22px;\"><\/div>\n        <\/div>\n            <div class=\"kksr-star\" data-star=\"5\" style=\"padding-right: 5px\">\n            \n\n<div class=\"kksr-icon\" style=\"width: 22px; height: 22px;\"><\/div>\n        <\/div>\n    <\/div>\n    \n<div class=\"kksr-stars-active\" style=\"width: 0px;\">\n            <div class=\"kksr-star\" style=\"padding-right: 5px\">\n            \n\n<div class=\"kksr-icon\" style=\"width: 22px; height: 22px;\"><\/div>\n        <\/div>\n            <div class=\"kksr-star\" style=\"padding-right: 5px\">\n            \n\n<div class=\"kksr-icon\" style=\"width: 22px; height: 22px;\"><\/div>\n        <\/div>\n            <div class=\"kksr-star\" style=\"padding-right: 5px\">\n            \n\n<div class=\"kksr-icon\" style=\"width: 22px; height: 22px;\"><\/div>\n        <\/div>\n            <div class=\"kksr-star\" style=\"padding-right: 5px\">\n            \n\n<div class=\"kksr-icon\" style=\"width: 22px; height: 22px;\"><\/div>\n        <\/div>\n            <div class=\"kksr-star\" style=\"padding-right: 5px\">\n            \n\n<div class=\"kksr-icon\" style=\"width: 22px; height: 22px;\"><\/div>\n        <\/div>\n    <\/div>\n<\/div>\n                \n\n<div class=\"kksr-legend\" style=\"font-size: 17.6px;\">\n            <span class=\"kksr-muted\">Valora este post<\/span>\n    <\/div>\n    <\/div>\n","protected":false},"excerpt":{"rendered":"<p>El Ministerio de Salud Planea Distribuir Gratis Condones a los J\u00f3venes Antes de que Termine el A\u00f1o En un esfuerzo por fomentar la salud sexual entre &#8230; <a title=\"\u00a1Atenci\u00f3n j\u00f3venes! Preservativos gratis antes de fin de a\u00f1o, anuncia Sanidad\" class=\"read-more\" href=\"https:\/\/www.diario21.tv\/noticias\/atencion-jovenes-preservativos-gratis-antes-de-fin-de-ano-anuncia-sanidad\/\" aria-label=\"Leer m\u00e1s sobre \u00a1Atenci\u00f3n j\u00f3venes! Preservativos gratis antes de fin de a\u00f1o, anuncia Sanidad\">Seguir leyendo &rarr;<\/a><\/p>\n","protected":false},"author":20,"featured_media":4619,"comment_status":"open","ping_status":"open","sticky":false,"template":"","format":"standard","meta":{"footnotes":""},"categories":[13],"tags":[],"class_list":["post-4618","post","type-post","status-publish","format-standard","has-post-thumbnail","hentry","category-portada"],"yoast_head":"<!-- This site is optimized with the Yoast SEO plugin v25.6 - https:\/\/yoast.com\/wordpress\/plugins\/seo\/ -->\n<title>\u00a1Atenci\u00f3n j\u00f3venes! Preservativos gratis antes de fin de a\u00f1o, anuncia Sanidad - Diario 21<\/title>\n<meta name=\"robots\" content=\"index, follow, max-snippet:-1, max-image-preview:large, max-video-preview:-1\" \/>\n<link rel=\"canonical\" href=\"https:\/\/www.diario21.tv\/noticias\/atencion-jovenes-preservativos-gratis-antes-de-fin-de-ano-anuncia-sanidad\/\" \/>\n<meta property=\"og:locale\" content=\"es_ES\" \/>\n<meta property=\"og:type\" content=\"article\" \/>\n<meta property=\"og:title\" content=\"\u00a1Atenci\u00f3n j\u00f3venes! Preservativos gratis antes de fin de a\u00f1o, anuncia Sanidad - Diario 21\" \/>\n<meta property=\"og:description\" content=\"El Ministerio de Salud Planea Distribuir Gratis Condones a los J\u00f3venes Antes de que Termine el A\u00f1o En un esfuerzo por fomentar la salud sexual entre ... Seguir leyendo &rarr;\" \/>\n<meta property=\"og:url\" content=\"https:\/\/www.diario21.tv\/noticias\/atencion-jovenes-preservativos-gratis-antes-de-fin-de-ano-anuncia-sanidad\/\" \/>\n<meta property=\"og:site_name\" content=\"Diario 21\" \/>\n<meta property=\"article:published_time\" content=\"2025-09-24T17:22:56+00:00\" \/>\n<meta property=\"article:modified_time\" content=\"2025-09-24T17:22:57+00:00\" \/>\n<meta property=\"og:image\" content=\"https:\/\/www.diario21.tv\/noticias\/wp-content\/uploads\/2025\/09\/\u00a1Atencion-jovenes-Preservativos-gratis-antes-de-fin-de-ano-anuncia.jpg\" \/>\n\t<meta property=\"og:image:width\" content=\"1200\" \/>\n\t<meta property=\"og:image:height\" content=\"840\" \/>\n\t<meta property=\"og:image:type\" content=\"image\/jpeg\" \/>\n<meta name=\"author\" content=\"Juan P\u00e9rez\" \/>\n<meta name=\"twitter:card\" content=\"summary_large_image\" \/>\n<meta name=\"twitter:label1\" content=\"Escrito por\" \/>\n\t<meta name=\"twitter:data1\" content=\"Juan P\u00e9rez\" \/>\n\t<meta name=\"twitter:label2\" content=\"Tiempo de lectura\" \/>\n\t<meta name=\"twitter:data2\" content=\"2 minutos\" \/>\n<script type=\"application\/ld+json\" class=\"yoast-schema-graph\">{\"@context\":\"https:\/\/schema.org\",\"@graph\":[{\"@type\":\"WebPage\",\"@id\":\"https:\/\/www.diario21.tv\/noticias\/atencion-jovenes-preservativos-gratis-antes-de-fin-de-ano-anuncia-sanidad\/\",\"url\":\"https:\/\/www.diario21.tv\/noticias\/atencion-jovenes-preservativos-gratis-antes-de-fin-de-ano-anuncia-sanidad\/\",\"name\":\"\u00a1Atenci\u00f3n j\u00f3venes! Preservativos gratis antes de fin de a\u00f1o, anuncia Sanidad - Diario 21\",\"isPartOf\":{\"@id\":\"https:\/\/www.diario21.tv\/noticias\/#website\"},\"primaryImageOfPage\":{\"@id\":\"https:\/\/www.diario21.tv\/noticias\/atencion-jovenes-preservativos-gratis-antes-de-fin-de-ano-anuncia-sanidad\/#primaryimage\"},\"image\":{\"@id\":\"https:\/\/www.diario21.tv\/noticias\/atencion-jovenes-preservativos-gratis-antes-de-fin-de-ano-anuncia-sanidad\/#primaryimage\"},\"thumbnailUrl\":\"https:\/\/www.diario21.tv\/noticias\/wp-content\/uploads\/2025\/09\/\u00a1Atencion-jovenes-Preservativos-gratis-antes-de-fin-de-ano-anuncia.jpg\",\"datePublished\":\"2025-09-24T17:22:56+00:00\",\"dateModified\":\"2025-09-24T17:22:57+00:00\",\"author\":{\"@id\":\"https:\/\/www.diario21.tv\/noticias\/#\/schema\/person\/dfb778f73814d8f09f302618446a526b\"},\"breadcrumb\":{\"@id\":\"https:\/\/www.diario21.tv\/noticias\/atencion-jovenes-preservativos-gratis-antes-de-fin-de-ano-anuncia-sanidad\/#breadcrumb\"},\"inLanguage\":\"es-AR\",\"potentialAction\":[{\"@type\":\"ReadAction\",\"target\":[\"https:\/\/www.diario21.tv\/noticias\/atencion-jovenes-preservativos-gratis-antes-de-fin-de-ano-anuncia-sanidad\/\"]}]},{\"@type\":\"ImageObject\",\"inLanguage\":\"es-AR\",\"@id\":\"https:\/\/www.diario21.tv\/noticias\/atencion-jovenes-preservativos-gratis-antes-de-fin-de-ano-anuncia-sanidad\/#primaryimage\",\"url\":\"https:\/\/www.diario21.tv\/noticias\/wp-content\/uploads\/2025\/09\/\u00a1Atencion-jovenes-Preservativos-gratis-antes-de-fin-de-ano-anuncia.jpg\",\"contentUrl\":\"https:\/\/www.diario21.tv\/noticias\/wp-content\/uploads\/2025\/09\/\u00a1Atencion-jovenes-Preservativos-gratis-antes-de-fin-de-ano-anuncia.jpg\",\"width\":1200,\"height\":840,\"caption\":\"Sanidad prev\u00e9 empezar a regalar preservativos a los j\u00f3venes antes de final de a\u00f1o\"},{\"@type\":\"BreadcrumbList\",\"@id\":\"https:\/\/www.diario21.tv\/noticias\/atencion-jovenes-preservativos-gratis-antes-de-fin-de-ano-anuncia-sanidad\/#breadcrumb\",\"itemListElement\":[{\"@type\":\"ListItem\",\"position\":1,\"name\":\"Accueil\",\"item\":\"https:\/\/www.diario21.tv\/noticias\/\"},{\"@type\":\"ListItem\",\"position\":2,\"name\":\"\u00a1Atenci\u00f3n j\u00f3venes! Preservativos gratis antes de fin de a\u00f1o, anuncia Sanidad\"}]},{\"@type\":\"WebSite\",\"@id\":\"https:\/\/www.diario21.tv\/noticias\/#website\",\"url\":\"https:\/\/www.diario21.tv\/noticias\/\",\"name\":\"Diario 21\",\"description\":\"\",\"potentialAction\":[{\"@type\":\"SearchAction\",\"target\":{\"@type\":\"EntryPoint\",\"urlTemplate\":\"https:\/\/www.diario21.tv\/noticias\/?s={search_term_string}\"},\"query-input\":{\"@type\":\"PropertyValueSpecification\",\"valueRequired\":true,\"valueName\":\"search_term_string\"}}],\"inLanguage\":\"es-AR\"},{\"@type\":\"Person\",\"@id\":\"https:\/\/www.diario21.tv\/noticias\/#\/schema\/person\/dfb778f73814d8f09f302618446a526b\",\"name\":\"Juan P\u00e9rez\",\"image\":{\"@type\":\"ImageObject\",\"inLanguage\":\"es-AR\",\"@id\":\"https:\/\/www.diario21.tv\/noticias\/#\/schema\/person\/image\/\",\"url\":\"https:\/\/secure.gravatar.com\/avatar\/c478a405bd10621167f4c3167cc770f5?s=96&d=mm&r=g\",\"contentUrl\":\"https:\/\/secure.gravatar.com\/avatar\/c478a405bd10621167f4c3167cc770f5?s=96&d=mm&r=g\",\"caption\":\"Juan P\u00e9rez\"},\"description\":\"Juan P\u00e9rez es el redactor en jefe de Diario 21. Con m\u00e1s de 10 a\u00f1os de experiencia en el periodismo, se especializa en pol\u00edtica nacional y an\u00e1lisis socioecon\u00f3mico. Su enfoque cr\u00edtico y riguroso aporta una perspectiva \u00fanica a cada art\u00edculo.\",\"sameAs\":[\"https:\/\/www.diario21.tv\/noticias\/\"],\"url\":\"https:\/\/www.diario21.tv\/noticias\/author\/juan-perez\/\"}]}<\/script>\n<!-- \/ Yoast SEO plugin. -->","yoast_head_json":{"title":"\u00a1Atenci\u00f3n j\u00f3venes! Preservativos gratis antes de fin de a\u00f1o, anuncia Sanidad - Diario 21","robots":{"index":"index","follow":"follow","max-snippet":"max-snippet:-1","max-image-preview":"max-image-preview:large","max-video-preview":"max-video-preview:-1"},"canonical":"https:\/\/www.diario21.tv\/noticias\/atencion-jovenes-preservativos-gratis-antes-de-fin-de-ano-anuncia-sanidad\/","og_locale":"es_ES","og_type":"article","og_title":"\u00a1Atenci\u00f3n j\u00f3venes! Preservativos gratis antes de fin de a\u00f1o, anuncia Sanidad - Diario 21","og_description":"El Ministerio de Salud Planea Distribuir Gratis Condones a los J\u00f3venes Antes de que Termine el A\u00f1o En un esfuerzo por fomentar la salud sexual entre ... Seguir leyendo &rarr;","og_url":"https:\/\/www.diario21.tv\/noticias\/atencion-jovenes-preservativos-gratis-antes-de-fin-de-ano-anuncia-sanidad\/","og_site_name":"Diario 21","article_published_time":"2025-09-24T17:22:56+00:00","article_modified_time":"2025-09-24T17:22:57+00:00","og_image":[{"width":1200,"height":840,"url":"https:\/\/www.diario21.tv\/noticias\/wp-content\/uploads\/2025\/09\/\u00a1Atencion-jovenes-Preservativos-gratis-antes-de-fin-de-ano-anuncia.jpg","type":"image\/jpeg"}],"author":"Juan P\u00e9rez","twitter_card":"summary_large_image","twitter_misc":{"Escrito por":"Juan P\u00e9rez","Tiempo de lectura":"2 minutos"},"schema":{"@context":"https:\/\/schema.org","@graph":[{"@type":"WebPage","@id":"https:\/\/www.diario21.tv\/noticias\/atencion-jovenes-preservativos-gratis-antes-de-fin-de-ano-anuncia-sanidad\/","url":"https:\/\/www.diario21.tv\/noticias\/atencion-jovenes-preservativos-gratis-antes-de-fin-de-ano-anuncia-sanidad\/","name":"\u00a1Atenci\u00f3n j\u00f3venes! Preservativos gratis antes de fin de a\u00f1o, anuncia Sanidad - Diario 21","isPartOf":{"@id":"https:\/\/www.diario21.tv\/noticias\/#website"},"primaryImageOfPage":{"@id":"https:\/\/www.diario21.tv\/noticias\/atencion-jovenes-preservativos-gratis-antes-de-fin-de-ano-anuncia-sanidad\/#primaryimage"},"image":{"@id":"https:\/\/www.diario21.tv\/noticias\/atencion-jovenes-preservativos-gratis-antes-de-fin-de-ano-anuncia-sanidad\/#primaryimage"},"thumbnailUrl":"https:\/\/www.diario21.tv\/noticias\/wp-content\/uploads\/2025\/09\/\u00a1Atencion-jovenes-Preservativos-gratis-antes-de-fin-de-ano-anuncia.jpg","datePublished":"2025-09-24T17:22:56+00:00","dateModified":"2025-09-24T17:22:57+00:00","author":{"@id":"https:\/\/www.diario21.tv\/noticias\/#\/schema\/person\/dfb778f73814d8f09f302618446a526b"},"breadcrumb":{"@id":"https:\/\/www.diario21.tv\/noticias\/atencion-jovenes-preservativos-gratis-antes-de-fin-de-ano-anuncia-sanidad\/#breadcrumb"},"inLanguage":"es-AR","potentialAction":[{"@type":"ReadAction","target":["https:\/\/www.diario21.tv\/noticias\/atencion-jovenes-preservativos-gratis-antes-de-fin-de-ano-anuncia-sanidad\/"]}]},{"@type":"ImageObject","inLanguage":"es-AR","@id":"https:\/\/www.diario21.tv\/noticias\/atencion-jovenes-preservativos-gratis-antes-de-fin-de-ano-anuncia-sanidad\/#primaryimage","url":"https:\/\/www.diario21.tv\/noticias\/wp-content\/uploads\/2025\/09\/\u00a1Atencion-jovenes-Preservativos-gratis-antes-de-fin-de-ano-anuncia.jpg","contentUrl":"https:\/\/www.diario21.tv\/noticias\/wp-content\/uploads\/2025\/09\/\u00a1Atencion-jovenes-Preservativos-gratis-antes-de-fin-de-ano-anuncia.jpg","width":1200,"height":840,"caption":"Sanidad prev\u00e9 empezar a regalar preservativos a los j\u00f3venes antes de final de a\u00f1o"},{"@type":"BreadcrumbList","@id":"https:\/\/www.diario21.tv\/noticias\/atencion-jovenes-preservativos-gratis-antes-de-fin-de-ano-anuncia-sanidad\/#breadcrumb","itemListElement":[{"@type":"ListItem","position":1,"name":"Accueil","item":"https:\/\/www.diario21.tv\/noticias\/"},{"@type":"ListItem","position":2,"name":"\u00a1Atenci\u00f3n j\u00f3venes! Preservativos gratis antes de fin de a\u00f1o, anuncia Sanidad"}]},{"@type":"WebSite","@id":"https:\/\/www.diario21.tv\/noticias\/#website","url":"https:\/\/www.diario21.tv\/noticias\/","name":"Diario 21","description":"","potentialAction":[{"@type":"SearchAction","target":{"@type":"EntryPoint","urlTemplate":"https:\/\/www.diario21.tv\/noticias\/?s={search_term_string}"},"query-input":{"@type":"PropertyValueSpecification","valueRequired":true,"valueName":"search_term_string"}}],"inLanguage":"es-AR"},{"@type":"Person","@id":"https:\/\/www.diario21.tv\/noticias\/#\/schema\/person\/dfb778f73814d8f09f302618446a526b","name":"Juan P\u00e9rez","image":{"@type":"ImageObject","inLanguage":"es-AR","@id":"https:\/\/www.diario21.tv\/noticias\/#\/schema\/person\/image\/","url":"https:\/\/secure.gravatar.com\/avatar\/c478a405bd10621167f4c3167cc770f5?s=96&d=mm&r=g","contentUrl":"https:\/\/secure.gravatar.com\/avatar\/c478a405bd10621167f4c3167cc770f5?s=96&d=mm&r=g","caption":"Juan P\u00e9rez"},"description":"Juan P\u00e9rez es el redactor en jefe de Diario 21. Con m\u00e1s de 10 a\u00f1os de experiencia en el periodismo, se especializa en pol\u00edtica nacional y an\u00e1lisis socioecon\u00f3mico. Su enfoque cr\u00edtico y riguroso aporta una perspectiva \u00fanica a cada art\u00edculo.","sameAs":["https:\/\/www.diario21.tv\/noticias\/"],"url":"https:\/\/www.diario21.tv\/noticias\/author\/juan-perez\/"}]}},"_links":{"self":[{"href":"https:\/\/www.diario21.tv\/noticias\/wp-json\/wp\/v2\/posts\/4618"}],"collection":[{"href":"https:\/\/www.diario21.tv\/noticias\/wp-json\/wp\/v2\/posts"}],"about":[{"href":"https:\/\/www.diario21.tv\/noticias\/wp-json\/wp\/v2\/types\/post"}],"author":[{"embeddable":true,"href":"https:\/\/www.diario21.tv\/noticias\/wp-json\/wp\/v2\/users\/20"}],"replies":[{"embeddable":true,"href":"https:\/\/www.diario21.tv\/noticias\/wp-json\/wp\/v2\/comments?post=4618"}],"version-history":[{"count":1,"href":"https:\/\/www.diario21.tv\/noticias\/wp-json\/wp\/v2\/posts\/4618\/revisions"}],"predecessor-version":[{"id":4620,"href":"https:\/\/www.diario21.tv\/noticias\/wp-json\/wp\/v2\/posts\/4618\/revisions\/4620"}],"wp:featuredmedia":[{"embeddable":true,"href":"https:\/\/www.diario21.tv\/noticias\/wp-json\/wp\/v2\/media\/4619"}],"wp:attachment":[{"href":"https:\/\/www.diario21.tv\/noticias\/wp-json\/wp\/v2\/media?parent=4618"}],"wp:term":[{"taxonomy":"category","embeddable":true,"href":"https:\/\/www.diario21.tv\/noticias\/wp-json\/wp\/v2\/categories?post=4618"},{"taxonomy":"post_tag","embeddable":true,"href":"https:\/\/www.diario21.tv\/noticias\/wp-json\/wp\/v2\/tags?post=4618"}],"curies":[{"name":"wp","href":"https:\/\/api.w.org\/{rel}","templated":true}]}}