{"id":4612,"date":"2025-09-24T05:20:09","date_gmt":"2025-09-24T05:20:09","guid":{"rendered":"https:\/\/www.diario21.tv\/noticias\/increible-espana-lidera-la-union-europea-en-esperanza-de-vida-al-nacer\/"},"modified":"2025-09-24T05:20:11","modified_gmt":"2025-09-24T05:20:11","slug":"increible-espana-lidera-la-union-europea-en-esperanza-de-vida-al-nacer","status":"publish","type":"post","link":"https:\/\/www.diario21.tv\/noticias\/increible-espana-lidera-la-union-europea-en-esperanza-de-vida-al-nacer\/","title":{"rendered":"\u00a1Incre\u00edble! Espa\u00f1a lidera la Uni\u00f3n Europea en esperanza de vida al nacer."},"content":{"rendered":"<h2>La Longevidad en Espa\u00f1a Sobresale en la Uni\u00f3n Europea<\/h2>\n<p>Espa\u00f1a se ha colocado en la cima de la Uni\u00f3n Europea en t\u00e9rminos de esperanza de vida al momento de nacer, seg\u00fan los \u00faltimos estudios y estad\u00edsticas. Este indicador, que refleja cu\u00e1ntos a\u00f1os se espera, en promedio, que viva una persona desde su nacimiento bajo las condiciones de salud y econ\u00f3micas actuales, es un reflejo de diversos factores que incluyen el sistema de salud, la dieta, y otros h\u00e1bitos de vida.<\/p>\n<h3>\u00bfQu\u00e9 Contribuye a Esta Alta Esperanza de Vida?<\/h3>\n<p>Varios elementos se combinan para explicar por qu\u00e9 los espa\u00f1oles disfrutan de una esperanza de vida tan elevada. En primer lugar, el sistema de salud en Espa\u00f1a es altamente accesible y de gran calidad, proporcionando servicios preventivos y tratamientos avanzados a su poblaci\u00f3n. Adem\u00e1s, la dieta mediterr\u00e1nea, conocida por sus beneficios en la salud cardiovascular y general, es una pr\u00e1ctica com\u00fan en el pa\u00eds. Esta dieta enfatiza el consumo de aceite de oliva, frutas, verduras, cereales y pescado, todos ingredientes que contribuyen a una vida m\u00e1s larga y saludable.<\/p>\n<p>El estilo de vida tambi\u00e9n juega un papel crucial. En Espa\u00f1a, las ciudades y pueblos est\u00e1n dise\u00f1ados para fomentar la caminata y el uso de bicicletas. El clima favorable invita a los ciudadanos a pasar m\u00e1s tiempo al aire libre, lo que promueve un estilo de vida activo. Adem\u00e1s, la cultura espa\u00f1ola valora altamente la vida social y comunitaria, aspectos que tienen efectos positivos en la salud mental y emocional.<\/p>\n<h3>Comparaci\u00f3n con Otros Pa\u00edses de la Uni\u00f3n Europea<\/h3>\n<p>Mientras que Espa\u00f1a lidera en este aspecto, otros pa\u00edses de la Uni\u00f3n Europea tambi\u00e9n muestran cifras impresionantes de esperanza de vida, aunque ligeramente inferiores. Pa\u00edses como Italia, Francia y Suecia siguen de cerca, con sistemas de salud robustos y pol\u00edticas que promueven h\u00e1bitos de vida saludables entre sus ciudadanos. Sin embargo, es Espa\u00f1a la que consistentemente se ha mantenido en la cima en los \u00faltimos a\u00f1os, gracias a la combinaci\u00f3n de su sistema de salud, dieta y cultura.<\/p>\n<h3>Desaf\u00edos Futuros<\/h3>\n<p>A pesar de estos resultados positivos, Espa\u00f1a, al igual que otros pa\u00edses, enfrenta desaf\u00edos que podr\u00edan afectar su posici\u00f3n en el futuro. El envejecimiento de la poblaci\u00f3n es un factor considerable, ya que requiere de una adaptaci\u00f3n en los servicios de salud y un aumento en el cuidado de los mayores. Adem\u00e1s, las desigualdades econ\u00f3micas y sociales, as\u00ed como los cambios en los h\u00e1bitos de vida hacia patrones menos saludables, podr\u00edan impactar negativamente la esperanza de vida.<\/p>\n<p>Para mantener su liderazgo, ser\u00e1 crucial que Espa\u00f1a contin\u00fae invirtiendo en salud p\u00fablica y promueva activamente estilos de vida saludables entre sus j\u00f3venes y adultos. Solo as\u00ed podr\u00e1 asegurar que las futuras generaciones tambi\u00e9n disfruten de una larga y saludable vida, manteniendo el prestigio del pa\u00eds en este importante indicador de bienestar humano.<\/p>\n\n\n<div class=\"kk-star-ratings kksr-auto kksr-align-left kksr-valign-bottom\"\n    data-payload='{&quot;align&quot;:&quot;left&quot;,&quot;id&quot;:&quot;4612&quot;,&quot;slug&quot;:&quot;default&quot;,&quot;valign&quot;:&quot;bottom&quot;,&quot;ignore&quot;:&quot;&quot;,&quot;reference&quot;:&quot;auto&quot;,&quot;class&quot;:&quot;&quot;,&quot;count&quot;:&quot;0&quot;,&quot;legendonly&quot;:&quot;&quot;,&quot;readonly&quot;:&quot;&quot;,&quot;score&quot;:&quot;0&quot;,&quot;starsonly&quot;:&quot;&quot;,&quot;best&quot;:&quot;5&quot;,&quot;gap&quot;:&quot;5&quot;,&quot;greet&quot;:&quot;Valora este post&quot;,&quot;legend&quot;:&quot;0\\\/5 - (0 votes)&quot;,&quot;size&quot;:&quot;22&quot;,&quot;title&quot;:&quot;\u00a1Incre\u00edble! Espa\u00f1a lidera la Uni\u00f3n Europea en esperanza de vida al nacer.&quot;,&quot;width&quot;:&quot;0&quot;,&quot;_legend&quot;:&quot;{score}\\\/{best} - ({count} {votes})&quot;,&quot;font_factor&quot;:&quot;1.25&quot;}'>\n            \n<div class=\"kksr-stars\">\n    \n<div class=\"kksr-stars-inactive\">\n            <div class=\"kksr-star\" data-star=\"1\" style=\"padding-right: 5px\">\n            \n\n<div class=\"kksr-icon\" style=\"width: 22px; height: 22px;\"><\/div>\n        <\/div>\n            <div class=\"kksr-star\" data-star=\"2\" style=\"padding-right: 5px\">\n            \n\n<div class=\"kksr-icon\" style=\"width: 22px; height: 22px;\"><\/div>\n        <\/div>\n            <div class=\"kksr-star\" data-star=\"3\" style=\"padding-right: 5px\">\n            \n\n<div class=\"kksr-icon\" style=\"width: 22px; height: 22px;\"><\/div>\n        <\/div>\n            <div class=\"kksr-star\" data-star=\"4\" style=\"padding-right: 5px\">\n            \n\n<div class=\"kksr-icon\" style=\"width: 22px; height: 22px;\"><\/div>\n        <\/div>\n            <div class=\"kksr-star\" data-star=\"5\" style=\"padding-right: 5px\">\n            \n\n<div class=\"kksr-icon\" style=\"width: 22px; height: 22px;\"><\/div>\n        <\/div>\n    <\/div>\n    \n<div class=\"kksr-stars-active\" style=\"width: 0px;\">\n            <div class=\"kksr-star\" style=\"padding-right: 5px\">\n            \n\n<div class=\"kksr-icon\" style=\"width: 22px; height: 22px;\"><\/div>\n        <\/div>\n            <div class=\"kksr-star\" style=\"padding-right: 5px\">\n            \n\n<div class=\"kksr-icon\" style=\"width: 22px; height: 22px;\"><\/div>\n        <\/div>\n            <div class=\"kksr-star\" style=\"padding-right: 5px\">\n            \n\n<div class=\"kksr-icon\" style=\"width: 22px; height: 22px;\"><\/div>\n        <\/div>\n            <div class=\"kksr-star\" style=\"padding-right: 5px\">\n            \n\n<div class=\"kksr-icon\" style=\"width: 22px; height: 22px;\"><\/div>\n        <\/div>\n            <div class=\"kksr-star\" style=\"padding-right: 5px\">\n            \n\n<div class=\"kksr-icon\" style=\"width: 22px; height: 22px;\"><\/div>\n        <\/div>\n    <\/div>\n<\/div>\n                \n\n<div class=\"kksr-legend\" style=\"font-size: 17.6px;\">\n            <span class=\"kksr-muted\">Valora este post<\/span>\n    <\/div>\n    <\/div>\n","protected":false},"excerpt":{"rendered":"<p>La Longevidad en Espa\u00f1a Sobresale en la Uni\u00f3n Europea Espa\u00f1a se ha colocado en la cima de la Uni\u00f3n Europea en t\u00e9rminos de esperanza de vida &#8230; <a title=\"\u00a1Incre\u00edble! Espa\u00f1a lidera la Uni\u00f3n Europea en esperanza de vida al nacer.\" class=\"read-more\" href=\"https:\/\/www.diario21.tv\/noticias\/increible-espana-lidera-la-union-europea-en-esperanza-de-vida-al-nacer\/\" aria-label=\"Leer m\u00e1s sobre \u00a1Incre\u00edble! Espa\u00f1a lidera la Uni\u00f3n Europea en esperanza de vida al nacer.\">Seguir leyendo &rarr;<\/a><\/p>\n","protected":false},"author":20,"featured_media":4613,"comment_status":"open","ping_status":"open","sticky":false,"template":"","format":"standard","meta":{"footnotes":""},"categories":[13],"tags":[],"class_list":["post-4612","post","type-post","status-publish","format-standard","has-post-thumbnail","hentry","category-portada"],"yoast_head":"<!-- This site is optimized with the Yoast SEO plugin v25.6 - https:\/\/yoast.com\/wordpress\/plugins\/seo\/ -->\n<title>\u00a1Incre\u00edble! Espa\u00f1a lidera la Uni\u00f3n Europea en esperanza de vida al nacer. - Diario 21<\/title>\n<meta name=\"robots\" content=\"index, follow, max-snippet:-1, max-image-preview:large, max-video-preview:-1\" \/>\n<link rel=\"canonical\" href=\"https:\/\/www.diario21.tv\/noticias\/increible-espana-lidera-la-union-europea-en-esperanza-de-vida-al-nacer\/\" \/>\n<meta property=\"og:locale\" content=\"es_ES\" \/>\n<meta property=\"og:type\" content=\"article\" \/>\n<meta property=\"og:title\" content=\"\u00a1Incre\u00edble! Espa\u00f1a lidera la Uni\u00f3n Europea en esperanza de vida al nacer. - Diario 21\" \/>\n<meta property=\"og:description\" content=\"La Longevidad en Espa\u00f1a Sobresale en la Uni\u00f3n Europea Espa\u00f1a se ha colocado en la cima de la Uni\u00f3n Europea en t\u00e9rminos de esperanza de vida ... Seguir leyendo &rarr;\" \/>\n<meta property=\"og:url\" content=\"https:\/\/www.diario21.tv\/noticias\/increible-espana-lidera-la-union-europea-en-esperanza-de-vida-al-nacer\/\" \/>\n<meta property=\"og:site_name\" content=\"Diario 21\" \/>\n<meta property=\"article:published_time\" content=\"2025-09-24T05:20:09+00:00\" \/>\n<meta property=\"article:modified_time\" content=\"2025-09-24T05:20:11+00:00\" \/>\n<meta property=\"og:image\" content=\"https:\/\/www.diario21.tv\/noticias\/wp-content\/uploads\/2025\/09\/\u00a1Increible-Espana-lidera-la-Union-Europea-en-esperanza-de-vida.jpg\" \/>\n\t<meta property=\"og:image:width\" content=\"1200\" \/>\n\t<meta property=\"og:image:height\" content=\"840\" \/>\n\t<meta property=\"og:image:type\" content=\"image\/jpeg\" \/>\n<meta name=\"author\" content=\"Juan P\u00e9rez\" \/>\n<meta name=\"twitter:card\" content=\"summary_large_image\" \/>\n<meta name=\"twitter:label1\" content=\"Escrito por\" \/>\n\t<meta name=\"twitter:data1\" content=\"Juan P\u00e9rez\" \/>\n\t<meta name=\"twitter:label2\" content=\"Tiempo de lectura\" \/>\n\t<meta name=\"twitter:data2\" content=\"3 minutos\" \/>\n<script type=\"application\/ld+json\" class=\"yoast-schema-graph\">{\"@context\":\"https:\/\/schema.org\",\"@graph\":[{\"@type\":\"WebPage\",\"@id\":\"https:\/\/www.diario21.tv\/noticias\/increible-espana-lidera-la-union-europea-en-esperanza-de-vida-al-nacer\/\",\"url\":\"https:\/\/www.diario21.tv\/noticias\/increible-espana-lidera-la-union-europea-en-esperanza-de-vida-al-nacer\/\",\"name\":\"\u00a1Incre\u00edble! Espa\u00f1a lidera la Uni\u00f3n Europea en esperanza de vida al nacer. - Diario 21\",\"isPartOf\":{\"@id\":\"https:\/\/www.diario21.tv\/noticias\/#website\"},\"primaryImageOfPage\":{\"@id\":\"https:\/\/www.diario21.tv\/noticias\/increible-espana-lidera-la-union-europea-en-esperanza-de-vida-al-nacer\/#primaryimage\"},\"image\":{\"@id\":\"https:\/\/www.diario21.tv\/noticias\/increible-espana-lidera-la-union-europea-en-esperanza-de-vida-al-nacer\/#primaryimage\"},\"thumbnailUrl\":\"https:\/\/www.diario21.tv\/noticias\/wp-content\/uploads\/2025\/09\/\u00a1Increible-Espana-lidera-la-Union-Europea-en-esperanza-de-vida.jpg\",\"datePublished\":\"2025-09-24T05:20:09+00:00\",\"dateModified\":\"2025-09-24T05:20:11+00:00\",\"author\":{\"@id\":\"https:\/\/www.diario21.tv\/noticias\/#\/schema\/person\/dfb778f73814d8f09f302618446a526b\"},\"breadcrumb\":{\"@id\":\"https:\/\/www.diario21.tv\/noticias\/increible-espana-lidera-la-union-europea-en-esperanza-de-vida-al-nacer\/#breadcrumb\"},\"inLanguage\":\"es-AR\",\"potentialAction\":[{\"@type\":\"ReadAction\",\"target\":[\"https:\/\/www.diario21.tv\/noticias\/increible-espana-lidera-la-union-europea-en-esperanza-de-vida-al-nacer\/\"]}]},{\"@type\":\"ImageObject\",\"inLanguage\":\"es-AR\",\"@id\":\"https:\/\/www.diario21.tv\/noticias\/increible-espana-lidera-la-union-europea-en-esperanza-de-vida-al-nacer\/#primaryimage\",\"url\":\"https:\/\/www.diario21.tv\/noticias\/wp-content\/uploads\/2025\/09\/\u00a1Increible-Espana-lidera-la-Union-Europea-en-esperanza-de-vida.jpg\",\"contentUrl\":\"https:\/\/www.diario21.tv\/noticias\/wp-content\/uploads\/2025\/09\/\u00a1Increible-Espana-lidera-la-Union-Europea-en-esperanza-de-vida.jpg\",\"width\":1200,\"height\":840,\"caption\":\"Espa\u00f1a disfruta de la mayor esperanza de vida al nacer de toda la Uni\u00f3n Europea\"},{\"@type\":\"BreadcrumbList\",\"@id\":\"https:\/\/www.diario21.tv\/noticias\/increible-espana-lidera-la-union-europea-en-esperanza-de-vida-al-nacer\/#breadcrumb\",\"itemListElement\":[{\"@type\":\"ListItem\",\"position\":1,\"name\":\"Accueil\",\"item\":\"https:\/\/www.diario21.tv\/noticias\/\"},{\"@type\":\"ListItem\",\"position\":2,\"name\":\"\u00a1Incre\u00edble! Espa\u00f1a lidera la Uni\u00f3n Europea en esperanza de vida al nacer.\"}]},{\"@type\":\"WebSite\",\"@id\":\"https:\/\/www.diario21.tv\/noticias\/#website\",\"url\":\"https:\/\/www.diario21.tv\/noticias\/\",\"name\":\"Diario 21\",\"description\":\"\",\"potentialAction\":[{\"@type\":\"SearchAction\",\"target\":{\"@type\":\"EntryPoint\",\"urlTemplate\":\"https:\/\/www.diario21.tv\/noticias\/?s={search_term_string}\"},\"query-input\":{\"@type\":\"PropertyValueSpecification\",\"valueRequired\":true,\"valueName\":\"search_term_string\"}}],\"inLanguage\":\"es-AR\"},{\"@type\":\"Person\",\"@id\":\"https:\/\/www.diario21.tv\/noticias\/#\/schema\/person\/dfb778f73814d8f09f302618446a526b\",\"name\":\"Juan P\u00e9rez\",\"image\":{\"@type\":\"ImageObject\",\"inLanguage\":\"es-AR\",\"@id\":\"https:\/\/www.diario21.tv\/noticias\/#\/schema\/person\/image\/\",\"url\":\"https:\/\/secure.gravatar.com\/avatar\/c478a405bd10621167f4c3167cc770f5?s=96&d=mm&r=g\",\"contentUrl\":\"https:\/\/secure.gravatar.com\/avatar\/c478a405bd10621167f4c3167cc770f5?s=96&d=mm&r=g\",\"caption\":\"Juan P\u00e9rez\"},\"description\":\"Juan P\u00e9rez es el redactor en jefe de Diario 21. Con m\u00e1s de 10 a\u00f1os de experiencia en el periodismo, se especializa en pol\u00edtica nacional y an\u00e1lisis socioecon\u00f3mico. Su enfoque cr\u00edtico y riguroso aporta una perspectiva \u00fanica a cada art\u00edculo.\",\"sameAs\":[\"https:\/\/www.diario21.tv\/noticias\/\"],\"url\":\"https:\/\/www.diario21.tv\/noticias\/author\/juan-perez\/\"}]}<\/script>\n<!-- \/ Yoast SEO plugin. -->","yoast_head_json":{"title":"\u00a1Incre\u00edble! Espa\u00f1a lidera la Uni\u00f3n Europea en esperanza de vida al nacer. - Diario 21","robots":{"index":"index","follow":"follow","max-snippet":"max-snippet:-1","max-image-preview":"max-image-preview:large","max-video-preview":"max-video-preview:-1"},"canonical":"https:\/\/www.diario21.tv\/noticias\/increible-espana-lidera-la-union-europea-en-esperanza-de-vida-al-nacer\/","og_locale":"es_ES","og_type":"article","og_title":"\u00a1Incre\u00edble! Espa\u00f1a lidera la Uni\u00f3n Europea en esperanza de vida al nacer. - Diario 21","og_description":"La Longevidad en Espa\u00f1a Sobresale en la Uni\u00f3n Europea Espa\u00f1a se ha colocado en la cima de la Uni\u00f3n Europea en t\u00e9rminos de esperanza de vida ... Seguir leyendo &rarr;","og_url":"https:\/\/www.diario21.tv\/noticias\/increible-espana-lidera-la-union-europea-en-esperanza-de-vida-al-nacer\/","og_site_name":"Diario 21","article_published_time":"2025-09-24T05:20:09+00:00","article_modified_time":"2025-09-24T05:20:11+00:00","og_image":[{"width":1200,"height":840,"url":"https:\/\/www.diario21.tv\/noticias\/wp-content\/uploads\/2025\/09\/\u00a1Increible-Espana-lidera-la-Union-Europea-en-esperanza-de-vida.jpg","type":"image\/jpeg"}],"author":"Juan P\u00e9rez","twitter_card":"summary_large_image","twitter_misc":{"Escrito por":"Juan P\u00e9rez","Tiempo de lectura":"3 minutos"},"schema":{"@context":"https:\/\/schema.org","@graph":[{"@type":"WebPage","@id":"https:\/\/www.diario21.tv\/noticias\/increible-espana-lidera-la-union-europea-en-esperanza-de-vida-al-nacer\/","url":"https:\/\/www.diario21.tv\/noticias\/increible-espana-lidera-la-union-europea-en-esperanza-de-vida-al-nacer\/","name":"\u00a1Incre\u00edble! Espa\u00f1a lidera la Uni\u00f3n Europea en esperanza de vida al nacer. - Diario 21","isPartOf":{"@id":"https:\/\/www.diario21.tv\/noticias\/#website"},"primaryImageOfPage":{"@id":"https:\/\/www.diario21.tv\/noticias\/increible-espana-lidera-la-union-europea-en-esperanza-de-vida-al-nacer\/#primaryimage"},"image":{"@id":"https:\/\/www.diario21.tv\/noticias\/increible-espana-lidera-la-union-europea-en-esperanza-de-vida-al-nacer\/#primaryimage"},"thumbnailUrl":"https:\/\/www.diario21.tv\/noticias\/wp-content\/uploads\/2025\/09\/\u00a1Increible-Espana-lidera-la-Union-Europea-en-esperanza-de-vida.jpg","datePublished":"2025-09-24T05:20:09+00:00","dateModified":"2025-09-24T05:20:11+00:00","author":{"@id":"https:\/\/www.diario21.tv\/noticias\/#\/schema\/person\/dfb778f73814d8f09f302618446a526b"},"breadcrumb":{"@id":"https:\/\/www.diario21.tv\/noticias\/increible-espana-lidera-la-union-europea-en-esperanza-de-vida-al-nacer\/#breadcrumb"},"inLanguage":"es-AR","potentialAction":[{"@type":"ReadAction","target":["https:\/\/www.diario21.tv\/noticias\/increible-espana-lidera-la-union-europea-en-esperanza-de-vida-al-nacer\/"]}]},{"@type":"ImageObject","inLanguage":"es-AR","@id":"https:\/\/www.diario21.tv\/noticias\/increible-espana-lidera-la-union-europea-en-esperanza-de-vida-al-nacer\/#primaryimage","url":"https:\/\/www.diario21.tv\/noticias\/wp-content\/uploads\/2025\/09\/\u00a1Increible-Espana-lidera-la-Union-Europea-en-esperanza-de-vida.jpg","contentUrl":"https:\/\/www.diario21.tv\/noticias\/wp-content\/uploads\/2025\/09\/\u00a1Increible-Espana-lidera-la-Union-Europea-en-esperanza-de-vida.jpg","width":1200,"height":840,"caption":"Espa\u00f1a disfruta de la mayor esperanza de vida al nacer de toda la Uni\u00f3n Europea"},{"@type":"BreadcrumbList","@id":"https:\/\/www.diario21.tv\/noticias\/increible-espana-lidera-la-union-europea-en-esperanza-de-vida-al-nacer\/#breadcrumb","itemListElement":[{"@type":"ListItem","position":1,"name":"Accueil","item":"https:\/\/www.diario21.tv\/noticias\/"},{"@type":"ListItem","position":2,"name":"\u00a1Incre\u00edble! Espa\u00f1a lidera la Uni\u00f3n Europea en esperanza de vida al nacer."}]},{"@type":"WebSite","@id":"https:\/\/www.diario21.tv\/noticias\/#website","url":"https:\/\/www.diario21.tv\/noticias\/","name":"Diario 21","description":"","potentialAction":[{"@type":"SearchAction","target":{"@type":"EntryPoint","urlTemplate":"https:\/\/www.diario21.tv\/noticias\/?s={search_term_string}"},"query-input":{"@type":"PropertyValueSpecification","valueRequired":true,"valueName":"search_term_string"}}],"inLanguage":"es-AR"},{"@type":"Person","@id":"https:\/\/www.diario21.tv\/noticias\/#\/schema\/person\/dfb778f73814d8f09f302618446a526b","name":"Juan P\u00e9rez","image":{"@type":"ImageObject","inLanguage":"es-AR","@id":"https:\/\/www.diario21.tv\/noticias\/#\/schema\/person\/image\/","url":"https:\/\/secure.gravatar.com\/avatar\/c478a405bd10621167f4c3167cc770f5?s=96&d=mm&r=g","contentUrl":"https:\/\/secure.gravatar.com\/avatar\/c478a405bd10621167f4c3167cc770f5?s=96&d=mm&r=g","caption":"Juan P\u00e9rez"},"description":"Juan P\u00e9rez es el redactor en jefe de Diario 21. Con m\u00e1s de 10 a\u00f1os de experiencia en el periodismo, se especializa en pol\u00edtica nacional y an\u00e1lisis socioecon\u00f3mico. Su enfoque cr\u00edtico y riguroso aporta una perspectiva \u00fanica a cada art\u00edculo.","sameAs":["https:\/\/www.diario21.tv\/noticias\/"],"url":"https:\/\/www.diario21.tv\/noticias\/author\/juan-perez\/"}]}},"_links":{"self":[{"href":"https:\/\/www.diario21.tv\/noticias\/wp-json\/wp\/v2\/posts\/4612"}],"collection":[{"href":"https:\/\/www.diario21.tv\/noticias\/wp-json\/wp\/v2\/posts"}],"about":[{"href":"https:\/\/www.diario21.tv\/noticias\/wp-json\/wp\/v2\/types\/post"}],"author":[{"embeddable":true,"href":"https:\/\/www.diario21.tv\/noticias\/wp-json\/wp\/v2\/users\/20"}],"replies":[{"embeddable":true,"href":"https:\/\/www.diario21.tv\/noticias\/wp-json\/wp\/v2\/comments?post=4612"}],"version-history":[{"count":1,"href":"https:\/\/www.diario21.tv\/noticias\/wp-json\/wp\/v2\/posts\/4612\/revisions"}],"predecessor-version":[{"id":4614,"href":"https:\/\/www.diario21.tv\/noticias\/wp-json\/wp\/v2\/posts\/4612\/revisions\/4614"}],"wp:featuredmedia":[{"embeddable":true,"href":"https:\/\/www.diario21.tv\/noticias\/wp-json\/wp\/v2\/media\/4613"}],"wp:attachment":[{"href":"https:\/\/www.diario21.tv\/noticias\/wp-json\/wp\/v2\/media?parent=4612"}],"wp:term":[{"taxonomy":"category","embeddable":true,"href":"https:\/\/www.diario21.tv\/noticias\/wp-json\/wp\/v2\/categories?post=4612"},{"taxonomy":"post_tag","embeddable":true,"href":"https:\/\/www.diario21.tv\/noticias\/wp-json\/wp\/v2\/tags?post=4612"}],"curies":[{"name":"wp","href":"https:\/\/api.w.org\/{rel}","templated":true}]}}