{"id":4609,"date":"2025-09-23T23:18:17","date_gmt":"2025-09-23T23:18:17","guid":{"rendered":"https:\/\/www.diario21.tv\/noticias\/descubierto-el-segundo-cuerpo-tras-intensas-lluvias-en-barcelona-detalles-impactantes\/"},"modified":"2025-09-23T23:18:18","modified_gmt":"2025-09-23T23:18:18","slug":"descubierto-el-segundo-cuerpo-tras-intensas-lluvias-en-barcelona-detalles-impactantes","status":"publish","type":"post","link":"https:\/\/www.diario21.tv\/noticias\/descubierto-el-segundo-cuerpo-tras-intensas-lluvias-en-barcelona-detalles-impactantes\/","title":{"rendered":"Descubierto el segundo cuerpo tras intensas lluvias en Barcelona: \u00a1detalles impactantes!"},"content":{"rendered":"<h2>Hallan el Cad\u00e1ver de la Segunda Persona Fallecida Debido a las Intensas Precipitaciones en Barcelona<\/h2>\n<p>En un lamentable suceso, las autoridades confirmaron el descubrimiento del cuerpo sin vida de la segunda v\u00edctima ocasionada por las severas lluvias que han azotado a Barcelona recientemente. Este acontecimiento ha aumentado la consternaci\u00f3n entre los habitantes de la regi\u00f3n, quienes ya hab\u00edan sido testigos de la p\u00e9rdida de una vida anterior bajo circunstancias similares.<\/p>\n<h3>Detalles del Hallazgo<\/h3>\n<p>El cuerpo fue encontrado en una zona afectada por las inundaciones, donde los equipos de rescate han estado trabajando incansablemente para buscar a posibles v\u00edctimas y prestar ayuda. Seg\u00fan los informes preliminares, la v\u00edctima es un adulto, aunque a\u00fan no se han proporcionado detalles adicionales sobre su identidad. Las autoridades han iniciado una investigaci\u00f3n para determinar las circunstancias exactas de la muerte y confirmar si est\u00e1 directamente relacionada con las inclemencias del tiempo.<\/p>\n<h3>Respuesta de las Autoridades<\/h3>\n<p>Ante esta tragedia, las autoridades locales han intensificado sus esfuerzos para responder a la emergencia. El sistema de alerta temprana se ha activado para prevenir a los ciudadanos sobre posibles riesgos y se han establecido centros de evacuaci\u00f3n para aquellos en \u00e1reas m\u00e1s vulnerables. Tambi\u00e9n se ha incrementado la presencia de equipos de emergencia en las calles para ofrecer asistencia inmediata y evitar que la situaci\u00f3n empeore.<\/p>\n<h3>Impacto en la Comunidad<\/h3>\n<p>La comunidad local ha reaccionado con gran tristeza y preocupaci\u00f3n tras la confirmaci\u00f3n de esta segunda muerte. Muchos ciudadanos han comenzado a colaborar con las autoridades, ofreciendo su apoyo y asistencia para las tareas de rescate y ayuda. Adem\u00e1s, se han organizado varias iniciativas comunitarias para proporcionar refugio y alimentos a los afectados por las inundaciones.<\/p>\n<h3>Medidas de Precauci\u00f3n y Recomendaciones<\/h3>\n<p>El gobierno local ha emitido recomendaciones para que los residentes tomen medidas de precauci\u00f3n adicionales mientras dure la temporada de lluvias. Se aconseja evitar \u00e1reas propensas a inundaciones, seguir las actualizaciones de las autoridades a trav\u00e9s de medios oficiales y preparar kits de emergencia en caso de necesidad. La prioridad es garantizar la seguridad de todos los habitantes y minimizar los riesgos de m\u00e1s incidentes.<\/p>\n<p>Este tr\u00e1gico evento ha puesto de relieve la importancia de la preparaci\u00f3n y respuesta r\u00e1pida en situaciones de desastre natural. Mientras la comunidad y las autoridades contin\u00faan lidiando con las consecuencias de las lluvias torrenciales, el recuerdo de las vidas perdidas permanece como un sombr\u00edo recordatorio de la fuerza de la naturaleza.<\/p>\n\n\n<div class=\"kk-star-ratings kksr-auto kksr-align-left kksr-valign-bottom\"\n    data-payload='{&quot;align&quot;:&quot;left&quot;,&quot;id&quot;:&quot;4609&quot;,&quot;slug&quot;:&quot;default&quot;,&quot;valign&quot;:&quot;bottom&quot;,&quot;ignore&quot;:&quot;&quot;,&quot;reference&quot;:&quot;auto&quot;,&quot;class&quot;:&quot;&quot;,&quot;count&quot;:&quot;0&quot;,&quot;legendonly&quot;:&quot;&quot;,&quot;readonly&quot;:&quot;&quot;,&quot;score&quot;:&quot;0&quot;,&quot;starsonly&quot;:&quot;&quot;,&quot;best&quot;:&quot;5&quot;,&quot;gap&quot;:&quot;5&quot;,&quot;greet&quot;:&quot;Valora este post&quot;,&quot;legend&quot;:&quot;0\\\/5 - (0 votes)&quot;,&quot;size&quot;:&quot;22&quot;,&quot;title&quot;:&quot;Descubierto el segundo cuerpo tras intensas lluvias en Barcelona: \u00a1detalles impactantes!&quot;,&quot;width&quot;:&quot;0&quot;,&quot;_legend&quot;:&quot;{score}\\\/{best} - ({count} {votes})&quot;,&quot;font_factor&quot;:&quot;1.25&quot;}'>\n            \n<div class=\"kksr-stars\">\n    \n<div class=\"kksr-stars-inactive\">\n            <div class=\"kksr-star\" data-star=\"1\" style=\"padding-right: 5px\">\n            \n\n<div class=\"kksr-icon\" style=\"width: 22px; height: 22px;\"><\/div>\n        <\/div>\n            <div class=\"kksr-star\" data-star=\"2\" style=\"padding-right: 5px\">\n            \n\n<div class=\"kksr-icon\" style=\"width: 22px; height: 22px;\"><\/div>\n        <\/div>\n            <div class=\"kksr-star\" data-star=\"3\" style=\"padding-right: 5px\">\n            \n\n<div class=\"kksr-icon\" style=\"width: 22px; height: 22px;\"><\/div>\n        <\/div>\n            <div class=\"kksr-star\" data-star=\"4\" style=\"padding-right: 5px\">\n            \n\n<div class=\"kksr-icon\" style=\"width: 22px; height: 22px;\"><\/div>\n        <\/div>\n            <div class=\"kksr-star\" data-star=\"5\" style=\"padding-right: 5px\">\n            \n\n<div class=\"kksr-icon\" style=\"width: 22px; height: 22px;\"><\/div>\n        <\/div>\n    <\/div>\n    \n<div class=\"kksr-stars-active\" style=\"width: 0px;\">\n            <div class=\"kksr-star\" style=\"padding-right: 5px\">\n            \n\n<div class=\"kksr-icon\" style=\"width: 22px; height: 22px;\"><\/div>\n        <\/div>\n            <div class=\"kksr-star\" style=\"padding-right: 5px\">\n            \n\n<div class=\"kksr-icon\" style=\"width: 22px; height: 22px;\"><\/div>\n        <\/div>\n            <div class=\"kksr-star\" style=\"padding-right: 5px\">\n            \n\n<div class=\"kksr-icon\" style=\"width: 22px; height: 22px;\"><\/div>\n        <\/div>\n            <div class=\"kksr-star\" style=\"padding-right: 5px\">\n            \n\n<div class=\"kksr-icon\" style=\"width: 22px; height: 22px;\"><\/div>\n        <\/div>\n            <div class=\"kksr-star\" style=\"padding-right: 5px\">\n            \n\n<div class=\"kksr-icon\" style=\"width: 22px; height: 22px;\"><\/div>\n        <\/div>\n    <\/div>\n<\/div>\n                \n\n<div class=\"kksr-legend\" style=\"font-size: 17.6px;\">\n            <span class=\"kksr-muted\">Valora este post<\/span>\n    <\/div>\n    <\/div>\n","protected":false},"excerpt":{"rendered":"<p>Hallan el Cad\u00e1ver de la Segunda Persona Fallecida Debido a las Intensas Precipitaciones en Barcelona En un lamentable suceso, las autoridades confirmaron el descubrimiento del cuerpo &#8230; <a title=\"Descubierto el segundo cuerpo tras intensas lluvias en Barcelona: \u00a1detalles impactantes!\" class=\"read-more\" href=\"https:\/\/www.diario21.tv\/noticias\/descubierto-el-segundo-cuerpo-tras-intensas-lluvias-en-barcelona-detalles-impactantes\/\" aria-label=\"Leer m\u00e1s sobre Descubierto el segundo cuerpo tras intensas lluvias en Barcelona: \u00a1detalles impactantes!\">Seguir leyendo &rarr;<\/a><\/p>\n","protected":false},"author":20,"featured_media":4610,"comment_status":"open","ping_status":"open","sticky":false,"template":"","format":"standard","meta":{"footnotes":""},"categories":[13],"tags":[],"class_list":["post-4609","post","type-post","status-publish","format-standard","has-post-thumbnail","hentry","category-portada"],"yoast_head":"<!-- This site is optimized with the Yoast SEO plugin v25.6 - https:\/\/yoast.com\/wordpress\/plugins\/seo\/ -->\n<title>Descubierto el segundo cuerpo tras intensas lluvias en Barcelona: \u00a1detalles impactantes! - Diario 21<\/title>\n<meta name=\"robots\" content=\"index, follow, max-snippet:-1, max-image-preview:large, max-video-preview:-1\" \/>\n<link rel=\"canonical\" href=\"https:\/\/www.diario21.tv\/noticias\/descubierto-el-segundo-cuerpo-tras-intensas-lluvias-en-barcelona-detalles-impactantes\/\" \/>\n<meta property=\"og:locale\" content=\"es_ES\" \/>\n<meta property=\"og:type\" content=\"article\" \/>\n<meta property=\"og:title\" content=\"Descubierto el segundo cuerpo tras intensas lluvias en Barcelona: \u00a1detalles impactantes! - Diario 21\" \/>\n<meta property=\"og:description\" content=\"Hallan el Cad\u00e1ver de la Segunda Persona Fallecida Debido a las Intensas Precipitaciones en Barcelona En un lamentable suceso, las autoridades confirmaron el descubrimiento del cuerpo ... Seguir leyendo &rarr;\" \/>\n<meta property=\"og:url\" content=\"https:\/\/www.diario21.tv\/noticias\/descubierto-el-segundo-cuerpo-tras-intensas-lluvias-en-barcelona-detalles-impactantes\/\" \/>\n<meta property=\"og:site_name\" content=\"Diario 21\" \/>\n<meta property=\"article:published_time\" content=\"2025-09-23T23:18:17+00:00\" \/>\n<meta property=\"article:modified_time\" content=\"2025-09-23T23:18:18+00:00\" \/>\n<meta property=\"og:image\" content=\"https:\/\/www.diario21.tv\/noticias\/wp-content\/uploads\/2025\/09\/Descubierto-el-segundo-cuerpo-tras-intensas-lluvias-en-Barcelona-\u00a1detalles.jpg\" \/>\n\t<meta property=\"og:image:width\" content=\"1200\" \/>\n\t<meta property=\"og:image:height\" content=\"840\" \/>\n\t<meta property=\"og:image:type\" content=\"image\/jpeg\" \/>\n<meta name=\"author\" content=\"Juan P\u00e9rez\" \/>\n<meta name=\"twitter:card\" content=\"summary_large_image\" \/>\n<meta name=\"twitter:label1\" content=\"Escrito por\" \/>\n\t<meta name=\"twitter:data1\" content=\"Juan P\u00e9rez\" \/>\n\t<meta name=\"twitter:label2\" content=\"Tiempo de lectura\" \/>\n\t<meta name=\"twitter:data2\" content=\"2 minutos\" \/>\n<script type=\"application\/ld+json\" class=\"yoast-schema-graph\">{\"@context\":\"https:\/\/schema.org\",\"@graph\":[{\"@type\":\"WebPage\",\"@id\":\"https:\/\/www.diario21.tv\/noticias\/descubierto-el-segundo-cuerpo-tras-intensas-lluvias-en-barcelona-detalles-impactantes\/\",\"url\":\"https:\/\/www.diario21.tv\/noticias\/descubierto-el-segundo-cuerpo-tras-intensas-lluvias-en-barcelona-detalles-impactantes\/\",\"name\":\"Descubierto el segundo cuerpo tras intensas lluvias en Barcelona: \u00a1detalles impactantes! - Diario 21\",\"isPartOf\":{\"@id\":\"https:\/\/www.diario21.tv\/noticias\/#website\"},\"primaryImageOfPage\":{\"@id\":\"https:\/\/www.diario21.tv\/noticias\/descubierto-el-segundo-cuerpo-tras-intensas-lluvias-en-barcelona-detalles-impactantes\/#primaryimage\"},\"image\":{\"@id\":\"https:\/\/www.diario21.tv\/noticias\/descubierto-el-segundo-cuerpo-tras-intensas-lluvias-en-barcelona-detalles-impactantes\/#primaryimage\"},\"thumbnailUrl\":\"https:\/\/www.diario21.tv\/noticias\/wp-content\/uploads\/2025\/09\/Descubierto-el-segundo-cuerpo-tras-intensas-lluvias-en-Barcelona-\u00a1detalles.jpg\",\"datePublished\":\"2025-09-23T23:18:17+00:00\",\"dateModified\":\"2025-09-23T23:18:18+00:00\",\"author\":{\"@id\":\"https:\/\/www.diario21.tv\/noticias\/#\/schema\/person\/dfb778f73814d8f09f302618446a526b\"},\"breadcrumb\":{\"@id\":\"https:\/\/www.diario21.tv\/noticias\/descubierto-el-segundo-cuerpo-tras-intensas-lluvias-en-barcelona-detalles-impactantes\/#breadcrumb\"},\"inLanguage\":\"es-AR\",\"potentialAction\":[{\"@type\":\"ReadAction\",\"target\":[\"https:\/\/www.diario21.tv\/noticias\/descubierto-el-segundo-cuerpo-tras-intensas-lluvias-en-barcelona-detalles-impactantes\/\"]}]},{\"@type\":\"ImageObject\",\"inLanguage\":\"es-AR\",\"@id\":\"https:\/\/www.diario21.tv\/noticias\/descubierto-el-segundo-cuerpo-tras-intensas-lluvias-en-barcelona-detalles-impactantes\/#primaryimage\",\"url\":\"https:\/\/www.diario21.tv\/noticias\/wp-content\/uploads\/2025\/09\/Descubierto-el-segundo-cuerpo-tras-intensas-lluvias-en-Barcelona-\u00a1detalles.jpg\",\"contentUrl\":\"https:\/\/www.diario21.tv\/noticias\/wp-content\/uploads\/2025\/09\/Descubierto-el-segundo-cuerpo-tras-intensas-lluvias-en-Barcelona-\u00a1detalles.jpg\",\"width\":1200,\"height\":840,\"caption\":\"Aparece el cuerpo sin vida de la segunda v\u00edctima por las fuertes lluvias en Barcelona\"},{\"@type\":\"BreadcrumbList\",\"@id\":\"https:\/\/www.diario21.tv\/noticias\/descubierto-el-segundo-cuerpo-tras-intensas-lluvias-en-barcelona-detalles-impactantes\/#breadcrumb\",\"itemListElement\":[{\"@type\":\"ListItem\",\"position\":1,\"name\":\"Accueil\",\"item\":\"https:\/\/www.diario21.tv\/noticias\/\"},{\"@type\":\"ListItem\",\"position\":2,\"name\":\"Descubierto el segundo cuerpo tras intensas lluvias en Barcelona: \u00a1detalles impactantes!\"}]},{\"@type\":\"WebSite\",\"@id\":\"https:\/\/www.diario21.tv\/noticias\/#website\",\"url\":\"https:\/\/www.diario21.tv\/noticias\/\",\"name\":\"Diario 21\",\"description\":\"\",\"potentialAction\":[{\"@type\":\"SearchAction\",\"target\":{\"@type\":\"EntryPoint\",\"urlTemplate\":\"https:\/\/www.diario21.tv\/noticias\/?s={search_term_string}\"},\"query-input\":{\"@type\":\"PropertyValueSpecification\",\"valueRequired\":true,\"valueName\":\"search_term_string\"}}],\"inLanguage\":\"es-AR\"},{\"@type\":\"Person\",\"@id\":\"https:\/\/www.diario21.tv\/noticias\/#\/schema\/person\/dfb778f73814d8f09f302618446a526b\",\"name\":\"Juan P\u00e9rez\",\"image\":{\"@type\":\"ImageObject\",\"inLanguage\":\"es-AR\",\"@id\":\"https:\/\/www.diario21.tv\/noticias\/#\/schema\/person\/image\/\",\"url\":\"https:\/\/secure.gravatar.com\/avatar\/c478a405bd10621167f4c3167cc770f5?s=96&d=mm&r=g\",\"contentUrl\":\"https:\/\/secure.gravatar.com\/avatar\/c478a405bd10621167f4c3167cc770f5?s=96&d=mm&r=g\",\"caption\":\"Juan P\u00e9rez\"},\"description\":\"Juan P\u00e9rez es el redactor en jefe de Diario 21. Con m\u00e1s de 10 a\u00f1os de experiencia en el periodismo, se especializa en pol\u00edtica nacional y an\u00e1lisis socioecon\u00f3mico. Su enfoque cr\u00edtico y riguroso aporta una perspectiva \u00fanica a cada art\u00edculo.\",\"sameAs\":[\"https:\/\/www.diario21.tv\/noticias\/\"],\"url\":\"https:\/\/www.diario21.tv\/noticias\/author\/juan-perez\/\"}]}<\/script>\n<!-- \/ Yoast SEO plugin. -->","yoast_head_json":{"title":"Descubierto el segundo cuerpo tras intensas lluvias en Barcelona: \u00a1detalles impactantes! - Diario 21","robots":{"index":"index","follow":"follow","max-snippet":"max-snippet:-1","max-image-preview":"max-image-preview:large","max-video-preview":"max-video-preview:-1"},"canonical":"https:\/\/www.diario21.tv\/noticias\/descubierto-el-segundo-cuerpo-tras-intensas-lluvias-en-barcelona-detalles-impactantes\/","og_locale":"es_ES","og_type":"article","og_title":"Descubierto el segundo cuerpo tras intensas lluvias en Barcelona: \u00a1detalles impactantes! - Diario 21","og_description":"Hallan el Cad\u00e1ver de la Segunda Persona Fallecida Debido a las Intensas Precipitaciones en Barcelona En un lamentable suceso, las autoridades confirmaron el descubrimiento del cuerpo ... Seguir leyendo &rarr;","og_url":"https:\/\/www.diario21.tv\/noticias\/descubierto-el-segundo-cuerpo-tras-intensas-lluvias-en-barcelona-detalles-impactantes\/","og_site_name":"Diario 21","article_published_time":"2025-09-23T23:18:17+00:00","article_modified_time":"2025-09-23T23:18:18+00:00","og_image":[{"width":1200,"height":840,"url":"https:\/\/www.diario21.tv\/noticias\/wp-content\/uploads\/2025\/09\/Descubierto-el-segundo-cuerpo-tras-intensas-lluvias-en-Barcelona-\u00a1detalles.jpg","type":"image\/jpeg"}],"author":"Juan P\u00e9rez","twitter_card":"summary_large_image","twitter_misc":{"Escrito por":"Juan P\u00e9rez","Tiempo de lectura":"2 minutos"},"schema":{"@context":"https:\/\/schema.org","@graph":[{"@type":"WebPage","@id":"https:\/\/www.diario21.tv\/noticias\/descubierto-el-segundo-cuerpo-tras-intensas-lluvias-en-barcelona-detalles-impactantes\/","url":"https:\/\/www.diario21.tv\/noticias\/descubierto-el-segundo-cuerpo-tras-intensas-lluvias-en-barcelona-detalles-impactantes\/","name":"Descubierto el segundo cuerpo tras intensas lluvias en Barcelona: \u00a1detalles impactantes! - Diario 21","isPartOf":{"@id":"https:\/\/www.diario21.tv\/noticias\/#website"},"primaryImageOfPage":{"@id":"https:\/\/www.diario21.tv\/noticias\/descubierto-el-segundo-cuerpo-tras-intensas-lluvias-en-barcelona-detalles-impactantes\/#primaryimage"},"image":{"@id":"https:\/\/www.diario21.tv\/noticias\/descubierto-el-segundo-cuerpo-tras-intensas-lluvias-en-barcelona-detalles-impactantes\/#primaryimage"},"thumbnailUrl":"https:\/\/www.diario21.tv\/noticias\/wp-content\/uploads\/2025\/09\/Descubierto-el-segundo-cuerpo-tras-intensas-lluvias-en-Barcelona-\u00a1detalles.jpg","datePublished":"2025-09-23T23:18:17+00:00","dateModified":"2025-09-23T23:18:18+00:00","author":{"@id":"https:\/\/www.diario21.tv\/noticias\/#\/schema\/person\/dfb778f73814d8f09f302618446a526b"},"breadcrumb":{"@id":"https:\/\/www.diario21.tv\/noticias\/descubierto-el-segundo-cuerpo-tras-intensas-lluvias-en-barcelona-detalles-impactantes\/#breadcrumb"},"inLanguage":"es-AR","potentialAction":[{"@type":"ReadAction","target":["https:\/\/www.diario21.tv\/noticias\/descubierto-el-segundo-cuerpo-tras-intensas-lluvias-en-barcelona-detalles-impactantes\/"]}]},{"@type":"ImageObject","inLanguage":"es-AR","@id":"https:\/\/www.diario21.tv\/noticias\/descubierto-el-segundo-cuerpo-tras-intensas-lluvias-en-barcelona-detalles-impactantes\/#primaryimage","url":"https:\/\/www.diario21.tv\/noticias\/wp-content\/uploads\/2025\/09\/Descubierto-el-segundo-cuerpo-tras-intensas-lluvias-en-Barcelona-\u00a1detalles.jpg","contentUrl":"https:\/\/www.diario21.tv\/noticias\/wp-content\/uploads\/2025\/09\/Descubierto-el-segundo-cuerpo-tras-intensas-lluvias-en-Barcelona-\u00a1detalles.jpg","width":1200,"height":840,"caption":"Aparece el cuerpo sin vida de la segunda v\u00edctima por las fuertes lluvias en Barcelona"},{"@type":"BreadcrumbList","@id":"https:\/\/www.diario21.tv\/noticias\/descubierto-el-segundo-cuerpo-tras-intensas-lluvias-en-barcelona-detalles-impactantes\/#breadcrumb","itemListElement":[{"@type":"ListItem","position":1,"name":"Accueil","item":"https:\/\/www.diario21.tv\/noticias\/"},{"@type":"ListItem","position":2,"name":"Descubierto el segundo cuerpo tras intensas lluvias en Barcelona: \u00a1detalles impactantes!"}]},{"@type":"WebSite","@id":"https:\/\/www.diario21.tv\/noticias\/#website","url":"https:\/\/www.diario21.tv\/noticias\/","name":"Diario 21","description":"","potentialAction":[{"@type":"SearchAction","target":{"@type":"EntryPoint","urlTemplate":"https:\/\/www.diario21.tv\/noticias\/?s={search_term_string}"},"query-input":{"@type":"PropertyValueSpecification","valueRequired":true,"valueName":"search_term_string"}}],"inLanguage":"es-AR"},{"@type":"Person","@id":"https:\/\/www.diario21.tv\/noticias\/#\/schema\/person\/dfb778f73814d8f09f302618446a526b","name":"Juan P\u00e9rez","image":{"@type":"ImageObject","inLanguage":"es-AR","@id":"https:\/\/www.diario21.tv\/noticias\/#\/schema\/person\/image\/","url":"https:\/\/secure.gravatar.com\/avatar\/c478a405bd10621167f4c3167cc770f5?s=96&d=mm&r=g","contentUrl":"https:\/\/secure.gravatar.com\/avatar\/c478a405bd10621167f4c3167cc770f5?s=96&d=mm&r=g","caption":"Juan P\u00e9rez"},"description":"Juan P\u00e9rez es el redactor en jefe de Diario 21. Con m\u00e1s de 10 a\u00f1os de experiencia en el periodismo, se especializa en pol\u00edtica nacional y an\u00e1lisis socioecon\u00f3mico. Su enfoque cr\u00edtico y riguroso aporta una perspectiva \u00fanica a cada art\u00edculo.","sameAs":["https:\/\/www.diario21.tv\/noticias\/"],"url":"https:\/\/www.diario21.tv\/noticias\/author\/juan-perez\/"}]}},"_links":{"self":[{"href":"https:\/\/www.diario21.tv\/noticias\/wp-json\/wp\/v2\/posts\/4609"}],"collection":[{"href":"https:\/\/www.diario21.tv\/noticias\/wp-json\/wp\/v2\/posts"}],"about":[{"href":"https:\/\/www.diario21.tv\/noticias\/wp-json\/wp\/v2\/types\/post"}],"author":[{"embeddable":true,"href":"https:\/\/www.diario21.tv\/noticias\/wp-json\/wp\/v2\/users\/20"}],"replies":[{"embeddable":true,"href":"https:\/\/www.diario21.tv\/noticias\/wp-json\/wp\/v2\/comments?post=4609"}],"version-history":[{"count":1,"href":"https:\/\/www.diario21.tv\/noticias\/wp-json\/wp\/v2\/posts\/4609\/revisions"}],"predecessor-version":[{"id":4611,"href":"https:\/\/www.diario21.tv\/noticias\/wp-json\/wp\/v2\/posts\/4609\/revisions\/4611"}],"wp:featuredmedia":[{"embeddable":true,"href":"https:\/\/www.diario21.tv\/noticias\/wp-json\/wp\/v2\/media\/4610"}],"wp:attachment":[{"href":"https:\/\/www.diario21.tv\/noticias\/wp-json\/wp\/v2\/media?parent=4609"}],"wp:term":[{"taxonomy":"category","embeddable":true,"href":"https:\/\/www.diario21.tv\/noticias\/wp-json\/wp\/v2\/categories?post=4609"},{"taxonomy":"post_tag","embeddable":true,"href":"https:\/\/www.diario21.tv\/noticias\/wp-json\/wp\/v2\/tags?post=4609"}],"curies":[{"name":"wp","href":"https:\/\/api.w.org\/{rel}","templated":true}]}}