{"id":4597,"date":"2025-09-22T17:06:19","date_gmt":"2025-09-22T17:06:19","guid":{"rendered":"https:\/\/www.diario21.tv\/noticias\/tragedia-en-leon-fallece-un-hombre-en-voraz-incendio-en-villarejo-de-orbigo\/"},"modified":"2025-09-22T17:06:20","modified_gmt":"2025-09-22T17:06:20","slug":"tragedia-en-leon-fallece-un-hombre-en-voraz-incendio-en-villarejo-de-orbigo","status":"publish","type":"post","link":"https:\/\/www.diario21.tv\/noticias\/tragedia-en-leon-fallece-un-hombre-en-voraz-incendio-en-villarejo-de-orbigo\/","title":{"rendered":"Tragedia en Le\u00f3n: Fallece un hombre en voraz incendio en Villarejo de \u00d3rbigo"},"content":{"rendered":"<h2>Fallecimiento de un individuo en un incendio forestal en Villarejo de \u00d3rbigo, Le\u00f3n<\/h2>\n<p>Un lamentable suceso sacudi\u00f3 recientemente a la localidad de Villarejo de \u00d3rbigo, en la provincia de Le\u00f3n, cuando un incendio forestal cobr\u00f3 la vida de un hombre. El tr\u00e1gico evento tuvo lugar en esta \u00e1rea conocida por su tranquila atm\u00f3sfera y su cercan\u00eda con la naturaleza, lo que ha dejado a la comunidad local y a los servicios de emergencia profundamente afectados.<\/p>\n<h3>Detalles del Incidente<\/h3>\n<p>El fuego se desat\u00f3 en las primeras horas de la tarde y se propag\u00f3 r\u00e1pidamente debido a las condiciones clim\u00e1ticas que prevalec\u00edan en ese momento. A pesar de los esfuerzos realizados por los bomberos y equipos de emergencia, que lucharon arduamente para controlar las llamas y evitar que se extendieran a zonas habitadas, el hombre, cuya identidad no ha sido divulgada hasta el momento, fue encontrado sin vida. Al parecer, la v\u00edctima estaba intentando ayudar en las labores para apagar el fuego cuando sucedi\u00f3 la tragedia.<\/p>\n<h3>Respuesta de los Servicios de Emergencia<\/h3>\n<p>Los servicios de emergencia respondieron con prontitud al aviso del incendio. Equipos de bomberos de la localidad y de \u00e1reas circundantes se movilizaron inmediatamente para enfrentar las llamas. Adem\u00e1s, se cont\u00f3 con el apoyo de la Polic\u00eda Local y Protecci\u00f3n Civil, quienes colaboraron en la evacuaci\u00f3n de las \u00e1reas potencialmente peligrosas y en el control del tr\u00e1fico para facilitar el acceso y la labor de los servicios de emergencia.<\/p>\n<h3>Investigaci\u00f3n en Curso<\/h3>\n<p>Actualmente, se est\u00e1 llevando a cabo una investigaci\u00f3n para determinar las causas exactas del incendio y para entender mejor c\u00f3mo se desarrollaron los hechos que llevaron al fallecimiento del hombre. Las autoridades est\u00e1n trabajando con especialistas en incendios forestales y criminalistas para recabar toda la informaci\u00f3n necesaria que pueda esclarecer este lamentable incidente.<\/p>\n<h3>Reacciones y Condolencias<\/h3>\n<p>La noticia del fallecimiento ha resonado en toda la comunidad de Villarejo de \u00d3rbigo y sus alrededores, generando una ola de tristeza y solidaridad. Diversas figuras p\u00fablicas y autoridades locales han expresado sus condolencias a la familia de la v\u00edctima y han reiterado su compromiso con la seguridad de la poblaci\u00f3n y la prevenci\u00f3n de futuros incidentes de este tipo.<\/p>\n<p>Este suceso recuerda la peligrosidad de los incendios forestales y la importancia de seguir todas las recomendaciones de seguridad durante situaciones de alto riesgo. Asimismo, destaca la valent\u00eda de aquellos que, como la v\u00edctima, arriesgan sus vidas en el intento de proteger a su comunidad y su entorno natural.<\/p>\n\n\n<div class=\"kk-star-ratings kksr-auto kksr-align-left kksr-valign-bottom\"\n    data-payload='{&quot;align&quot;:&quot;left&quot;,&quot;id&quot;:&quot;4597&quot;,&quot;slug&quot;:&quot;default&quot;,&quot;valign&quot;:&quot;bottom&quot;,&quot;ignore&quot;:&quot;&quot;,&quot;reference&quot;:&quot;auto&quot;,&quot;class&quot;:&quot;&quot;,&quot;count&quot;:&quot;0&quot;,&quot;legendonly&quot;:&quot;&quot;,&quot;readonly&quot;:&quot;&quot;,&quot;score&quot;:&quot;0&quot;,&quot;starsonly&quot;:&quot;&quot;,&quot;best&quot;:&quot;5&quot;,&quot;gap&quot;:&quot;5&quot;,&quot;greet&quot;:&quot;Valora este post&quot;,&quot;legend&quot;:&quot;0\\\/5 - (0 votes)&quot;,&quot;size&quot;:&quot;22&quot;,&quot;title&quot;:&quot;Tragedia en Le\u00f3n: Fallece un hombre en voraz incendio en Villarejo de \u00d3rbigo&quot;,&quot;width&quot;:&quot;0&quot;,&quot;_legend&quot;:&quot;{score}\\\/{best} - ({count} {votes})&quot;,&quot;font_factor&quot;:&quot;1.25&quot;}'>\n            \n<div class=\"kksr-stars\">\n    \n<div class=\"kksr-stars-inactive\">\n            <div class=\"kksr-star\" data-star=\"1\" style=\"padding-right: 5px\">\n            \n\n<div class=\"kksr-icon\" style=\"width: 22px; height: 22px;\"><\/div>\n        <\/div>\n            <div class=\"kksr-star\" data-star=\"2\" style=\"padding-right: 5px\">\n            \n\n<div class=\"kksr-icon\" style=\"width: 22px; height: 22px;\"><\/div>\n        <\/div>\n            <div class=\"kksr-star\" data-star=\"3\" style=\"padding-right: 5px\">\n            \n\n<div class=\"kksr-icon\" style=\"width: 22px; height: 22px;\"><\/div>\n        <\/div>\n            <div class=\"kksr-star\" data-star=\"4\" style=\"padding-right: 5px\">\n            \n\n<div class=\"kksr-icon\" style=\"width: 22px; height: 22px;\"><\/div>\n        <\/div>\n            <div class=\"kksr-star\" data-star=\"5\" style=\"padding-right: 5px\">\n            \n\n<div class=\"kksr-icon\" style=\"width: 22px; height: 22px;\"><\/div>\n        <\/div>\n    <\/div>\n    \n<div class=\"kksr-stars-active\" style=\"width: 0px;\">\n            <div class=\"kksr-star\" style=\"padding-right: 5px\">\n            \n\n<div class=\"kksr-icon\" style=\"width: 22px; height: 22px;\"><\/div>\n        <\/div>\n            <div class=\"kksr-star\" style=\"padding-right: 5px\">\n            \n\n<div class=\"kksr-icon\" style=\"width: 22px; height: 22px;\"><\/div>\n        <\/div>\n            <div class=\"kksr-star\" style=\"padding-right: 5px\">\n            \n\n<div class=\"kksr-icon\" style=\"width: 22px; height: 22px;\"><\/div>\n        <\/div>\n            <div class=\"kksr-star\" style=\"padding-right: 5px\">\n            \n\n<div class=\"kksr-icon\" style=\"width: 22px; height: 22px;\"><\/div>\n        <\/div>\n            <div class=\"kksr-star\" style=\"padding-right: 5px\">\n            \n\n<div class=\"kksr-icon\" style=\"width: 22px; height: 22px;\"><\/div>\n        <\/div>\n    <\/div>\n<\/div>\n                \n\n<div class=\"kksr-legend\" style=\"font-size: 17.6px;\">\n            <span class=\"kksr-muted\">Valora este post<\/span>\n    <\/div>\n    <\/div>\n","protected":false},"excerpt":{"rendered":"<p>Fallecimiento de un individuo en un incendio forestal en Villarejo de \u00d3rbigo, Le\u00f3n Un lamentable suceso sacudi\u00f3 recientemente a la localidad de Villarejo de \u00d3rbigo, en &#8230; <a title=\"Tragedia en Le\u00f3n: Fallece un hombre en voraz incendio en Villarejo de \u00d3rbigo\" class=\"read-more\" href=\"https:\/\/www.diario21.tv\/noticias\/tragedia-en-leon-fallece-un-hombre-en-voraz-incendio-en-villarejo-de-orbigo\/\" aria-label=\"Leer m\u00e1s sobre Tragedia en Le\u00f3n: Fallece un hombre en voraz incendio en Villarejo de \u00d3rbigo\">Seguir leyendo &rarr;<\/a><\/p>\n","protected":false},"author":20,"featured_media":4598,"comment_status":"open","ping_status":"open","sticky":false,"template":"","format":"standard","meta":{"footnotes":""},"categories":[13],"tags":[],"class_list":["post-4597","post","type-post","status-publish","format-standard","has-post-thumbnail","hentry","category-portada"],"yoast_head":"<!-- This site is optimized with the Yoast SEO plugin v25.6 - https:\/\/yoast.com\/wordpress\/plugins\/seo\/ -->\n<title>Tragedia en Le\u00f3n: Fallece un hombre en voraz incendio en Villarejo de \u00d3rbigo - Diario 21<\/title>\n<meta name=\"robots\" content=\"index, follow, max-snippet:-1, max-image-preview:large, max-video-preview:-1\" \/>\n<link rel=\"canonical\" href=\"https:\/\/www.diario21.tv\/noticias\/tragedia-en-leon-fallece-un-hombre-en-voraz-incendio-en-villarejo-de-orbigo\/\" \/>\n<meta property=\"og:locale\" content=\"es_ES\" \/>\n<meta property=\"og:type\" content=\"article\" \/>\n<meta property=\"og:title\" content=\"Tragedia en Le\u00f3n: Fallece un hombre en voraz incendio en Villarejo de \u00d3rbigo - Diario 21\" \/>\n<meta property=\"og:description\" content=\"Fallecimiento de un individuo en un incendio forestal en Villarejo de \u00d3rbigo, Le\u00f3n Un lamentable suceso sacudi\u00f3 recientemente a la localidad de Villarejo de \u00d3rbigo, en ... Seguir leyendo &rarr;\" \/>\n<meta property=\"og:url\" content=\"https:\/\/www.diario21.tv\/noticias\/tragedia-en-leon-fallece-un-hombre-en-voraz-incendio-en-villarejo-de-orbigo\/\" \/>\n<meta property=\"og:site_name\" content=\"Diario 21\" \/>\n<meta property=\"article:published_time\" content=\"2025-09-22T17:06:19+00:00\" \/>\n<meta property=\"article:modified_time\" content=\"2025-09-22T17:06:20+00:00\" \/>\n<meta property=\"og:image\" content=\"https:\/\/www.diario21.tv\/noticias\/wp-content\/uploads\/2025\/09\/Tragedia-en-Leon-Fallece-un-hombre-en-voraz-incendio-en.jpg\" \/>\n\t<meta property=\"og:image:width\" content=\"1200\" \/>\n\t<meta property=\"og:image:height\" content=\"840\" \/>\n\t<meta property=\"og:image:type\" content=\"image\/jpeg\" \/>\n<meta name=\"author\" content=\"Juan P\u00e9rez\" \/>\n<meta name=\"twitter:card\" content=\"summary_large_image\" \/>\n<meta name=\"twitter:label1\" content=\"Escrito por\" \/>\n\t<meta name=\"twitter:data1\" content=\"Juan P\u00e9rez\" \/>\n\t<meta name=\"twitter:label2\" content=\"Tiempo de lectura\" \/>\n\t<meta name=\"twitter:data2\" content=\"2 minutos\" \/>\n<script type=\"application\/ld+json\" class=\"yoast-schema-graph\">{\"@context\":\"https:\/\/schema.org\",\"@graph\":[{\"@type\":\"WebPage\",\"@id\":\"https:\/\/www.diario21.tv\/noticias\/tragedia-en-leon-fallece-un-hombre-en-voraz-incendio-en-villarejo-de-orbigo\/\",\"url\":\"https:\/\/www.diario21.tv\/noticias\/tragedia-en-leon-fallece-un-hombre-en-voraz-incendio-en-villarejo-de-orbigo\/\",\"name\":\"Tragedia en Le\u00f3n: Fallece un hombre en voraz incendio en Villarejo de \u00d3rbigo - Diario 21\",\"isPartOf\":{\"@id\":\"https:\/\/www.diario21.tv\/noticias\/#website\"},\"primaryImageOfPage\":{\"@id\":\"https:\/\/www.diario21.tv\/noticias\/tragedia-en-leon-fallece-un-hombre-en-voraz-incendio-en-villarejo-de-orbigo\/#primaryimage\"},\"image\":{\"@id\":\"https:\/\/www.diario21.tv\/noticias\/tragedia-en-leon-fallece-un-hombre-en-voraz-incendio-en-villarejo-de-orbigo\/#primaryimage\"},\"thumbnailUrl\":\"https:\/\/www.diario21.tv\/noticias\/wp-content\/uploads\/2025\/09\/Tragedia-en-Leon-Fallece-un-hombre-en-voraz-incendio-en.jpg\",\"datePublished\":\"2025-09-22T17:06:19+00:00\",\"dateModified\":\"2025-09-22T17:06:20+00:00\",\"author\":{\"@id\":\"https:\/\/www.diario21.tv\/noticias\/#\/schema\/person\/dfb778f73814d8f09f302618446a526b\"},\"breadcrumb\":{\"@id\":\"https:\/\/www.diario21.tv\/noticias\/tragedia-en-leon-fallece-un-hombre-en-voraz-incendio-en-villarejo-de-orbigo\/#breadcrumb\"},\"inLanguage\":\"es-AR\",\"potentialAction\":[{\"@type\":\"ReadAction\",\"target\":[\"https:\/\/www.diario21.tv\/noticias\/tragedia-en-leon-fallece-un-hombre-en-voraz-incendio-en-villarejo-de-orbigo\/\"]}]},{\"@type\":\"ImageObject\",\"inLanguage\":\"es-AR\",\"@id\":\"https:\/\/www.diario21.tv\/noticias\/tragedia-en-leon-fallece-un-hombre-en-voraz-incendio-en-villarejo-de-orbigo\/#primaryimage\",\"url\":\"https:\/\/www.diario21.tv\/noticias\/wp-content\/uploads\/2025\/09\/Tragedia-en-Leon-Fallece-un-hombre-en-voraz-incendio-en.jpg\",\"contentUrl\":\"https:\/\/www.diario21.tv\/noticias\/wp-content\/uploads\/2025\/09\/Tragedia-en-Leon-Fallece-un-hombre-en-voraz-incendio-en.jpg\",\"width\":1200,\"height\":840,\"caption\":\"Muere un hombre en un incendio forestal en Villarejo de \u00d3rbigo (Le\u00f3n)\"},{\"@type\":\"BreadcrumbList\",\"@id\":\"https:\/\/www.diario21.tv\/noticias\/tragedia-en-leon-fallece-un-hombre-en-voraz-incendio-en-villarejo-de-orbigo\/#breadcrumb\",\"itemListElement\":[{\"@type\":\"ListItem\",\"position\":1,\"name\":\"Accueil\",\"item\":\"https:\/\/www.diario21.tv\/noticias\/\"},{\"@type\":\"ListItem\",\"position\":2,\"name\":\"Tragedia en Le\u00f3n: Fallece un hombre en voraz incendio en Villarejo de \u00d3rbigo\"}]},{\"@type\":\"WebSite\",\"@id\":\"https:\/\/www.diario21.tv\/noticias\/#website\",\"url\":\"https:\/\/www.diario21.tv\/noticias\/\",\"name\":\"Diario 21\",\"description\":\"\",\"potentialAction\":[{\"@type\":\"SearchAction\",\"target\":{\"@type\":\"EntryPoint\",\"urlTemplate\":\"https:\/\/www.diario21.tv\/noticias\/?s={search_term_string}\"},\"query-input\":{\"@type\":\"PropertyValueSpecification\",\"valueRequired\":true,\"valueName\":\"search_term_string\"}}],\"inLanguage\":\"es-AR\"},{\"@type\":\"Person\",\"@id\":\"https:\/\/www.diario21.tv\/noticias\/#\/schema\/person\/dfb778f73814d8f09f302618446a526b\",\"name\":\"Juan P\u00e9rez\",\"image\":{\"@type\":\"ImageObject\",\"inLanguage\":\"es-AR\",\"@id\":\"https:\/\/www.diario21.tv\/noticias\/#\/schema\/person\/image\/\",\"url\":\"https:\/\/secure.gravatar.com\/avatar\/c478a405bd10621167f4c3167cc770f5?s=96&d=mm&r=g\",\"contentUrl\":\"https:\/\/secure.gravatar.com\/avatar\/c478a405bd10621167f4c3167cc770f5?s=96&d=mm&r=g\",\"caption\":\"Juan P\u00e9rez\"},\"description\":\"Juan P\u00e9rez es el redactor en jefe de Diario 21. Con m\u00e1s de 10 a\u00f1os de experiencia en el periodismo, se especializa en pol\u00edtica nacional y an\u00e1lisis socioecon\u00f3mico. Su enfoque cr\u00edtico y riguroso aporta una perspectiva \u00fanica a cada art\u00edculo.\",\"sameAs\":[\"https:\/\/www.diario21.tv\/noticias\/\"],\"url\":\"https:\/\/www.diario21.tv\/noticias\/author\/juan-perez\/\"}]}<\/script>\n<!-- \/ Yoast SEO plugin. -->","yoast_head_json":{"title":"Tragedia en Le\u00f3n: Fallece un hombre en voraz incendio en Villarejo de \u00d3rbigo - Diario 21","robots":{"index":"index","follow":"follow","max-snippet":"max-snippet:-1","max-image-preview":"max-image-preview:large","max-video-preview":"max-video-preview:-1"},"canonical":"https:\/\/www.diario21.tv\/noticias\/tragedia-en-leon-fallece-un-hombre-en-voraz-incendio-en-villarejo-de-orbigo\/","og_locale":"es_ES","og_type":"article","og_title":"Tragedia en Le\u00f3n: Fallece un hombre en voraz incendio en Villarejo de \u00d3rbigo - Diario 21","og_description":"Fallecimiento de un individuo en un incendio forestal en Villarejo de \u00d3rbigo, Le\u00f3n Un lamentable suceso sacudi\u00f3 recientemente a la localidad de Villarejo de \u00d3rbigo, en ... Seguir leyendo &rarr;","og_url":"https:\/\/www.diario21.tv\/noticias\/tragedia-en-leon-fallece-un-hombre-en-voraz-incendio-en-villarejo-de-orbigo\/","og_site_name":"Diario 21","article_published_time":"2025-09-22T17:06:19+00:00","article_modified_time":"2025-09-22T17:06:20+00:00","og_image":[{"width":1200,"height":840,"url":"https:\/\/www.diario21.tv\/noticias\/wp-content\/uploads\/2025\/09\/Tragedia-en-Leon-Fallece-un-hombre-en-voraz-incendio-en.jpg","type":"image\/jpeg"}],"author":"Juan P\u00e9rez","twitter_card":"summary_large_image","twitter_misc":{"Escrito por":"Juan P\u00e9rez","Tiempo de lectura":"2 minutos"},"schema":{"@context":"https:\/\/schema.org","@graph":[{"@type":"WebPage","@id":"https:\/\/www.diario21.tv\/noticias\/tragedia-en-leon-fallece-un-hombre-en-voraz-incendio-en-villarejo-de-orbigo\/","url":"https:\/\/www.diario21.tv\/noticias\/tragedia-en-leon-fallece-un-hombre-en-voraz-incendio-en-villarejo-de-orbigo\/","name":"Tragedia en Le\u00f3n: Fallece un hombre en voraz incendio en Villarejo de \u00d3rbigo - Diario 21","isPartOf":{"@id":"https:\/\/www.diario21.tv\/noticias\/#website"},"primaryImageOfPage":{"@id":"https:\/\/www.diario21.tv\/noticias\/tragedia-en-leon-fallece-un-hombre-en-voraz-incendio-en-villarejo-de-orbigo\/#primaryimage"},"image":{"@id":"https:\/\/www.diario21.tv\/noticias\/tragedia-en-leon-fallece-un-hombre-en-voraz-incendio-en-villarejo-de-orbigo\/#primaryimage"},"thumbnailUrl":"https:\/\/www.diario21.tv\/noticias\/wp-content\/uploads\/2025\/09\/Tragedia-en-Leon-Fallece-un-hombre-en-voraz-incendio-en.jpg","datePublished":"2025-09-22T17:06:19+00:00","dateModified":"2025-09-22T17:06:20+00:00","author":{"@id":"https:\/\/www.diario21.tv\/noticias\/#\/schema\/person\/dfb778f73814d8f09f302618446a526b"},"breadcrumb":{"@id":"https:\/\/www.diario21.tv\/noticias\/tragedia-en-leon-fallece-un-hombre-en-voraz-incendio-en-villarejo-de-orbigo\/#breadcrumb"},"inLanguage":"es-AR","potentialAction":[{"@type":"ReadAction","target":["https:\/\/www.diario21.tv\/noticias\/tragedia-en-leon-fallece-un-hombre-en-voraz-incendio-en-villarejo-de-orbigo\/"]}]},{"@type":"ImageObject","inLanguage":"es-AR","@id":"https:\/\/www.diario21.tv\/noticias\/tragedia-en-leon-fallece-un-hombre-en-voraz-incendio-en-villarejo-de-orbigo\/#primaryimage","url":"https:\/\/www.diario21.tv\/noticias\/wp-content\/uploads\/2025\/09\/Tragedia-en-Leon-Fallece-un-hombre-en-voraz-incendio-en.jpg","contentUrl":"https:\/\/www.diario21.tv\/noticias\/wp-content\/uploads\/2025\/09\/Tragedia-en-Leon-Fallece-un-hombre-en-voraz-incendio-en.jpg","width":1200,"height":840,"caption":"Muere un hombre en un incendio forestal en Villarejo de \u00d3rbigo (Le\u00f3n)"},{"@type":"BreadcrumbList","@id":"https:\/\/www.diario21.tv\/noticias\/tragedia-en-leon-fallece-un-hombre-en-voraz-incendio-en-villarejo-de-orbigo\/#breadcrumb","itemListElement":[{"@type":"ListItem","position":1,"name":"Accueil","item":"https:\/\/www.diario21.tv\/noticias\/"},{"@type":"ListItem","position":2,"name":"Tragedia en Le\u00f3n: Fallece un hombre en voraz incendio en Villarejo de \u00d3rbigo"}]},{"@type":"WebSite","@id":"https:\/\/www.diario21.tv\/noticias\/#website","url":"https:\/\/www.diario21.tv\/noticias\/","name":"Diario 21","description":"","potentialAction":[{"@type":"SearchAction","target":{"@type":"EntryPoint","urlTemplate":"https:\/\/www.diario21.tv\/noticias\/?s={search_term_string}"},"query-input":{"@type":"PropertyValueSpecification","valueRequired":true,"valueName":"search_term_string"}}],"inLanguage":"es-AR"},{"@type":"Person","@id":"https:\/\/www.diario21.tv\/noticias\/#\/schema\/person\/dfb778f73814d8f09f302618446a526b","name":"Juan P\u00e9rez","image":{"@type":"ImageObject","inLanguage":"es-AR","@id":"https:\/\/www.diario21.tv\/noticias\/#\/schema\/person\/image\/","url":"https:\/\/secure.gravatar.com\/avatar\/c478a405bd10621167f4c3167cc770f5?s=96&d=mm&r=g","contentUrl":"https:\/\/secure.gravatar.com\/avatar\/c478a405bd10621167f4c3167cc770f5?s=96&d=mm&r=g","caption":"Juan P\u00e9rez"},"description":"Juan P\u00e9rez es el redactor en jefe de Diario 21. Con m\u00e1s de 10 a\u00f1os de experiencia en el periodismo, se especializa en pol\u00edtica nacional y an\u00e1lisis socioecon\u00f3mico. Su enfoque cr\u00edtico y riguroso aporta una perspectiva \u00fanica a cada art\u00edculo.","sameAs":["https:\/\/www.diario21.tv\/noticias\/"],"url":"https:\/\/www.diario21.tv\/noticias\/author\/juan-perez\/"}]}},"_links":{"self":[{"href":"https:\/\/www.diario21.tv\/noticias\/wp-json\/wp\/v2\/posts\/4597"}],"collection":[{"href":"https:\/\/www.diario21.tv\/noticias\/wp-json\/wp\/v2\/posts"}],"about":[{"href":"https:\/\/www.diario21.tv\/noticias\/wp-json\/wp\/v2\/types\/post"}],"author":[{"embeddable":true,"href":"https:\/\/www.diario21.tv\/noticias\/wp-json\/wp\/v2\/users\/20"}],"replies":[{"embeddable":true,"href":"https:\/\/www.diario21.tv\/noticias\/wp-json\/wp\/v2\/comments?post=4597"}],"version-history":[{"count":1,"href":"https:\/\/www.diario21.tv\/noticias\/wp-json\/wp\/v2\/posts\/4597\/revisions"}],"predecessor-version":[{"id":4599,"href":"https:\/\/www.diario21.tv\/noticias\/wp-json\/wp\/v2\/posts\/4597\/revisions\/4599"}],"wp:featuredmedia":[{"embeddable":true,"href":"https:\/\/www.diario21.tv\/noticias\/wp-json\/wp\/v2\/media\/4598"}],"wp:attachment":[{"href":"https:\/\/www.diario21.tv\/noticias\/wp-json\/wp\/v2\/media?parent=4597"}],"wp:term":[{"taxonomy":"category","embeddable":true,"href":"https:\/\/www.diario21.tv\/noticias\/wp-json\/wp\/v2\/categories?post=4597"},{"taxonomy":"post_tag","embeddable":true,"href":"https:\/\/www.diario21.tv\/noticias\/wp-json\/wp\/v2\/tags?post=4597"}],"curies":[{"name":"wp","href":"https:\/\/api.w.org\/{rel}","templated":true}]}}