{"id":4588,"date":"2025-09-21T22:39:11","date_gmt":"2025-09-21T22:39:11","guid":{"rendered":"https:\/\/www.diario21.tv\/noticias\/britanica-de-63-anos-estrangula-a-mujer-con-cable-de-aspiradora-en-benidorm-detalles-impactantes\/"},"modified":"2025-09-21T22:39:12","modified_gmt":"2025-09-21T22:39:12","slug":"britanica-de-63-anos-estrangula-a-mujer-con-cable-de-aspiradora-en-benidorm-detalles-impactantes","status":"publish","type":"post","link":"https:\/\/www.diario21.tv\/noticias\/britanica-de-63-anos-estrangula-a-mujer-con-cable-de-aspiradora-en-benidorm-detalles-impactantes\/","title":{"rendered":"Brit\u00e1nica de 63 a\u00f1os estrangula a mujer con cable de aspiradora en Benidorm: \u00a1Detalles impactantes!"},"content":{"rendered":"<h2>Una mujer brit\u00e1nica de 63 a\u00f1os utiliza un cable de aspiradora para estrangular a otra en Benidorm<\/h2>\n<p>En un suceso impactante ocurrido en Benidorm, una ciudad tur\u00edstica muy popular entre los brit\u00e1nicos, una mujer de 63 a\u00f1os, originaria del Reino Unido, ha sido detenida tras haber asesinado a otra mujer utilizando el cable de una aspiradora. Este violento incidente ha causado conmoci\u00f3n tanto en la comunidad local como entre los numerosos visitantes que frecuentan esta \u00e1rea cada a\u00f1o.<\/p>\n<h3>Detalles del Incidente<\/h3>\n<p>Seg\u00fan fuentes policiales, el altercado tuvo lugar en un apartamento de la localidad, donde ambas mujeres se encontraban en ese momento. La agresora, cuya identidad no ha sido revelada por las autoridades, aparentemente atac\u00f3 a la v\u00edctima, de 49 a\u00f1os y tambi\u00e9n brit\u00e1nica, en medio de una disputa cuyas causas a\u00fan est\u00e1n siendo investigadas. La presunta atacante utiliz\u00f3 el cable de una aspiradora para estrangular a la mujer, caus\u00e1ndole la muerte.<\/p>\n<p>Los servicios de emergencia fueron alertados y acudieron al lugar, pero desafortunadamente, a pesar de los esfuerzos de los param\u00e9dicos, la v\u00edctima fue declarada muerta en la escena. La sospechosa fue detenida inmediatamente en el sitio por la polic\u00eda, que ahora est\u00e1 llevando a cabo una investigaci\u00f3n detallada para esclarecer los motivos detr\u00e1s del asesinato y los detalles exactos de lo ocurrido.<\/p>\n<h3>Reacciones y Consecuencias<\/h3>\n<p>Este tr\u00e1gico evento ha generado una amplia respuesta tanto de locales como de expatriados y turistas en la zona. La comunidad brit\u00e1nica en Benidorm, conocida por ser una de las m\u00e1s grandes en Espa\u00f1a, ha expresado particular consternaci\u00f3n y preocupaci\u00f3n por el incidente. Las autoridades locales han aumentado su presencia en la zona para asegurar la tranquilidad y la seguridad p\u00fablica, especialmente considerando la gran cantidad de turistas que visitan Benidorm.<\/p>\n<p>La embajada brit\u00e1nica en Espa\u00f1a tambi\u00e9n ha sido informada del incidente y est\u00e1 proporcionando asistencia consular a las familias de las mujeres involucradas. Adem\u00e1s, se est\u00e1 ofreciendo apoyo psicol\u00f3gico a aquellos que fueron testigos del crimen o que han sido afectados por el mismo.<\/p>\n<p>Este incidente subraya la importancia de la seguridad y la gesti\u00f3n de conflictos en \u00e1reas altamente tur\u00edsticas, y seguramente ser\u00e1 un punto de discusi\u00f3n sobre c\u00f3mo mejorar las medidas de seguridad para proteger tanto a residentes como a visitantes en el futuro.<\/p>\n<p>Este caso contin\u00faa en investigaci\u00f3n y se espera que m\u00e1s detalles salgan a la luz en los pr\u00f3ximos d\u00edas, mientras la comunidad intenta recuperarse de este shock y las autoridades trabajan para prevenir que incidentes de esta naturaleza se repitan.<\/p>\n\n\n<div class=\"kk-star-ratings kksr-auto kksr-align-left kksr-valign-bottom\"\n    data-payload='{&quot;align&quot;:&quot;left&quot;,&quot;id&quot;:&quot;4588&quot;,&quot;slug&quot;:&quot;default&quot;,&quot;valign&quot;:&quot;bottom&quot;,&quot;ignore&quot;:&quot;&quot;,&quot;reference&quot;:&quot;auto&quot;,&quot;class&quot;:&quot;&quot;,&quot;count&quot;:&quot;0&quot;,&quot;legendonly&quot;:&quot;&quot;,&quot;readonly&quot;:&quot;&quot;,&quot;score&quot;:&quot;0&quot;,&quot;starsonly&quot;:&quot;&quot;,&quot;best&quot;:&quot;5&quot;,&quot;gap&quot;:&quot;5&quot;,&quot;greet&quot;:&quot;Valora este post&quot;,&quot;legend&quot;:&quot;0\\\/5 - (0 votes)&quot;,&quot;size&quot;:&quot;22&quot;,&quot;title&quot;:&quot;Brit\u00e1nica de 63 a\u00f1os estrangula a mujer con cable de aspiradora en Benidorm: \u00a1Detalles impactantes!&quot;,&quot;width&quot;:&quot;0&quot;,&quot;_legend&quot;:&quot;{score}\\\/{best} - ({count} {votes})&quot;,&quot;font_factor&quot;:&quot;1.25&quot;}'>\n            \n<div class=\"kksr-stars\">\n    \n<div class=\"kksr-stars-inactive\">\n            <div class=\"kksr-star\" data-star=\"1\" style=\"padding-right: 5px\">\n            \n\n<div class=\"kksr-icon\" style=\"width: 22px; height: 22px;\"><\/div>\n        <\/div>\n            <div class=\"kksr-star\" data-star=\"2\" style=\"padding-right: 5px\">\n            \n\n<div class=\"kksr-icon\" style=\"width: 22px; height: 22px;\"><\/div>\n        <\/div>\n            <div class=\"kksr-star\" data-star=\"3\" style=\"padding-right: 5px\">\n            \n\n<div class=\"kksr-icon\" style=\"width: 22px; height: 22px;\"><\/div>\n        <\/div>\n            <div class=\"kksr-star\" data-star=\"4\" style=\"padding-right: 5px\">\n            \n\n<div class=\"kksr-icon\" style=\"width: 22px; height: 22px;\"><\/div>\n        <\/div>\n            <div class=\"kksr-star\" data-star=\"5\" style=\"padding-right: 5px\">\n            \n\n<div class=\"kksr-icon\" style=\"width: 22px; height: 22px;\"><\/div>\n        <\/div>\n    <\/div>\n    \n<div class=\"kksr-stars-active\" style=\"width: 0px;\">\n            <div class=\"kksr-star\" style=\"padding-right: 5px\">\n            \n\n<div class=\"kksr-icon\" style=\"width: 22px; height: 22px;\"><\/div>\n        <\/div>\n            <div class=\"kksr-star\" style=\"padding-right: 5px\">\n            \n\n<div class=\"kksr-icon\" style=\"width: 22px; height: 22px;\"><\/div>\n        <\/div>\n            <div class=\"kksr-star\" style=\"padding-right: 5px\">\n            \n\n<div class=\"kksr-icon\" style=\"width: 22px; height: 22px;\"><\/div>\n        <\/div>\n            <div class=\"kksr-star\" style=\"padding-right: 5px\">\n            \n\n<div class=\"kksr-icon\" style=\"width: 22px; height: 22px;\"><\/div>\n        <\/div>\n            <div class=\"kksr-star\" style=\"padding-right: 5px\">\n            \n\n<div class=\"kksr-icon\" style=\"width: 22px; height: 22px;\"><\/div>\n        <\/div>\n    <\/div>\n<\/div>\n                \n\n<div class=\"kksr-legend\" style=\"font-size: 17.6px;\">\n            <span class=\"kksr-muted\">Valora este post<\/span>\n    <\/div>\n    <\/div>\n","protected":false},"excerpt":{"rendered":"<p>Una mujer brit\u00e1nica de 63 a\u00f1os utiliza un cable de aspiradora para estrangular a otra en Benidorm En un suceso impactante ocurrido en Benidorm, una ciudad &#8230; <a title=\"Brit\u00e1nica de 63 a\u00f1os estrangula a mujer con cable de aspiradora en Benidorm: \u00a1Detalles impactantes!\" class=\"read-more\" href=\"https:\/\/www.diario21.tv\/noticias\/britanica-de-63-anos-estrangula-a-mujer-con-cable-de-aspiradora-en-benidorm-detalles-impactantes\/\" aria-label=\"Leer m\u00e1s sobre Brit\u00e1nica de 63 a\u00f1os estrangula a mujer con cable de aspiradora en Benidorm: \u00a1Detalles impactantes!\">Seguir leyendo &rarr;<\/a><\/p>\n","protected":false},"author":20,"featured_media":4589,"comment_status":"open","ping_status":"open","sticky":false,"template":"","format":"standard","meta":{"footnotes":""},"categories":[13],"tags":[],"class_list":["post-4588","post","type-post","status-publish","format-standard","has-post-thumbnail","hentry","category-portada"],"yoast_head":"<!-- This site is optimized with the Yoast SEO plugin v25.6 - https:\/\/yoast.com\/wordpress\/plugins\/seo\/ -->\n<title>Brit\u00e1nica de 63 a\u00f1os estrangula a mujer con cable de aspiradora en Benidorm: \u00a1Detalles impactantes! - Diario 21<\/title>\n<meta name=\"robots\" content=\"index, follow, max-snippet:-1, max-image-preview:large, max-video-preview:-1\" \/>\n<link rel=\"canonical\" href=\"https:\/\/www.diario21.tv\/noticias\/britanica-de-63-anos-estrangula-a-mujer-con-cable-de-aspiradora-en-benidorm-detalles-impactantes\/\" \/>\n<meta property=\"og:locale\" content=\"es_ES\" \/>\n<meta property=\"og:type\" content=\"article\" \/>\n<meta property=\"og:title\" content=\"Brit\u00e1nica de 63 a\u00f1os estrangula a mujer con cable de aspiradora en Benidorm: \u00a1Detalles impactantes! - Diario 21\" \/>\n<meta property=\"og:description\" content=\"Una mujer brit\u00e1nica de 63 a\u00f1os utiliza un cable de aspiradora para estrangular a otra en Benidorm En un suceso impactante ocurrido en Benidorm, una ciudad ... Seguir leyendo &rarr;\" \/>\n<meta property=\"og:url\" content=\"https:\/\/www.diario21.tv\/noticias\/britanica-de-63-anos-estrangula-a-mujer-con-cable-de-aspiradora-en-benidorm-detalles-impactantes\/\" \/>\n<meta property=\"og:site_name\" content=\"Diario 21\" \/>\n<meta property=\"article:published_time\" content=\"2025-09-21T22:39:11+00:00\" \/>\n<meta property=\"article:modified_time\" content=\"2025-09-21T22:39:12+00:00\" \/>\n<meta property=\"og:image\" content=\"https:\/\/www.diario21.tv\/noticias\/wp-content\/uploads\/2025\/09\/Britanica-de-63-anos-estrangula-a-mujer-con-cable-de.jpg\" \/>\n\t<meta property=\"og:image:width\" content=\"1200\" \/>\n\t<meta property=\"og:image:height\" content=\"840\" \/>\n\t<meta property=\"og:image:type\" content=\"image\/jpeg\" \/>\n<meta name=\"author\" content=\"Juan P\u00e9rez\" \/>\n<meta name=\"twitter:card\" content=\"summary_large_image\" \/>\n<meta name=\"twitter:label1\" content=\"Escrito por\" \/>\n\t<meta name=\"twitter:data1\" content=\"Juan P\u00e9rez\" \/>\n\t<meta name=\"twitter:label2\" content=\"Tiempo de lectura\" \/>\n\t<meta name=\"twitter:data2\" content=\"2 minutos\" \/>\n<script type=\"application\/ld+json\" class=\"yoast-schema-graph\">{\"@context\":\"https:\/\/schema.org\",\"@graph\":[{\"@type\":\"WebPage\",\"@id\":\"https:\/\/www.diario21.tv\/noticias\/britanica-de-63-anos-estrangula-a-mujer-con-cable-de-aspiradora-en-benidorm-detalles-impactantes\/\",\"url\":\"https:\/\/www.diario21.tv\/noticias\/britanica-de-63-anos-estrangula-a-mujer-con-cable-de-aspiradora-en-benidorm-detalles-impactantes\/\",\"name\":\"Brit\u00e1nica de 63 a\u00f1os estrangula a mujer con cable de aspiradora en Benidorm: \u00a1Detalles impactantes! - Diario 21\",\"isPartOf\":{\"@id\":\"https:\/\/www.diario21.tv\/noticias\/#website\"},\"primaryImageOfPage\":{\"@id\":\"https:\/\/www.diario21.tv\/noticias\/britanica-de-63-anos-estrangula-a-mujer-con-cable-de-aspiradora-en-benidorm-detalles-impactantes\/#primaryimage\"},\"image\":{\"@id\":\"https:\/\/www.diario21.tv\/noticias\/britanica-de-63-anos-estrangula-a-mujer-con-cable-de-aspiradora-en-benidorm-detalles-impactantes\/#primaryimage\"},\"thumbnailUrl\":\"https:\/\/www.diario21.tv\/noticias\/wp-content\/uploads\/2025\/09\/Britanica-de-63-anos-estrangula-a-mujer-con-cable-de.jpg\",\"datePublished\":\"2025-09-21T22:39:11+00:00\",\"dateModified\":\"2025-09-21T22:39:12+00:00\",\"author\":{\"@id\":\"https:\/\/www.diario21.tv\/noticias\/#\/schema\/person\/dfb778f73814d8f09f302618446a526b\"},\"breadcrumb\":{\"@id\":\"https:\/\/www.diario21.tv\/noticias\/britanica-de-63-anos-estrangula-a-mujer-con-cable-de-aspiradora-en-benidorm-detalles-impactantes\/#breadcrumb\"},\"inLanguage\":\"es-AR\",\"potentialAction\":[{\"@type\":\"ReadAction\",\"target\":[\"https:\/\/www.diario21.tv\/noticias\/britanica-de-63-anos-estrangula-a-mujer-con-cable-de-aspiradora-en-benidorm-detalles-impactantes\/\"]}]},{\"@type\":\"ImageObject\",\"inLanguage\":\"es-AR\",\"@id\":\"https:\/\/www.diario21.tv\/noticias\/britanica-de-63-anos-estrangula-a-mujer-con-cable-de-aspiradora-en-benidorm-detalles-impactantes\/#primaryimage\",\"url\":\"https:\/\/www.diario21.tv\/noticias\/wp-content\/uploads\/2025\/09\/Britanica-de-63-anos-estrangula-a-mujer-con-cable-de.jpg\",\"contentUrl\":\"https:\/\/www.diario21.tv\/noticias\/wp-content\/uploads\/2025\/09\/Britanica-de-63-anos-estrangula-a-mujer-con-cable-de.jpg\",\"width\":1200,\"height\":840,\"caption\":\"Una brit\u00e1nica de 63 a\u00f1os estrangula a otra mujer con el cable de una aspiradora en Benidorm\"},{\"@type\":\"BreadcrumbList\",\"@id\":\"https:\/\/www.diario21.tv\/noticias\/britanica-de-63-anos-estrangula-a-mujer-con-cable-de-aspiradora-en-benidorm-detalles-impactantes\/#breadcrumb\",\"itemListElement\":[{\"@type\":\"ListItem\",\"position\":1,\"name\":\"Accueil\",\"item\":\"https:\/\/www.diario21.tv\/noticias\/\"},{\"@type\":\"ListItem\",\"position\":2,\"name\":\"Brit\u00e1nica de 63 a\u00f1os estrangula a mujer con cable de aspiradora en Benidorm: \u00a1Detalles impactantes!\"}]},{\"@type\":\"WebSite\",\"@id\":\"https:\/\/www.diario21.tv\/noticias\/#website\",\"url\":\"https:\/\/www.diario21.tv\/noticias\/\",\"name\":\"Diario 21\",\"description\":\"\",\"potentialAction\":[{\"@type\":\"SearchAction\",\"target\":{\"@type\":\"EntryPoint\",\"urlTemplate\":\"https:\/\/www.diario21.tv\/noticias\/?s={search_term_string}\"},\"query-input\":{\"@type\":\"PropertyValueSpecification\",\"valueRequired\":true,\"valueName\":\"search_term_string\"}}],\"inLanguage\":\"es-AR\"},{\"@type\":\"Person\",\"@id\":\"https:\/\/www.diario21.tv\/noticias\/#\/schema\/person\/dfb778f73814d8f09f302618446a526b\",\"name\":\"Juan P\u00e9rez\",\"image\":{\"@type\":\"ImageObject\",\"inLanguage\":\"es-AR\",\"@id\":\"https:\/\/www.diario21.tv\/noticias\/#\/schema\/person\/image\/\",\"url\":\"https:\/\/secure.gravatar.com\/avatar\/c478a405bd10621167f4c3167cc770f5?s=96&d=mm&r=g\",\"contentUrl\":\"https:\/\/secure.gravatar.com\/avatar\/c478a405bd10621167f4c3167cc770f5?s=96&d=mm&r=g\",\"caption\":\"Juan P\u00e9rez\"},\"description\":\"Juan P\u00e9rez es el redactor en jefe de Diario 21. Con m\u00e1s de 10 a\u00f1os de experiencia en el periodismo, se especializa en pol\u00edtica nacional y an\u00e1lisis socioecon\u00f3mico. Su enfoque cr\u00edtico y riguroso aporta una perspectiva \u00fanica a cada art\u00edculo.\",\"sameAs\":[\"https:\/\/www.diario21.tv\/noticias\/\"],\"url\":\"https:\/\/www.diario21.tv\/noticias\/author\/juan-perez\/\"}]}<\/script>\n<!-- \/ Yoast SEO plugin. -->","yoast_head_json":{"title":"Brit\u00e1nica de 63 a\u00f1os estrangula a mujer con cable de aspiradora en Benidorm: \u00a1Detalles impactantes! - Diario 21","robots":{"index":"index","follow":"follow","max-snippet":"max-snippet:-1","max-image-preview":"max-image-preview:large","max-video-preview":"max-video-preview:-1"},"canonical":"https:\/\/www.diario21.tv\/noticias\/britanica-de-63-anos-estrangula-a-mujer-con-cable-de-aspiradora-en-benidorm-detalles-impactantes\/","og_locale":"es_ES","og_type":"article","og_title":"Brit\u00e1nica de 63 a\u00f1os estrangula a mujer con cable de aspiradora en Benidorm: \u00a1Detalles impactantes! - Diario 21","og_description":"Una mujer brit\u00e1nica de 63 a\u00f1os utiliza un cable de aspiradora para estrangular a otra en Benidorm En un suceso impactante ocurrido en Benidorm, una ciudad ... Seguir leyendo &rarr;","og_url":"https:\/\/www.diario21.tv\/noticias\/britanica-de-63-anos-estrangula-a-mujer-con-cable-de-aspiradora-en-benidorm-detalles-impactantes\/","og_site_name":"Diario 21","article_published_time":"2025-09-21T22:39:11+00:00","article_modified_time":"2025-09-21T22:39:12+00:00","og_image":[{"width":1200,"height":840,"url":"https:\/\/www.diario21.tv\/noticias\/wp-content\/uploads\/2025\/09\/Britanica-de-63-anos-estrangula-a-mujer-con-cable-de.jpg","type":"image\/jpeg"}],"author":"Juan P\u00e9rez","twitter_card":"summary_large_image","twitter_misc":{"Escrito por":"Juan P\u00e9rez","Tiempo de lectura":"2 minutos"},"schema":{"@context":"https:\/\/schema.org","@graph":[{"@type":"WebPage","@id":"https:\/\/www.diario21.tv\/noticias\/britanica-de-63-anos-estrangula-a-mujer-con-cable-de-aspiradora-en-benidorm-detalles-impactantes\/","url":"https:\/\/www.diario21.tv\/noticias\/britanica-de-63-anos-estrangula-a-mujer-con-cable-de-aspiradora-en-benidorm-detalles-impactantes\/","name":"Brit\u00e1nica de 63 a\u00f1os estrangula a mujer con cable de aspiradora en Benidorm: \u00a1Detalles impactantes! - Diario 21","isPartOf":{"@id":"https:\/\/www.diario21.tv\/noticias\/#website"},"primaryImageOfPage":{"@id":"https:\/\/www.diario21.tv\/noticias\/britanica-de-63-anos-estrangula-a-mujer-con-cable-de-aspiradora-en-benidorm-detalles-impactantes\/#primaryimage"},"image":{"@id":"https:\/\/www.diario21.tv\/noticias\/britanica-de-63-anos-estrangula-a-mujer-con-cable-de-aspiradora-en-benidorm-detalles-impactantes\/#primaryimage"},"thumbnailUrl":"https:\/\/www.diario21.tv\/noticias\/wp-content\/uploads\/2025\/09\/Britanica-de-63-anos-estrangula-a-mujer-con-cable-de.jpg","datePublished":"2025-09-21T22:39:11+00:00","dateModified":"2025-09-21T22:39:12+00:00","author":{"@id":"https:\/\/www.diario21.tv\/noticias\/#\/schema\/person\/dfb778f73814d8f09f302618446a526b"},"breadcrumb":{"@id":"https:\/\/www.diario21.tv\/noticias\/britanica-de-63-anos-estrangula-a-mujer-con-cable-de-aspiradora-en-benidorm-detalles-impactantes\/#breadcrumb"},"inLanguage":"es-AR","potentialAction":[{"@type":"ReadAction","target":["https:\/\/www.diario21.tv\/noticias\/britanica-de-63-anos-estrangula-a-mujer-con-cable-de-aspiradora-en-benidorm-detalles-impactantes\/"]}]},{"@type":"ImageObject","inLanguage":"es-AR","@id":"https:\/\/www.diario21.tv\/noticias\/britanica-de-63-anos-estrangula-a-mujer-con-cable-de-aspiradora-en-benidorm-detalles-impactantes\/#primaryimage","url":"https:\/\/www.diario21.tv\/noticias\/wp-content\/uploads\/2025\/09\/Britanica-de-63-anos-estrangula-a-mujer-con-cable-de.jpg","contentUrl":"https:\/\/www.diario21.tv\/noticias\/wp-content\/uploads\/2025\/09\/Britanica-de-63-anos-estrangula-a-mujer-con-cable-de.jpg","width":1200,"height":840,"caption":"Una brit\u00e1nica de 63 a\u00f1os estrangula a otra mujer con el cable de una aspiradora en Benidorm"},{"@type":"BreadcrumbList","@id":"https:\/\/www.diario21.tv\/noticias\/britanica-de-63-anos-estrangula-a-mujer-con-cable-de-aspiradora-en-benidorm-detalles-impactantes\/#breadcrumb","itemListElement":[{"@type":"ListItem","position":1,"name":"Accueil","item":"https:\/\/www.diario21.tv\/noticias\/"},{"@type":"ListItem","position":2,"name":"Brit\u00e1nica de 63 a\u00f1os estrangula a mujer con cable de aspiradora en Benidorm: \u00a1Detalles impactantes!"}]},{"@type":"WebSite","@id":"https:\/\/www.diario21.tv\/noticias\/#website","url":"https:\/\/www.diario21.tv\/noticias\/","name":"Diario 21","description":"","potentialAction":[{"@type":"SearchAction","target":{"@type":"EntryPoint","urlTemplate":"https:\/\/www.diario21.tv\/noticias\/?s={search_term_string}"},"query-input":{"@type":"PropertyValueSpecification","valueRequired":true,"valueName":"search_term_string"}}],"inLanguage":"es-AR"},{"@type":"Person","@id":"https:\/\/www.diario21.tv\/noticias\/#\/schema\/person\/dfb778f73814d8f09f302618446a526b","name":"Juan P\u00e9rez","image":{"@type":"ImageObject","inLanguage":"es-AR","@id":"https:\/\/www.diario21.tv\/noticias\/#\/schema\/person\/image\/","url":"https:\/\/secure.gravatar.com\/avatar\/c478a405bd10621167f4c3167cc770f5?s=96&d=mm&r=g","contentUrl":"https:\/\/secure.gravatar.com\/avatar\/c478a405bd10621167f4c3167cc770f5?s=96&d=mm&r=g","caption":"Juan P\u00e9rez"},"description":"Juan P\u00e9rez es el redactor en jefe de Diario 21. Con m\u00e1s de 10 a\u00f1os de experiencia en el periodismo, se especializa en pol\u00edtica nacional y an\u00e1lisis socioecon\u00f3mico. Su enfoque cr\u00edtico y riguroso aporta una perspectiva \u00fanica a cada art\u00edculo.","sameAs":["https:\/\/www.diario21.tv\/noticias\/"],"url":"https:\/\/www.diario21.tv\/noticias\/author\/juan-perez\/"}]}},"_links":{"self":[{"href":"https:\/\/www.diario21.tv\/noticias\/wp-json\/wp\/v2\/posts\/4588"}],"collection":[{"href":"https:\/\/www.diario21.tv\/noticias\/wp-json\/wp\/v2\/posts"}],"about":[{"href":"https:\/\/www.diario21.tv\/noticias\/wp-json\/wp\/v2\/types\/post"}],"author":[{"embeddable":true,"href":"https:\/\/www.diario21.tv\/noticias\/wp-json\/wp\/v2\/users\/20"}],"replies":[{"embeddable":true,"href":"https:\/\/www.diario21.tv\/noticias\/wp-json\/wp\/v2\/comments?post=4588"}],"version-history":[{"count":1,"href":"https:\/\/www.diario21.tv\/noticias\/wp-json\/wp\/v2\/posts\/4588\/revisions"}],"predecessor-version":[{"id":4590,"href":"https:\/\/www.diario21.tv\/noticias\/wp-json\/wp\/v2\/posts\/4588\/revisions\/4590"}],"wp:featuredmedia":[{"embeddable":true,"href":"https:\/\/www.diario21.tv\/noticias\/wp-json\/wp\/v2\/media\/4589"}],"wp:attachment":[{"href":"https:\/\/www.diario21.tv\/noticias\/wp-json\/wp\/v2\/media?parent=4588"}],"wp:term":[{"taxonomy":"category","embeddable":true,"href":"https:\/\/www.diario21.tv\/noticias\/wp-json\/wp\/v2\/categories?post=4588"},{"taxonomy":"post_tag","embeddable":true,"href":"https:\/\/www.diario21.tv\/noticias\/wp-json\/wp\/v2\/tags?post=4588"}],"curies":[{"name":"wp","href":"https:\/\/api.w.org\/{rel}","templated":true}]}}