{"id":4585,"date":"2025-09-21T16:35:49","date_gmt":"2025-09-21T16:35:49","guid":{"rendered":"https:\/\/www.diario21.tv\/noticias\/alerta-el-12-de-alumnos-enfrenta-acoso-escolar-con-ia-y-violencia-fisica\/"},"modified":"2025-09-21T16:35:53","modified_gmt":"2025-09-21T16:35:53","slug":"alerta-el-12-de-alumnos-enfrenta-acoso-escolar-con-ia-y-violencia-fisica","status":"publish","type":"post","link":"https:\/\/www.diario21.tv\/noticias\/alerta-el-12-de-alumnos-enfrenta-acoso-escolar-con-ia-y-violencia-fisica\/","title":{"rendered":"\u00a1Alerta! El 12% de alumnos enfrenta acoso escolar con IA y violencia f\u00edsica"},"content":{"rendered":"<h2>Aumento de la Inteligencia Artificial y la Violencia F\u00edsica en el Acoso Escolar<\/h2>\n<p>El acoso escolar sigue siendo una problem\u00e1tica creciente y preocupante en las instituciones educativas. En los \u00faltimos a\u00f1os, se ha registrado un incremento significativo en los casos de bullying, afectando aproximadamente al 12% de los estudiantes a nivel global. No solo persisten las formas tradicionales de acoso, sino que se han integrado nuevas modalidades que incluyen el uso de la inteligencia artificial y un aumento en los incidentes de violencia f\u00edsica.<\/p>\n<h3>La Evoluci\u00f3n del Acoso: De Verbal a Digital y F\u00edsico<\/h3>\n<p>Tradicionalmente, el acoso escolar se manifestaba en formas verbales y psicol\u00f3gicas, como insultos o exclusi\u00f3n social. Sin embargo, la era digital ha tra\u00eddo consigo nuevas herramientas y m\u00e9todos que los agresores utilizan para intimidar a sus pares. La inteligencia artificial, por ejemplo, se ha convertido en una herramienta doble filo. Por un lado, ofrece nuevas oportunidades para el aprendizaje y la interacci\u00f3n; por otro lado, facilita nuevas formas de acoso, como la creaci\u00f3n de im\u00e1genes o v\u00eddeos alterados para humillar a otros estudiantes.<\/p>\n<p>Adem\u00e1s, se ha observado un preocupante incremento en la violencia f\u00edsica dentro del bullying, con casos m\u00e1s severos y frecuentes de agresiones que resultan en lesiones f\u00edsicas. Este tipo de violencia no solo tiene un impacto inmediato en la salud f\u00edsica de las v\u00edctimas, sino que tambi\u00e9n contribuye a problemas psicol\u00f3gicos a largo plazo, como el estr\u00e9s postraum\u00e1tico y la depresi\u00f3n.<\/p>\n<h3>Impacto y Consecuencias del Acoso Escolar<\/h3>\n<p>El acoso escolar tiene profundas repercusiones en el bienestar y desarrollo de los j\u00f3venes. Las v\u00edctimas de bullying suelen experimentar una disminuci\u00f3n en su rendimiento acad\u00e9mico, as\u00ed como problemas de autoestima y relaciones sociales deterioradas. El miedo y la ansiedad que genera el ser objeto de acoso pueden llevar a los estudiantes a evitar la asistencia a clase, lo cual, a su vez, afecta su aprendizaje y progreso educativo.<\/p>\n<p>Es crucial que padres, educadores y autoridades implementen medidas efectivas para combatir el acoso en todas sus formas. Esto incluye programas de prevenci\u00f3n y concienciaci\u00f3n, as\u00ed como protocolos de acci\u00f3n r\u00e1pida en casos de acoso detectados, para asegurar un ambiente seguro y propicio para el aprendizaje.<\/p>\n<h3>Acciones y Estrategias para Mitigar el Acoso Escolar<\/h3>\n<p>Para enfrentar esta creciente ola de acoso escolar, es esencial que las instituciones educativas adapten y refuercen sus estrategias. Esto puede incluir la formaci\u00f3n y capacitaci\u00f3n de los docentes en el reconocimiento de signos de acoso y la mejor manera de intervenir. Asimismo, es importante fomentar un clima escolar basado en el respeto y la inclusi\u00f3n, donde los estudiantes se sientan seguros y valorados.<\/p>\n<p>La implementaci\u00f3n de tecnolog\u00eda educativa tambi\u00e9n debe ser considerada cuidadosamente. Mientras que la inteligencia artificial y otras herramientas digitales pueden ser de gran ayuda en el proceso educativo, su uso debe ser monitoreado para prevenir y contrarrestar cualquier posible mal uso que conduzca a situaciones de acoso.<\/p>\n<p>En conclusi\u00f3n, el acoso escolar es una realidad que ha evolucionado y se ha intensificado con el paso del tiempo, incorporando elementos tanto f\u00edsicos como digitales que aumentan su complejidad. Abordar esta problem\u00e1tica requiere un enfoque multidimensional y la cooperaci\u00f3n de todos los sectores involucrados en la educaci\u00f3n y el bienestar de los j\u00f3venes.<\/p>\n\n\n<div class=\"kk-star-ratings kksr-auto kksr-align-left kksr-valign-bottom\"\n    data-payload='{&quot;align&quot;:&quot;left&quot;,&quot;id&quot;:&quot;4585&quot;,&quot;slug&quot;:&quot;default&quot;,&quot;valign&quot;:&quot;bottom&quot;,&quot;ignore&quot;:&quot;&quot;,&quot;reference&quot;:&quot;auto&quot;,&quot;class&quot;:&quot;&quot;,&quot;count&quot;:&quot;0&quot;,&quot;legendonly&quot;:&quot;&quot;,&quot;readonly&quot;:&quot;&quot;,&quot;score&quot;:&quot;0&quot;,&quot;starsonly&quot;:&quot;&quot;,&quot;best&quot;:&quot;5&quot;,&quot;gap&quot;:&quot;5&quot;,&quot;greet&quot;:&quot;Valora este post&quot;,&quot;legend&quot;:&quot;0\\\/5 - (0 votes)&quot;,&quot;size&quot;:&quot;22&quot;,&quot;title&quot;:&quot;\u00a1Alerta! El 12% de alumnos enfrenta acoso escolar con IA y violencia f\u00edsica&quot;,&quot;width&quot;:&quot;0&quot;,&quot;_legend&quot;:&quot;{score}\\\/{best} - ({count} {votes})&quot;,&quot;font_factor&quot;:&quot;1.25&quot;}'>\n            \n<div class=\"kksr-stars\">\n    \n<div class=\"kksr-stars-inactive\">\n            <div class=\"kksr-star\" data-star=\"1\" style=\"padding-right: 5px\">\n            \n\n<div class=\"kksr-icon\" style=\"width: 22px; height: 22px;\"><\/div>\n        <\/div>\n            <div class=\"kksr-star\" data-star=\"2\" style=\"padding-right: 5px\">\n            \n\n<div class=\"kksr-icon\" style=\"width: 22px; height: 22px;\"><\/div>\n        <\/div>\n            <div class=\"kksr-star\" data-star=\"3\" style=\"padding-right: 5px\">\n            \n\n<div class=\"kksr-icon\" style=\"width: 22px; height: 22px;\"><\/div>\n        <\/div>\n            <div class=\"kksr-star\" data-star=\"4\" style=\"padding-right: 5px\">\n            \n\n<div class=\"kksr-icon\" style=\"width: 22px; height: 22px;\"><\/div>\n        <\/div>\n            <div class=\"kksr-star\" data-star=\"5\" style=\"padding-right: 5px\">\n            \n\n<div class=\"kksr-icon\" style=\"width: 22px; height: 22px;\"><\/div>\n        <\/div>\n    <\/div>\n    \n<div class=\"kksr-stars-active\" style=\"width: 0px;\">\n            <div class=\"kksr-star\" style=\"padding-right: 5px\">\n            \n\n<div class=\"kksr-icon\" style=\"width: 22px; height: 22px;\"><\/div>\n        <\/div>\n            <div class=\"kksr-star\" style=\"padding-right: 5px\">\n            \n\n<div class=\"kksr-icon\" style=\"width: 22px; height: 22px;\"><\/div>\n        <\/div>\n            <div class=\"kksr-star\" style=\"padding-right: 5px\">\n            \n\n<div class=\"kksr-icon\" style=\"width: 22px; height: 22px;\"><\/div>\n        <\/div>\n            <div class=\"kksr-star\" style=\"padding-right: 5px\">\n            \n\n<div class=\"kksr-icon\" style=\"width: 22px; height: 22px;\"><\/div>\n        <\/div>\n            <div class=\"kksr-star\" style=\"padding-right: 5px\">\n            \n\n<div class=\"kksr-icon\" style=\"width: 22px; height: 22px;\"><\/div>\n        <\/div>\n    <\/div>\n<\/div>\n                \n\n<div class=\"kksr-legend\" style=\"font-size: 17.6px;\">\n            <span class=\"kksr-muted\">Valora este post<\/span>\n    <\/div>\n    <\/div>\n","protected":false},"excerpt":{"rendered":"<p>Aumento de la Inteligencia Artificial y la Violencia F\u00edsica en el Acoso Escolar El acoso escolar sigue siendo una problem\u00e1tica creciente y preocupante en las instituciones &#8230; <a title=\"\u00a1Alerta! El 12% de alumnos enfrenta acoso escolar con IA y violencia f\u00edsica\" class=\"read-more\" href=\"https:\/\/www.diario21.tv\/noticias\/alerta-el-12-de-alumnos-enfrenta-acoso-escolar-con-ia-y-violencia-fisica\/\" aria-label=\"Leer m\u00e1s sobre \u00a1Alerta! El 12% de alumnos enfrenta acoso escolar con IA y violencia f\u00edsica\">Seguir leyendo &rarr;<\/a><\/p>\n","protected":false},"author":20,"featured_media":4586,"comment_status":"open","ping_status":"open","sticky":false,"template":"","format":"standard","meta":{"footnotes":""},"categories":[13],"tags":[],"class_list":["post-4585","post","type-post","status-publish","format-standard","has-post-thumbnail","hentry","category-portada"],"yoast_head":"<!-- This site is optimized with the Yoast SEO plugin v25.6 - https:\/\/yoast.com\/wordpress\/plugins\/seo\/ -->\n<title>\u00a1Alerta! El 12% de alumnos enfrenta acoso escolar con IA y violencia f\u00edsica - Diario 21<\/title>\n<meta name=\"robots\" content=\"index, follow, max-snippet:-1, max-image-preview:large, max-video-preview:-1\" \/>\n<link rel=\"canonical\" href=\"https:\/\/www.diario21.tv\/noticias\/alerta-el-12-de-alumnos-enfrenta-acoso-escolar-con-ia-y-violencia-fisica\/\" \/>\n<meta property=\"og:locale\" content=\"es_ES\" \/>\n<meta property=\"og:type\" content=\"article\" \/>\n<meta property=\"og:title\" content=\"\u00a1Alerta! El 12% de alumnos enfrenta acoso escolar con IA y violencia f\u00edsica - Diario 21\" \/>\n<meta property=\"og:description\" content=\"Aumento de la Inteligencia Artificial y la Violencia F\u00edsica en el Acoso Escolar El acoso escolar sigue siendo una problem\u00e1tica creciente y preocupante en las instituciones ... Seguir leyendo &rarr;\" \/>\n<meta property=\"og:url\" content=\"https:\/\/www.diario21.tv\/noticias\/alerta-el-12-de-alumnos-enfrenta-acoso-escolar-con-ia-y-violencia-fisica\/\" \/>\n<meta property=\"og:site_name\" content=\"Diario 21\" \/>\n<meta property=\"article:published_time\" content=\"2025-09-21T16:35:49+00:00\" \/>\n<meta property=\"article:modified_time\" content=\"2025-09-21T16:35:53+00:00\" \/>\n<meta property=\"og:image\" content=\"https:\/\/www.diario21.tv\/noticias\/wp-content\/uploads\/2025\/09\/\u00a1Alerta-El-12-de-alumnos-enfrenta-acoso-escolar-con-IA.jpg\" \/>\n\t<meta property=\"og:image:width\" content=\"1200\" \/>\n\t<meta property=\"og:image:height\" content=\"840\" \/>\n\t<meta property=\"og:image:type\" content=\"image\/jpeg\" \/>\n<meta name=\"author\" content=\"Juan P\u00e9rez\" \/>\n<meta name=\"twitter:card\" content=\"summary_large_image\" \/>\n<meta name=\"twitter:label1\" content=\"Escrito por\" \/>\n\t<meta name=\"twitter:data1\" content=\"Juan P\u00e9rez\" \/>\n\t<meta name=\"twitter:label2\" content=\"Tiempo de lectura\" \/>\n\t<meta name=\"twitter:data2\" content=\"3 minutos\" \/>\n<script type=\"application\/ld+json\" class=\"yoast-schema-graph\">{\"@context\":\"https:\/\/schema.org\",\"@graph\":[{\"@type\":\"WebPage\",\"@id\":\"https:\/\/www.diario21.tv\/noticias\/alerta-el-12-de-alumnos-enfrenta-acoso-escolar-con-ia-y-violencia-fisica\/\",\"url\":\"https:\/\/www.diario21.tv\/noticias\/alerta-el-12-de-alumnos-enfrenta-acoso-escolar-con-ia-y-violencia-fisica\/\",\"name\":\"\u00a1Alerta! El 12% de alumnos enfrenta acoso escolar con IA y violencia f\u00edsica - Diario 21\",\"isPartOf\":{\"@id\":\"https:\/\/www.diario21.tv\/noticias\/#website\"},\"primaryImageOfPage\":{\"@id\":\"https:\/\/www.diario21.tv\/noticias\/alerta-el-12-de-alumnos-enfrenta-acoso-escolar-con-ia-y-violencia-fisica\/#primaryimage\"},\"image\":{\"@id\":\"https:\/\/www.diario21.tv\/noticias\/alerta-el-12-de-alumnos-enfrenta-acoso-escolar-con-ia-y-violencia-fisica\/#primaryimage\"},\"thumbnailUrl\":\"https:\/\/www.diario21.tv\/noticias\/wp-content\/uploads\/2025\/09\/\u00a1Alerta-El-12-de-alumnos-enfrenta-acoso-escolar-con-IA.jpg\",\"datePublished\":\"2025-09-21T16:35:49+00:00\",\"dateModified\":\"2025-09-21T16:35:53+00:00\",\"author\":{\"@id\":\"https:\/\/www.diario21.tv\/noticias\/#\/schema\/person\/dfb778f73814d8f09f302618446a526b\"},\"breadcrumb\":{\"@id\":\"https:\/\/www.diario21.tv\/noticias\/alerta-el-12-de-alumnos-enfrenta-acoso-escolar-con-ia-y-violencia-fisica\/#breadcrumb\"},\"inLanguage\":\"es-AR\",\"potentialAction\":[{\"@type\":\"ReadAction\",\"target\":[\"https:\/\/www.diario21.tv\/noticias\/alerta-el-12-de-alumnos-enfrenta-acoso-escolar-con-ia-y-violencia-fisica\/\"]}]},{\"@type\":\"ImageObject\",\"inLanguage\":\"es-AR\",\"@id\":\"https:\/\/www.diario21.tv\/noticias\/alerta-el-12-de-alumnos-enfrenta-acoso-escolar-con-ia-y-violencia-fisica\/#primaryimage\",\"url\":\"https:\/\/www.diario21.tv\/noticias\/wp-content\/uploads\/2025\/09\/\u00a1Alerta-El-12-de-alumnos-enfrenta-acoso-escolar-con-IA.jpg\",\"contentUrl\":\"https:\/\/www.diario21.tv\/noticias\/wp-content\/uploads\/2025\/09\/\u00a1Alerta-El-12-de-alumnos-enfrenta-acoso-escolar-con-IA.jpg\",\"width\":1200,\"height\":840,\"caption\":\"Cada vez hay m\u00e1s IA y violencia f\u00edsica en el acoso escolar, que ya alcanza al 12% de los alumnos\"},{\"@type\":\"BreadcrumbList\",\"@id\":\"https:\/\/www.diario21.tv\/noticias\/alerta-el-12-de-alumnos-enfrenta-acoso-escolar-con-ia-y-violencia-fisica\/#breadcrumb\",\"itemListElement\":[{\"@type\":\"ListItem\",\"position\":1,\"name\":\"Accueil\",\"item\":\"https:\/\/www.diario21.tv\/noticias\/\"},{\"@type\":\"ListItem\",\"position\":2,\"name\":\"\u00a1Alerta! El 12% de alumnos enfrenta acoso escolar con IA y violencia f\u00edsica\"}]},{\"@type\":\"WebSite\",\"@id\":\"https:\/\/www.diario21.tv\/noticias\/#website\",\"url\":\"https:\/\/www.diario21.tv\/noticias\/\",\"name\":\"Diario 21\",\"description\":\"\",\"potentialAction\":[{\"@type\":\"SearchAction\",\"target\":{\"@type\":\"EntryPoint\",\"urlTemplate\":\"https:\/\/www.diario21.tv\/noticias\/?s={search_term_string}\"},\"query-input\":{\"@type\":\"PropertyValueSpecification\",\"valueRequired\":true,\"valueName\":\"search_term_string\"}}],\"inLanguage\":\"es-AR\"},{\"@type\":\"Person\",\"@id\":\"https:\/\/www.diario21.tv\/noticias\/#\/schema\/person\/dfb778f73814d8f09f302618446a526b\",\"name\":\"Juan P\u00e9rez\",\"image\":{\"@type\":\"ImageObject\",\"inLanguage\":\"es-AR\",\"@id\":\"https:\/\/www.diario21.tv\/noticias\/#\/schema\/person\/image\/\",\"url\":\"https:\/\/secure.gravatar.com\/avatar\/c478a405bd10621167f4c3167cc770f5?s=96&d=mm&r=g\",\"contentUrl\":\"https:\/\/secure.gravatar.com\/avatar\/c478a405bd10621167f4c3167cc770f5?s=96&d=mm&r=g\",\"caption\":\"Juan P\u00e9rez\"},\"description\":\"Juan P\u00e9rez es el redactor en jefe de Diario 21. Con m\u00e1s de 10 a\u00f1os de experiencia en el periodismo, se especializa en pol\u00edtica nacional y an\u00e1lisis socioecon\u00f3mico. Su enfoque cr\u00edtico y riguroso aporta una perspectiva \u00fanica a cada art\u00edculo.\",\"sameAs\":[\"https:\/\/www.diario21.tv\/noticias\/\"],\"url\":\"https:\/\/www.diario21.tv\/noticias\/author\/juan-perez\/\"}]}<\/script>\n<!-- \/ Yoast SEO plugin. -->","yoast_head_json":{"title":"\u00a1Alerta! El 12% de alumnos enfrenta acoso escolar con IA y violencia f\u00edsica - Diario 21","robots":{"index":"index","follow":"follow","max-snippet":"max-snippet:-1","max-image-preview":"max-image-preview:large","max-video-preview":"max-video-preview:-1"},"canonical":"https:\/\/www.diario21.tv\/noticias\/alerta-el-12-de-alumnos-enfrenta-acoso-escolar-con-ia-y-violencia-fisica\/","og_locale":"es_ES","og_type":"article","og_title":"\u00a1Alerta! El 12% de alumnos enfrenta acoso escolar con IA y violencia f\u00edsica - Diario 21","og_description":"Aumento de la Inteligencia Artificial y la Violencia F\u00edsica en el Acoso Escolar El acoso escolar sigue siendo una problem\u00e1tica creciente y preocupante en las instituciones ... Seguir leyendo &rarr;","og_url":"https:\/\/www.diario21.tv\/noticias\/alerta-el-12-de-alumnos-enfrenta-acoso-escolar-con-ia-y-violencia-fisica\/","og_site_name":"Diario 21","article_published_time":"2025-09-21T16:35:49+00:00","article_modified_time":"2025-09-21T16:35:53+00:00","og_image":[{"width":1200,"height":840,"url":"https:\/\/www.diario21.tv\/noticias\/wp-content\/uploads\/2025\/09\/\u00a1Alerta-El-12-de-alumnos-enfrenta-acoso-escolar-con-IA.jpg","type":"image\/jpeg"}],"author":"Juan P\u00e9rez","twitter_card":"summary_large_image","twitter_misc":{"Escrito por":"Juan P\u00e9rez","Tiempo de lectura":"3 minutos"},"schema":{"@context":"https:\/\/schema.org","@graph":[{"@type":"WebPage","@id":"https:\/\/www.diario21.tv\/noticias\/alerta-el-12-de-alumnos-enfrenta-acoso-escolar-con-ia-y-violencia-fisica\/","url":"https:\/\/www.diario21.tv\/noticias\/alerta-el-12-de-alumnos-enfrenta-acoso-escolar-con-ia-y-violencia-fisica\/","name":"\u00a1Alerta! El 12% de alumnos enfrenta acoso escolar con IA y violencia f\u00edsica - Diario 21","isPartOf":{"@id":"https:\/\/www.diario21.tv\/noticias\/#website"},"primaryImageOfPage":{"@id":"https:\/\/www.diario21.tv\/noticias\/alerta-el-12-de-alumnos-enfrenta-acoso-escolar-con-ia-y-violencia-fisica\/#primaryimage"},"image":{"@id":"https:\/\/www.diario21.tv\/noticias\/alerta-el-12-de-alumnos-enfrenta-acoso-escolar-con-ia-y-violencia-fisica\/#primaryimage"},"thumbnailUrl":"https:\/\/www.diario21.tv\/noticias\/wp-content\/uploads\/2025\/09\/\u00a1Alerta-El-12-de-alumnos-enfrenta-acoso-escolar-con-IA.jpg","datePublished":"2025-09-21T16:35:49+00:00","dateModified":"2025-09-21T16:35:53+00:00","author":{"@id":"https:\/\/www.diario21.tv\/noticias\/#\/schema\/person\/dfb778f73814d8f09f302618446a526b"},"breadcrumb":{"@id":"https:\/\/www.diario21.tv\/noticias\/alerta-el-12-de-alumnos-enfrenta-acoso-escolar-con-ia-y-violencia-fisica\/#breadcrumb"},"inLanguage":"es-AR","potentialAction":[{"@type":"ReadAction","target":["https:\/\/www.diario21.tv\/noticias\/alerta-el-12-de-alumnos-enfrenta-acoso-escolar-con-ia-y-violencia-fisica\/"]}]},{"@type":"ImageObject","inLanguage":"es-AR","@id":"https:\/\/www.diario21.tv\/noticias\/alerta-el-12-de-alumnos-enfrenta-acoso-escolar-con-ia-y-violencia-fisica\/#primaryimage","url":"https:\/\/www.diario21.tv\/noticias\/wp-content\/uploads\/2025\/09\/\u00a1Alerta-El-12-de-alumnos-enfrenta-acoso-escolar-con-IA.jpg","contentUrl":"https:\/\/www.diario21.tv\/noticias\/wp-content\/uploads\/2025\/09\/\u00a1Alerta-El-12-de-alumnos-enfrenta-acoso-escolar-con-IA.jpg","width":1200,"height":840,"caption":"Cada vez hay m\u00e1s IA y violencia f\u00edsica en el acoso escolar, que ya alcanza al 12% de los alumnos"},{"@type":"BreadcrumbList","@id":"https:\/\/www.diario21.tv\/noticias\/alerta-el-12-de-alumnos-enfrenta-acoso-escolar-con-ia-y-violencia-fisica\/#breadcrumb","itemListElement":[{"@type":"ListItem","position":1,"name":"Accueil","item":"https:\/\/www.diario21.tv\/noticias\/"},{"@type":"ListItem","position":2,"name":"\u00a1Alerta! El 12% de alumnos enfrenta acoso escolar con IA y violencia f\u00edsica"}]},{"@type":"WebSite","@id":"https:\/\/www.diario21.tv\/noticias\/#website","url":"https:\/\/www.diario21.tv\/noticias\/","name":"Diario 21","description":"","potentialAction":[{"@type":"SearchAction","target":{"@type":"EntryPoint","urlTemplate":"https:\/\/www.diario21.tv\/noticias\/?s={search_term_string}"},"query-input":{"@type":"PropertyValueSpecification","valueRequired":true,"valueName":"search_term_string"}}],"inLanguage":"es-AR"},{"@type":"Person","@id":"https:\/\/www.diario21.tv\/noticias\/#\/schema\/person\/dfb778f73814d8f09f302618446a526b","name":"Juan P\u00e9rez","image":{"@type":"ImageObject","inLanguage":"es-AR","@id":"https:\/\/www.diario21.tv\/noticias\/#\/schema\/person\/image\/","url":"https:\/\/secure.gravatar.com\/avatar\/c478a405bd10621167f4c3167cc770f5?s=96&d=mm&r=g","contentUrl":"https:\/\/secure.gravatar.com\/avatar\/c478a405bd10621167f4c3167cc770f5?s=96&d=mm&r=g","caption":"Juan P\u00e9rez"},"description":"Juan P\u00e9rez es el redactor en jefe de Diario 21. Con m\u00e1s de 10 a\u00f1os de experiencia en el periodismo, se especializa en pol\u00edtica nacional y an\u00e1lisis socioecon\u00f3mico. Su enfoque cr\u00edtico y riguroso aporta una perspectiva \u00fanica a cada art\u00edculo.","sameAs":["https:\/\/www.diario21.tv\/noticias\/"],"url":"https:\/\/www.diario21.tv\/noticias\/author\/juan-perez\/"}]}},"_links":{"self":[{"href":"https:\/\/www.diario21.tv\/noticias\/wp-json\/wp\/v2\/posts\/4585"}],"collection":[{"href":"https:\/\/www.diario21.tv\/noticias\/wp-json\/wp\/v2\/posts"}],"about":[{"href":"https:\/\/www.diario21.tv\/noticias\/wp-json\/wp\/v2\/types\/post"}],"author":[{"embeddable":true,"href":"https:\/\/www.diario21.tv\/noticias\/wp-json\/wp\/v2\/users\/20"}],"replies":[{"embeddable":true,"href":"https:\/\/www.diario21.tv\/noticias\/wp-json\/wp\/v2\/comments?post=4585"}],"version-history":[{"count":1,"href":"https:\/\/www.diario21.tv\/noticias\/wp-json\/wp\/v2\/posts\/4585\/revisions"}],"predecessor-version":[{"id":4587,"href":"https:\/\/www.diario21.tv\/noticias\/wp-json\/wp\/v2\/posts\/4585\/revisions\/4587"}],"wp:featuredmedia":[{"embeddable":true,"href":"https:\/\/www.diario21.tv\/noticias\/wp-json\/wp\/v2\/media\/4586"}],"wp:attachment":[{"href":"https:\/\/www.diario21.tv\/noticias\/wp-json\/wp\/v2\/media?parent=4585"}],"wp:term":[{"taxonomy":"category","embeddable":true,"href":"https:\/\/www.diario21.tv\/noticias\/wp-json\/wp\/v2\/categories?post=4585"},{"taxonomy":"post_tag","embeddable":true,"href":"https:\/\/www.diario21.tv\/noticias\/wp-json\/wp\/v2\/tags?post=4585"}],"curies":[{"name":"wp","href":"https:\/\/api.w.org\/{rel}","templated":true}]}}