{"id":4567,"date":"2025-09-20T04:23:33","date_gmt":"2025-09-20T04:23:33","guid":{"rendered":"https:\/\/www.diario21.tv\/noticias\/sociedades-cientificas-exigen-a-sanidad-acceso-publico-a-farmaco-revolucionario-para-cancer-de-prostata-avanzado\/"},"modified":"2025-09-20T04:23:34","modified_gmt":"2025-09-20T04:23:34","slug":"sociedades-cientificas-exigen-a-sanidad-acceso-publico-a-farmaco-revolucionario-para-cancer-de-prostata-avanzado","status":"publish","type":"post","link":"https:\/\/www.diario21.tv\/noticias\/sociedades-cientificas-exigen-a-sanidad-acceso-publico-a-farmaco-revolucionario-para-cancer-de-prostata-avanzado\/","title":{"rendered":"Sociedades cient\u00edficas exigen a Sanidad acceso p\u00fablico a f\u00e1rmaco revolucionario para c\u00e1ncer de pr\u00f3stata avanzado"},"content":{"rendered":"<h2>Solicitud de Acceso P\u00fablico a Tratamiento Crucial para el C\u00e1ncer de Pr\u00f3stata Avanzado<\/h2>\n<p>Dos importantes entidades cient\u00edficas han hecho un llamamiento al Ministerio de Sanidad para que facilite el acceso p\u00fablico a un medicamento prometedor en la lucha contra el c\u00e1ncer de pr\u00f3stata en su etapa avanzada. Este f\u00e1rmaco, que ha mostrado resultados significativos en la reducci\u00f3n de la progresi\u00f3n de la enfermedad, es visto como un recurso vital para mejorar la calidad de vida de los pacientes afectados.<\/p>\n<h3>Impacto del Medicamento en el Tratamiento del C\u00e1ncer de Pr\u00f3stata<\/h3>\n<p>El medicamento en cuesti\u00f3n ha sido objeto de numerosos estudios y ensayos cl\u00ednicos que han demostrado su eficacia en retardar el avance del c\u00e1ncer de pr\u00f3stata avanzado. Los resultados sugerentes de estos estudios indican que el tratamiento no solo ayuda a prolongar la vida de los pacientes, sino que tambi\u00e9n mejora significativamente su calidad de vida al mitigar los s\u00edntomas dolorosos asociados con esta fase de la enfermedad.<\/p>\n<h3>La Petici\u00f3n a Sanidad<\/h3>\n<p>Las sociedades cient\u00edficas implicadas en esta petici\u00f3n han presentado un dossier detallado al Ministerio de Sanidad, instando a que este tratamiento sea accesible de manera p\u00fablica. Argumentan que el acceso a este medicamento no deber\u00eda estar limitado por factores econ\u00f3micos o burocr\u00e1ticos, dada su capacidad comprobada de ofrecer una esperanza tangible a quienes enfrentan esta condici\u00f3n severa.<\/p>\n<p>Adem\u00e1s, han subrayado la importancia de una actuaci\u00f3n r\u00e1pida por parte de las autoridades sanitarias para incluir este f\u00e1rmaco en el listado de medicamentos disponibles a trav\u00e9s del sistema de salud p\u00fablica. Esto permitir\u00eda que muchos m\u00e1s pacientes se beneficien de los \u00faltimos avances en el tratamiento del c\u00e1ncer de pr\u00f3stata sin tener que soportar una carga financiera devastadora.<\/p>\n<h3>Reacciones y Expectativas<\/h3>\n<p>La comunidad m\u00e9dica y los pacientes con c\u00e1ncer de pr\u00f3stata han recibido con optimismo la iniciativa de estas sociedades cient\u00edficas. Existe una expectativa generalizada de que el Ministerio de Sanidad evaluar\u00e1 positivamente la petici\u00f3n y actuar\u00e1 en consecuencia para facilitar el acceso al medicamento. Muchos expertos en el campo de la oncolog\u00eda ven esta acci\u00f3n como un paso esencial hacia la democratizaci\u00f3n del tratamiento para el c\u00e1ncer de pr\u00f3stata, asegurando que todos los pacientes, independientemente de su situaci\u00f3n econ\u00f3mica, puedan acceder a las terapias m\u00e1s efectivas disponibles.<\/p>\n<p>En conclusi\u00f3n, la petici\u00f3n de estas dos sociedades cient\u00edficas destaca la necesidad de hacer accesibles tratamientos innovadores y potencialmente salvadores en el sistema de salud p\u00fablica. Al hacerlo, no solo se estar\u00eda avanzando en la lucha contra el c\u00e1ncer de pr\u00f3stata, sino tambi\u00e9n en la promoci\u00f3n de una equidad en la atenci\u00f3n de salud para todos los ciudadanos.<\/p>\n\n\n<div class=\"kk-star-ratings kksr-auto kksr-align-left kksr-valign-bottom\"\n    data-payload='{&quot;align&quot;:&quot;left&quot;,&quot;id&quot;:&quot;4567&quot;,&quot;slug&quot;:&quot;default&quot;,&quot;valign&quot;:&quot;bottom&quot;,&quot;ignore&quot;:&quot;&quot;,&quot;reference&quot;:&quot;auto&quot;,&quot;class&quot;:&quot;&quot;,&quot;count&quot;:&quot;0&quot;,&quot;legendonly&quot;:&quot;&quot;,&quot;readonly&quot;:&quot;&quot;,&quot;score&quot;:&quot;0&quot;,&quot;starsonly&quot;:&quot;&quot;,&quot;best&quot;:&quot;5&quot;,&quot;gap&quot;:&quot;5&quot;,&quot;greet&quot;:&quot;Valora este post&quot;,&quot;legend&quot;:&quot;0\\\/5 - (0 votes)&quot;,&quot;size&quot;:&quot;22&quot;,&quot;title&quot;:&quot;Sociedades cient\u00edficas exigen a Sanidad acceso p\u00fablico a f\u00e1rmaco revolucionario para c\u00e1ncer de pr\u00f3stata avanzado&quot;,&quot;width&quot;:&quot;0&quot;,&quot;_legend&quot;:&quot;{score}\\\/{best} - ({count} {votes})&quot;,&quot;font_factor&quot;:&quot;1.25&quot;}'>\n            \n<div class=\"kksr-stars\">\n    \n<div class=\"kksr-stars-inactive\">\n            <div class=\"kksr-star\" data-star=\"1\" style=\"padding-right: 5px\">\n            \n\n<div class=\"kksr-icon\" style=\"width: 22px; height: 22px;\"><\/div>\n        <\/div>\n            <div class=\"kksr-star\" data-star=\"2\" style=\"padding-right: 5px\">\n            \n\n<div class=\"kksr-icon\" style=\"width: 22px; height: 22px;\"><\/div>\n        <\/div>\n            <div class=\"kksr-star\" data-star=\"3\" style=\"padding-right: 5px\">\n            \n\n<div class=\"kksr-icon\" style=\"width: 22px; height: 22px;\"><\/div>\n        <\/div>\n            <div class=\"kksr-star\" data-star=\"4\" style=\"padding-right: 5px\">\n            \n\n<div class=\"kksr-icon\" style=\"width: 22px; height: 22px;\"><\/div>\n        <\/div>\n            <div class=\"kksr-star\" data-star=\"5\" style=\"padding-right: 5px\">\n            \n\n<div class=\"kksr-icon\" style=\"width: 22px; height: 22px;\"><\/div>\n        <\/div>\n    <\/div>\n    \n<div class=\"kksr-stars-active\" style=\"width: 0px;\">\n            <div class=\"kksr-star\" style=\"padding-right: 5px\">\n            \n\n<div class=\"kksr-icon\" style=\"width: 22px; height: 22px;\"><\/div>\n        <\/div>\n            <div class=\"kksr-star\" style=\"padding-right: 5px\">\n            \n\n<div class=\"kksr-icon\" style=\"width: 22px; height: 22px;\"><\/div>\n        <\/div>\n            <div class=\"kksr-star\" style=\"padding-right: 5px\">\n            \n\n<div class=\"kksr-icon\" style=\"width: 22px; height: 22px;\"><\/div>\n        <\/div>\n            <div class=\"kksr-star\" style=\"padding-right: 5px\">\n            \n\n<div class=\"kksr-icon\" style=\"width: 22px; height: 22px;\"><\/div>\n        <\/div>\n            <div class=\"kksr-star\" style=\"padding-right: 5px\">\n            \n\n<div class=\"kksr-icon\" style=\"width: 22px; height: 22px;\"><\/div>\n        <\/div>\n    <\/div>\n<\/div>\n                \n\n<div class=\"kksr-legend\" style=\"font-size: 17.6px;\">\n            <span class=\"kksr-muted\">Valora este post<\/span>\n    <\/div>\n    <\/div>\n","protected":false},"excerpt":{"rendered":"<p>Solicitud de Acceso P\u00fablico a Tratamiento Crucial para el C\u00e1ncer de Pr\u00f3stata Avanzado Dos importantes entidades cient\u00edficas han hecho un llamamiento al Ministerio de Sanidad para &#8230; <a title=\"Sociedades cient\u00edficas exigen a Sanidad acceso p\u00fablico a f\u00e1rmaco revolucionario para c\u00e1ncer de pr\u00f3stata avanzado\" class=\"read-more\" href=\"https:\/\/www.diario21.tv\/noticias\/sociedades-cientificas-exigen-a-sanidad-acceso-publico-a-farmaco-revolucionario-para-cancer-de-prostata-avanzado\/\" aria-label=\"Leer m\u00e1s sobre Sociedades cient\u00edficas exigen a Sanidad acceso p\u00fablico a f\u00e1rmaco revolucionario para c\u00e1ncer de pr\u00f3stata avanzado\">Seguir leyendo &rarr;<\/a><\/p>\n","protected":false},"author":20,"featured_media":4568,"comment_status":"open","ping_status":"open","sticky":false,"template":"","format":"standard","meta":{"footnotes":""},"categories":[13],"tags":[],"class_list":["post-4567","post","type-post","status-publish","format-standard","has-post-thumbnail","hentry","category-portada"],"yoast_head":"<!-- This site is optimized with the Yoast SEO plugin v25.6 - https:\/\/yoast.com\/wordpress\/plugins\/seo\/ -->\n<title>Sociedades cient\u00edficas exigen a Sanidad acceso p\u00fablico a f\u00e1rmaco revolucionario para c\u00e1ncer de pr\u00f3stata avanzado - Diario 21<\/title>\n<meta name=\"robots\" content=\"index, follow, max-snippet:-1, max-image-preview:large, max-video-preview:-1\" \/>\n<link rel=\"canonical\" href=\"https:\/\/www.diario21.tv\/noticias\/sociedades-cientificas-exigen-a-sanidad-acceso-publico-a-farmaco-revolucionario-para-cancer-de-prostata-avanzado\/\" \/>\n<meta property=\"og:locale\" content=\"es_ES\" \/>\n<meta property=\"og:type\" content=\"article\" \/>\n<meta property=\"og:title\" content=\"Sociedades cient\u00edficas exigen a Sanidad acceso p\u00fablico a f\u00e1rmaco revolucionario para c\u00e1ncer de pr\u00f3stata avanzado - Diario 21\" \/>\n<meta property=\"og:description\" content=\"Solicitud de Acceso P\u00fablico a Tratamiento Crucial para el C\u00e1ncer de Pr\u00f3stata Avanzado Dos importantes entidades cient\u00edficas han hecho un llamamiento al Ministerio de Sanidad para ... Seguir leyendo &rarr;\" \/>\n<meta property=\"og:url\" content=\"https:\/\/www.diario21.tv\/noticias\/sociedades-cientificas-exigen-a-sanidad-acceso-publico-a-farmaco-revolucionario-para-cancer-de-prostata-avanzado\/\" \/>\n<meta property=\"og:site_name\" content=\"Diario 21\" \/>\n<meta property=\"article:published_time\" content=\"2025-09-20T04:23:33+00:00\" \/>\n<meta property=\"article:modified_time\" content=\"2025-09-20T04:23:34+00:00\" \/>\n<meta property=\"og:image\" content=\"https:\/\/www.diario21.tv\/noticias\/wp-content\/uploads\/2025\/09\/Sociedades-cientificas-exigen-a-Sanidad-acceso-publico-a-farmaco-revolucionario.JPG\" \/>\n\t<meta property=\"og:image:width\" content=\"1200\" \/>\n\t<meta property=\"og:image:height\" content=\"840\" \/>\n\t<meta property=\"og:image:type\" content=\"image\/jpeg\" \/>\n<meta name=\"author\" content=\"Juan P\u00e9rez\" \/>\n<meta name=\"twitter:card\" content=\"summary_large_image\" \/>\n<meta name=\"twitter:label1\" content=\"Escrito por\" \/>\n\t<meta name=\"twitter:data1\" content=\"Juan P\u00e9rez\" \/>\n\t<meta name=\"twitter:label2\" content=\"Tiempo de lectura\" \/>\n\t<meta name=\"twitter:data2\" content=\"2 minutos\" \/>\n<script type=\"application\/ld+json\" class=\"yoast-schema-graph\">{\"@context\":\"https:\/\/schema.org\",\"@graph\":[{\"@type\":\"WebPage\",\"@id\":\"https:\/\/www.diario21.tv\/noticias\/sociedades-cientificas-exigen-a-sanidad-acceso-publico-a-farmaco-revolucionario-para-cancer-de-prostata-avanzado\/\",\"url\":\"https:\/\/www.diario21.tv\/noticias\/sociedades-cientificas-exigen-a-sanidad-acceso-publico-a-farmaco-revolucionario-para-cancer-de-prostata-avanzado\/\",\"name\":\"Sociedades cient\u00edficas exigen a Sanidad acceso p\u00fablico a f\u00e1rmaco revolucionario para c\u00e1ncer de pr\u00f3stata avanzado - Diario 21\",\"isPartOf\":{\"@id\":\"https:\/\/www.diario21.tv\/noticias\/#website\"},\"primaryImageOfPage\":{\"@id\":\"https:\/\/www.diario21.tv\/noticias\/sociedades-cientificas-exigen-a-sanidad-acceso-publico-a-farmaco-revolucionario-para-cancer-de-prostata-avanzado\/#primaryimage\"},\"image\":{\"@id\":\"https:\/\/www.diario21.tv\/noticias\/sociedades-cientificas-exigen-a-sanidad-acceso-publico-a-farmaco-revolucionario-para-cancer-de-prostata-avanzado\/#primaryimage\"},\"thumbnailUrl\":\"https:\/\/www.diario21.tv\/noticias\/wp-content\/uploads\/2025\/09\/Sociedades-cientificas-exigen-a-Sanidad-acceso-publico-a-farmaco-revolucionario.JPG\",\"datePublished\":\"2025-09-20T04:23:33+00:00\",\"dateModified\":\"2025-09-20T04:23:34+00:00\",\"author\":{\"@id\":\"https:\/\/www.diario21.tv\/noticias\/#\/schema\/person\/dfb778f73814d8f09f302618446a526b\"},\"breadcrumb\":{\"@id\":\"https:\/\/www.diario21.tv\/noticias\/sociedades-cientificas-exigen-a-sanidad-acceso-publico-a-farmaco-revolucionario-para-cancer-de-prostata-avanzado\/#breadcrumb\"},\"inLanguage\":\"es-AR\",\"potentialAction\":[{\"@type\":\"ReadAction\",\"target\":[\"https:\/\/www.diario21.tv\/noticias\/sociedades-cientificas-exigen-a-sanidad-acceso-publico-a-farmaco-revolucionario-para-cancer-de-prostata-avanzado\/\"]}]},{\"@type\":\"ImageObject\",\"inLanguage\":\"es-AR\",\"@id\":\"https:\/\/www.diario21.tv\/noticias\/sociedades-cientificas-exigen-a-sanidad-acceso-publico-a-farmaco-revolucionario-para-cancer-de-prostata-avanzado\/#primaryimage\",\"url\":\"https:\/\/www.diario21.tv\/noticias\/wp-content\/uploads\/2025\/09\/Sociedades-cientificas-exigen-a-Sanidad-acceso-publico-a-farmaco-revolucionario.JPG\",\"contentUrl\":\"https:\/\/www.diario21.tv\/noticias\/wp-content\/uploads\/2025\/09\/Sociedades-cientificas-exigen-a-Sanidad-acceso-publico-a-farmaco-revolucionario.JPG\",\"width\":1200,\"height\":840,\"caption\":\"Dos sociedades cient\u00edficas piden a Sanidad el acceso p\u00fablico a un f\u00e1rmaco \u00fatil contra el c\u00e1ncer de pr\u00f3stata en fase avanzada\"},{\"@type\":\"BreadcrumbList\",\"@id\":\"https:\/\/www.diario21.tv\/noticias\/sociedades-cientificas-exigen-a-sanidad-acceso-publico-a-farmaco-revolucionario-para-cancer-de-prostata-avanzado\/#breadcrumb\",\"itemListElement\":[{\"@type\":\"ListItem\",\"position\":1,\"name\":\"Accueil\",\"item\":\"https:\/\/www.diario21.tv\/noticias\/\"},{\"@type\":\"ListItem\",\"position\":2,\"name\":\"Sociedades cient\u00edficas exigen a Sanidad acceso p\u00fablico a f\u00e1rmaco revolucionario para c\u00e1ncer de pr\u00f3stata avanzado\"}]},{\"@type\":\"WebSite\",\"@id\":\"https:\/\/www.diario21.tv\/noticias\/#website\",\"url\":\"https:\/\/www.diario21.tv\/noticias\/\",\"name\":\"Diario 21\",\"description\":\"\",\"potentialAction\":[{\"@type\":\"SearchAction\",\"target\":{\"@type\":\"EntryPoint\",\"urlTemplate\":\"https:\/\/www.diario21.tv\/noticias\/?s={search_term_string}\"},\"query-input\":{\"@type\":\"PropertyValueSpecification\",\"valueRequired\":true,\"valueName\":\"search_term_string\"}}],\"inLanguage\":\"es-AR\"},{\"@type\":\"Person\",\"@id\":\"https:\/\/www.diario21.tv\/noticias\/#\/schema\/person\/dfb778f73814d8f09f302618446a526b\",\"name\":\"Juan P\u00e9rez\",\"image\":{\"@type\":\"ImageObject\",\"inLanguage\":\"es-AR\",\"@id\":\"https:\/\/www.diario21.tv\/noticias\/#\/schema\/person\/image\/\",\"url\":\"https:\/\/secure.gravatar.com\/avatar\/c478a405bd10621167f4c3167cc770f5?s=96&d=mm&r=g\",\"contentUrl\":\"https:\/\/secure.gravatar.com\/avatar\/c478a405bd10621167f4c3167cc770f5?s=96&d=mm&r=g\",\"caption\":\"Juan P\u00e9rez\"},\"description\":\"Juan P\u00e9rez es el redactor en jefe de Diario 21. Con m\u00e1s de 10 a\u00f1os de experiencia en el periodismo, se especializa en pol\u00edtica nacional y an\u00e1lisis socioecon\u00f3mico. Su enfoque cr\u00edtico y riguroso aporta una perspectiva \u00fanica a cada art\u00edculo.\",\"sameAs\":[\"https:\/\/www.diario21.tv\/noticias\/\"],\"url\":\"https:\/\/www.diario21.tv\/noticias\/author\/juan-perez\/\"}]}<\/script>\n<!-- \/ Yoast SEO plugin. -->","yoast_head_json":{"title":"Sociedades cient\u00edficas exigen a Sanidad acceso p\u00fablico a f\u00e1rmaco revolucionario para c\u00e1ncer de pr\u00f3stata avanzado - Diario 21","robots":{"index":"index","follow":"follow","max-snippet":"max-snippet:-1","max-image-preview":"max-image-preview:large","max-video-preview":"max-video-preview:-1"},"canonical":"https:\/\/www.diario21.tv\/noticias\/sociedades-cientificas-exigen-a-sanidad-acceso-publico-a-farmaco-revolucionario-para-cancer-de-prostata-avanzado\/","og_locale":"es_ES","og_type":"article","og_title":"Sociedades cient\u00edficas exigen a Sanidad acceso p\u00fablico a f\u00e1rmaco revolucionario para c\u00e1ncer de pr\u00f3stata avanzado - Diario 21","og_description":"Solicitud de Acceso P\u00fablico a Tratamiento Crucial para el C\u00e1ncer de Pr\u00f3stata Avanzado Dos importantes entidades cient\u00edficas han hecho un llamamiento al Ministerio de Sanidad para ... Seguir leyendo &rarr;","og_url":"https:\/\/www.diario21.tv\/noticias\/sociedades-cientificas-exigen-a-sanidad-acceso-publico-a-farmaco-revolucionario-para-cancer-de-prostata-avanzado\/","og_site_name":"Diario 21","article_published_time":"2025-09-20T04:23:33+00:00","article_modified_time":"2025-09-20T04:23:34+00:00","og_image":[{"width":1200,"height":840,"url":"https:\/\/www.diario21.tv\/noticias\/wp-content\/uploads\/2025\/09\/Sociedades-cientificas-exigen-a-Sanidad-acceso-publico-a-farmaco-revolucionario.JPG","type":"image\/jpeg"}],"author":"Juan P\u00e9rez","twitter_card":"summary_large_image","twitter_misc":{"Escrito por":"Juan P\u00e9rez","Tiempo de lectura":"2 minutos"},"schema":{"@context":"https:\/\/schema.org","@graph":[{"@type":"WebPage","@id":"https:\/\/www.diario21.tv\/noticias\/sociedades-cientificas-exigen-a-sanidad-acceso-publico-a-farmaco-revolucionario-para-cancer-de-prostata-avanzado\/","url":"https:\/\/www.diario21.tv\/noticias\/sociedades-cientificas-exigen-a-sanidad-acceso-publico-a-farmaco-revolucionario-para-cancer-de-prostata-avanzado\/","name":"Sociedades cient\u00edficas exigen a Sanidad acceso p\u00fablico a f\u00e1rmaco revolucionario para c\u00e1ncer de pr\u00f3stata avanzado - Diario 21","isPartOf":{"@id":"https:\/\/www.diario21.tv\/noticias\/#website"},"primaryImageOfPage":{"@id":"https:\/\/www.diario21.tv\/noticias\/sociedades-cientificas-exigen-a-sanidad-acceso-publico-a-farmaco-revolucionario-para-cancer-de-prostata-avanzado\/#primaryimage"},"image":{"@id":"https:\/\/www.diario21.tv\/noticias\/sociedades-cientificas-exigen-a-sanidad-acceso-publico-a-farmaco-revolucionario-para-cancer-de-prostata-avanzado\/#primaryimage"},"thumbnailUrl":"https:\/\/www.diario21.tv\/noticias\/wp-content\/uploads\/2025\/09\/Sociedades-cientificas-exigen-a-Sanidad-acceso-publico-a-farmaco-revolucionario.JPG","datePublished":"2025-09-20T04:23:33+00:00","dateModified":"2025-09-20T04:23:34+00:00","author":{"@id":"https:\/\/www.diario21.tv\/noticias\/#\/schema\/person\/dfb778f73814d8f09f302618446a526b"},"breadcrumb":{"@id":"https:\/\/www.diario21.tv\/noticias\/sociedades-cientificas-exigen-a-sanidad-acceso-publico-a-farmaco-revolucionario-para-cancer-de-prostata-avanzado\/#breadcrumb"},"inLanguage":"es-AR","potentialAction":[{"@type":"ReadAction","target":["https:\/\/www.diario21.tv\/noticias\/sociedades-cientificas-exigen-a-sanidad-acceso-publico-a-farmaco-revolucionario-para-cancer-de-prostata-avanzado\/"]}]},{"@type":"ImageObject","inLanguage":"es-AR","@id":"https:\/\/www.diario21.tv\/noticias\/sociedades-cientificas-exigen-a-sanidad-acceso-publico-a-farmaco-revolucionario-para-cancer-de-prostata-avanzado\/#primaryimage","url":"https:\/\/www.diario21.tv\/noticias\/wp-content\/uploads\/2025\/09\/Sociedades-cientificas-exigen-a-Sanidad-acceso-publico-a-farmaco-revolucionario.JPG","contentUrl":"https:\/\/www.diario21.tv\/noticias\/wp-content\/uploads\/2025\/09\/Sociedades-cientificas-exigen-a-Sanidad-acceso-publico-a-farmaco-revolucionario.JPG","width":1200,"height":840,"caption":"Dos sociedades cient\u00edficas piden a Sanidad el acceso p\u00fablico a un f\u00e1rmaco \u00fatil contra el c\u00e1ncer de pr\u00f3stata en fase avanzada"},{"@type":"BreadcrumbList","@id":"https:\/\/www.diario21.tv\/noticias\/sociedades-cientificas-exigen-a-sanidad-acceso-publico-a-farmaco-revolucionario-para-cancer-de-prostata-avanzado\/#breadcrumb","itemListElement":[{"@type":"ListItem","position":1,"name":"Accueil","item":"https:\/\/www.diario21.tv\/noticias\/"},{"@type":"ListItem","position":2,"name":"Sociedades cient\u00edficas exigen a Sanidad acceso p\u00fablico a f\u00e1rmaco revolucionario para c\u00e1ncer de pr\u00f3stata avanzado"}]},{"@type":"WebSite","@id":"https:\/\/www.diario21.tv\/noticias\/#website","url":"https:\/\/www.diario21.tv\/noticias\/","name":"Diario 21","description":"","potentialAction":[{"@type":"SearchAction","target":{"@type":"EntryPoint","urlTemplate":"https:\/\/www.diario21.tv\/noticias\/?s={search_term_string}"},"query-input":{"@type":"PropertyValueSpecification","valueRequired":true,"valueName":"search_term_string"}}],"inLanguage":"es-AR"},{"@type":"Person","@id":"https:\/\/www.diario21.tv\/noticias\/#\/schema\/person\/dfb778f73814d8f09f302618446a526b","name":"Juan P\u00e9rez","image":{"@type":"ImageObject","inLanguage":"es-AR","@id":"https:\/\/www.diario21.tv\/noticias\/#\/schema\/person\/image\/","url":"https:\/\/secure.gravatar.com\/avatar\/c478a405bd10621167f4c3167cc770f5?s=96&d=mm&r=g","contentUrl":"https:\/\/secure.gravatar.com\/avatar\/c478a405bd10621167f4c3167cc770f5?s=96&d=mm&r=g","caption":"Juan P\u00e9rez"},"description":"Juan P\u00e9rez es el redactor en jefe de Diario 21. Con m\u00e1s de 10 a\u00f1os de experiencia en el periodismo, se especializa en pol\u00edtica nacional y an\u00e1lisis socioecon\u00f3mico. Su enfoque cr\u00edtico y riguroso aporta una perspectiva \u00fanica a cada art\u00edculo.","sameAs":["https:\/\/www.diario21.tv\/noticias\/"],"url":"https:\/\/www.diario21.tv\/noticias\/author\/juan-perez\/"}]}},"_links":{"self":[{"href":"https:\/\/www.diario21.tv\/noticias\/wp-json\/wp\/v2\/posts\/4567"}],"collection":[{"href":"https:\/\/www.diario21.tv\/noticias\/wp-json\/wp\/v2\/posts"}],"about":[{"href":"https:\/\/www.diario21.tv\/noticias\/wp-json\/wp\/v2\/types\/post"}],"author":[{"embeddable":true,"href":"https:\/\/www.diario21.tv\/noticias\/wp-json\/wp\/v2\/users\/20"}],"replies":[{"embeddable":true,"href":"https:\/\/www.diario21.tv\/noticias\/wp-json\/wp\/v2\/comments?post=4567"}],"version-history":[{"count":1,"href":"https:\/\/www.diario21.tv\/noticias\/wp-json\/wp\/v2\/posts\/4567\/revisions"}],"predecessor-version":[{"id":4569,"href":"https:\/\/www.diario21.tv\/noticias\/wp-json\/wp\/v2\/posts\/4567\/revisions\/4569"}],"wp:featuredmedia":[{"embeddable":true,"href":"https:\/\/www.diario21.tv\/noticias\/wp-json\/wp\/v2\/media\/4568"}],"wp:attachment":[{"href":"https:\/\/www.diario21.tv\/noticias\/wp-json\/wp\/v2\/media?parent=4567"}],"wp:term":[{"taxonomy":"category","embeddable":true,"href":"https:\/\/www.diario21.tv\/noticias\/wp-json\/wp\/v2\/categories?post=4567"},{"taxonomy":"post_tag","embeddable":true,"href":"https:\/\/www.diario21.tv\/noticias\/wp-json\/wp\/v2\/tags?post=4567"}],"curies":[{"name":"wp","href":"https:\/\/api.w.org\/{rel}","templated":true}]}}