{"id":456,"date":"2024-09-20T11:00:34","date_gmt":"2024-09-20T11:00:34","guid":{"rendered":"https:\/\/www.diario21.tv\/noticias\/?p=456"},"modified":"2024-09-18T13:45:14","modified_gmt":"2024-09-18T13:45:14","slug":"su-perro-saca-su-manta-al-exterior-y-ella-se-derrumba-al-entender-por-que","status":"publish","type":"post","link":"https:\/\/www.diario21.tv\/noticias\/su-perro-saca-su-manta-al-exterior-y-ella-se-derrumba-al-entender-por-que\/","title":{"rendered":"Su perro saca su manta al exterior y ella se derrumba al entender por qu\u00e9"},"content":{"rendered":"<p><em><strong>En medio de la rutina diaria, es f\u00e1cil pasar por alto los peque\u00f1os gestos que, sin darnos cuenta, pueden marcar una gran diferencia. Mientras que a menudo los humanos olvidamos la importancia de la compasi\u00f3n, los animales nos lo recuerdan de maneras que nos dejan sin palabras. Esta es la historia de Lana, una perrita cuya incre\u00edble muestra de empat\u00eda toc\u00f3 los corazones de muchos.<\/strong><\/em><\/p>\n<p><!--more--><\/p>\n<h2>Un pasado dif\u00edcil<\/h2>\n<p>Lana, originaria de las calles de Brasil, tuvo un inicio de vida lleno de dificultades. Era solo una cachorra m\u00e1s entre muchos, luchando por sobrevivir junto a sus hermanos. Sin embargo, la vida le dio una segunda oportunidad cuando Suelen Schaumloeffel y su prometido decidieron adoptarla, brind\u00e1ndole un hogar lleno de amor y el cuidado que nunca imagin\u00f3 tener.<\/p>\n<p>A pesar de su nueva vida c\u00f3moda y protegida, Lana nunca olvid\u00f3 sus d\u00edas de calle. Su car\u00e1cter humilde y compasivo hacia otros animales reflejaba el recuerdo de lo que hab\u00eda sido su dura realidad.<\/p>\n<h2>Un gesto que lo cambi\u00f3 todo<\/h2>\n<p>Un d\u00eda, un acontecimiento sencillo pero profundo cambi\u00f3 la vida de Suelen para siempre. Lana a\u00fan era una cachorra cuando sucedi\u00f3. Una ma\u00f1ana particularmente fr\u00eda, mientras el viento helado soplaba con fuerza, Suelen le dio a Lana una manta para que se mantuviera abrigada en su caseta.<\/p>\n<p>Sin embargo, al d\u00eda siguiente, Suelen descubri\u00f3 algo que la conmovi\u00f3 hasta las l\u00e1grimas. Lana hab\u00eda arrastrado su manta hacia el exterior y la estaba compartiendo con un perro callejero. Este gesto tan desinteresado mostr\u00f3 el profundo sentido de empat\u00eda y generosidad que ten\u00eda Lana, aun cuando apenas hab\u00eda recibido ese calor y comodidad en su propia vida.<\/p>\n<h2>Una lecci\u00f3n de generosidad<\/h2>\n<p>Suelen, profundamente emocionada por lo que hab\u00eda presenciado, intent\u00f3 acercarse al perro callejero con la esperanza de ayudarlo. Quer\u00eda ver si llevaba collar y tal vez brindarle refugio, pero el perro, asustado, se alej\u00f3 antes de que pudiera hacerlo.<\/p>\n<p>Aunque no logr\u00f3 acercarse al perro, la lecci\u00f3n que le dej\u00f3 esa escena fue poderosa. Lana, que apenas hab\u00eda conocido la generosidad en su vida anterior, estaba dispuesta a compartir lo poco que ten\u00eda. Este gesto de una simple manta se convirti\u00f3 en un<a href=\"https:\/\/www.diario21.tv\/noticias\/que-ventana-te-atrae-instintivamente-lo-que-revela-sobre-tu-personalidad\/\"> s\u00edmbolo de bondad<\/a> y solidaridad que reson\u00f3 en Suelen y en todos los que conocieron la historia.<\/p>\n<h2>Una inspiraci\u00f3n para el mundo<\/h2>\n<p>La historia de Lana es un recordatorio de c\u00f3mo los peque\u00f1os actos de amabilidad pueden tener un impacto duradero. Su capacidad para compartir y preocuparse por otros, a pesar de haber pasado por tiempos dif\u00edciles, es un testimonio de la incre\u00edble empat\u00eda que los animales pueden mostrar.<\/p>\n<p>Este gesto, tan simple pero lleno de significado, inspir\u00f3 a miles de personas a reflexionar sobre la importancia de la compasi\u00f3n en nuestras vidas. En un mundo donde a menudo nos centramos en nuestras propias preocupaciones, el acto de Lana, al compartir algo tan b\u00e1sico como una manta, nos ense\u00f1a que todos podemos generar un cambio con gestos peque\u00f1os y desinteresados.<\/p>\n<blockquote class=\"twitter-tweet\" data-width=\"550\" data-dnt=\"true\">\n<p lang=\"zxx\" dir=\"ltr\"><a href=\"https:\/\/t.co\/kZQC7zh9Hx\">pic.twitter.com\/kZQC7zh9Hx<\/a><\/p>\n<p>&mdash; nelimar (@nelimar165) <a href=\"https:\/\/twitter.com\/nelimar165\/status\/1685112775247294464?ref_src=twsrc%5Etfw\">July 29, 2023<\/a><\/p><\/blockquote>\n<p><script async src=\"https:\/\/platform.twitter.com\/widgets.js\" charset=\"utf-8\"><\/script><\/p>\n<h2>Conclusi\u00f3n<\/h2>\n<p>La conmovedora historia de Lana nos recuerda que, a veces, los animales son quienes nos ense\u00f1an las lecciones m\u00e1s valiosas. Su simple acto de compartir su manta con un desconocido no solo conmovi\u00f3 a Suelen, sino que tambi\u00e9n toc\u00f3 el coraz\u00f3n de miles de personas en todo el mundo. Es un ejemplo claro de que la bondad puede manifestarse en los momentos m\u00e1s inesperados y que, al igual que Lana, todos tenemos el poder de hacer un peque\u00f1o gesto que puede marcar la diferencia.<\/p>\n\n\n<div class=\"kk-star-ratings kksr-auto kksr-align-left kksr-valign-bottom\"\n    data-payload='{&quot;align&quot;:&quot;left&quot;,&quot;id&quot;:&quot;456&quot;,&quot;slug&quot;:&quot;default&quot;,&quot;valign&quot;:&quot;bottom&quot;,&quot;ignore&quot;:&quot;&quot;,&quot;reference&quot;:&quot;auto&quot;,&quot;class&quot;:&quot;&quot;,&quot;count&quot;:&quot;0&quot;,&quot;legendonly&quot;:&quot;&quot;,&quot;readonly&quot;:&quot;&quot;,&quot;score&quot;:&quot;0&quot;,&quot;starsonly&quot;:&quot;&quot;,&quot;best&quot;:&quot;5&quot;,&quot;gap&quot;:&quot;5&quot;,&quot;greet&quot;:&quot;Valora este post&quot;,&quot;legend&quot;:&quot;0\\\/5 - (0 votes)&quot;,&quot;size&quot;:&quot;22&quot;,&quot;title&quot;:&quot;Su perro saca su manta al exterior y ella se derrumba al entender por qu\u00e9&quot;,&quot;width&quot;:&quot;0&quot;,&quot;_legend&quot;:&quot;{score}\\\/{best} - ({count} {votes})&quot;,&quot;font_factor&quot;:&quot;1.25&quot;}'>\n            \n<div class=\"kksr-stars\">\n    \n<div class=\"kksr-stars-inactive\">\n            <div class=\"kksr-star\" data-star=\"1\" style=\"padding-right: 5px\">\n            \n\n<div class=\"kksr-icon\" style=\"width: 22px; height: 22px;\"><\/div>\n        <\/div>\n            <div class=\"kksr-star\" data-star=\"2\" style=\"padding-right: 5px\">\n            \n\n<div class=\"kksr-icon\" style=\"width: 22px; height: 22px;\"><\/div>\n        <\/div>\n            <div class=\"kksr-star\" data-star=\"3\" style=\"padding-right: 5px\">\n            \n\n<div class=\"kksr-icon\" style=\"width: 22px; height: 22px;\"><\/div>\n        <\/div>\n            <div class=\"kksr-star\" data-star=\"4\" style=\"padding-right: 5px\">\n            \n\n<div class=\"kksr-icon\" style=\"width: 22px; height: 22px;\"><\/div>\n        <\/div>\n            <div class=\"kksr-star\" data-star=\"5\" style=\"padding-right: 5px\">\n            \n\n<div class=\"kksr-icon\" style=\"width: 22px; height: 22px;\"><\/div>\n        <\/div>\n    <\/div>\n    \n<div class=\"kksr-stars-active\" style=\"width: 0px;\">\n            <div class=\"kksr-star\" style=\"padding-right: 5px\">\n            \n\n<div class=\"kksr-icon\" style=\"width: 22px; height: 22px;\"><\/div>\n        <\/div>\n            <div class=\"kksr-star\" style=\"padding-right: 5px\">\n            \n\n<div class=\"kksr-icon\" style=\"width: 22px; height: 22px;\"><\/div>\n        <\/div>\n            <div class=\"kksr-star\" style=\"padding-right: 5px\">\n            \n\n<div class=\"kksr-icon\" style=\"width: 22px; height: 22px;\"><\/div>\n        <\/div>\n            <div class=\"kksr-star\" style=\"padding-right: 5px\">\n            \n\n<div class=\"kksr-icon\" style=\"width: 22px; height: 22px;\"><\/div>\n        <\/div>\n            <div class=\"kksr-star\" style=\"padding-right: 5px\">\n            \n\n<div class=\"kksr-icon\" style=\"width: 22px; height: 22px;\"><\/div>\n        <\/div>\n    <\/div>\n<\/div>\n                \n\n<div class=\"kksr-legend\" style=\"font-size: 17.6px;\">\n            <span class=\"kksr-muted\">Valora este post<\/span>\n    <\/div>\n    <\/div>\n","protected":false},"excerpt":{"rendered":"<p>En medio de la rutina diaria, es f\u00e1cil pasar por alto los peque\u00f1os gestos que, sin darnos cuenta, pueden marcar una gran diferencia. Mientras que a &#8230; <a title=\"Su perro saca su manta al exterior y ella se derrumba al entender por qu\u00e9\" class=\"read-more\" href=\"https:\/\/www.diario21.tv\/noticias\/su-perro-saca-su-manta-al-exterior-y-ella-se-derrumba-al-entender-por-que\/\" aria-label=\"Leer m\u00e1s sobre Su perro saca su manta al exterior y ella se derrumba al entender por qu\u00e9\">Seguir leyendo &rarr;<\/a><\/p>\n","protected":false},"author":17,"featured_media":457,"comment_status":"open","ping_status":"open","sticky":false,"template":"","format":"standard","meta":{"footnotes":""},"categories":[12],"tags":[],"class_list":["post-456","post","type-post","status-publish","format-standard","has-post-thumbnail","hentry","category-tendencia"],"yoast_head":"<!-- This site is optimized with the Yoast SEO plugin v25.6 - https:\/\/yoast.com\/wordpress\/plugins\/seo\/ -->\n<title>Su perro saca su manta al exterior y ella se derrumba al entender por qu\u00e9 - Diario 21<\/title>\n<meta name=\"robots\" content=\"index, follow, max-snippet:-1, max-image-preview:large, max-video-preview:-1\" \/>\n<link rel=\"canonical\" href=\"https:\/\/www.diario21.tv\/noticias\/su-perro-saca-su-manta-al-exterior-y-ella-se-derrumba-al-entender-por-que\/\" \/>\n<meta property=\"og:locale\" content=\"es_ES\" \/>\n<meta property=\"og:type\" content=\"article\" \/>\n<meta property=\"og:title\" content=\"Su perro saca su manta al exterior y ella se derrumba al entender por qu\u00e9 - Diario 21\" \/>\n<meta property=\"og:description\" content=\"En medio de la rutina diaria, es f\u00e1cil pasar por alto los peque\u00f1os gestos que, sin darnos cuenta, pueden marcar una gran diferencia. Mientras que a ... Seguir leyendo &rarr;\" \/>\n<meta property=\"og:url\" content=\"https:\/\/www.diario21.tv\/noticias\/su-perro-saca-su-manta-al-exterior-y-ella-se-derrumba-al-entender-por-que\/\" \/>\n<meta property=\"og:site_name\" content=\"Diario 21\" \/>\n<meta property=\"article:published_time\" content=\"2024-09-20T11:00:34+00:00\" \/>\n<meta property=\"og:image\" content=\"https:\/\/www.diario21.tv\/noticias\/wp-content\/uploads\/2024\/09\/El-perro-saca-su-manta-afuera.jpg\" \/>\n\t<meta property=\"og:image:width\" content=\"1200\" \/>\n\t<meta property=\"og:image:height\" content=\"675\" \/>\n\t<meta property=\"og:image:type\" content=\"image\/jpeg\" \/>\n<meta name=\"author\" content=\"Diego Ram\u00edrez\" \/>\n<meta name=\"twitter:card\" content=\"summary_large_image\" \/>\n<meta name=\"twitter:label1\" content=\"Escrito por\" \/>\n\t<meta name=\"twitter:data1\" content=\"Diego Ram\u00edrez\" \/>\n\t<meta name=\"twitter:label2\" content=\"Tiempo de lectura\" \/>\n\t<meta name=\"twitter:data2\" content=\"3 minutos\" \/>\n<script type=\"application\/ld+json\" class=\"yoast-schema-graph\">{\"@context\":\"https:\/\/schema.org\",\"@graph\":[{\"@type\":\"WebPage\",\"@id\":\"https:\/\/www.diario21.tv\/noticias\/su-perro-saca-su-manta-al-exterior-y-ella-se-derrumba-al-entender-por-que\/\",\"url\":\"https:\/\/www.diario21.tv\/noticias\/su-perro-saca-su-manta-al-exterior-y-ella-se-derrumba-al-entender-por-que\/\",\"name\":\"Su perro saca su manta al exterior y ella se derrumba al entender por qu\u00e9 - Diario 21\",\"isPartOf\":{\"@id\":\"https:\/\/www.diario21.tv\/noticias\/#website\"},\"primaryImageOfPage\":{\"@id\":\"https:\/\/www.diario21.tv\/noticias\/su-perro-saca-su-manta-al-exterior-y-ella-se-derrumba-al-entender-por-que\/#primaryimage\"},\"image\":{\"@id\":\"https:\/\/www.diario21.tv\/noticias\/su-perro-saca-su-manta-al-exterior-y-ella-se-derrumba-al-entender-por-que\/#primaryimage\"},\"thumbnailUrl\":\"https:\/\/www.diario21.tv\/noticias\/wp-content\/uploads\/2024\/09\/El-perro-saca-su-manta-afuera.jpg\",\"datePublished\":\"2024-09-20T11:00:34+00:00\",\"author\":{\"@id\":\"https:\/\/www.diario21.tv\/noticias\/#\/schema\/person\/82784493c2386321eca1931994300a93\"},\"breadcrumb\":{\"@id\":\"https:\/\/www.diario21.tv\/noticias\/su-perro-saca-su-manta-al-exterior-y-ella-se-derrumba-al-entender-por-que\/#breadcrumb\"},\"inLanguage\":\"es-AR\",\"potentialAction\":[{\"@type\":\"ReadAction\",\"target\":[\"https:\/\/www.diario21.tv\/noticias\/su-perro-saca-su-manta-al-exterior-y-ella-se-derrumba-al-entender-por-que\/\"]}]},{\"@type\":\"ImageObject\",\"inLanguage\":\"es-AR\",\"@id\":\"https:\/\/www.diario21.tv\/noticias\/su-perro-saca-su-manta-al-exterior-y-ella-se-derrumba-al-entender-por-que\/#primaryimage\",\"url\":\"https:\/\/www.diario21.tv\/noticias\/wp-content\/uploads\/2024\/09\/El-perro-saca-su-manta-afuera.jpg\",\"contentUrl\":\"https:\/\/www.diario21.tv\/noticias\/wp-content\/uploads\/2024\/09\/El-perro-saca-su-manta-afuera.jpg\",\"width\":1200,\"height\":675,\"caption\":\"Su perro saca su manta al exterior y ella se derrumba al entender por qu\u00e9\"},{\"@type\":\"BreadcrumbList\",\"@id\":\"https:\/\/www.diario21.tv\/noticias\/su-perro-saca-su-manta-al-exterior-y-ella-se-derrumba-al-entender-por-que\/#breadcrumb\",\"itemListElement\":[{\"@type\":\"ListItem\",\"position\":1,\"name\":\"Accueil\",\"item\":\"https:\/\/www.diario21.tv\/noticias\/\"},{\"@type\":\"ListItem\",\"position\":2,\"name\":\"Su perro saca su manta al exterior y ella se derrumba al entender por qu\u00e9\"}]},{\"@type\":\"WebSite\",\"@id\":\"https:\/\/www.diario21.tv\/noticias\/#website\",\"url\":\"https:\/\/www.diario21.tv\/noticias\/\",\"name\":\"Diario 21\",\"description\":\"\",\"potentialAction\":[{\"@type\":\"SearchAction\",\"target\":{\"@type\":\"EntryPoint\",\"urlTemplate\":\"https:\/\/www.diario21.tv\/noticias\/?s={search_term_string}\"},\"query-input\":{\"@type\":\"PropertyValueSpecification\",\"valueRequired\":true,\"valueName\":\"search_term_string\"}}],\"inLanguage\":\"es-AR\"},{\"@type\":\"Person\",\"@id\":\"https:\/\/www.diario21.tv\/noticias\/#\/schema\/person\/82784493c2386321eca1931994300a93\",\"name\":\"Diego Ram\u00edrez\",\"image\":{\"@type\":\"ImageObject\",\"inLanguage\":\"es-AR\",\"@id\":\"https:\/\/www.diario21.tv\/noticias\/#\/schema\/person\/image\/\",\"url\":\"https:\/\/secure.gravatar.com\/avatar\/19f9d4b705c0e181063e13bbda16fe42?s=96&d=mm&r=g\",\"contentUrl\":\"https:\/\/secure.gravatar.com\/avatar\/19f9d4b705c0e181063e13bbda16fe42?s=96&d=mm&r=g\",\"caption\":\"Diego Ram\u00edrez\"},\"description\":\"Diego Ram\u00edrez es el encargado de la secci\u00f3n de deportes en Diario 21. Con una amplia experiencia cubriendo eventos deportivos nacionales e internacionales, Diego ofrece una mirada apasionada y detallada del mundo deportivo.\",\"url\":\"https:\/\/www.diario21.tv\/noticias\/author\/contacthotwine-net\/\"}]}<\/script>\n<!-- \/ Yoast SEO plugin. -->","yoast_head_json":{"title":"Su perro saca su manta al exterior y ella se derrumba al entender por qu\u00e9 - Diario 21","robots":{"index":"index","follow":"follow","max-snippet":"max-snippet:-1","max-image-preview":"max-image-preview:large","max-video-preview":"max-video-preview:-1"},"canonical":"https:\/\/www.diario21.tv\/noticias\/su-perro-saca-su-manta-al-exterior-y-ella-se-derrumba-al-entender-por-que\/","og_locale":"es_ES","og_type":"article","og_title":"Su perro saca su manta al exterior y ella se derrumba al entender por qu\u00e9 - Diario 21","og_description":"En medio de la rutina diaria, es f\u00e1cil pasar por alto los peque\u00f1os gestos que, sin darnos cuenta, pueden marcar una gran diferencia. Mientras que a ... Seguir leyendo &rarr;","og_url":"https:\/\/www.diario21.tv\/noticias\/su-perro-saca-su-manta-al-exterior-y-ella-se-derrumba-al-entender-por-que\/","og_site_name":"Diario 21","article_published_time":"2024-09-20T11:00:34+00:00","og_image":[{"width":1200,"height":675,"url":"https:\/\/www.diario21.tv\/noticias\/wp-content\/uploads\/2024\/09\/El-perro-saca-su-manta-afuera.jpg","type":"image\/jpeg"}],"author":"Diego Ram\u00edrez","twitter_card":"summary_large_image","twitter_misc":{"Escrito por":"Diego Ram\u00edrez","Tiempo de lectura":"3 minutos"},"schema":{"@context":"https:\/\/schema.org","@graph":[{"@type":"WebPage","@id":"https:\/\/www.diario21.tv\/noticias\/su-perro-saca-su-manta-al-exterior-y-ella-se-derrumba-al-entender-por-que\/","url":"https:\/\/www.diario21.tv\/noticias\/su-perro-saca-su-manta-al-exterior-y-ella-se-derrumba-al-entender-por-que\/","name":"Su perro saca su manta al exterior y ella se derrumba al entender por qu\u00e9 - Diario 21","isPartOf":{"@id":"https:\/\/www.diario21.tv\/noticias\/#website"},"primaryImageOfPage":{"@id":"https:\/\/www.diario21.tv\/noticias\/su-perro-saca-su-manta-al-exterior-y-ella-se-derrumba-al-entender-por-que\/#primaryimage"},"image":{"@id":"https:\/\/www.diario21.tv\/noticias\/su-perro-saca-su-manta-al-exterior-y-ella-se-derrumba-al-entender-por-que\/#primaryimage"},"thumbnailUrl":"https:\/\/www.diario21.tv\/noticias\/wp-content\/uploads\/2024\/09\/El-perro-saca-su-manta-afuera.jpg","datePublished":"2024-09-20T11:00:34+00:00","author":{"@id":"https:\/\/www.diario21.tv\/noticias\/#\/schema\/person\/82784493c2386321eca1931994300a93"},"breadcrumb":{"@id":"https:\/\/www.diario21.tv\/noticias\/su-perro-saca-su-manta-al-exterior-y-ella-se-derrumba-al-entender-por-que\/#breadcrumb"},"inLanguage":"es-AR","potentialAction":[{"@type":"ReadAction","target":["https:\/\/www.diario21.tv\/noticias\/su-perro-saca-su-manta-al-exterior-y-ella-se-derrumba-al-entender-por-que\/"]}]},{"@type":"ImageObject","inLanguage":"es-AR","@id":"https:\/\/www.diario21.tv\/noticias\/su-perro-saca-su-manta-al-exterior-y-ella-se-derrumba-al-entender-por-que\/#primaryimage","url":"https:\/\/www.diario21.tv\/noticias\/wp-content\/uploads\/2024\/09\/El-perro-saca-su-manta-afuera.jpg","contentUrl":"https:\/\/www.diario21.tv\/noticias\/wp-content\/uploads\/2024\/09\/El-perro-saca-su-manta-afuera.jpg","width":1200,"height":675,"caption":"Su perro saca su manta al exterior y ella se derrumba al entender por qu\u00e9"},{"@type":"BreadcrumbList","@id":"https:\/\/www.diario21.tv\/noticias\/su-perro-saca-su-manta-al-exterior-y-ella-se-derrumba-al-entender-por-que\/#breadcrumb","itemListElement":[{"@type":"ListItem","position":1,"name":"Accueil","item":"https:\/\/www.diario21.tv\/noticias\/"},{"@type":"ListItem","position":2,"name":"Su perro saca su manta al exterior y ella se derrumba al entender por qu\u00e9"}]},{"@type":"WebSite","@id":"https:\/\/www.diario21.tv\/noticias\/#website","url":"https:\/\/www.diario21.tv\/noticias\/","name":"Diario 21","description":"","potentialAction":[{"@type":"SearchAction","target":{"@type":"EntryPoint","urlTemplate":"https:\/\/www.diario21.tv\/noticias\/?s={search_term_string}"},"query-input":{"@type":"PropertyValueSpecification","valueRequired":true,"valueName":"search_term_string"}}],"inLanguage":"es-AR"},{"@type":"Person","@id":"https:\/\/www.diario21.tv\/noticias\/#\/schema\/person\/82784493c2386321eca1931994300a93","name":"Diego Ram\u00edrez","image":{"@type":"ImageObject","inLanguage":"es-AR","@id":"https:\/\/www.diario21.tv\/noticias\/#\/schema\/person\/image\/","url":"https:\/\/secure.gravatar.com\/avatar\/19f9d4b705c0e181063e13bbda16fe42?s=96&d=mm&r=g","contentUrl":"https:\/\/secure.gravatar.com\/avatar\/19f9d4b705c0e181063e13bbda16fe42?s=96&d=mm&r=g","caption":"Diego Ram\u00edrez"},"description":"Diego Ram\u00edrez es el encargado de la secci\u00f3n de deportes en Diario 21. Con una amplia experiencia cubriendo eventos deportivos nacionales e internacionales, Diego ofrece una mirada apasionada y detallada del mundo deportivo.","url":"https:\/\/www.diario21.tv\/noticias\/author\/contacthotwine-net\/"}]}},"_links":{"self":[{"href":"https:\/\/www.diario21.tv\/noticias\/wp-json\/wp\/v2\/posts\/456"}],"collection":[{"href":"https:\/\/www.diario21.tv\/noticias\/wp-json\/wp\/v2\/posts"}],"about":[{"href":"https:\/\/www.diario21.tv\/noticias\/wp-json\/wp\/v2\/types\/post"}],"author":[{"embeddable":true,"href":"https:\/\/www.diario21.tv\/noticias\/wp-json\/wp\/v2\/users\/17"}],"replies":[{"embeddable":true,"href":"https:\/\/www.diario21.tv\/noticias\/wp-json\/wp\/v2\/comments?post=456"}],"version-history":[{"count":1,"href":"https:\/\/www.diario21.tv\/noticias\/wp-json\/wp\/v2\/posts\/456\/revisions"}],"predecessor-version":[{"id":458,"href":"https:\/\/www.diario21.tv\/noticias\/wp-json\/wp\/v2\/posts\/456\/revisions\/458"}],"wp:featuredmedia":[{"embeddable":true,"href":"https:\/\/www.diario21.tv\/noticias\/wp-json\/wp\/v2\/media\/457"}],"wp:attachment":[{"href":"https:\/\/www.diario21.tv\/noticias\/wp-json\/wp\/v2\/media?parent=456"}],"wp:term":[{"taxonomy":"category","embeddable":true,"href":"https:\/\/www.diario21.tv\/noticias\/wp-json\/wp\/v2\/categories?post=456"},{"taxonomy":"post_tag","embeddable":true,"href":"https:\/\/www.diario21.tv\/noticias\/wp-json\/wp\/v2\/tags?post=456"}],"curies":[{"name":"wp","href":"https:\/\/api.w.org\/{rel}","templated":true}]}}