{"id":4555,"date":"2025-09-19T04:16:04","date_gmt":"2025-09-19T04:16:04","guid":{"rendered":"https:\/\/www.diario21.tv\/noticias\/fallo-tecnico-en-pulseras-telematicas-libera-a-maltratadores-enterate-como\/"},"modified":"2025-09-19T04:16:05","modified_gmt":"2025-09-19T04:16:05","slug":"fallo-tecnico-en-pulseras-telematicas-libera-a-maltratadores-enterate-como","status":"publish","type":"post","link":"https:\/\/www.diario21.tv\/noticias\/fallo-tecnico-en-pulseras-telematicas-libera-a-maltratadores-enterate-como\/","title":{"rendered":"Fallo t\u00e9cnico en pulseras telem\u00e1ticas libera a maltratadores: \u00a1Ent\u00e9rate c\u00f3mo!"},"content":{"rendered":"<h2>Exoneraciones a Agresores Debido a Errores T\u00e9cnicos en Pulseras Telem\u00e1ticas<\/h2>\n<p>En un giro preocupante, varios casos de agresores que estaban siendo monitoreados mediante dispositivos de pulseras telem\u00e1ticas han sido sobrese\u00eddos. Esto se debe a fallos t\u00e9cnicos en el sistema de monitoreo, lo que ha provocado una serie de liberaciones prematuras y cuestionamientos sobre la eficacia de estas herramientas en la prevenci\u00f3n de la violencia.<\/p>\n<h3>El Problema de los Fallos T\u00e9cnicos<\/h3>\n<p>Los dispositivos de monitoreo telem\u00e1tico, dise\u00f1ados para mantener un seguimiento en tiempo real de los agresores y asegurar que cumplen con las restricciones de acercamiento impuestas por las autoridades, han presentado falencias significativas. Estos fallos han incluido desde errores de se\u00f1alizaci\u00f3n hasta problemas m\u00e1s graves como la falta de precisi\u00f3n en la ubicaci\u00f3n de los individuos monitorizados. <\/p>\n<p>Estos errores han llevado a que los tribunales, en algunos casos, decidan sobreseer a los agresores, argumentando que no hay pruebas fehacientes de que hayan violado las condiciones impuestas por la justicia. Esta situaci\u00f3n ha causado gran alarma entre las v\u00edctimas y sus defensores, quienes temen que la falta de fiabilidad de estos dispositivos pueda poner en riesgo su seguridad.<\/p>\n<h3>Impacto en las V\u00edctimas y la Justicia<\/h3>\n<p>La confianza en el sistema judicial y en las medidas de protecci\u00f3n para las v\u00edctimas de violencia se ve seriamente afectada por estos incidentes. Las v\u00edctimas, que dependen de la efectividad de las pulseras telem\u00e1ticas para sentirse seguras, se encuentran ahora en una posici\u00f3n de vulnerabilidad aumentada, temiendo que sus agresores puedan acercarse sin que el sistema alerte a las autoridades a tiempo.<\/p>\n<p>El sobreseimiento de agresores no solo representa un rev\u00e9s en la lucha contra la violencia, sino que tambi\u00e9n plantea preguntas serias sobre la inversi\u00f3n en tecnolog\u00eda de seguridad y su implementaci\u00f3n efectiva. Es crucial que los sistemas utilizados para proteger a las v\u00edctimas sean revisados y mejorados para evitar fallos que puedan tener consecuencias tan graves.<\/p>\n<h3>Reacciones y Medidas Propuestas<\/h3>\n<p>Ante esta situaci\u00f3n, diversas organizaciones de derechos humanos y grupos de apoyo a las v\u00edctimas han levantado la voz, exigiendo que se tomen medidas inmediatas para corregir los defectos en el sistema de pulseras telem\u00e1ticas. Propuestas como la realizaci\u00f3n de auditor\u00edas t\u00e9cnicas regulares, la mejora en los protocolos de respuesta y el aumento en la formaci\u00f3n del personal encargado del monitoreo de estos dispositivos est\u00e1n sobre la mesa.<\/p>\n<p>El gobierno, por su parte, ha prometido revisar los contratos con los proveedores de tecnolog\u00eda y asegurar que se cumplan los est\u00e1ndares m\u00e1s altos de calidad y fiabilidad. La seguridad de las v\u00edctimas debe ser la prioridad, y cualquier fallo t\u00e9cnico que comprometa esta seguridad debe ser abordado con la m\u00e1xima seriedad y rapidez.<\/p>\n<h3>Conclusi\u00f3n<\/h3>\n<p>Los fallos t\u00e9cnicos en las pulseras telem\u00e1ticas representan un desaf\u00edo significativo en la protecci\u00f3n de las v\u00edctimas de violencia. Es imperativo que se tomen acciones concretas para mejorar la tecnolog\u00eda y asegurar que los errores que han llevado a sobreseimientos inapropiados no se repitan. La confianza en las medidas de protecci\u00f3n judicial es crucial para las v\u00edctimas y la eficacia del sistema de justicia en su conjunto.<\/p>\n\n\n<div class=\"kk-star-ratings kksr-auto kksr-align-left kksr-valign-bottom\"\n    data-payload='{&quot;align&quot;:&quot;left&quot;,&quot;id&quot;:&quot;4555&quot;,&quot;slug&quot;:&quot;default&quot;,&quot;valign&quot;:&quot;bottom&quot;,&quot;ignore&quot;:&quot;&quot;,&quot;reference&quot;:&quot;auto&quot;,&quot;class&quot;:&quot;&quot;,&quot;count&quot;:&quot;0&quot;,&quot;legendonly&quot;:&quot;&quot;,&quot;readonly&quot;:&quot;&quot;,&quot;score&quot;:&quot;0&quot;,&quot;starsonly&quot;:&quot;&quot;,&quot;best&quot;:&quot;5&quot;,&quot;gap&quot;:&quot;5&quot;,&quot;greet&quot;:&quot;Valora este post&quot;,&quot;legend&quot;:&quot;0\\\/5 - (0 votes)&quot;,&quot;size&quot;:&quot;22&quot;,&quot;title&quot;:&quot;Fallo t\u00e9cnico en pulseras telem\u00e1ticas libera a maltratadores: \u00a1Ent\u00e9rate c\u00f3mo!&quot;,&quot;width&quot;:&quot;0&quot;,&quot;_legend&quot;:&quot;{score}\\\/{best} - ({count} {votes})&quot;,&quot;font_factor&quot;:&quot;1.25&quot;}'>\n            \n<div class=\"kksr-stars\">\n    \n<div class=\"kksr-stars-inactive\">\n            <div class=\"kksr-star\" data-star=\"1\" style=\"padding-right: 5px\">\n            \n\n<div class=\"kksr-icon\" style=\"width: 22px; height: 22px;\"><\/div>\n        <\/div>\n            <div class=\"kksr-star\" data-star=\"2\" style=\"padding-right: 5px\">\n            \n\n<div class=\"kksr-icon\" style=\"width: 22px; height: 22px;\"><\/div>\n        <\/div>\n            <div class=\"kksr-star\" data-star=\"3\" style=\"padding-right: 5px\">\n            \n\n<div class=\"kksr-icon\" style=\"width: 22px; height: 22px;\"><\/div>\n        <\/div>\n            <div class=\"kksr-star\" data-star=\"4\" style=\"padding-right: 5px\">\n            \n\n<div class=\"kksr-icon\" style=\"width: 22px; height: 22px;\"><\/div>\n        <\/div>\n            <div class=\"kksr-star\" data-star=\"5\" style=\"padding-right: 5px\">\n            \n\n<div class=\"kksr-icon\" style=\"width: 22px; height: 22px;\"><\/div>\n        <\/div>\n    <\/div>\n    \n<div class=\"kksr-stars-active\" style=\"width: 0px;\">\n            <div class=\"kksr-star\" style=\"padding-right: 5px\">\n            \n\n<div class=\"kksr-icon\" style=\"width: 22px; height: 22px;\"><\/div>\n        <\/div>\n            <div class=\"kksr-star\" style=\"padding-right: 5px\">\n            \n\n<div class=\"kksr-icon\" style=\"width: 22px; height: 22px;\"><\/div>\n        <\/div>\n            <div class=\"kksr-star\" style=\"padding-right: 5px\">\n            \n\n<div class=\"kksr-icon\" style=\"width: 22px; height: 22px;\"><\/div>\n        <\/div>\n            <div class=\"kksr-star\" style=\"padding-right: 5px\">\n            \n\n<div class=\"kksr-icon\" style=\"width: 22px; height: 22px;\"><\/div>\n        <\/div>\n            <div class=\"kksr-star\" style=\"padding-right: 5px\">\n            \n\n<div class=\"kksr-icon\" style=\"width: 22px; height: 22px;\"><\/div>\n        <\/div>\n    <\/div>\n<\/div>\n                \n\n<div class=\"kksr-legend\" style=\"font-size: 17.6px;\">\n            <span class=\"kksr-muted\">Valora este post<\/span>\n    <\/div>\n    <\/div>\n","protected":false},"excerpt":{"rendered":"<p>Exoneraciones a Agresores Debido a Errores T\u00e9cnicos en Pulseras Telem\u00e1ticas En un giro preocupante, varios casos de agresores que estaban siendo monitoreados mediante dispositivos de pulseras &#8230; <a title=\"Fallo t\u00e9cnico en pulseras telem\u00e1ticas libera a maltratadores: \u00a1Ent\u00e9rate c\u00f3mo!\" class=\"read-more\" href=\"https:\/\/www.diario21.tv\/noticias\/fallo-tecnico-en-pulseras-telematicas-libera-a-maltratadores-enterate-como\/\" aria-label=\"Leer m\u00e1s sobre Fallo t\u00e9cnico en pulseras telem\u00e1ticas libera a maltratadores: \u00a1Ent\u00e9rate c\u00f3mo!\">Seguir leyendo &rarr;<\/a><\/p>\n","protected":false},"author":20,"featured_media":4556,"comment_status":"open","ping_status":"open","sticky":false,"template":"","format":"standard","meta":{"footnotes":""},"categories":[13],"tags":[],"class_list":["post-4555","post","type-post","status-publish","format-standard","has-post-thumbnail","hentry","category-portada"],"yoast_head":"<!-- This site is optimized with the Yoast SEO plugin v25.6 - https:\/\/yoast.com\/wordpress\/plugins\/seo\/ -->\n<title>Fallo t\u00e9cnico en pulseras telem\u00e1ticas libera a maltratadores: \u00a1Ent\u00e9rate c\u00f3mo! - Diario 21<\/title>\n<meta name=\"robots\" content=\"index, follow, max-snippet:-1, max-image-preview:large, max-video-preview:-1\" \/>\n<link rel=\"canonical\" href=\"https:\/\/www.diario21.tv\/noticias\/fallo-tecnico-en-pulseras-telematicas-libera-a-maltratadores-enterate-como\/\" \/>\n<meta property=\"og:locale\" content=\"es_ES\" \/>\n<meta property=\"og:type\" content=\"article\" \/>\n<meta property=\"og:title\" content=\"Fallo t\u00e9cnico en pulseras telem\u00e1ticas libera a maltratadores: \u00a1Ent\u00e9rate c\u00f3mo! - Diario 21\" \/>\n<meta property=\"og:description\" content=\"Exoneraciones a Agresores Debido a Errores T\u00e9cnicos en Pulseras Telem\u00e1ticas En un giro preocupante, varios casos de agresores que estaban siendo monitoreados mediante dispositivos de pulseras ... Seguir leyendo &rarr;\" \/>\n<meta property=\"og:url\" content=\"https:\/\/www.diario21.tv\/noticias\/fallo-tecnico-en-pulseras-telematicas-libera-a-maltratadores-enterate-como\/\" \/>\n<meta property=\"og:site_name\" content=\"Diario 21\" \/>\n<meta property=\"article:published_time\" content=\"2025-09-19T04:16:04+00:00\" \/>\n<meta property=\"article:modified_time\" content=\"2025-09-19T04:16:05+00:00\" \/>\n<meta property=\"og:image\" content=\"https:\/\/www.diario21.tv\/noticias\/wp-content\/uploads\/2025\/09\/Fallo-tecnico-en-pulseras-telematicas-libera-a-maltratadores-\u00a1Enterate-como.jpg\" \/>\n\t<meta property=\"og:image:width\" content=\"1200\" \/>\n\t<meta property=\"og:image:height\" content=\"840\" \/>\n\t<meta property=\"og:image:type\" content=\"image\/jpeg\" \/>\n<meta name=\"author\" content=\"Juan P\u00e9rez\" \/>\n<meta name=\"twitter:card\" content=\"summary_large_image\" \/>\n<meta name=\"twitter:label1\" content=\"Escrito por\" \/>\n\t<meta name=\"twitter:data1\" content=\"Juan P\u00e9rez\" \/>\n\t<meta name=\"twitter:label2\" content=\"Tiempo de lectura\" \/>\n\t<meta name=\"twitter:data2\" content=\"3 minutos\" \/>\n<script type=\"application\/ld+json\" class=\"yoast-schema-graph\">{\"@context\":\"https:\/\/schema.org\",\"@graph\":[{\"@type\":\"WebPage\",\"@id\":\"https:\/\/www.diario21.tv\/noticias\/fallo-tecnico-en-pulseras-telematicas-libera-a-maltratadores-enterate-como\/\",\"url\":\"https:\/\/www.diario21.tv\/noticias\/fallo-tecnico-en-pulseras-telematicas-libera-a-maltratadores-enterate-como\/\",\"name\":\"Fallo t\u00e9cnico en pulseras telem\u00e1ticas libera a maltratadores: \u00a1Ent\u00e9rate c\u00f3mo! - Diario 21\",\"isPartOf\":{\"@id\":\"https:\/\/www.diario21.tv\/noticias\/#website\"},\"primaryImageOfPage\":{\"@id\":\"https:\/\/www.diario21.tv\/noticias\/fallo-tecnico-en-pulseras-telematicas-libera-a-maltratadores-enterate-como\/#primaryimage\"},\"image\":{\"@id\":\"https:\/\/www.diario21.tv\/noticias\/fallo-tecnico-en-pulseras-telematicas-libera-a-maltratadores-enterate-como\/#primaryimage\"},\"thumbnailUrl\":\"https:\/\/www.diario21.tv\/noticias\/wp-content\/uploads\/2025\/09\/Fallo-tecnico-en-pulseras-telematicas-libera-a-maltratadores-\u00a1Enterate-como.jpg\",\"datePublished\":\"2025-09-19T04:16:04+00:00\",\"dateModified\":\"2025-09-19T04:16:05+00:00\",\"author\":{\"@id\":\"https:\/\/www.diario21.tv\/noticias\/#\/schema\/person\/dfb778f73814d8f09f302618446a526b\"},\"breadcrumb\":{\"@id\":\"https:\/\/www.diario21.tv\/noticias\/fallo-tecnico-en-pulseras-telematicas-libera-a-maltratadores-enterate-como\/#breadcrumb\"},\"inLanguage\":\"es-AR\",\"potentialAction\":[{\"@type\":\"ReadAction\",\"target\":[\"https:\/\/www.diario21.tv\/noticias\/fallo-tecnico-en-pulseras-telematicas-libera-a-maltratadores-enterate-como\/\"]}]},{\"@type\":\"ImageObject\",\"inLanguage\":\"es-AR\",\"@id\":\"https:\/\/www.diario21.tv\/noticias\/fallo-tecnico-en-pulseras-telematicas-libera-a-maltratadores-enterate-como\/#primaryimage\",\"url\":\"https:\/\/www.diario21.tv\/noticias\/wp-content\/uploads\/2025\/09\/Fallo-tecnico-en-pulseras-telematicas-libera-a-maltratadores-\u00a1Enterate-como.jpg\",\"contentUrl\":\"https:\/\/www.diario21.tv\/noticias\/wp-content\/uploads\/2025\/09\/Fallo-tecnico-en-pulseras-telematicas-libera-a-maltratadores-\u00a1Enterate-como.jpg\",\"width\":1200,\"height\":840,\"caption\":\"Sobreseimientos a maltratadores por un fallo t\u00e9cnico en las pulseras telem\u00e1ticas\"},{\"@type\":\"BreadcrumbList\",\"@id\":\"https:\/\/www.diario21.tv\/noticias\/fallo-tecnico-en-pulseras-telematicas-libera-a-maltratadores-enterate-como\/#breadcrumb\",\"itemListElement\":[{\"@type\":\"ListItem\",\"position\":1,\"name\":\"Accueil\",\"item\":\"https:\/\/www.diario21.tv\/noticias\/\"},{\"@type\":\"ListItem\",\"position\":2,\"name\":\"Fallo t\u00e9cnico en pulseras telem\u00e1ticas libera a maltratadores: \u00a1Ent\u00e9rate c\u00f3mo!\"}]},{\"@type\":\"WebSite\",\"@id\":\"https:\/\/www.diario21.tv\/noticias\/#website\",\"url\":\"https:\/\/www.diario21.tv\/noticias\/\",\"name\":\"Diario 21\",\"description\":\"\",\"potentialAction\":[{\"@type\":\"SearchAction\",\"target\":{\"@type\":\"EntryPoint\",\"urlTemplate\":\"https:\/\/www.diario21.tv\/noticias\/?s={search_term_string}\"},\"query-input\":{\"@type\":\"PropertyValueSpecification\",\"valueRequired\":true,\"valueName\":\"search_term_string\"}}],\"inLanguage\":\"es-AR\"},{\"@type\":\"Person\",\"@id\":\"https:\/\/www.diario21.tv\/noticias\/#\/schema\/person\/dfb778f73814d8f09f302618446a526b\",\"name\":\"Juan P\u00e9rez\",\"image\":{\"@type\":\"ImageObject\",\"inLanguage\":\"es-AR\",\"@id\":\"https:\/\/www.diario21.tv\/noticias\/#\/schema\/person\/image\/\",\"url\":\"https:\/\/secure.gravatar.com\/avatar\/c478a405bd10621167f4c3167cc770f5?s=96&d=mm&r=g\",\"contentUrl\":\"https:\/\/secure.gravatar.com\/avatar\/c478a405bd10621167f4c3167cc770f5?s=96&d=mm&r=g\",\"caption\":\"Juan P\u00e9rez\"},\"description\":\"Juan P\u00e9rez es el redactor en jefe de Diario 21. Con m\u00e1s de 10 a\u00f1os de experiencia en el periodismo, se especializa en pol\u00edtica nacional y an\u00e1lisis socioecon\u00f3mico. Su enfoque cr\u00edtico y riguroso aporta una perspectiva \u00fanica a cada art\u00edculo.\",\"sameAs\":[\"https:\/\/www.diario21.tv\/noticias\/\"],\"url\":\"https:\/\/www.diario21.tv\/noticias\/author\/juan-perez\/\"}]}<\/script>\n<!-- \/ Yoast SEO plugin. -->","yoast_head_json":{"title":"Fallo t\u00e9cnico en pulseras telem\u00e1ticas libera a maltratadores: \u00a1Ent\u00e9rate c\u00f3mo! - Diario 21","robots":{"index":"index","follow":"follow","max-snippet":"max-snippet:-1","max-image-preview":"max-image-preview:large","max-video-preview":"max-video-preview:-1"},"canonical":"https:\/\/www.diario21.tv\/noticias\/fallo-tecnico-en-pulseras-telematicas-libera-a-maltratadores-enterate-como\/","og_locale":"es_ES","og_type":"article","og_title":"Fallo t\u00e9cnico en pulseras telem\u00e1ticas libera a maltratadores: \u00a1Ent\u00e9rate c\u00f3mo! - Diario 21","og_description":"Exoneraciones a Agresores Debido a Errores T\u00e9cnicos en Pulseras Telem\u00e1ticas En un giro preocupante, varios casos de agresores que estaban siendo monitoreados mediante dispositivos de pulseras ... Seguir leyendo &rarr;","og_url":"https:\/\/www.diario21.tv\/noticias\/fallo-tecnico-en-pulseras-telematicas-libera-a-maltratadores-enterate-como\/","og_site_name":"Diario 21","article_published_time":"2025-09-19T04:16:04+00:00","article_modified_time":"2025-09-19T04:16:05+00:00","og_image":[{"width":1200,"height":840,"url":"https:\/\/www.diario21.tv\/noticias\/wp-content\/uploads\/2025\/09\/Fallo-tecnico-en-pulseras-telematicas-libera-a-maltratadores-\u00a1Enterate-como.jpg","type":"image\/jpeg"}],"author":"Juan P\u00e9rez","twitter_card":"summary_large_image","twitter_misc":{"Escrito por":"Juan P\u00e9rez","Tiempo de lectura":"3 minutos"},"schema":{"@context":"https:\/\/schema.org","@graph":[{"@type":"WebPage","@id":"https:\/\/www.diario21.tv\/noticias\/fallo-tecnico-en-pulseras-telematicas-libera-a-maltratadores-enterate-como\/","url":"https:\/\/www.diario21.tv\/noticias\/fallo-tecnico-en-pulseras-telematicas-libera-a-maltratadores-enterate-como\/","name":"Fallo t\u00e9cnico en pulseras telem\u00e1ticas libera a maltratadores: \u00a1Ent\u00e9rate c\u00f3mo! - Diario 21","isPartOf":{"@id":"https:\/\/www.diario21.tv\/noticias\/#website"},"primaryImageOfPage":{"@id":"https:\/\/www.diario21.tv\/noticias\/fallo-tecnico-en-pulseras-telematicas-libera-a-maltratadores-enterate-como\/#primaryimage"},"image":{"@id":"https:\/\/www.diario21.tv\/noticias\/fallo-tecnico-en-pulseras-telematicas-libera-a-maltratadores-enterate-como\/#primaryimage"},"thumbnailUrl":"https:\/\/www.diario21.tv\/noticias\/wp-content\/uploads\/2025\/09\/Fallo-tecnico-en-pulseras-telematicas-libera-a-maltratadores-\u00a1Enterate-como.jpg","datePublished":"2025-09-19T04:16:04+00:00","dateModified":"2025-09-19T04:16:05+00:00","author":{"@id":"https:\/\/www.diario21.tv\/noticias\/#\/schema\/person\/dfb778f73814d8f09f302618446a526b"},"breadcrumb":{"@id":"https:\/\/www.diario21.tv\/noticias\/fallo-tecnico-en-pulseras-telematicas-libera-a-maltratadores-enterate-como\/#breadcrumb"},"inLanguage":"es-AR","potentialAction":[{"@type":"ReadAction","target":["https:\/\/www.diario21.tv\/noticias\/fallo-tecnico-en-pulseras-telematicas-libera-a-maltratadores-enterate-como\/"]}]},{"@type":"ImageObject","inLanguage":"es-AR","@id":"https:\/\/www.diario21.tv\/noticias\/fallo-tecnico-en-pulseras-telematicas-libera-a-maltratadores-enterate-como\/#primaryimage","url":"https:\/\/www.diario21.tv\/noticias\/wp-content\/uploads\/2025\/09\/Fallo-tecnico-en-pulseras-telematicas-libera-a-maltratadores-\u00a1Enterate-como.jpg","contentUrl":"https:\/\/www.diario21.tv\/noticias\/wp-content\/uploads\/2025\/09\/Fallo-tecnico-en-pulseras-telematicas-libera-a-maltratadores-\u00a1Enterate-como.jpg","width":1200,"height":840,"caption":"Sobreseimientos a maltratadores por un fallo t\u00e9cnico en las pulseras telem\u00e1ticas"},{"@type":"BreadcrumbList","@id":"https:\/\/www.diario21.tv\/noticias\/fallo-tecnico-en-pulseras-telematicas-libera-a-maltratadores-enterate-como\/#breadcrumb","itemListElement":[{"@type":"ListItem","position":1,"name":"Accueil","item":"https:\/\/www.diario21.tv\/noticias\/"},{"@type":"ListItem","position":2,"name":"Fallo t\u00e9cnico en pulseras telem\u00e1ticas libera a maltratadores: \u00a1Ent\u00e9rate c\u00f3mo!"}]},{"@type":"WebSite","@id":"https:\/\/www.diario21.tv\/noticias\/#website","url":"https:\/\/www.diario21.tv\/noticias\/","name":"Diario 21","description":"","potentialAction":[{"@type":"SearchAction","target":{"@type":"EntryPoint","urlTemplate":"https:\/\/www.diario21.tv\/noticias\/?s={search_term_string}"},"query-input":{"@type":"PropertyValueSpecification","valueRequired":true,"valueName":"search_term_string"}}],"inLanguage":"es-AR"},{"@type":"Person","@id":"https:\/\/www.diario21.tv\/noticias\/#\/schema\/person\/dfb778f73814d8f09f302618446a526b","name":"Juan P\u00e9rez","image":{"@type":"ImageObject","inLanguage":"es-AR","@id":"https:\/\/www.diario21.tv\/noticias\/#\/schema\/person\/image\/","url":"https:\/\/secure.gravatar.com\/avatar\/c478a405bd10621167f4c3167cc770f5?s=96&d=mm&r=g","contentUrl":"https:\/\/secure.gravatar.com\/avatar\/c478a405bd10621167f4c3167cc770f5?s=96&d=mm&r=g","caption":"Juan P\u00e9rez"},"description":"Juan P\u00e9rez es el redactor en jefe de Diario 21. Con m\u00e1s de 10 a\u00f1os de experiencia en el periodismo, se especializa en pol\u00edtica nacional y an\u00e1lisis socioecon\u00f3mico. Su enfoque cr\u00edtico y riguroso aporta una perspectiva \u00fanica a cada art\u00edculo.","sameAs":["https:\/\/www.diario21.tv\/noticias\/"],"url":"https:\/\/www.diario21.tv\/noticias\/author\/juan-perez\/"}]}},"_links":{"self":[{"href":"https:\/\/www.diario21.tv\/noticias\/wp-json\/wp\/v2\/posts\/4555"}],"collection":[{"href":"https:\/\/www.diario21.tv\/noticias\/wp-json\/wp\/v2\/posts"}],"about":[{"href":"https:\/\/www.diario21.tv\/noticias\/wp-json\/wp\/v2\/types\/post"}],"author":[{"embeddable":true,"href":"https:\/\/www.diario21.tv\/noticias\/wp-json\/wp\/v2\/users\/20"}],"replies":[{"embeddable":true,"href":"https:\/\/www.diario21.tv\/noticias\/wp-json\/wp\/v2\/comments?post=4555"}],"version-history":[{"count":1,"href":"https:\/\/www.diario21.tv\/noticias\/wp-json\/wp\/v2\/posts\/4555\/revisions"}],"predecessor-version":[{"id":4557,"href":"https:\/\/www.diario21.tv\/noticias\/wp-json\/wp\/v2\/posts\/4555\/revisions\/4557"}],"wp:featuredmedia":[{"embeddable":true,"href":"https:\/\/www.diario21.tv\/noticias\/wp-json\/wp\/v2\/media\/4556"}],"wp:attachment":[{"href":"https:\/\/www.diario21.tv\/noticias\/wp-json\/wp\/v2\/media?parent=4555"}],"wp:term":[{"taxonomy":"category","embeddable":true,"href":"https:\/\/www.diario21.tv\/noticias\/wp-json\/wp\/v2\/categories?post=4555"},{"taxonomy":"post_tag","embeddable":true,"href":"https:\/\/www.diario21.tv\/noticias\/wp-json\/wp\/v2\/tags?post=4555"}],"curies":[{"name":"wp","href":"https:\/\/api.w.org\/{rel}","templated":true}]}}