{"id":4549,"date":"2025-09-18T10:12:51","date_gmt":"2025-09-18T10:12:51","guid":{"rendered":"https:\/\/www.diario21.tv\/noticias\/alerta-padres-fumar-porros-en-la-adolescencia-podria-multiplicar-el-riesgo-de-esquizofrenia\/"},"modified":"2025-09-18T10:12:52","modified_gmt":"2025-09-18T10:12:52","slug":"alerta-padres-fumar-porros-en-la-adolescencia-podria-multiplicar-el-riesgo-de-esquizofrenia","status":"publish","type":"post","link":"https:\/\/www.diario21.tv\/noticias\/alerta-padres-fumar-porros-en-la-adolescencia-podria-multiplicar-el-riesgo-de-esquizofrenia\/","title":{"rendered":"\u00a1Alerta padres! Fumar porros en la adolescencia podr\u00eda multiplicar el riesgo de esquizofrenia"},"content":{"rendered":"<h2>El Consumo de Marihuana en J\u00f3venes Eleva el Peligro de Desarrollar Esquizofrenia<\/h2>\n<p>El uso de cannabis durante los a\u00f1os de adolescencia puede tener consecuencias m\u00e1s serias de lo que muchos podr\u00edan imaginar. Estudios recientes han demostrado que los j\u00f3venes que consumen marihuana aumentan significativamente su riesgo de experimentar trastornos psic\u00f3ticos, como la esquizofrenia, m\u00e1s adelante en sus vidas.<\/p>\n<h3>Impacto del Cannabis en el Desarrollo Adolescente<\/h3>\n<p>Durante la adolescencia, el cerebro pasa por un proceso de maduraci\u00f3n y desarrollo crucial. En esta etapa, la exposici\u00f3n a sustancias psicoactivas puede alterar la estructura y el funcionamiento del cerebro. El THC (tetrahidrocannabinol), el principal componente psicoactivo de la marihuana, afecta \u00e1reas del cerebro responsables del aprendizaje, la memoria y la regulaci\u00f3n emocional.<\/p>\n<h3>Cifras Alarmantes<\/h3>\n<p>Investigaciones indican que los adolescentes que consumen cannabis tienen hasta tres veces m\u00e1s riesgo de desarrollar esquizofrenia u otros trastornos psic\u00f3ticos comparados con aquellos que no lo hacen. Este riesgo se incrementa con el uso frecuente y en grandes cantidades de marihuana.<\/p>\n<h3>\u00bfPor Qu\u00e9 el Cannabis Afecta de Esta Manera?<\/h3>\n<p>Los cient\u00edficos explican que el THC interfiere con el funcionamiento de la dopamina, un neurotransmisor clave en el cerebro. La dopamina est\u00e1 involucrada en el sistema de recompensa del cerebro y juega un papel crucial en el aprendizaje, la motivaci\u00f3n y el placer. El desbalance de dopamina provocado por el consumo frecuente de cannabis durante la adolescencia puede precipitar la aparici\u00f3n de s\u00edntomas psic\u00f3ticos en individuos susceptibles.<\/p>\n<h3>Prevenci\u00f3n y Concienciaci\u00f3n<\/h3>\n<p>Es vital aumentar la concienciaci\u00f3n sobre los peligros del consumo de marihuana en j\u00f3venes. Familias, educadores y profesionales de la salud deben trabajar juntos para informar a los adolescentes sobre los riesgos asociados al consumo de cannabis y otras sustancias durante estos a\u00f1os cr\u00edticos de desarrollo.<\/p>\n<p>Finalmente, es importante destacar que, aunque no todos los j\u00f3venes que consumen marihuana desarrollar\u00e1n esquizofrenia, aquellos con antecedentes familiares de trastornos psic\u00f3ticos son especialmente vulnerables y deben ser conscientes de los riesgos adicionales. El di\u00e1logo abierto y la prevenci\u00f3n son claves para proteger la salud mental de nuestras futuras generaciones.<\/p>\n\n\n<div class=\"kk-star-ratings kksr-auto kksr-align-left kksr-valign-bottom\"\n    data-payload='{&quot;align&quot;:&quot;left&quot;,&quot;id&quot;:&quot;4549&quot;,&quot;slug&quot;:&quot;default&quot;,&quot;valign&quot;:&quot;bottom&quot;,&quot;ignore&quot;:&quot;&quot;,&quot;reference&quot;:&quot;auto&quot;,&quot;class&quot;:&quot;&quot;,&quot;count&quot;:&quot;0&quot;,&quot;legendonly&quot;:&quot;&quot;,&quot;readonly&quot;:&quot;&quot;,&quot;score&quot;:&quot;0&quot;,&quot;starsonly&quot;:&quot;&quot;,&quot;best&quot;:&quot;5&quot;,&quot;gap&quot;:&quot;5&quot;,&quot;greet&quot;:&quot;Valora este post&quot;,&quot;legend&quot;:&quot;0\\\/5 - (0 votes)&quot;,&quot;size&quot;:&quot;22&quot;,&quot;title&quot;:&quot;\u00a1Alerta padres! Fumar porros en la adolescencia podr\u00eda multiplicar el riesgo de esquizofrenia&quot;,&quot;width&quot;:&quot;0&quot;,&quot;_legend&quot;:&quot;{score}\\\/{best} - ({count} {votes})&quot;,&quot;font_factor&quot;:&quot;1.25&quot;}'>\n            \n<div class=\"kksr-stars\">\n    \n<div class=\"kksr-stars-inactive\">\n            <div class=\"kksr-star\" data-star=\"1\" style=\"padding-right: 5px\">\n            \n\n<div class=\"kksr-icon\" style=\"width: 22px; height: 22px;\"><\/div>\n        <\/div>\n            <div class=\"kksr-star\" data-star=\"2\" style=\"padding-right: 5px\">\n            \n\n<div class=\"kksr-icon\" style=\"width: 22px; height: 22px;\"><\/div>\n        <\/div>\n            <div class=\"kksr-star\" data-star=\"3\" style=\"padding-right: 5px\">\n            \n\n<div class=\"kksr-icon\" style=\"width: 22px; height: 22px;\"><\/div>\n        <\/div>\n            <div class=\"kksr-star\" data-star=\"4\" style=\"padding-right: 5px\">\n            \n\n<div class=\"kksr-icon\" style=\"width: 22px; height: 22px;\"><\/div>\n        <\/div>\n            <div class=\"kksr-star\" data-star=\"5\" style=\"padding-right: 5px\">\n            \n\n<div class=\"kksr-icon\" style=\"width: 22px; height: 22px;\"><\/div>\n        <\/div>\n    <\/div>\n    \n<div class=\"kksr-stars-active\" style=\"width: 0px;\">\n            <div class=\"kksr-star\" style=\"padding-right: 5px\">\n            \n\n<div class=\"kksr-icon\" style=\"width: 22px; height: 22px;\"><\/div>\n        <\/div>\n            <div class=\"kksr-star\" style=\"padding-right: 5px\">\n            \n\n<div class=\"kksr-icon\" style=\"width: 22px; height: 22px;\"><\/div>\n        <\/div>\n            <div class=\"kksr-star\" style=\"padding-right: 5px\">\n            \n\n<div class=\"kksr-icon\" style=\"width: 22px; height: 22px;\"><\/div>\n        <\/div>\n            <div class=\"kksr-star\" style=\"padding-right: 5px\">\n            \n\n<div class=\"kksr-icon\" style=\"width: 22px; height: 22px;\"><\/div>\n        <\/div>\n            <div class=\"kksr-star\" style=\"padding-right: 5px\">\n            \n\n<div class=\"kksr-icon\" style=\"width: 22px; height: 22px;\"><\/div>\n        <\/div>\n    <\/div>\n<\/div>\n                \n\n<div class=\"kksr-legend\" style=\"font-size: 17.6px;\">\n            <span class=\"kksr-muted\">Valora este post<\/span>\n    <\/div>\n    <\/div>\n","protected":false},"excerpt":{"rendered":"<p>El Consumo de Marihuana en J\u00f3venes Eleva el Peligro de Desarrollar Esquizofrenia El uso de cannabis durante los a\u00f1os de adolescencia puede tener consecuencias m\u00e1s serias &#8230; <a title=\"\u00a1Alerta padres! Fumar porros en la adolescencia podr\u00eda multiplicar el riesgo de esquizofrenia\" class=\"read-more\" href=\"https:\/\/www.diario21.tv\/noticias\/alerta-padres-fumar-porros-en-la-adolescencia-podria-multiplicar-el-riesgo-de-esquizofrenia\/\" aria-label=\"Leer m\u00e1s sobre \u00a1Alerta padres! Fumar porros en la adolescencia podr\u00eda multiplicar el riesgo de esquizofrenia\">Seguir leyendo &rarr;<\/a><\/p>\n","protected":false},"author":20,"featured_media":4550,"comment_status":"open","ping_status":"open","sticky":false,"template":"","format":"standard","meta":{"footnotes":""},"categories":[13],"tags":[],"class_list":["post-4549","post","type-post","status-publish","format-standard","has-post-thumbnail","hentry","category-portada"],"yoast_head":"<!-- This site is optimized with the Yoast SEO plugin v25.6 - https:\/\/yoast.com\/wordpress\/plugins\/seo\/ -->\n<title>\u00a1Alerta padres! Fumar porros en la adolescencia podr\u00eda multiplicar el riesgo de esquizofrenia - Diario 21<\/title>\n<meta name=\"robots\" content=\"index, follow, max-snippet:-1, max-image-preview:large, max-video-preview:-1\" \/>\n<link rel=\"canonical\" href=\"https:\/\/www.diario21.tv\/noticias\/alerta-padres-fumar-porros-en-la-adolescencia-podria-multiplicar-el-riesgo-de-esquizofrenia\/\" \/>\n<meta property=\"og:locale\" content=\"es_ES\" \/>\n<meta property=\"og:type\" content=\"article\" \/>\n<meta property=\"og:title\" content=\"\u00a1Alerta padres! Fumar porros en la adolescencia podr\u00eda multiplicar el riesgo de esquizofrenia - Diario 21\" \/>\n<meta property=\"og:description\" content=\"El Consumo de Marihuana en J\u00f3venes Eleva el Peligro de Desarrollar Esquizofrenia El uso de cannabis durante los a\u00f1os de adolescencia puede tener consecuencias m\u00e1s serias ... Seguir leyendo &rarr;\" \/>\n<meta property=\"og:url\" content=\"https:\/\/www.diario21.tv\/noticias\/alerta-padres-fumar-porros-en-la-adolescencia-podria-multiplicar-el-riesgo-de-esquizofrenia\/\" \/>\n<meta property=\"og:site_name\" content=\"Diario 21\" \/>\n<meta property=\"article:published_time\" content=\"2025-09-18T10:12:51+00:00\" \/>\n<meta property=\"article:modified_time\" content=\"2025-09-18T10:12:52+00:00\" \/>\n<meta property=\"og:image\" content=\"https:\/\/www.diario21.tv\/noticias\/wp-content\/uploads\/2025\/09\/\u00a1Alerta-padres-Fumar-porros-en-la-adolescencia-podria-multiplicar-el.jpg\" \/>\n\t<meta property=\"og:image:width\" content=\"1200\" \/>\n\t<meta property=\"og:image:height\" content=\"840\" \/>\n\t<meta property=\"og:image:type\" content=\"image\/jpeg\" \/>\n<meta name=\"author\" content=\"Juan P\u00e9rez\" \/>\n<meta name=\"twitter:card\" content=\"summary_large_image\" \/>\n<meta name=\"twitter:label1\" content=\"Escrito por\" \/>\n\t<meta name=\"twitter:data1\" content=\"Juan P\u00e9rez\" \/>\n\t<meta name=\"twitter:label2\" content=\"Tiempo de lectura\" \/>\n\t<meta name=\"twitter:data2\" content=\"2 minutos\" \/>\n<script type=\"application\/ld+json\" class=\"yoast-schema-graph\">{\"@context\":\"https:\/\/schema.org\",\"@graph\":[{\"@type\":\"WebPage\",\"@id\":\"https:\/\/www.diario21.tv\/noticias\/alerta-padres-fumar-porros-en-la-adolescencia-podria-multiplicar-el-riesgo-de-esquizofrenia\/\",\"url\":\"https:\/\/www.diario21.tv\/noticias\/alerta-padres-fumar-porros-en-la-adolescencia-podria-multiplicar-el-riesgo-de-esquizofrenia\/\",\"name\":\"\u00a1Alerta padres! Fumar porros en la adolescencia podr\u00eda multiplicar el riesgo de esquizofrenia - Diario 21\",\"isPartOf\":{\"@id\":\"https:\/\/www.diario21.tv\/noticias\/#website\"},\"primaryImageOfPage\":{\"@id\":\"https:\/\/www.diario21.tv\/noticias\/alerta-padres-fumar-porros-en-la-adolescencia-podria-multiplicar-el-riesgo-de-esquizofrenia\/#primaryimage\"},\"image\":{\"@id\":\"https:\/\/www.diario21.tv\/noticias\/alerta-padres-fumar-porros-en-la-adolescencia-podria-multiplicar-el-riesgo-de-esquizofrenia\/#primaryimage\"},\"thumbnailUrl\":\"https:\/\/www.diario21.tv\/noticias\/wp-content\/uploads\/2025\/09\/\u00a1Alerta-padres-Fumar-porros-en-la-adolescencia-podria-multiplicar-el.jpg\",\"datePublished\":\"2025-09-18T10:12:51+00:00\",\"dateModified\":\"2025-09-18T10:12:52+00:00\",\"author\":{\"@id\":\"https:\/\/www.diario21.tv\/noticias\/#\/schema\/person\/dfb778f73814d8f09f302618446a526b\"},\"breadcrumb\":{\"@id\":\"https:\/\/www.diario21.tv\/noticias\/alerta-padres-fumar-porros-en-la-adolescencia-podria-multiplicar-el-riesgo-de-esquizofrenia\/#breadcrumb\"},\"inLanguage\":\"es-AR\",\"potentialAction\":[{\"@type\":\"ReadAction\",\"target\":[\"https:\/\/www.diario21.tv\/noticias\/alerta-padres-fumar-porros-en-la-adolescencia-podria-multiplicar-el-riesgo-de-esquizofrenia\/\"]}]},{\"@type\":\"ImageObject\",\"inLanguage\":\"es-AR\",\"@id\":\"https:\/\/www.diario21.tv\/noticias\/alerta-padres-fumar-porros-en-la-adolescencia-podria-multiplicar-el-riesgo-de-esquizofrenia\/#primaryimage\",\"url\":\"https:\/\/www.diario21.tv\/noticias\/wp-content\/uploads\/2025\/09\/\u00a1Alerta-padres-Fumar-porros-en-la-adolescencia-podria-multiplicar-el.jpg\",\"contentUrl\":\"https:\/\/www.diario21.tv\/noticias\/wp-content\/uploads\/2025\/09\/\u00a1Alerta-padres-Fumar-porros-en-la-adolescencia-podria-multiplicar-el.jpg\",\"width\":1200,\"height\":840,\"caption\":\"Fumar porros en la adolescencia multiplica el riesgo de sufrir esquizofrenia\"},{\"@type\":\"BreadcrumbList\",\"@id\":\"https:\/\/www.diario21.tv\/noticias\/alerta-padres-fumar-porros-en-la-adolescencia-podria-multiplicar-el-riesgo-de-esquizofrenia\/#breadcrumb\",\"itemListElement\":[{\"@type\":\"ListItem\",\"position\":1,\"name\":\"Accueil\",\"item\":\"https:\/\/www.diario21.tv\/noticias\/\"},{\"@type\":\"ListItem\",\"position\":2,\"name\":\"\u00a1Alerta padres! Fumar porros en la adolescencia podr\u00eda multiplicar el riesgo de esquizofrenia\"}]},{\"@type\":\"WebSite\",\"@id\":\"https:\/\/www.diario21.tv\/noticias\/#website\",\"url\":\"https:\/\/www.diario21.tv\/noticias\/\",\"name\":\"Diario 21\",\"description\":\"\",\"potentialAction\":[{\"@type\":\"SearchAction\",\"target\":{\"@type\":\"EntryPoint\",\"urlTemplate\":\"https:\/\/www.diario21.tv\/noticias\/?s={search_term_string}\"},\"query-input\":{\"@type\":\"PropertyValueSpecification\",\"valueRequired\":true,\"valueName\":\"search_term_string\"}}],\"inLanguage\":\"es-AR\"},{\"@type\":\"Person\",\"@id\":\"https:\/\/www.diario21.tv\/noticias\/#\/schema\/person\/dfb778f73814d8f09f302618446a526b\",\"name\":\"Juan P\u00e9rez\",\"image\":{\"@type\":\"ImageObject\",\"inLanguage\":\"es-AR\",\"@id\":\"https:\/\/www.diario21.tv\/noticias\/#\/schema\/person\/image\/\",\"url\":\"https:\/\/secure.gravatar.com\/avatar\/c478a405bd10621167f4c3167cc770f5?s=96&d=mm&r=g\",\"contentUrl\":\"https:\/\/secure.gravatar.com\/avatar\/c478a405bd10621167f4c3167cc770f5?s=96&d=mm&r=g\",\"caption\":\"Juan P\u00e9rez\"},\"description\":\"Juan P\u00e9rez es el redactor en jefe de Diario 21. Con m\u00e1s de 10 a\u00f1os de experiencia en el periodismo, se especializa en pol\u00edtica nacional y an\u00e1lisis socioecon\u00f3mico. Su enfoque cr\u00edtico y riguroso aporta una perspectiva \u00fanica a cada art\u00edculo.\",\"sameAs\":[\"https:\/\/www.diario21.tv\/noticias\/\"],\"url\":\"https:\/\/www.diario21.tv\/noticias\/author\/juan-perez\/\"}]}<\/script>\n<!-- \/ Yoast SEO plugin. -->","yoast_head_json":{"title":"\u00a1Alerta padres! Fumar porros en la adolescencia podr\u00eda multiplicar el riesgo de esquizofrenia - Diario 21","robots":{"index":"index","follow":"follow","max-snippet":"max-snippet:-1","max-image-preview":"max-image-preview:large","max-video-preview":"max-video-preview:-1"},"canonical":"https:\/\/www.diario21.tv\/noticias\/alerta-padres-fumar-porros-en-la-adolescencia-podria-multiplicar-el-riesgo-de-esquizofrenia\/","og_locale":"es_ES","og_type":"article","og_title":"\u00a1Alerta padres! Fumar porros en la adolescencia podr\u00eda multiplicar el riesgo de esquizofrenia - Diario 21","og_description":"El Consumo de Marihuana en J\u00f3venes Eleva el Peligro de Desarrollar Esquizofrenia El uso de cannabis durante los a\u00f1os de adolescencia puede tener consecuencias m\u00e1s serias ... Seguir leyendo &rarr;","og_url":"https:\/\/www.diario21.tv\/noticias\/alerta-padres-fumar-porros-en-la-adolescencia-podria-multiplicar-el-riesgo-de-esquizofrenia\/","og_site_name":"Diario 21","article_published_time":"2025-09-18T10:12:51+00:00","article_modified_time":"2025-09-18T10:12:52+00:00","og_image":[{"width":1200,"height":840,"url":"https:\/\/www.diario21.tv\/noticias\/wp-content\/uploads\/2025\/09\/\u00a1Alerta-padres-Fumar-porros-en-la-adolescencia-podria-multiplicar-el.jpg","type":"image\/jpeg"}],"author":"Juan P\u00e9rez","twitter_card":"summary_large_image","twitter_misc":{"Escrito por":"Juan P\u00e9rez","Tiempo de lectura":"2 minutos"},"schema":{"@context":"https:\/\/schema.org","@graph":[{"@type":"WebPage","@id":"https:\/\/www.diario21.tv\/noticias\/alerta-padres-fumar-porros-en-la-adolescencia-podria-multiplicar-el-riesgo-de-esquizofrenia\/","url":"https:\/\/www.diario21.tv\/noticias\/alerta-padres-fumar-porros-en-la-adolescencia-podria-multiplicar-el-riesgo-de-esquizofrenia\/","name":"\u00a1Alerta padres! Fumar porros en la adolescencia podr\u00eda multiplicar el riesgo de esquizofrenia - Diario 21","isPartOf":{"@id":"https:\/\/www.diario21.tv\/noticias\/#website"},"primaryImageOfPage":{"@id":"https:\/\/www.diario21.tv\/noticias\/alerta-padres-fumar-porros-en-la-adolescencia-podria-multiplicar-el-riesgo-de-esquizofrenia\/#primaryimage"},"image":{"@id":"https:\/\/www.diario21.tv\/noticias\/alerta-padres-fumar-porros-en-la-adolescencia-podria-multiplicar-el-riesgo-de-esquizofrenia\/#primaryimage"},"thumbnailUrl":"https:\/\/www.diario21.tv\/noticias\/wp-content\/uploads\/2025\/09\/\u00a1Alerta-padres-Fumar-porros-en-la-adolescencia-podria-multiplicar-el.jpg","datePublished":"2025-09-18T10:12:51+00:00","dateModified":"2025-09-18T10:12:52+00:00","author":{"@id":"https:\/\/www.diario21.tv\/noticias\/#\/schema\/person\/dfb778f73814d8f09f302618446a526b"},"breadcrumb":{"@id":"https:\/\/www.diario21.tv\/noticias\/alerta-padres-fumar-porros-en-la-adolescencia-podria-multiplicar-el-riesgo-de-esquizofrenia\/#breadcrumb"},"inLanguage":"es-AR","potentialAction":[{"@type":"ReadAction","target":["https:\/\/www.diario21.tv\/noticias\/alerta-padres-fumar-porros-en-la-adolescencia-podria-multiplicar-el-riesgo-de-esquizofrenia\/"]}]},{"@type":"ImageObject","inLanguage":"es-AR","@id":"https:\/\/www.diario21.tv\/noticias\/alerta-padres-fumar-porros-en-la-adolescencia-podria-multiplicar-el-riesgo-de-esquizofrenia\/#primaryimage","url":"https:\/\/www.diario21.tv\/noticias\/wp-content\/uploads\/2025\/09\/\u00a1Alerta-padres-Fumar-porros-en-la-adolescencia-podria-multiplicar-el.jpg","contentUrl":"https:\/\/www.diario21.tv\/noticias\/wp-content\/uploads\/2025\/09\/\u00a1Alerta-padres-Fumar-porros-en-la-adolescencia-podria-multiplicar-el.jpg","width":1200,"height":840,"caption":"Fumar porros en la adolescencia multiplica el riesgo de sufrir esquizofrenia"},{"@type":"BreadcrumbList","@id":"https:\/\/www.diario21.tv\/noticias\/alerta-padres-fumar-porros-en-la-adolescencia-podria-multiplicar-el-riesgo-de-esquizofrenia\/#breadcrumb","itemListElement":[{"@type":"ListItem","position":1,"name":"Accueil","item":"https:\/\/www.diario21.tv\/noticias\/"},{"@type":"ListItem","position":2,"name":"\u00a1Alerta padres! Fumar porros en la adolescencia podr\u00eda multiplicar el riesgo de esquizofrenia"}]},{"@type":"WebSite","@id":"https:\/\/www.diario21.tv\/noticias\/#website","url":"https:\/\/www.diario21.tv\/noticias\/","name":"Diario 21","description":"","potentialAction":[{"@type":"SearchAction","target":{"@type":"EntryPoint","urlTemplate":"https:\/\/www.diario21.tv\/noticias\/?s={search_term_string}"},"query-input":{"@type":"PropertyValueSpecification","valueRequired":true,"valueName":"search_term_string"}}],"inLanguage":"es-AR"},{"@type":"Person","@id":"https:\/\/www.diario21.tv\/noticias\/#\/schema\/person\/dfb778f73814d8f09f302618446a526b","name":"Juan P\u00e9rez","image":{"@type":"ImageObject","inLanguage":"es-AR","@id":"https:\/\/www.diario21.tv\/noticias\/#\/schema\/person\/image\/","url":"https:\/\/secure.gravatar.com\/avatar\/c478a405bd10621167f4c3167cc770f5?s=96&d=mm&r=g","contentUrl":"https:\/\/secure.gravatar.com\/avatar\/c478a405bd10621167f4c3167cc770f5?s=96&d=mm&r=g","caption":"Juan P\u00e9rez"},"description":"Juan P\u00e9rez es el redactor en jefe de Diario 21. Con m\u00e1s de 10 a\u00f1os de experiencia en el periodismo, se especializa en pol\u00edtica nacional y an\u00e1lisis socioecon\u00f3mico. Su enfoque cr\u00edtico y riguroso aporta una perspectiva \u00fanica a cada art\u00edculo.","sameAs":["https:\/\/www.diario21.tv\/noticias\/"],"url":"https:\/\/www.diario21.tv\/noticias\/author\/juan-perez\/"}]}},"_links":{"self":[{"href":"https:\/\/www.diario21.tv\/noticias\/wp-json\/wp\/v2\/posts\/4549"}],"collection":[{"href":"https:\/\/www.diario21.tv\/noticias\/wp-json\/wp\/v2\/posts"}],"about":[{"href":"https:\/\/www.diario21.tv\/noticias\/wp-json\/wp\/v2\/types\/post"}],"author":[{"embeddable":true,"href":"https:\/\/www.diario21.tv\/noticias\/wp-json\/wp\/v2\/users\/20"}],"replies":[{"embeddable":true,"href":"https:\/\/www.diario21.tv\/noticias\/wp-json\/wp\/v2\/comments?post=4549"}],"version-history":[{"count":1,"href":"https:\/\/www.diario21.tv\/noticias\/wp-json\/wp\/v2\/posts\/4549\/revisions"}],"predecessor-version":[{"id":4551,"href":"https:\/\/www.diario21.tv\/noticias\/wp-json\/wp\/v2\/posts\/4549\/revisions\/4551"}],"wp:featuredmedia":[{"embeddable":true,"href":"https:\/\/www.diario21.tv\/noticias\/wp-json\/wp\/v2\/media\/4550"}],"wp:attachment":[{"href":"https:\/\/www.diario21.tv\/noticias\/wp-json\/wp\/v2\/media?parent=4549"}],"wp:term":[{"taxonomy":"category","embeddable":true,"href":"https:\/\/www.diario21.tv\/noticias\/wp-json\/wp\/v2\/categories?post=4549"},{"taxonomy":"post_tag","embeddable":true,"href":"https:\/\/www.diario21.tv\/noticias\/wp-json\/wp\/v2\/tags?post=4549"}],"curies":[{"name":"wp","href":"https:\/\/api.w.org\/{rel}","templated":true}]}}