{"id":4531,"date":"2025-09-16T21:58:03","date_gmt":"2025-09-16T21:58:03","guid":{"rendered":"https:\/\/www.diario21.tv\/noticias\/impactante-hallazgo-en-vallecas-hombre-encontrado-muerto-bajo-escombros-tras-explosion-en-bar\/"},"modified":"2025-09-16T21:58:05","modified_gmt":"2025-09-16T21:58:05","slug":"impactante-hallazgo-en-vallecas-hombre-encontrado-muerto-bajo-escombros-tras-explosion-en-bar","status":"publish","type":"post","link":"https:\/\/www.diario21.tv\/noticias\/impactante-hallazgo-en-vallecas-hombre-encontrado-muerto-bajo-escombros-tras-explosion-en-bar\/","title":{"rendered":"\u00a1Impactante hallazgo en Vallecas! Hombre encontrado muerto bajo escombros tras explosi\u00f3n en bar"},"content":{"rendered":"<h2>Descubrimiento Tr\u00e1gico en Vallecas<\/h2>\n<p>En un suceso lamentable, el cuerpo de un hombre fue encontrado por los bomberos entre los restos de un edificio que sufri\u00f3 una explosi\u00f3n en el distrito de Vallecas. Este incidente, que ha conmovido a la comunidad local, ocurri\u00f3 en un establecimiento dedicado a la hosteler\u00eda.<\/p>\n<h3>Detalles del Incidente<\/h3>\n<p>La explosi\u00f3n se produjo alrededor de las tres de la tarde, causando no solo la destrucci\u00f3n parcial del edificio, sino tambi\u00e9n afectando a estructuras adyacentes. Las autoridades fueron alertadas inmediatamente, y los equipos de emergencia, incluidos bomberos y servicios m\u00e9dicos, llegaron prontamente al lugar para atender la situaci\u00f3n y asegurar el \u00e1rea.<\/p>\n<h3>Operaci\u00f3n de Rescate<\/h3>\n<p>Durante las labores de rescate, que se extendieron varias horas debido a la magnitud de los escombros y la necesidad de proceder con cautela para no provocar m\u00e1s derrumbes, los bomberos realizaron un hallazgo sombr\u00edo. El cuerpo de un hombre, que no ha sido identificado p\u00fablicamente en espera de notificar a sus familiares, fue descubierto bajo los escombros. La escena fue resguardada mientras se realizaban las tareas de recuperaci\u00f3n del cuerpo.<\/p>\n<h3>Investigaci\u00f3n en Curso<\/h3>\n<p>Las autoridades han iniciado una investigaci\u00f3n exhaustiva para determinar las causas exactas de la explosi\u00f3n. Aunque los detalles a\u00fan son preliminares, no se descarta ninguna hip\u00f3tesis. Los expertos en explosivos y t\u00e9cnicos en estructuras est\u00e1n colaborando estrechamente para analizar cada aspecto del incidente.<\/p>\n<h3>Reacciones y Consecuencias<\/h3>\n<p>El suceso ha generado una profunda conmoci\u00f3n entre los vecinos y propietarios de negocios de la zona. Muchos expresaron su preocupaci\u00f3n por la seguridad en el barrio y la integridad de sus propias instalaciones. Las autoridades han prometido reforzar las medidas de seguridad y realizar inspecciones m\u00e1s rigurosas para prevenir incidentes similares en el futuro.<\/p>\n<p>Este tr\u00e1gico evento subraya la importancia de adherirse estrictamente a las normativas de seguridad y de realizar controles peri\u00f3dicos en este tipo de establecimientos para garantizar la seguridad de todos. La comunidad de Vallecas, mientras tanto, se une en duelo y solidaridad con la familia del hombre fallecido, esperando que tales tragedias no se repitan.<\/p>\n\n\n<div class=\"kk-star-ratings kksr-auto kksr-align-left kksr-valign-bottom\"\n    data-payload='{&quot;align&quot;:&quot;left&quot;,&quot;id&quot;:&quot;4531&quot;,&quot;slug&quot;:&quot;default&quot;,&quot;valign&quot;:&quot;bottom&quot;,&quot;ignore&quot;:&quot;&quot;,&quot;reference&quot;:&quot;auto&quot;,&quot;class&quot;:&quot;&quot;,&quot;count&quot;:&quot;0&quot;,&quot;legendonly&quot;:&quot;&quot;,&quot;readonly&quot;:&quot;&quot;,&quot;score&quot;:&quot;0&quot;,&quot;starsonly&quot;:&quot;&quot;,&quot;best&quot;:&quot;5&quot;,&quot;gap&quot;:&quot;5&quot;,&quot;greet&quot;:&quot;Valora este post&quot;,&quot;legend&quot;:&quot;0\\\/5 - (0 votes)&quot;,&quot;size&quot;:&quot;22&quot;,&quot;title&quot;:&quot;\u00a1Impactante hallazgo en Vallecas! Hombre encontrado muerto bajo escombros tras explosi\u00f3n en bar&quot;,&quot;width&quot;:&quot;0&quot;,&quot;_legend&quot;:&quot;{score}\\\/{best} - ({count} {votes})&quot;,&quot;font_factor&quot;:&quot;1.25&quot;}'>\n            \n<div class=\"kksr-stars\">\n    \n<div class=\"kksr-stars-inactive\">\n            <div class=\"kksr-star\" data-star=\"1\" style=\"padding-right: 5px\">\n            \n\n<div class=\"kksr-icon\" style=\"width: 22px; height: 22px;\"><\/div>\n        <\/div>\n            <div class=\"kksr-star\" data-star=\"2\" style=\"padding-right: 5px\">\n            \n\n<div class=\"kksr-icon\" style=\"width: 22px; height: 22px;\"><\/div>\n        <\/div>\n            <div class=\"kksr-star\" data-star=\"3\" style=\"padding-right: 5px\">\n            \n\n<div class=\"kksr-icon\" style=\"width: 22px; height: 22px;\"><\/div>\n        <\/div>\n            <div class=\"kksr-star\" data-star=\"4\" style=\"padding-right: 5px\">\n            \n\n<div class=\"kksr-icon\" style=\"width: 22px; height: 22px;\"><\/div>\n        <\/div>\n            <div class=\"kksr-star\" data-star=\"5\" style=\"padding-right: 5px\">\n            \n\n<div class=\"kksr-icon\" style=\"width: 22px; height: 22px;\"><\/div>\n        <\/div>\n    <\/div>\n    \n<div class=\"kksr-stars-active\" style=\"width: 0px;\">\n            <div class=\"kksr-star\" style=\"padding-right: 5px\">\n            \n\n<div class=\"kksr-icon\" style=\"width: 22px; height: 22px;\"><\/div>\n        <\/div>\n            <div class=\"kksr-star\" style=\"padding-right: 5px\">\n            \n\n<div class=\"kksr-icon\" style=\"width: 22px; height: 22px;\"><\/div>\n        <\/div>\n            <div class=\"kksr-star\" style=\"padding-right: 5px\">\n            \n\n<div class=\"kksr-icon\" style=\"width: 22px; height: 22px;\"><\/div>\n        <\/div>\n            <div class=\"kksr-star\" style=\"padding-right: 5px\">\n            \n\n<div class=\"kksr-icon\" style=\"width: 22px; height: 22px;\"><\/div>\n        <\/div>\n            <div class=\"kksr-star\" style=\"padding-right: 5px\">\n            \n\n<div class=\"kksr-icon\" style=\"width: 22px; height: 22px;\"><\/div>\n        <\/div>\n    <\/div>\n<\/div>\n                \n\n<div class=\"kksr-legend\" style=\"font-size: 17.6px;\">\n            <span class=\"kksr-muted\">Valora este post<\/span>\n    <\/div>\n    <\/div>\n","protected":false},"excerpt":{"rendered":"<p>Descubrimiento Tr\u00e1gico en Vallecas En un suceso lamentable, el cuerpo de un hombre fue encontrado por los bomberos entre los restos de un edificio que sufri\u00f3 &#8230; <a title=\"\u00a1Impactante hallazgo en Vallecas! Hombre encontrado muerto bajo escombros tras explosi\u00f3n en bar\" class=\"read-more\" href=\"https:\/\/www.diario21.tv\/noticias\/impactante-hallazgo-en-vallecas-hombre-encontrado-muerto-bajo-escombros-tras-explosion-en-bar\/\" aria-label=\"Leer m\u00e1s sobre \u00a1Impactante hallazgo en Vallecas! Hombre encontrado muerto bajo escombros tras explosi\u00f3n en bar\">Seguir leyendo &rarr;<\/a><\/p>\n","protected":false},"author":20,"featured_media":4532,"comment_status":"open","ping_status":"open","sticky":false,"template":"","format":"standard","meta":{"footnotes":""},"categories":[13],"tags":[],"class_list":["post-4531","post","type-post","status-publish","format-standard","has-post-thumbnail","hentry","category-portada"],"yoast_head":"<!-- This site is optimized with the Yoast SEO plugin v25.6 - https:\/\/yoast.com\/wordpress\/plugins\/seo\/ -->\n<title>\u00a1Impactante hallazgo en Vallecas! Hombre encontrado muerto bajo escombros tras explosi\u00f3n en bar - Diario 21<\/title>\n<meta name=\"robots\" content=\"index, follow, max-snippet:-1, max-image-preview:large, max-video-preview:-1\" \/>\n<link rel=\"canonical\" href=\"https:\/\/www.diario21.tv\/noticias\/impactante-hallazgo-en-vallecas-hombre-encontrado-muerto-bajo-escombros-tras-explosion-en-bar\/\" \/>\n<meta property=\"og:locale\" content=\"es_ES\" \/>\n<meta property=\"og:type\" content=\"article\" \/>\n<meta property=\"og:title\" content=\"\u00a1Impactante hallazgo en Vallecas! Hombre encontrado muerto bajo escombros tras explosi\u00f3n en bar - Diario 21\" \/>\n<meta property=\"og:description\" content=\"Descubrimiento Tr\u00e1gico en Vallecas En un suceso lamentable, el cuerpo de un hombre fue encontrado por los bomberos entre los restos de un edificio que sufri\u00f3 ... Seguir leyendo &rarr;\" \/>\n<meta property=\"og:url\" content=\"https:\/\/www.diario21.tv\/noticias\/impactante-hallazgo-en-vallecas-hombre-encontrado-muerto-bajo-escombros-tras-explosion-en-bar\/\" \/>\n<meta property=\"og:site_name\" content=\"Diario 21\" \/>\n<meta property=\"article:published_time\" content=\"2025-09-16T21:58:03+00:00\" \/>\n<meta property=\"article:modified_time\" content=\"2025-09-16T21:58:05+00:00\" \/>\n<meta property=\"og:image\" content=\"https:\/\/www.diario21.tv\/noticias\/wp-content\/uploads\/2025\/09\/\u00a1Impactante-hallazgo-en-Vallecas-Hombre-encontrado-muerto-bajo-escombros-tras.jpg\" \/>\n\t<meta property=\"og:image:width\" content=\"1200\" \/>\n\t<meta property=\"og:image:height\" content=\"840\" \/>\n\t<meta property=\"og:image:type\" content=\"image\/jpeg\" \/>\n<meta name=\"author\" content=\"Juan P\u00e9rez\" \/>\n<meta name=\"twitter:card\" content=\"summary_large_image\" \/>\n<meta name=\"twitter:label1\" content=\"Escrito por\" \/>\n\t<meta name=\"twitter:data1\" content=\"Juan P\u00e9rez\" \/>\n\t<meta name=\"twitter:label2\" content=\"Tiempo de lectura\" \/>\n\t<meta name=\"twitter:data2\" content=\"2 minutos\" \/>\n<script type=\"application\/ld+json\" class=\"yoast-schema-graph\">{\"@context\":\"https:\/\/schema.org\",\"@graph\":[{\"@type\":\"WebPage\",\"@id\":\"https:\/\/www.diario21.tv\/noticias\/impactante-hallazgo-en-vallecas-hombre-encontrado-muerto-bajo-escombros-tras-explosion-en-bar\/\",\"url\":\"https:\/\/www.diario21.tv\/noticias\/impactante-hallazgo-en-vallecas-hombre-encontrado-muerto-bajo-escombros-tras-explosion-en-bar\/\",\"name\":\"\u00a1Impactante hallazgo en Vallecas! Hombre encontrado muerto bajo escombros tras explosi\u00f3n en bar - Diario 21\",\"isPartOf\":{\"@id\":\"https:\/\/www.diario21.tv\/noticias\/#website\"},\"primaryImageOfPage\":{\"@id\":\"https:\/\/www.diario21.tv\/noticias\/impactante-hallazgo-en-vallecas-hombre-encontrado-muerto-bajo-escombros-tras-explosion-en-bar\/#primaryimage\"},\"image\":{\"@id\":\"https:\/\/www.diario21.tv\/noticias\/impactante-hallazgo-en-vallecas-hombre-encontrado-muerto-bajo-escombros-tras-explosion-en-bar\/#primaryimage\"},\"thumbnailUrl\":\"https:\/\/www.diario21.tv\/noticias\/wp-content\/uploads\/2025\/09\/\u00a1Impactante-hallazgo-en-Vallecas-Hombre-encontrado-muerto-bajo-escombros-tras.jpg\",\"datePublished\":\"2025-09-16T21:58:03+00:00\",\"dateModified\":\"2025-09-16T21:58:05+00:00\",\"author\":{\"@id\":\"https:\/\/www.diario21.tv\/noticias\/#\/schema\/person\/dfb778f73814d8f09f302618446a526b\"},\"breadcrumb\":{\"@id\":\"https:\/\/www.diario21.tv\/noticias\/impactante-hallazgo-en-vallecas-hombre-encontrado-muerto-bajo-escombros-tras-explosion-en-bar\/#breadcrumb\"},\"inLanguage\":\"es-AR\",\"potentialAction\":[{\"@type\":\"ReadAction\",\"target\":[\"https:\/\/www.diario21.tv\/noticias\/impactante-hallazgo-en-vallecas-hombre-encontrado-muerto-bajo-escombros-tras-explosion-en-bar\/\"]}]},{\"@type\":\"ImageObject\",\"inLanguage\":\"es-AR\",\"@id\":\"https:\/\/www.diario21.tv\/noticias\/impactante-hallazgo-en-vallecas-hombre-encontrado-muerto-bajo-escombros-tras-explosion-en-bar\/#primaryimage\",\"url\":\"https:\/\/www.diario21.tv\/noticias\/wp-content\/uploads\/2025\/09\/\u00a1Impactante-hallazgo-en-Vallecas-Hombre-encontrado-muerto-bajo-escombros-tras.jpg\",\"contentUrl\":\"https:\/\/www.diario21.tv\/noticias\/wp-content\/uploads\/2025\/09\/\u00a1Impactante-hallazgo-en-Vallecas-Hombre-encontrado-muerto-bajo-escombros-tras.jpg\",\"width\":1200,\"height\":840,\"caption\":\"Los Bomberos hallan el cuerpo sin vida de un hombre bajo los escombros de la explosi\u00f3n en un bar en Vallecas\"},{\"@type\":\"BreadcrumbList\",\"@id\":\"https:\/\/www.diario21.tv\/noticias\/impactante-hallazgo-en-vallecas-hombre-encontrado-muerto-bajo-escombros-tras-explosion-en-bar\/#breadcrumb\",\"itemListElement\":[{\"@type\":\"ListItem\",\"position\":1,\"name\":\"Accueil\",\"item\":\"https:\/\/www.diario21.tv\/noticias\/\"},{\"@type\":\"ListItem\",\"position\":2,\"name\":\"\u00a1Impactante hallazgo en Vallecas! Hombre encontrado muerto bajo escombros tras explosi\u00f3n en bar\"}]},{\"@type\":\"WebSite\",\"@id\":\"https:\/\/www.diario21.tv\/noticias\/#website\",\"url\":\"https:\/\/www.diario21.tv\/noticias\/\",\"name\":\"Diario 21\",\"description\":\"\",\"potentialAction\":[{\"@type\":\"SearchAction\",\"target\":{\"@type\":\"EntryPoint\",\"urlTemplate\":\"https:\/\/www.diario21.tv\/noticias\/?s={search_term_string}\"},\"query-input\":{\"@type\":\"PropertyValueSpecification\",\"valueRequired\":true,\"valueName\":\"search_term_string\"}}],\"inLanguage\":\"es-AR\"},{\"@type\":\"Person\",\"@id\":\"https:\/\/www.diario21.tv\/noticias\/#\/schema\/person\/dfb778f73814d8f09f302618446a526b\",\"name\":\"Juan P\u00e9rez\",\"image\":{\"@type\":\"ImageObject\",\"inLanguage\":\"es-AR\",\"@id\":\"https:\/\/www.diario21.tv\/noticias\/#\/schema\/person\/image\/\",\"url\":\"https:\/\/secure.gravatar.com\/avatar\/c478a405bd10621167f4c3167cc770f5?s=96&d=mm&r=g\",\"contentUrl\":\"https:\/\/secure.gravatar.com\/avatar\/c478a405bd10621167f4c3167cc770f5?s=96&d=mm&r=g\",\"caption\":\"Juan P\u00e9rez\"},\"description\":\"Juan P\u00e9rez es el redactor en jefe de Diario 21. Con m\u00e1s de 10 a\u00f1os de experiencia en el periodismo, se especializa en pol\u00edtica nacional y an\u00e1lisis socioecon\u00f3mico. Su enfoque cr\u00edtico y riguroso aporta una perspectiva \u00fanica a cada art\u00edculo.\",\"sameAs\":[\"https:\/\/www.diario21.tv\/noticias\/\"],\"url\":\"https:\/\/www.diario21.tv\/noticias\/author\/juan-perez\/\"}]}<\/script>\n<!-- \/ Yoast SEO plugin. -->","yoast_head_json":{"title":"\u00a1Impactante hallazgo en Vallecas! Hombre encontrado muerto bajo escombros tras explosi\u00f3n en bar - Diario 21","robots":{"index":"index","follow":"follow","max-snippet":"max-snippet:-1","max-image-preview":"max-image-preview:large","max-video-preview":"max-video-preview:-1"},"canonical":"https:\/\/www.diario21.tv\/noticias\/impactante-hallazgo-en-vallecas-hombre-encontrado-muerto-bajo-escombros-tras-explosion-en-bar\/","og_locale":"es_ES","og_type":"article","og_title":"\u00a1Impactante hallazgo en Vallecas! Hombre encontrado muerto bajo escombros tras explosi\u00f3n en bar - Diario 21","og_description":"Descubrimiento Tr\u00e1gico en Vallecas En un suceso lamentable, el cuerpo de un hombre fue encontrado por los bomberos entre los restos de un edificio que sufri\u00f3 ... Seguir leyendo &rarr;","og_url":"https:\/\/www.diario21.tv\/noticias\/impactante-hallazgo-en-vallecas-hombre-encontrado-muerto-bajo-escombros-tras-explosion-en-bar\/","og_site_name":"Diario 21","article_published_time":"2025-09-16T21:58:03+00:00","article_modified_time":"2025-09-16T21:58:05+00:00","og_image":[{"width":1200,"height":840,"url":"https:\/\/www.diario21.tv\/noticias\/wp-content\/uploads\/2025\/09\/\u00a1Impactante-hallazgo-en-Vallecas-Hombre-encontrado-muerto-bajo-escombros-tras.jpg","type":"image\/jpeg"}],"author":"Juan P\u00e9rez","twitter_card":"summary_large_image","twitter_misc":{"Escrito por":"Juan P\u00e9rez","Tiempo de lectura":"2 minutos"},"schema":{"@context":"https:\/\/schema.org","@graph":[{"@type":"WebPage","@id":"https:\/\/www.diario21.tv\/noticias\/impactante-hallazgo-en-vallecas-hombre-encontrado-muerto-bajo-escombros-tras-explosion-en-bar\/","url":"https:\/\/www.diario21.tv\/noticias\/impactante-hallazgo-en-vallecas-hombre-encontrado-muerto-bajo-escombros-tras-explosion-en-bar\/","name":"\u00a1Impactante hallazgo en Vallecas! Hombre encontrado muerto bajo escombros tras explosi\u00f3n en bar - Diario 21","isPartOf":{"@id":"https:\/\/www.diario21.tv\/noticias\/#website"},"primaryImageOfPage":{"@id":"https:\/\/www.diario21.tv\/noticias\/impactante-hallazgo-en-vallecas-hombre-encontrado-muerto-bajo-escombros-tras-explosion-en-bar\/#primaryimage"},"image":{"@id":"https:\/\/www.diario21.tv\/noticias\/impactante-hallazgo-en-vallecas-hombre-encontrado-muerto-bajo-escombros-tras-explosion-en-bar\/#primaryimage"},"thumbnailUrl":"https:\/\/www.diario21.tv\/noticias\/wp-content\/uploads\/2025\/09\/\u00a1Impactante-hallazgo-en-Vallecas-Hombre-encontrado-muerto-bajo-escombros-tras.jpg","datePublished":"2025-09-16T21:58:03+00:00","dateModified":"2025-09-16T21:58:05+00:00","author":{"@id":"https:\/\/www.diario21.tv\/noticias\/#\/schema\/person\/dfb778f73814d8f09f302618446a526b"},"breadcrumb":{"@id":"https:\/\/www.diario21.tv\/noticias\/impactante-hallazgo-en-vallecas-hombre-encontrado-muerto-bajo-escombros-tras-explosion-en-bar\/#breadcrumb"},"inLanguage":"es-AR","potentialAction":[{"@type":"ReadAction","target":["https:\/\/www.diario21.tv\/noticias\/impactante-hallazgo-en-vallecas-hombre-encontrado-muerto-bajo-escombros-tras-explosion-en-bar\/"]}]},{"@type":"ImageObject","inLanguage":"es-AR","@id":"https:\/\/www.diario21.tv\/noticias\/impactante-hallazgo-en-vallecas-hombre-encontrado-muerto-bajo-escombros-tras-explosion-en-bar\/#primaryimage","url":"https:\/\/www.diario21.tv\/noticias\/wp-content\/uploads\/2025\/09\/\u00a1Impactante-hallazgo-en-Vallecas-Hombre-encontrado-muerto-bajo-escombros-tras.jpg","contentUrl":"https:\/\/www.diario21.tv\/noticias\/wp-content\/uploads\/2025\/09\/\u00a1Impactante-hallazgo-en-Vallecas-Hombre-encontrado-muerto-bajo-escombros-tras.jpg","width":1200,"height":840,"caption":"Los Bomberos hallan el cuerpo sin vida de un hombre bajo los escombros de la explosi\u00f3n en un bar en Vallecas"},{"@type":"BreadcrumbList","@id":"https:\/\/www.diario21.tv\/noticias\/impactante-hallazgo-en-vallecas-hombre-encontrado-muerto-bajo-escombros-tras-explosion-en-bar\/#breadcrumb","itemListElement":[{"@type":"ListItem","position":1,"name":"Accueil","item":"https:\/\/www.diario21.tv\/noticias\/"},{"@type":"ListItem","position":2,"name":"\u00a1Impactante hallazgo en Vallecas! Hombre encontrado muerto bajo escombros tras explosi\u00f3n en bar"}]},{"@type":"WebSite","@id":"https:\/\/www.diario21.tv\/noticias\/#website","url":"https:\/\/www.diario21.tv\/noticias\/","name":"Diario 21","description":"","potentialAction":[{"@type":"SearchAction","target":{"@type":"EntryPoint","urlTemplate":"https:\/\/www.diario21.tv\/noticias\/?s={search_term_string}"},"query-input":{"@type":"PropertyValueSpecification","valueRequired":true,"valueName":"search_term_string"}}],"inLanguage":"es-AR"},{"@type":"Person","@id":"https:\/\/www.diario21.tv\/noticias\/#\/schema\/person\/dfb778f73814d8f09f302618446a526b","name":"Juan P\u00e9rez","image":{"@type":"ImageObject","inLanguage":"es-AR","@id":"https:\/\/www.diario21.tv\/noticias\/#\/schema\/person\/image\/","url":"https:\/\/secure.gravatar.com\/avatar\/c478a405bd10621167f4c3167cc770f5?s=96&d=mm&r=g","contentUrl":"https:\/\/secure.gravatar.com\/avatar\/c478a405bd10621167f4c3167cc770f5?s=96&d=mm&r=g","caption":"Juan P\u00e9rez"},"description":"Juan P\u00e9rez es el redactor en jefe de Diario 21. Con m\u00e1s de 10 a\u00f1os de experiencia en el periodismo, se especializa en pol\u00edtica nacional y an\u00e1lisis socioecon\u00f3mico. Su enfoque cr\u00edtico y riguroso aporta una perspectiva \u00fanica a cada art\u00edculo.","sameAs":["https:\/\/www.diario21.tv\/noticias\/"],"url":"https:\/\/www.diario21.tv\/noticias\/author\/juan-perez\/"}]}},"_links":{"self":[{"href":"https:\/\/www.diario21.tv\/noticias\/wp-json\/wp\/v2\/posts\/4531"}],"collection":[{"href":"https:\/\/www.diario21.tv\/noticias\/wp-json\/wp\/v2\/posts"}],"about":[{"href":"https:\/\/www.diario21.tv\/noticias\/wp-json\/wp\/v2\/types\/post"}],"author":[{"embeddable":true,"href":"https:\/\/www.diario21.tv\/noticias\/wp-json\/wp\/v2\/users\/20"}],"replies":[{"embeddable":true,"href":"https:\/\/www.diario21.tv\/noticias\/wp-json\/wp\/v2\/comments?post=4531"}],"version-history":[{"count":1,"href":"https:\/\/www.diario21.tv\/noticias\/wp-json\/wp\/v2\/posts\/4531\/revisions"}],"predecessor-version":[{"id":4533,"href":"https:\/\/www.diario21.tv\/noticias\/wp-json\/wp\/v2\/posts\/4531\/revisions\/4533"}],"wp:featuredmedia":[{"embeddable":true,"href":"https:\/\/www.diario21.tv\/noticias\/wp-json\/wp\/v2\/media\/4532"}],"wp:attachment":[{"href":"https:\/\/www.diario21.tv\/noticias\/wp-json\/wp\/v2\/media?parent=4531"}],"wp:term":[{"taxonomy":"category","embeddable":true,"href":"https:\/\/www.diario21.tv\/noticias\/wp-json\/wp\/v2\/categories?post=4531"},{"taxonomy":"post_tag","embeddable":true,"href":"https:\/\/www.diario21.tv\/noticias\/wp-json\/wp\/v2\/tags?post=4531"}],"curies":[{"name":"wp","href":"https:\/\/api.w.org\/{rel}","templated":true}]}}