{"id":4516,"date":"2025-09-15T15:50:26","date_gmt":"2025-09-15T15:50:26","guid":{"rendered":"https:\/\/www.diario21.tv\/noticias\/concierto-pop-internacional-revoluciona-la-plaza-de-san-pedro-del-vaticano-por-un-dia\/"},"modified":"2025-09-15T15:50:28","modified_gmt":"2025-09-15T15:50:28","slug":"concierto-pop-internacional-revoluciona-la-plaza-de-san-pedro-del-vaticano-por-un-dia","status":"publish","type":"post","link":"https:\/\/www.diario21.tv\/noticias\/concierto-pop-internacional-revoluciona-la-plaza-de-san-pedro-del-vaticano-por-un-dia\/","title":{"rendered":"Concierto pop internacional revoluciona la Plaza de San Pedro del Vaticano por un d\u00eda"},"content":{"rendered":"<h2>La emblem\u00e1tica Plaza de San Pedro se transforma para un concierto pop internacional<\/h2>\n<p>El coraz\u00f3n del Vaticano, conocido mundialmente por su significado religioso y arquitect\u00f3nico, la Plaza de San Pedro, se convirti\u00f3 recientemente en el escenario de un evento inusual para su historia milenaria. Por primera vez, este ic\u00f3nico espacio acogi\u00f3 un concierto de pop de envergadura internacional, atrayendo a miles de espectadores de todo el mundo y marcando un momento hist\u00f3rico en su larga lista de acontecimientos memorables.<\/p>\n<h3>Una noche bajo las estrellas en el Vaticano<\/h3>\n<p>El evento, titulado &#8220;Estrellas bajo las estrellas&#8221;, no solo destac\u00f3 por su ubicaci\u00f3n \u00fanica sino tambi\u00e9n por la participaci\u00f3n de algunas de las figuras m\u00e1s destacadas del g\u00e9nero pop. La plaza, rodeada por la majestuosa Bas\u00edlica de San Pedro y el impresionante colosal de columnas de Bernini, se llen\u00f3 de m\u00fasica, luces y la energ\u00eda vibrante t\u00edpica de los grandes conciertos.<\/p>\n<h3>Un escenario sin precedentes<\/h3>\n<p>La elecci\u00f3n de la Plaza de San Pedro como lugar para este concierto no fue casualidad. Los organizadores quisieron enviar un mensaje de unidad y esperanza, conectando a gente de diversas partes del mundo a trav\u00e9s del lenguaje universal de la m\u00fasica. Adem\u00e1s, el evento sirvi\u00f3 para mostrar una faceta m\u00e1s contempor\u00e1nea y accesible de la Ciudad del Vaticano, en un esfuerzo por acercar sus valores y riqueza cultural a un p\u00fablico m\u00e1s amplio y diverso.<\/p>\n<h3>Reacciones y recepci\u00f3n<\/h3>\n<p>La respuesta del p\u00fablico y de los cr\u00edticos fue abrumadoramente positiva. Muchos asistentes expresaron su emoci\u00f3n y asombro por la oportunidad de vivir un espect\u00e1culo de tal magnitud en un entorno tan cargado de historia y significado espiritual. La cr\u00edtica tambi\u00e9n aplaudi\u00f3 la ejecuci\u00f3n del evento, destacando tanto la calidad de las actuaciones como la impresionante log\u00edstica detr\u00e1s de la organizaci\u00f3n de un concierto en un lugar tan emblem\u00e1tico y restringido.<\/p>\n<h3>Impacto cultural y futuro<\/h3>\n<p>Este concierto no solo dej\u00f3 una marca indeleble en la historia de la Plaza de San Pedro, sino que tambi\u00e9n podr\u00eda abrir las puertas a futuros eventos de similar naturaleza. El \u00e9xito de &#8220;Estrellas bajo las estrellas&#8221; ha demostrado que es posible combinar tradici\u00f3n y modernidad, y que el Vaticano puede ser un escenario perfecto para celebrar la diversidad y la creatividad humana. Los organizadores y l\u00edderes de la ciudad esperan que este sea el primero de muchos eventos que inviten a la reflexi\u00f3n y la celebraci\u00f3n en este sagrado espacio.<\/p>\n\n\n<div class=\"kk-star-ratings kksr-auto kksr-align-left kksr-valign-bottom\"\n    data-payload='{&quot;align&quot;:&quot;left&quot;,&quot;id&quot;:&quot;4516&quot;,&quot;slug&quot;:&quot;default&quot;,&quot;valign&quot;:&quot;bottom&quot;,&quot;ignore&quot;:&quot;&quot;,&quot;reference&quot;:&quot;auto&quot;,&quot;class&quot;:&quot;&quot;,&quot;count&quot;:&quot;0&quot;,&quot;legendonly&quot;:&quot;&quot;,&quot;readonly&quot;:&quot;&quot;,&quot;score&quot;:&quot;0&quot;,&quot;starsonly&quot;:&quot;&quot;,&quot;best&quot;:&quot;5&quot;,&quot;gap&quot;:&quot;5&quot;,&quot;greet&quot;:&quot;Valora este post&quot;,&quot;legend&quot;:&quot;0\\\/5 - (0 votes)&quot;,&quot;size&quot;:&quot;22&quot;,&quot;title&quot;:&quot;Concierto pop internacional revoluciona la Plaza de San Pedro del Vaticano por un d\u00eda&quot;,&quot;width&quot;:&quot;0&quot;,&quot;_legend&quot;:&quot;{score}\\\/{best} - ({count} {votes})&quot;,&quot;font_factor&quot;:&quot;1.25&quot;}'>\n            \n<div class=\"kksr-stars\">\n    \n<div class=\"kksr-stars-inactive\">\n            <div class=\"kksr-star\" data-star=\"1\" style=\"padding-right: 5px\">\n            \n\n<div class=\"kksr-icon\" style=\"width: 22px; height: 22px;\"><\/div>\n        <\/div>\n            <div class=\"kksr-star\" data-star=\"2\" style=\"padding-right: 5px\">\n            \n\n<div class=\"kksr-icon\" style=\"width: 22px; height: 22px;\"><\/div>\n        <\/div>\n            <div class=\"kksr-star\" data-star=\"3\" style=\"padding-right: 5px\">\n            \n\n<div class=\"kksr-icon\" style=\"width: 22px; height: 22px;\"><\/div>\n        <\/div>\n            <div class=\"kksr-star\" data-star=\"4\" style=\"padding-right: 5px\">\n            \n\n<div class=\"kksr-icon\" style=\"width: 22px; height: 22px;\"><\/div>\n        <\/div>\n            <div class=\"kksr-star\" data-star=\"5\" style=\"padding-right: 5px\">\n            \n\n<div class=\"kksr-icon\" style=\"width: 22px; height: 22px;\"><\/div>\n        <\/div>\n    <\/div>\n    \n<div class=\"kksr-stars-active\" style=\"width: 0px;\">\n            <div class=\"kksr-star\" style=\"padding-right: 5px\">\n            \n\n<div class=\"kksr-icon\" style=\"width: 22px; height: 22px;\"><\/div>\n        <\/div>\n            <div class=\"kksr-star\" style=\"padding-right: 5px\">\n            \n\n<div class=\"kksr-icon\" style=\"width: 22px; height: 22px;\"><\/div>\n        <\/div>\n            <div class=\"kksr-star\" style=\"padding-right: 5px\">\n            \n\n<div class=\"kksr-icon\" style=\"width: 22px; height: 22px;\"><\/div>\n        <\/div>\n            <div class=\"kksr-star\" style=\"padding-right: 5px\">\n            \n\n<div class=\"kksr-icon\" style=\"width: 22px; height: 22px;\"><\/div>\n        <\/div>\n            <div class=\"kksr-star\" style=\"padding-right: 5px\">\n            \n\n<div class=\"kksr-icon\" style=\"width: 22px; height: 22px;\"><\/div>\n        <\/div>\n    <\/div>\n<\/div>\n                \n\n<div class=\"kksr-legend\" style=\"font-size: 17.6px;\">\n            <span class=\"kksr-muted\">Valora este post<\/span>\n    <\/div>\n    <\/div>\n","protected":false},"excerpt":{"rendered":"<p>La emblem\u00e1tica Plaza de San Pedro se transforma para un concierto pop internacional El coraz\u00f3n del Vaticano, conocido mundialmente por su significado religioso y arquitect\u00f3nico, la &#8230; <a title=\"Concierto pop internacional revoluciona la Plaza de San Pedro del Vaticano por un d\u00eda\" class=\"read-more\" href=\"https:\/\/www.diario21.tv\/noticias\/concierto-pop-internacional-revoluciona-la-plaza-de-san-pedro-del-vaticano-por-un-dia\/\" aria-label=\"Leer m\u00e1s sobre Concierto pop internacional revoluciona la Plaza de San Pedro del Vaticano por un d\u00eda\">Seguir leyendo &rarr;<\/a><\/p>\n","protected":false},"author":20,"featured_media":4517,"comment_status":"open","ping_status":"open","sticky":false,"template":"","format":"standard","meta":{"footnotes":""},"categories":[13],"tags":[],"class_list":["post-4516","post","type-post","status-publish","format-standard","has-post-thumbnail","hentry","category-portada"],"yoast_head":"<!-- This site is optimized with the Yoast SEO plugin v25.6 - https:\/\/yoast.com\/wordpress\/plugins\/seo\/ -->\n<title>Concierto pop internacional revoluciona la Plaza de San Pedro del Vaticano por un d\u00eda - Diario 21<\/title>\n<meta name=\"robots\" content=\"index, follow, max-snippet:-1, max-image-preview:large, max-video-preview:-1\" \/>\n<link rel=\"canonical\" href=\"https:\/\/www.diario21.tv\/noticias\/concierto-pop-internacional-revoluciona-la-plaza-de-san-pedro-del-vaticano-por-un-dia\/\" \/>\n<meta property=\"og:locale\" content=\"es_ES\" \/>\n<meta property=\"og:type\" content=\"article\" \/>\n<meta property=\"og:title\" content=\"Concierto pop internacional revoluciona la Plaza de San Pedro del Vaticano por un d\u00eda - Diario 21\" \/>\n<meta property=\"og:description\" content=\"La emblem\u00e1tica Plaza de San Pedro se transforma para un concierto pop internacional El coraz\u00f3n del Vaticano, conocido mundialmente por su significado religioso y arquitect\u00f3nico, la ... Seguir leyendo &rarr;\" \/>\n<meta property=\"og:url\" content=\"https:\/\/www.diario21.tv\/noticias\/concierto-pop-internacional-revoluciona-la-plaza-de-san-pedro-del-vaticano-por-un-dia\/\" \/>\n<meta property=\"og:site_name\" content=\"Diario 21\" \/>\n<meta property=\"article:published_time\" content=\"2025-09-15T15:50:26+00:00\" \/>\n<meta property=\"article:modified_time\" content=\"2025-09-15T15:50:28+00:00\" \/>\n<meta property=\"og:image\" content=\"https:\/\/www.diario21.tv\/noticias\/wp-content\/uploads\/2025\/09\/Concierto-pop-internacional-revoluciona-la-Plaza-de-San-Pedro-del.jpg\" \/>\n\t<meta property=\"og:image:width\" content=\"1200\" \/>\n\t<meta property=\"og:image:height\" content=\"840\" \/>\n\t<meta property=\"og:image:type\" content=\"image\/jpeg\" \/>\n<meta name=\"author\" content=\"Juan P\u00e9rez\" \/>\n<meta name=\"twitter:card\" content=\"summary_large_image\" \/>\n<meta name=\"twitter:label1\" content=\"Escrito por\" \/>\n\t<meta name=\"twitter:data1\" content=\"Juan P\u00e9rez\" \/>\n\t<meta name=\"twitter:label2\" content=\"Tiempo de lectura\" \/>\n\t<meta name=\"twitter:data2\" content=\"2 minutos\" \/>\n<script type=\"application\/ld+json\" class=\"yoast-schema-graph\">{\"@context\":\"https:\/\/schema.org\",\"@graph\":[{\"@type\":\"WebPage\",\"@id\":\"https:\/\/www.diario21.tv\/noticias\/concierto-pop-internacional-revoluciona-la-plaza-de-san-pedro-del-vaticano-por-un-dia\/\",\"url\":\"https:\/\/www.diario21.tv\/noticias\/concierto-pop-internacional-revoluciona-la-plaza-de-san-pedro-del-vaticano-por-un-dia\/\",\"name\":\"Concierto pop internacional revoluciona la Plaza de San Pedro del Vaticano por un d\u00eda - Diario 21\",\"isPartOf\":{\"@id\":\"https:\/\/www.diario21.tv\/noticias\/#website\"},\"primaryImageOfPage\":{\"@id\":\"https:\/\/www.diario21.tv\/noticias\/concierto-pop-internacional-revoluciona-la-plaza-de-san-pedro-del-vaticano-por-un-dia\/#primaryimage\"},\"image\":{\"@id\":\"https:\/\/www.diario21.tv\/noticias\/concierto-pop-internacional-revoluciona-la-plaza-de-san-pedro-del-vaticano-por-un-dia\/#primaryimage\"},\"thumbnailUrl\":\"https:\/\/www.diario21.tv\/noticias\/wp-content\/uploads\/2025\/09\/Concierto-pop-internacional-revoluciona-la-Plaza-de-San-Pedro-del.jpg\",\"datePublished\":\"2025-09-15T15:50:26+00:00\",\"dateModified\":\"2025-09-15T15:50:28+00:00\",\"author\":{\"@id\":\"https:\/\/www.diario21.tv\/noticias\/#\/schema\/person\/dfb778f73814d8f09f302618446a526b\"},\"breadcrumb\":{\"@id\":\"https:\/\/www.diario21.tv\/noticias\/concierto-pop-internacional-revoluciona-la-plaza-de-san-pedro-del-vaticano-por-un-dia\/#breadcrumb\"},\"inLanguage\":\"es-AR\",\"potentialAction\":[{\"@type\":\"ReadAction\",\"target\":[\"https:\/\/www.diario21.tv\/noticias\/concierto-pop-internacional-revoluciona-la-plaza-de-san-pedro-del-vaticano-por-un-dia\/\"]}]},{\"@type\":\"ImageObject\",\"inLanguage\":\"es-AR\",\"@id\":\"https:\/\/www.diario21.tv\/noticias\/concierto-pop-internacional-revoluciona-la-plaza-de-san-pedro-del-vaticano-por-un-dia\/#primaryimage\",\"url\":\"https:\/\/www.diario21.tv\/noticias\/wp-content\/uploads\/2025\/09\/Concierto-pop-internacional-revoluciona-la-Plaza-de-San-Pedro-del.jpg\",\"contentUrl\":\"https:\/\/www.diario21.tv\/noticias\/wp-content\/uploads\/2025\/09\/Concierto-pop-internacional-revoluciona-la-Plaza-de-San-Pedro-del.jpg\",\"width\":1200,\"height\":840,\"caption\":\"La plaza de San Pedro del Vaticano, escenario por un d\u00eda de un concierto pop de talla internacional\"},{\"@type\":\"BreadcrumbList\",\"@id\":\"https:\/\/www.diario21.tv\/noticias\/concierto-pop-internacional-revoluciona-la-plaza-de-san-pedro-del-vaticano-por-un-dia\/#breadcrumb\",\"itemListElement\":[{\"@type\":\"ListItem\",\"position\":1,\"name\":\"Accueil\",\"item\":\"https:\/\/www.diario21.tv\/noticias\/\"},{\"@type\":\"ListItem\",\"position\":2,\"name\":\"Concierto pop internacional revoluciona la Plaza de San Pedro del Vaticano por un d\u00eda\"}]},{\"@type\":\"WebSite\",\"@id\":\"https:\/\/www.diario21.tv\/noticias\/#website\",\"url\":\"https:\/\/www.diario21.tv\/noticias\/\",\"name\":\"Diario 21\",\"description\":\"\",\"potentialAction\":[{\"@type\":\"SearchAction\",\"target\":{\"@type\":\"EntryPoint\",\"urlTemplate\":\"https:\/\/www.diario21.tv\/noticias\/?s={search_term_string}\"},\"query-input\":{\"@type\":\"PropertyValueSpecification\",\"valueRequired\":true,\"valueName\":\"search_term_string\"}}],\"inLanguage\":\"es-AR\"},{\"@type\":\"Person\",\"@id\":\"https:\/\/www.diario21.tv\/noticias\/#\/schema\/person\/dfb778f73814d8f09f302618446a526b\",\"name\":\"Juan P\u00e9rez\",\"image\":{\"@type\":\"ImageObject\",\"inLanguage\":\"es-AR\",\"@id\":\"https:\/\/www.diario21.tv\/noticias\/#\/schema\/person\/image\/\",\"url\":\"https:\/\/secure.gravatar.com\/avatar\/c478a405bd10621167f4c3167cc770f5?s=96&d=mm&r=g\",\"contentUrl\":\"https:\/\/secure.gravatar.com\/avatar\/c478a405bd10621167f4c3167cc770f5?s=96&d=mm&r=g\",\"caption\":\"Juan P\u00e9rez\"},\"description\":\"Juan P\u00e9rez es el redactor en jefe de Diario 21. Con m\u00e1s de 10 a\u00f1os de experiencia en el periodismo, se especializa en pol\u00edtica nacional y an\u00e1lisis socioecon\u00f3mico. Su enfoque cr\u00edtico y riguroso aporta una perspectiva \u00fanica a cada art\u00edculo.\",\"sameAs\":[\"https:\/\/www.diario21.tv\/noticias\/\"],\"url\":\"https:\/\/www.diario21.tv\/noticias\/author\/juan-perez\/\"}]}<\/script>\n<!-- \/ Yoast SEO plugin. -->","yoast_head_json":{"title":"Concierto pop internacional revoluciona la Plaza de San Pedro del Vaticano por un d\u00eda - Diario 21","robots":{"index":"index","follow":"follow","max-snippet":"max-snippet:-1","max-image-preview":"max-image-preview:large","max-video-preview":"max-video-preview:-1"},"canonical":"https:\/\/www.diario21.tv\/noticias\/concierto-pop-internacional-revoluciona-la-plaza-de-san-pedro-del-vaticano-por-un-dia\/","og_locale":"es_ES","og_type":"article","og_title":"Concierto pop internacional revoluciona la Plaza de San Pedro del Vaticano por un d\u00eda - Diario 21","og_description":"La emblem\u00e1tica Plaza de San Pedro se transforma para un concierto pop internacional El coraz\u00f3n del Vaticano, conocido mundialmente por su significado religioso y arquitect\u00f3nico, la ... Seguir leyendo &rarr;","og_url":"https:\/\/www.diario21.tv\/noticias\/concierto-pop-internacional-revoluciona-la-plaza-de-san-pedro-del-vaticano-por-un-dia\/","og_site_name":"Diario 21","article_published_time":"2025-09-15T15:50:26+00:00","article_modified_time":"2025-09-15T15:50:28+00:00","og_image":[{"width":1200,"height":840,"url":"https:\/\/www.diario21.tv\/noticias\/wp-content\/uploads\/2025\/09\/Concierto-pop-internacional-revoluciona-la-Plaza-de-San-Pedro-del.jpg","type":"image\/jpeg"}],"author":"Juan P\u00e9rez","twitter_card":"summary_large_image","twitter_misc":{"Escrito por":"Juan P\u00e9rez","Tiempo de lectura":"2 minutos"},"schema":{"@context":"https:\/\/schema.org","@graph":[{"@type":"WebPage","@id":"https:\/\/www.diario21.tv\/noticias\/concierto-pop-internacional-revoluciona-la-plaza-de-san-pedro-del-vaticano-por-un-dia\/","url":"https:\/\/www.diario21.tv\/noticias\/concierto-pop-internacional-revoluciona-la-plaza-de-san-pedro-del-vaticano-por-un-dia\/","name":"Concierto pop internacional revoluciona la Plaza de San Pedro del Vaticano por un d\u00eda - Diario 21","isPartOf":{"@id":"https:\/\/www.diario21.tv\/noticias\/#website"},"primaryImageOfPage":{"@id":"https:\/\/www.diario21.tv\/noticias\/concierto-pop-internacional-revoluciona-la-plaza-de-san-pedro-del-vaticano-por-un-dia\/#primaryimage"},"image":{"@id":"https:\/\/www.diario21.tv\/noticias\/concierto-pop-internacional-revoluciona-la-plaza-de-san-pedro-del-vaticano-por-un-dia\/#primaryimage"},"thumbnailUrl":"https:\/\/www.diario21.tv\/noticias\/wp-content\/uploads\/2025\/09\/Concierto-pop-internacional-revoluciona-la-Plaza-de-San-Pedro-del.jpg","datePublished":"2025-09-15T15:50:26+00:00","dateModified":"2025-09-15T15:50:28+00:00","author":{"@id":"https:\/\/www.diario21.tv\/noticias\/#\/schema\/person\/dfb778f73814d8f09f302618446a526b"},"breadcrumb":{"@id":"https:\/\/www.diario21.tv\/noticias\/concierto-pop-internacional-revoluciona-la-plaza-de-san-pedro-del-vaticano-por-un-dia\/#breadcrumb"},"inLanguage":"es-AR","potentialAction":[{"@type":"ReadAction","target":["https:\/\/www.diario21.tv\/noticias\/concierto-pop-internacional-revoluciona-la-plaza-de-san-pedro-del-vaticano-por-un-dia\/"]}]},{"@type":"ImageObject","inLanguage":"es-AR","@id":"https:\/\/www.diario21.tv\/noticias\/concierto-pop-internacional-revoluciona-la-plaza-de-san-pedro-del-vaticano-por-un-dia\/#primaryimage","url":"https:\/\/www.diario21.tv\/noticias\/wp-content\/uploads\/2025\/09\/Concierto-pop-internacional-revoluciona-la-Plaza-de-San-Pedro-del.jpg","contentUrl":"https:\/\/www.diario21.tv\/noticias\/wp-content\/uploads\/2025\/09\/Concierto-pop-internacional-revoluciona-la-Plaza-de-San-Pedro-del.jpg","width":1200,"height":840,"caption":"La plaza de San Pedro del Vaticano, escenario por un d\u00eda de un concierto pop de talla internacional"},{"@type":"BreadcrumbList","@id":"https:\/\/www.diario21.tv\/noticias\/concierto-pop-internacional-revoluciona-la-plaza-de-san-pedro-del-vaticano-por-un-dia\/#breadcrumb","itemListElement":[{"@type":"ListItem","position":1,"name":"Accueil","item":"https:\/\/www.diario21.tv\/noticias\/"},{"@type":"ListItem","position":2,"name":"Concierto pop internacional revoluciona la Plaza de San Pedro del Vaticano por un d\u00eda"}]},{"@type":"WebSite","@id":"https:\/\/www.diario21.tv\/noticias\/#website","url":"https:\/\/www.diario21.tv\/noticias\/","name":"Diario 21","description":"","potentialAction":[{"@type":"SearchAction","target":{"@type":"EntryPoint","urlTemplate":"https:\/\/www.diario21.tv\/noticias\/?s={search_term_string}"},"query-input":{"@type":"PropertyValueSpecification","valueRequired":true,"valueName":"search_term_string"}}],"inLanguage":"es-AR"},{"@type":"Person","@id":"https:\/\/www.diario21.tv\/noticias\/#\/schema\/person\/dfb778f73814d8f09f302618446a526b","name":"Juan P\u00e9rez","image":{"@type":"ImageObject","inLanguage":"es-AR","@id":"https:\/\/www.diario21.tv\/noticias\/#\/schema\/person\/image\/","url":"https:\/\/secure.gravatar.com\/avatar\/c478a405bd10621167f4c3167cc770f5?s=96&d=mm&r=g","contentUrl":"https:\/\/secure.gravatar.com\/avatar\/c478a405bd10621167f4c3167cc770f5?s=96&d=mm&r=g","caption":"Juan P\u00e9rez"},"description":"Juan P\u00e9rez es el redactor en jefe de Diario 21. Con m\u00e1s de 10 a\u00f1os de experiencia en el periodismo, se especializa en pol\u00edtica nacional y an\u00e1lisis socioecon\u00f3mico. Su enfoque cr\u00edtico y riguroso aporta una perspectiva \u00fanica a cada art\u00edculo.","sameAs":["https:\/\/www.diario21.tv\/noticias\/"],"url":"https:\/\/www.diario21.tv\/noticias\/author\/juan-perez\/"}]}},"_links":{"self":[{"href":"https:\/\/www.diario21.tv\/noticias\/wp-json\/wp\/v2\/posts\/4516"}],"collection":[{"href":"https:\/\/www.diario21.tv\/noticias\/wp-json\/wp\/v2\/posts"}],"about":[{"href":"https:\/\/www.diario21.tv\/noticias\/wp-json\/wp\/v2\/types\/post"}],"author":[{"embeddable":true,"href":"https:\/\/www.diario21.tv\/noticias\/wp-json\/wp\/v2\/users\/20"}],"replies":[{"embeddable":true,"href":"https:\/\/www.diario21.tv\/noticias\/wp-json\/wp\/v2\/comments?post=4516"}],"version-history":[{"count":1,"href":"https:\/\/www.diario21.tv\/noticias\/wp-json\/wp\/v2\/posts\/4516\/revisions"}],"predecessor-version":[{"id":4518,"href":"https:\/\/www.diario21.tv\/noticias\/wp-json\/wp\/v2\/posts\/4516\/revisions\/4518"}],"wp:featuredmedia":[{"embeddable":true,"href":"https:\/\/www.diario21.tv\/noticias\/wp-json\/wp\/v2\/media\/4517"}],"wp:attachment":[{"href":"https:\/\/www.diario21.tv\/noticias\/wp-json\/wp\/v2\/media?parent=4516"}],"wp:term":[{"taxonomy":"category","embeddable":true,"href":"https:\/\/www.diario21.tv\/noticias\/wp-json\/wp\/v2\/categories?post=4516"},{"taxonomy":"post_tag","embeddable":true,"href":"https:\/\/www.diario21.tv\/noticias\/wp-json\/wp\/v2\/tags?post=4516"}],"curies":[{"name":"wp","href":"https:\/\/api.w.org\/{rel}","templated":true}]}}