{"id":4501,"date":"2025-09-14T03:35:38","date_gmt":"2025-09-14T03:35:38","guid":{"rendered":"https:\/\/www.diario21.tv\/noticias\/familias-de-suicidas-enfrentan-verguenza-y-aislamiento-descubre-por-que\/"},"modified":"2025-09-14T03:35:40","modified_gmt":"2025-09-14T03:35:40","slug":"familias-de-suicidas-enfrentan-verguenza-y-aislamiento-descubre-por-que","status":"publish","type":"post","link":"https:\/\/www.diario21.tv\/noticias\/familias-de-suicidas-enfrentan-verguenza-y-aislamiento-descubre-por-que\/","title":{"rendered":"Familias de suicidas enfrentan verg\u00fcenza y aislamiento: descubre por qu\u00e9"},"content":{"rendered":"<h2>El Estigma y Aislamiento en Familias de Personas que se Suicidan<\/h2>\n<p>En la sociedad actual, las familias que han perdido a un ser querido por suicidio frecuentemente enfrentan no solo su dolor, sino tambi\u00e9n un estigma persistente y un sentimiento de estar aislados. Este estigma puede manifestarse de diversas maneras, afectando profundamente a quienes ya est\u00e1n sufriendo por la p\u00e9rdida de un familiar.<\/p>\n<h3>El Impacto del Estigma Social<\/h3>\n<p>Cuando una persona se quita la vida, sus familiares cercanos a menudo experimentan una mezcla de emociones devastadoras, incluida la culpa, la confusi\u00f3n y la desesperaci\u00f3n. A esto se suma la percepci\u00f3n de que existe una verg\u00fcenza asociada con el suicidio. La sociedad, en ocasiones, puede mostrar una falta de comprensi\u00f3n hacia las circunstancias y los retos mentales que enfrentaba el ser querido, lo que lleva a juicios y una falta de empat\u00eda hacia la familia.<\/p>\n<p>Este estigma puede ser visible en las interacciones cotidianas, donde los miembros de la familia pueden sentir que otros los miran con l\u00e1stima o desaprobaci\u00f3n. En algunos casos, las personas pueden evitar hablar del tema o cambiar su comportamiento hacia la familia afectada, aumentando as\u00ed el sentimiento de aislamiento.<\/p>\n<h3>El Aislamiento y sus Efectos<\/h3>\n<p>El aislamiento que sienten las familias puede ser tanto emocional como social. Emocionalmente, los familiares pueden encontrar dif\u00edcil compartir sus sentimientos y experiencias, debido al miedo a ser juzgados o malentendidos. Socialmente, pueden enfrentar una retirada o distanciamiento de amigos y conocidos que no saben c\u00f3mo manejar la situaci\u00f3n o c\u00f3mo ofrecer apoyo.<\/p>\n<p>Este aislamiento puede tener efectos duraderos, complicando el proceso de duelo y la recuperaci\u00f3n emocional de la familia. Puede llevar a un ciclo de soledad y tristeza que es dif\u00edcil de romper, especialmente si no se busca o no se encuentra apoyo adecuado.<\/p>\n<h3>Abordando el Estigma y Fomentando la Comprensi\u00f3n<\/h3>\n<p>Es crucial que la sociedad en general trabaje para entender mejor el suicidio y abordar los prejuicios que lo rodean. La educaci\u00f3n y la conciencia sobre la salud mental son fundamentales para cambiar las percepciones y actitudes hacia aquellos que han sido afectados por el suicidio de un ser querido.<\/p>\n<p>Los esfuerzos para reducir el estigma no solo ayudar\u00edan a las familias en duelo, sino que tambi\u00e9n podr\u00edan prevenir el suicidio al fomentar un entorno m\u00e1s abierto y comprensivo donde las personas se sientan seguras para buscar ayuda en tiempos de crisis.<\/p>\n<h3>Conclusi\u00f3n<\/h3>\n<p>La verg\u00fcenza y el aislamiento que sienten muchas familias despu\u00e9s de un suicidio son problemas significativos que necesitan ser abordados con compasi\u00f3n y comprensi\u00f3n. Al educar a la sociedad y fomentar un di\u00e1logo abierto sobre la salud mental y el suicidio, podemos ayudar a aliviar el dolor de estas familias y construir una comunidad m\u00e1s solidaria y emp\u00e1tica.<\/p>\n\n\n<div class=\"kk-star-ratings kksr-auto kksr-align-left kksr-valign-bottom\"\n    data-payload='{&quot;align&quot;:&quot;left&quot;,&quot;id&quot;:&quot;4501&quot;,&quot;slug&quot;:&quot;default&quot;,&quot;valign&quot;:&quot;bottom&quot;,&quot;ignore&quot;:&quot;&quot;,&quot;reference&quot;:&quot;auto&quot;,&quot;class&quot;:&quot;&quot;,&quot;count&quot;:&quot;0&quot;,&quot;legendonly&quot;:&quot;&quot;,&quot;readonly&quot;:&quot;&quot;,&quot;score&quot;:&quot;0&quot;,&quot;starsonly&quot;:&quot;&quot;,&quot;best&quot;:&quot;5&quot;,&quot;gap&quot;:&quot;5&quot;,&quot;greet&quot;:&quot;Valora este post&quot;,&quot;legend&quot;:&quot;0\\\/5 - (0 votes)&quot;,&quot;size&quot;:&quot;22&quot;,&quot;title&quot;:&quot;Familias de suicidas enfrentan verg\u00fcenza y aislamiento: descubre por qu\u00e9&quot;,&quot;width&quot;:&quot;0&quot;,&quot;_legend&quot;:&quot;{score}\\\/{best} - ({count} {votes})&quot;,&quot;font_factor&quot;:&quot;1.25&quot;}'>\n            \n<div class=\"kksr-stars\">\n    \n<div class=\"kksr-stars-inactive\">\n            <div class=\"kksr-star\" data-star=\"1\" style=\"padding-right: 5px\">\n            \n\n<div class=\"kksr-icon\" style=\"width: 22px; height: 22px;\"><\/div>\n        <\/div>\n            <div class=\"kksr-star\" data-star=\"2\" style=\"padding-right: 5px\">\n            \n\n<div class=\"kksr-icon\" style=\"width: 22px; height: 22px;\"><\/div>\n        <\/div>\n            <div class=\"kksr-star\" data-star=\"3\" style=\"padding-right: 5px\">\n            \n\n<div class=\"kksr-icon\" style=\"width: 22px; height: 22px;\"><\/div>\n        <\/div>\n            <div class=\"kksr-star\" data-star=\"4\" style=\"padding-right: 5px\">\n            \n\n<div class=\"kksr-icon\" style=\"width: 22px; height: 22px;\"><\/div>\n        <\/div>\n            <div class=\"kksr-star\" data-star=\"5\" style=\"padding-right: 5px\">\n            \n\n<div class=\"kksr-icon\" style=\"width: 22px; height: 22px;\"><\/div>\n        <\/div>\n    <\/div>\n    \n<div class=\"kksr-stars-active\" style=\"width: 0px;\">\n            <div class=\"kksr-star\" style=\"padding-right: 5px\">\n            \n\n<div class=\"kksr-icon\" style=\"width: 22px; height: 22px;\"><\/div>\n        <\/div>\n            <div class=\"kksr-star\" style=\"padding-right: 5px\">\n            \n\n<div class=\"kksr-icon\" style=\"width: 22px; height: 22px;\"><\/div>\n        <\/div>\n            <div class=\"kksr-star\" style=\"padding-right: 5px\">\n            \n\n<div class=\"kksr-icon\" style=\"width: 22px; height: 22px;\"><\/div>\n        <\/div>\n            <div class=\"kksr-star\" style=\"padding-right: 5px\">\n            \n\n<div class=\"kksr-icon\" style=\"width: 22px; height: 22px;\"><\/div>\n        <\/div>\n            <div class=\"kksr-star\" style=\"padding-right: 5px\">\n            \n\n<div class=\"kksr-icon\" style=\"width: 22px; height: 22px;\"><\/div>\n        <\/div>\n    <\/div>\n<\/div>\n                \n\n<div class=\"kksr-legend\" style=\"font-size: 17.6px;\">\n            <span class=\"kksr-muted\">Valora este post<\/span>\n    <\/div>\n    <\/div>\n","protected":false},"excerpt":{"rendered":"<p>El Estigma y Aislamiento en Familias de Personas que se Suicidan En la sociedad actual, las familias que han perdido a un ser querido por suicidio &#8230; <a title=\"Familias de suicidas enfrentan verg\u00fcenza y aislamiento: descubre por qu\u00e9\" class=\"read-more\" href=\"https:\/\/www.diario21.tv\/noticias\/familias-de-suicidas-enfrentan-verguenza-y-aislamiento-descubre-por-que\/\" aria-label=\"Leer m\u00e1s sobre Familias de suicidas enfrentan verg\u00fcenza y aislamiento: descubre por qu\u00e9\">Seguir leyendo &rarr;<\/a><\/p>\n","protected":false},"author":20,"featured_media":4502,"comment_status":"open","ping_status":"open","sticky":false,"template":"","format":"standard","meta":{"footnotes":""},"categories":[13],"tags":[],"class_list":["post-4501","post","type-post","status-publish","format-standard","has-post-thumbnail","hentry","category-portada"],"yoast_head":"<!-- This site is optimized with the Yoast SEO plugin v25.6 - https:\/\/yoast.com\/wordpress\/plugins\/seo\/ -->\n<title>Familias de suicidas enfrentan verg\u00fcenza y aislamiento: descubre por qu\u00e9 - Diario 21<\/title>\n<meta name=\"robots\" content=\"index, follow, max-snippet:-1, max-image-preview:large, max-video-preview:-1\" \/>\n<link rel=\"canonical\" href=\"https:\/\/www.diario21.tv\/noticias\/familias-de-suicidas-enfrentan-verguenza-y-aislamiento-descubre-por-que\/\" \/>\n<meta property=\"og:locale\" content=\"es_ES\" \/>\n<meta property=\"og:type\" content=\"article\" \/>\n<meta property=\"og:title\" content=\"Familias de suicidas enfrentan verg\u00fcenza y aislamiento: descubre por qu\u00e9 - Diario 21\" \/>\n<meta property=\"og:description\" content=\"El Estigma y Aislamiento en Familias de Personas que se Suicidan En la sociedad actual, las familias que han perdido a un ser querido por suicidio ... Seguir leyendo &rarr;\" \/>\n<meta property=\"og:url\" content=\"https:\/\/www.diario21.tv\/noticias\/familias-de-suicidas-enfrentan-verguenza-y-aislamiento-descubre-por-que\/\" \/>\n<meta property=\"og:site_name\" content=\"Diario 21\" \/>\n<meta property=\"article:published_time\" content=\"2025-09-14T03:35:38+00:00\" \/>\n<meta property=\"article:modified_time\" content=\"2025-09-14T03:35:40+00:00\" \/>\n<meta property=\"og:image\" content=\"https:\/\/www.diario21.tv\/noticias\/wp-content\/uploads\/2025\/09\/Familias-de-suicidas-enfrentan-verguenza-y-aislamiento-descubre-por-que.jpg\" \/>\n\t<meta property=\"og:image:width\" content=\"1200\" \/>\n\t<meta property=\"og:image:height\" content=\"840\" \/>\n\t<meta property=\"og:image:type\" content=\"image\/jpeg\" \/>\n<meta name=\"author\" content=\"Juan P\u00e9rez\" \/>\n<meta name=\"twitter:card\" content=\"summary_large_image\" \/>\n<meta name=\"twitter:label1\" content=\"Escrito por\" \/>\n\t<meta name=\"twitter:data1\" content=\"Juan P\u00e9rez\" \/>\n\t<meta name=\"twitter:label2\" content=\"Tiempo de lectura\" \/>\n\t<meta name=\"twitter:data2\" content=\"2 minutos\" \/>\n<script type=\"application\/ld+json\" class=\"yoast-schema-graph\">{\"@context\":\"https:\/\/schema.org\",\"@graph\":[{\"@type\":\"WebPage\",\"@id\":\"https:\/\/www.diario21.tv\/noticias\/familias-de-suicidas-enfrentan-verguenza-y-aislamiento-descubre-por-que\/\",\"url\":\"https:\/\/www.diario21.tv\/noticias\/familias-de-suicidas-enfrentan-verguenza-y-aislamiento-descubre-por-que\/\",\"name\":\"Familias de suicidas enfrentan verg\u00fcenza y aislamiento: descubre por qu\u00e9 - Diario 21\",\"isPartOf\":{\"@id\":\"https:\/\/www.diario21.tv\/noticias\/#website\"},\"primaryImageOfPage\":{\"@id\":\"https:\/\/www.diario21.tv\/noticias\/familias-de-suicidas-enfrentan-verguenza-y-aislamiento-descubre-por-que\/#primaryimage\"},\"image\":{\"@id\":\"https:\/\/www.diario21.tv\/noticias\/familias-de-suicidas-enfrentan-verguenza-y-aislamiento-descubre-por-que\/#primaryimage\"},\"thumbnailUrl\":\"https:\/\/www.diario21.tv\/noticias\/wp-content\/uploads\/2025\/09\/Familias-de-suicidas-enfrentan-verguenza-y-aislamiento-descubre-por-que.jpg\",\"datePublished\":\"2025-09-14T03:35:38+00:00\",\"dateModified\":\"2025-09-14T03:35:40+00:00\",\"author\":{\"@id\":\"https:\/\/www.diario21.tv\/noticias\/#\/schema\/person\/dfb778f73814d8f09f302618446a526b\"},\"breadcrumb\":{\"@id\":\"https:\/\/www.diario21.tv\/noticias\/familias-de-suicidas-enfrentan-verguenza-y-aislamiento-descubre-por-que\/#breadcrumb\"},\"inLanguage\":\"es-AR\",\"potentialAction\":[{\"@type\":\"ReadAction\",\"target\":[\"https:\/\/www.diario21.tv\/noticias\/familias-de-suicidas-enfrentan-verguenza-y-aislamiento-descubre-por-que\/\"]}]},{\"@type\":\"ImageObject\",\"inLanguage\":\"es-AR\",\"@id\":\"https:\/\/www.diario21.tv\/noticias\/familias-de-suicidas-enfrentan-verguenza-y-aislamiento-descubre-por-que\/#primaryimage\",\"url\":\"https:\/\/www.diario21.tv\/noticias\/wp-content\/uploads\/2025\/09\/Familias-de-suicidas-enfrentan-verguenza-y-aislamiento-descubre-por-que.jpg\",\"contentUrl\":\"https:\/\/www.diario21.tv\/noticias\/wp-content\/uploads\/2025\/09\/Familias-de-suicidas-enfrentan-verguenza-y-aislamiento-descubre-por-que.jpg\",\"width\":1200,\"height\":840,\"caption\":\"El alcalde del pueblo con mayor tasa de suicidios de Espa\u00f1a: \u00abMuchas familias tienen este problema\u00bb\"},{\"@type\":\"BreadcrumbList\",\"@id\":\"https:\/\/www.diario21.tv\/noticias\/familias-de-suicidas-enfrentan-verguenza-y-aislamiento-descubre-por-que\/#breadcrumb\",\"itemListElement\":[{\"@type\":\"ListItem\",\"position\":1,\"name\":\"Accueil\",\"item\":\"https:\/\/www.diario21.tv\/noticias\/\"},{\"@type\":\"ListItem\",\"position\":2,\"name\":\"Familias de suicidas enfrentan verg\u00fcenza y aislamiento: descubre por qu\u00e9\"}]},{\"@type\":\"WebSite\",\"@id\":\"https:\/\/www.diario21.tv\/noticias\/#website\",\"url\":\"https:\/\/www.diario21.tv\/noticias\/\",\"name\":\"Diario 21\",\"description\":\"\",\"potentialAction\":[{\"@type\":\"SearchAction\",\"target\":{\"@type\":\"EntryPoint\",\"urlTemplate\":\"https:\/\/www.diario21.tv\/noticias\/?s={search_term_string}\"},\"query-input\":{\"@type\":\"PropertyValueSpecification\",\"valueRequired\":true,\"valueName\":\"search_term_string\"}}],\"inLanguage\":\"es-AR\"},{\"@type\":\"Person\",\"@id\":\"https:\/\/www.diario21.tv\/noticias\/#\/schema\/person\/dfb778f73814d8f09f302618446a526b\",\"name\":\"Juan P\u00e9rez\",\"image\":{\"@type\":\"ImageObject\",\"inLanguage\":\"es-AR\",\"@id\":\"https:\/\/www.diario21.tv\/noticias\/#\/schema\/person\/image\/\",\"url\":\"https:\/\/secure.gravatar.com\/avatar\/c478a405bd10621167f4c3167cc770f5?s=96&d=mm&r=g\",\"contentUrl\":\"https:\/\/secure.gravatar.com\/avatar\/c478a405bd10621167f4c3167cc770f5?s=96&d=mm&r=g\",\"caption\":\"Juan P\u00e9rez\"},\"description\":\"Juan P\u00e9rez es el redactor en jefe de Diario 21. Con m\u00e1s de 10 a\u00f1os de experiencia en el periodismo, se especializa en pol\u00edtica nacional y an\u00e1lisis socioecon\u00f3mico. Su enfoque cr\u00edtico y riguroso aporta una perspectiva \u00fanica a cada art\u00edculo.\",\"sameAs\":[\"https:\/\/www.diario21.tv\/noticias\/\"],\"url\":\"https:\/\/www.diario21.tv\/noticias\/author\/juan-perez\/\"}]}<\/script>\n<!-- \/ Yoast SEO plugin. -->","yoast_head_json":{"title":"Familias de suicidas enfrentan verg\u00fcenza y aislamiento: descubre por qu\u00e9 - Diario 21","robots":{"index":"index","follow":"follow","max-snippet":"max-snippet:-1","max-image-preview":"max-image-preview:large","max-video-preview":"max-video-preview:-1"},"canonical":"https:\/\/www.diario21.tv\/noticias\/familias-de-suicidas-enfrentan-verguenza-y-aislamiento-descubre-por-que\/","og_locale":"es_ES","og_type":"article","og_title":"Familias de suicidas enfrentan verg\u00fcenza y aislamiento: descubre por qu\u00e9 - Diario 21","og_description":"El Estigma y Aislamiento en Familias de Personas que se Suicidan En la sociedad actual, las familias que han perdido a un ser querido por suicidio ... Seguir leyendo &rarr;","og_url":"https:\/\/www.diario21.tv\/noticias\/familias-de-suicidas-enfrentan-verguenza-y-aislamiento-descubre-por-que\/","og_site_name":"Diario 21","article_published_time":"2025-09-14T03:35:38+00:00","article_modified_time":"2025-09-14T03:35:40+00:00","og_image":[{"width":1200,"height":840,"url":"https:\/\/www.diario21.tv\/noticias\/wp-content\/uploads\/2025\/09\/Familias-de-suicidas-enfrentan-verguenza-y-aislamiento-descubre-por-que.jpg","type":"image\/jpeg"}],"author":"Juan P\u00e9rez","twitter_card":"summary_large_image","twitter_misc":{"Escrito por":"Juan P\u00e9rez","Tiempo de lectura":"2 minutos"},"schema":{"@context":"https:\/\/schema.org","@graph":[{"@type":"WebPage","@id":"https:\/\/www.diario21.tv\/noticias\/familias-de-suicidas-enfrentan-verguenza-y-aislamiento-descubre-por-que\/","url":"https:\/\/www.diario21.tv\/noticias\/familias-de-suicidas-enfrentan-verguenza-y-aislamiento-descubre-por-que\/","name":"Familias de suicidas enfrentan verg\u00fcenza y aislamiento: descubre por qu\u00e9 - Diario 21","isPartOf":{"@id":"https:\/\/www.diario21.tv\/noticias\/#website"},"primaryImageOfPage":{"@id":"https:\/\/www.diario21.tv\/noticias\/familias-de-suicidas-enfrentan-verguenza-y-aislamiento-descubre-por-que\/#primaryimage"},"image":{"@id":"https:\/\/www.diario21.tv\/noticias\/familias-de-suicidas-enfrentan-verguenza-y-aislamiento-descubre-por-que\/#primaryimage"},"thumbnailUrl":"https:\/\/www.diario21.tv\/noticias\/wp-content\/uploads\/2025\/09\/Familias-de-suicidas-enfrentan-verguenza-y-aislamiento-descubre-por-que.jpg","datePublished":"2025-09-14T03:35:38+00:00","dateModified":"2025-09-14T03:35:40+00:00","author":{"@id":"https:\/\/www.diario21.tv\/noticias\/#\/schema\/person\/dfb778f73814d8f09f302618446a526b"},"breadcrumb":{"@id":"https:\/\/www.diario21.tv\/noticias\/familias-de-suicidas-enfrentan-verguenza-y-aislamiento-descubre-por-que\/#breadcrumb"},"inLanguage":"es-AR","potentialAction":[{"@type":"ReadAction","target":["https:\/\/www.diario21.tv\/noticias\/familias-de-suicidas-enfrentan-verguenza-y-aislamiento-descubre-por-que\/"]}]},{"@type":"ImageObject","inLanguage":"es-AR","@id":"https:\/\/www.diario21.tv\/noticias\/familias-de-suicidas-enfrentan-verguenza-y-aislamiento-descubre-por-que\/#primaryimage","url":"https:\/\/www.diario21.tv\/noticias\/wp-content\/uploads\/2025\/09\/Familias-de-suicidas-enfrentan-verguenza-y-aislamiento-descubre-por-que.jpg","contentUrl":"https:\/\/www.diario21.tv\/noticias\/wp-content\/uploads\/2025\/09\/Familias-de-suicidas-enfrentan-verguenza-y-aislamiento-descubre-por-que.jpg","width":1200,"height":840,"caption":"El alcalde del pueblo con mayor tasa de suicidios de Espa\u00f1a: \u00abMuchas familias tienen este problema\u00bb"},{"@type":"BreadcrumbList","@id":"https:\/\/www.diario21.tv\/noticias\/familias-de-suicidas-enfrentan-verguenza-y-aislamiento-descubre-por-que\/#breadcrumb","itemListElement":[{"@type":"ListItem","position":1,"name":"Accueil","item":"https:\/\/www.diario21.tv\/noticias\/"},{"@type":"ListItem","position":2,"name":"Familias de suicidas enfrentan verg\u00fcenza y aislamiento: descubre por qu\u00e9"}]},{"@type":"WebSite","@id":"https:\/\/www.diario21.tv\/noticias\/#website","url":"https:\/\/www.diario21.tv\/noticias\/","name":"Diario 21","description":"","potentialAction":[{"@type":"SearchAction","target":{"@type":"EntryPoint","urlTemplate":"https:\/\/www.diario21.tv\/noticias\/?s={search_term_string}"},"query-input":{"@type":"PropertyValueSpecification","valueRequired":true,"valueName":"search_term_string"}}],"inLanguage":"es-AR"},{"@type":"Person","@id":"https:\/\/www.diario21.tv\/noticias\/#\/schema\/person\/dfb778f73814d8f09f302618446a526b","name":"Juan P\u00e9rez","image":{"@type":"ImageObject","inLanguage":"es-AR","@id":"https:\/\/www.diario21.tv\/noticias\/#\/schema\/person\/image\/","url":"https:\/\/secure.gravatar.com\/avatar\/c478a405bd10621167f4c3167cc770f5?s=96&d=mm&r=g","contentUrl":"https:\/\/secure.gravatar.com\/avatar\/c478a405bd10621167f4c3167cc770f5?s=96&d=mm&r=g","caption":"Juan P\u00e9rez"},"description":"Juan P\u00e9rez es el redactor en jefe de Diario 21. Con m\u00e1s de 10 a\u00f1os de experiencia en el periodismo, se especializa en pol\u00edtica nacional y an\u00e1lisis socioecon\u00f3mico. Su enfoque cr\u00edtico y riguroso aporta una perspectiva \u00fanica a cada art\u00edculo.","sameAs":["https:\/\/www.diario21.tv\/noticias\/"],"url":"https:\/\/www.diario21.tv\/noticias\/author\/juan-perez\/"}]}},"_links":{"self":[{"href":"https:\/\/www.diario21.tv\/noticias\/wp-json\/wp\/v2\/posts\/4501"}],"collection":[{"href":"https:\/\/www.diario21.tv\/noticias\/wp-json\/wp\/v2\/posts"}],"about":[{"href":"https:\/\/www.diario21.tv\/noticias\/wp-json\/wp\/v2\/types\/post"}],"author":[{"embeddable":true,"href":"https:\/\/www.diario21.tv\/noticias\/wp-json\/wp\/v2\/users\/20"}],"replies":[{"embeddable":true,"href":"https:\/\/www.diario21.tv\/noticias\/wp-json\/wp\/v2\/comments?post=4501"}],"version-history":[{"count":1,"href":"https:\/\/www.diario21.tv\/noticias\/wp-json\/wp\/v2\/posts\/4501\/revisions"}],"predecessor-version":[{"id":4503,"href":"https:\/\/www.diario21.tv\/noticias\/wp-json\/wp\/v2\/posts\/4501\/revisions\/4503"}],"wp:featuredmedia":[{"embeddable":true,"href":"https:\/\/www.diario21.tv\/noticias\/wp-json\/wp\/v2\/media\/4502"}],"wp:attachment":[{"href":"https:\/\/www.diario21.tv\/noticias\/wp-json\/wp\/v2\/media?parent=4501"}],"wp:term":[{"taxonomy":"category","embeddable":true,"href":"https:\/\/www.diario21.tv\/noticias\/wp-json\/wp\/v2\/categories?post=4501"},{"taxonomy":"post_tag","embeddable":true,"href":"https:\/\/www.diario21.tv\/noticias\/wp-json\/wp\/v2\/tags?post=4501"}],"curies":[{"name":"wp","href":"https:\/\/api.w.org\/{rel}","templated":true}]}}