{"id":4495,"date":"2025-09-13T15:32:33","date_gmt":"2025-09-13T15:32:33","guid":{"rendered":"https:\/\/www.diario21.tv\/noticias\/alerta-padres-detienen-companeros-de-piso-por-colocar-cristales-en-comida-de-bebe\/"},"modified":"2025-09-13T15:32:34","modified_gmt":"2025-09-13T15:32:34","slug":"alerta-padres-detienen-companeros-de-piso-por-colocar-cristales-en-comida-de-bebe","status":"publish","type":"post","link":"https:\/\/www.diario21.tv\/noticias\/alerta-padres-detienen-companeros-de-piso-por-colocar-cristales-en-comida-de-bebe\/","title":{"rendered":"\u00a1Alerta padres! Detienen compa\u00f1eros de piso por colocar cristales en comida de beb\u00e9."},"content":{"rendered":"<h2>Arrestados los compa\u00f1eros de apartamento de los progenitores de un infante tras hallar cristales en un frasco de alimento<\/h2>\n<p>En un preocupante incidente, los compa\u00f1eros de apartamento de una pareja con un beb\u00e9 han sido detenidos bajo la acusaci\u00f3n de haber colocado fragmentos de cristal en un tarro de comida destinado al menor. Este suceso ha generado alarma en la comunidad y ha puesto en evidencia la importancia de la vigilancia y seguridad en lo referente a la alimentaci\u00f3n infantil.<\/p>\n<h3>Descubrimiento y Reacci\u00f3n Inmediata<\/h3>\n<p>El hecho sali\u00f3 a la luz cuando uno de los padres del beb\u00e9, al estar preparando la comida para su hijo, not\u00f3 algo inusual en el tarro de pur\u00e9 de verduras que iba a utilizar. Al inspeccionarlo m\u00e1s detalladamente, descubrieron peque\u00f1os pedazos de cristal mezclados con la comida. Inmediatamente, se contact\u00f3 a las autoridades, quienes iniciaron una investigaci\u00f3n sobre el caso.<\/p>\n<h3>Investigaci\u00f3n y Arrestos<\/h3>\n<p>La polic\u00eda actu\u00f3 con rapidez, llevando a cabo un interrogatorio a todas las personas relacionadas con el hogar, incluyendo a los compa\u00f1eros de piso de los padres del ni\u00f1o. Tras recabar suficiente evidencia y testimonios, los compa\u00f1eros de apartamento fueron arrestados como principales sospechosos de haber comprometido la seguridad del alimento del beb\u00e9.<\/p>\n<h3>Medidas de Seguridad y Recomendaciones<\/h3>\n<p>Este incidente ha resaltado la necesidad de extremar precauciones en lo que respecta a la seguridad alimentaria en los hogares, especialmente aquellos donde residen ni\u00f1os peque\u00f1os. Expertos en seguridad infantil recomiendan siempre verificar minuciosamente la integridad de los alimentos y estar alerta a cualquier se\u00f1al de tampering o alteraci\u00f3n.<\/p>\n<p>Los detenidos se encuentran actualmente en espera de juicio, mientras que el beb\u00e9 y sus padres han recibido apoyo y asesoramiento por parte de autoridades locales para superar este traum\u00e1tico evento. La comunidad ha reaccionado con consternaci\u00f3n pero tambi\u00e9n con una renovada vigilancia hacia la seguridad de los m\u00e1s vulnerables.<\/p>\n\n\n<div class=\"kk-star-ratings kksr-auto kksr-align-left kksr-valign-bottom\"\n    data-payload='{&quot;align&quot;:&quot;left&quot;,&quot;id&quot;:&quot;4495&quot;,&quot;slug&quot;:&quot;default&quot;,&quot;valign&quot;:&quot;bottom&quot;,&quot;ignore&quot;:&quot;&quot;,&quot;reference&quot;:&quot;auto&quot;,&quot;class&quot;:&quot;&quot;,&quot;count&quot;:&quot;0&quot;,&quot;legendonly&quot;:&quot;&quot;,&quot;readonly&quot;:&quot;&quot;,&quot;score&quot;:&quot;0&quot;,&quot;starsonly&quot;:&quot;&quot;,&quot;best&quot;:&quot;5&quot;,&quot;gap&quot;:&quot;5&quot;,&quot;greet&quot;:&quot;Valora este post&quot;,&quot;legend&quot;:&quot;0\\\/5 - (0 votes)&quot;,&quot;size&quot;:&quot;22&quot;,&quot;title&quot;:&quot;\u00a1Alerta padres! Detienen compa\u00f1eros de piso por colocar cristales en comida de beb\u00e9.&quot;,&quot;width&quot;:&quot;0&quot;,&quot;_legend&quot;:&quot;{score}\\\/{best} - ({count} {votes})&quot;,&quot;font_factor&quot;:&quot;1.25&quot;}'>\n            \n<div class=\"kksr-stars\">\n    \n<div class=\"kksr-stars-inactive\">\n            <div class=\"kksr-star\" data-star=\"1\" style=\"padding-right: 5px\">\n            \n\n<div class=\"kksr-icon\" style=\"width: 22px; height: 22px;\"><\/div>\n        <\/div>\n            <div class=\"kksr-star\" data-star=\"2\" style=\"padding-right: 5px\">\n            \n\n<div class=\"kksr-icon\" style=\"width: 22px; height: 22px;\"><\/div>\n        <\/div>\n            <div class=\"kksr-star\" data-star=\"3\" style=\"padding-right: 5px\">\n            \n\n<div class=\"kksr-icon\" style=\"width: 22px; height: 22px;\"><\/div>\n        <\/div>\n            <div class=\"kksr-star\" data-star=\"4\" style=\"padding-right: 5px\">\n            \n\n<div class=\"kksr-icon\" style=\"width: 22px; height: 22px;\"><\/div>\n        <\/div>\n            <div class=\"kksr-star\" data-star=\"5\" style=\"padding-right: 5px\">\n            \n\n<div class=\"kksr-icon\" style=\"width: 22px; height: 22px;\"><\/div>\n        <\/div>\n    <\/div>\n    \n<div class=\"kksr-stars-active\" style=\"width: 0px;\">\n            <div class=\"kksr-star\" style=\"padding-right: 5px\">\n            \n\n<div class=\"kksr-icon\" style=\"width: 22px; height: 22px;\"><\/div>\n        <\/div>\n            <div class=\"kksr-star\" style=\"padding-right: 5px\">\n            \n\n<div class=\"kksr-icon\" style=\"width: 22px; height: 22px;\"><\/div>\n        <\/div>\n            <div class=\"kksr-star\" style=\"padding-right: 5px\">\n            \n\n<div class=\"kksr-icon\" style=\"width: 22px; height: 22px;\"><\/div>\n        <\/div>\n            <div class=\"kksr-star\" style=\"padding-right: 5px\">\n            \n\n<div class=\"kksr-icon\" style=\"width: 22px; height: 22px;\"><\/div>\n        <\/div>\n            <div class=\"kksr-star\" style=\"padding-right: 5px\">\n            \n\n<div class=\"kksr-icon\" style=\"width: 22px; height: 22px;\"><\/div>\n        <\/div>\n    <\/div>\n<\/div>\n                \n\n<div class=\"kksr-legend\" style=\"font-size: 17.6px;\">\n            <span class=\"kksr-muted\">Valora este post<\/span>\n    <\/div>\n    <\/div>\n","protected":false},"excerpt":{"rendered":"<p>Arrestados los compa\u00f1eros de apartamento de los progenitores de un infante tras hallar cristales en un frasco de alimento En un preocupante incidente, los compa\u00f1eros de &#8230; <a title=\"\u00a1Alerta padres! Detienen compa\u00f1eros de piso por colocar cristales en comida de beb\u00e9.\" class=\"read-more\" href=\"https:\/\/www.diario21.tv\/noticias\/alerta-padres-detienen-companeros-de-piso-por-colocar-cristales-en-comida-de-bebe\/\" aria-label=\"Leer m\u00e1s sobre \u00a1Alerta padres! Detienen compa\u00f1eros de piso por colocar cristales en comida de beb\u00e9.\">Seguir leyendo &rarr;<\/a><\/p>\n","protected":false},"author":20,"featured_media":4496,"comment_status":"open","ping_status":"open","sticky":false,"template":"","format":"standard","meta":{"footnotes":""},"categories":[13],"tags":[],"class_list":["post-4495","post","type-post","status-publish","format-standard","has-post-thumbnail","hentry","category-portada"],"yoast_head":"<!-- This site is optimized with the Yoast SEO plugin v25.6 - https:\/\/yoast.com\/wordpress\/plugins\/seo\/ -->\n<title>\u00a1Alerta padres! Detienen compa\u00f1eros de piso por colocar cristales en comida de beb\u00e9. - Diario 21<\/title>\n<meta name=\"robots\" content=\"index, follow, max-snippet:-1, max-image-preview:large, max-video-preview:-1\" \/>\n<link rel=\"canonical\" href=\"https:\/\/www.diario21.tv\/noticias\/alerta-padres-detienen-companeros-de-piso-por-colocar-cristales-en-comida-de-bebe\/\" \/>\n<meta property=\"og:locale\" content=\"es_ES\" \/>\n<meta property=\"og:type\" content=\"article\" \/>\n<meta property=\"og:title\" content=\"\u00a1Alerta padres! Detienen compa\u00f1eros de piso por colocar cristales en comida de beb\u00e9. - Diario 21\" \/>\n<meta property=\"og:description\" content=\"Arrestados los compa\u00f1eros de apartamento de los progenitores de un infante tras hallar cristales en un frasco de alimento En un preocupante incidente, los compa\u00f1eros de ... Seguir leyendo &rarr;\" \/>\n<meta property=\"og:url\" content=\"https:\/\/www.diario21.tv\/noticias\/alerta-padres-detienen-companeros-de-piso-por-colocar-cristales-en-comida-de-bebe\/\" \/>\n<meta property=\"og:site_name\" content=\"Diario 21\" \/>\n<meta property=\"article:published_time\" content=\"2025-09-13T15:32:33+00:00\" \/>\n<meta property=\"article:modified_time\" content=\"2025-09-13T15:32:34+00:00\" \/>\n<meta property=\"og:image\" content=\"https:\/\/www.diario21.tv\/noticias\/wp-content\/uploads\/2025\/09\/\u00a1Alerta-padres-Detienen-companeros-de-piso-por-colocar-cristales-en.jpg\" \/>\n\t<meta property=\"og:image:width\" content=\"1200\" \/>\n\t<meta property=\"og:image:height\" content=\"840\" \/>\n\t<meta property=\"og:image:type\" content=\"image\/jpeg\" \/>\n<meta name=\"author\" content=\"Juan P\u00e9rez\" \/>\n<meta name=\"twitter:card\" content=\"summary_large_image\" \/>\n<meta name=\"twitter:label1\" content=\"Escrito por\" \/>\n\t<meta name=\"twitter:data1\" content=\"Juan P\u00e9rez\" \/>\n\t<meta name=\"twitter:label2\" content=\"Tiempo de lectura\" \/>\n\t<meta name=\"twitter:data2\" content=\"2 minutos\" \/>\n<script type=\"application\/ld+json\" class=\"yoast-schema-graph\">{\"@context\":\"https:\/\/schema.org\",\"@graph\":[{\"@type\":\"WebPage\",\"@id\":\"https:\/\/www.diario21.tv\/noticias\/alerta-padres-detienen-companeros-de-piso-por-colocar-cristales-en-comida-de-bebe\/\",\"url\":\"https:\/\/www.diario21.tv\/noticias\/alerta-padres-detienen-companeros-de-piso-por-colocar-cristales-en-comida-de-bebe\/\",\"name\":\"\u00a1Alerta padres! Detienen compa\u00f1eros de piso por colocar cristales en comida de beb\u00e9. - Diario 21\",\"isPartOf\":{\"@id\":\"https:\/\/www.diario21.tv\/noticias\/#website\"},\"primaryImageOfPage\":{\"@id\":\"https:\/\/www.diario21.tv\/noticias\/alerta-padres-detienen-companeros-de-piso-por-colocar-cristales-en-comida-de-bebe\/#primaryimage\"},\"image\":{\"@id\":\"https:\/\/www.diario21.tv\/noticias\/alerta-padres-detienen-companeros-de-piso-por-colocar-cristales-en-comida-de-bebe\/#primaryimage\"},\"thumbnailUrl\":\"https:\/\/www.diario21.tv\/noticias\/wp-content\/uploads\/2025\/09\/\u00a1Alerta-padres-Detienen-companeros-de-piso-por-colocar-cristales-en.jpg\",\"datePublished\":\"2025-09-13T15:32:33+00:00\",\"dateModified\":\"2025-09-13T15:32:34+00:00\",\"author\":{\"@id\":\"https:\/\/www.diario21.tv\/noticias\/#\/schema\/person\/dfb778f73814d8f09f302618446a526b\"},\"breadcrumb\":{\"@id\":\"https:\/\/www.diario21.tv\/noticias\/alerta-padres-detienen-companeros-de-piso-por-colocar-cristales-en-comida-de-bebe\/#breadcrumb\"},\"inLanguage\":\"es-AR\",\"potentialAction\":[{\"@type\":\"ReadAction\",\"target\":[\"https:\/\/www.diario21.tv\/noticias\/alerta-padres-detienen-companeros-de-piso-por-colocar-cristales-en-comida-de-bebe\/\"]}]},{\"@type\":\"ImageObject\",\"inLanguage\":\"es-AR\",\"@id\":\"https:\/\/www.diario21.tv\/noticias\/alerta-padres-detienen-companeros-de-piso-por-colocar-cristales-en-comida-de-bebe\/#primaryimage\",\"url\":\"https:\/\/www.diario21.tv\/noticias\/wp-content\/uploads\/2025\/09\/\u00a1Alerta-padres-Detienen-companeros-de-piso-por-colocar-cristales-en.jpg\",\"contentUrl\":\"https:\/\/www.diario21.tv\/noticias\/wp-content\/uploads\/2025\/09\/\u00a1Alerta-padres-Detienen-companeros-de-piso-por-colocar-cristales-en.jpg\",\"width\":1200,\"height\":840,\"caption\":\"Detenidos los compa\u00f1eros de piso de los padres de un beb\u00e9 por meter cristales en el tarro de comida\"},{\"@type\":\"BreadcrumbList\",\"@id\":\"https:\/\/www.diario21.tv\/noticias\/alerta-padres-detienen-companeros-de-piso-por-colocar-cristales-en-comida-de-bebe\/#breadcrumb\",\"itemListElement\":[{\"@type\":\"ListItem\",\"position\":1,\"name\":\"Accueil\",\"item\":\"https:\/\/www.diario21.tv\/noticias\/\"},{\"@type\":\"ListItem\",\"position\":2,\"name\":\"\u00a1Alerta padres! Detienen compa\u00f1eros de piso por colocar cristales en comida de beb\u00e9.\"}]},{\"@type\":\"WebSite\",\"@id\":\"https:\/\/www.diario21.tv\/noticias\/#website\",\"url\":\"https:\/\/www.diario21.tv\/noticias\/\",\"name\":\"Diario 21\",\"description\":\"\",\"potentialAction\":[{\"@type\":\"SearchAction\",\"target\":{\"@type\":\"EntryPoint\",\"urlTemplate\":\"https:\/\/www.diario21.tv\/noticias\/?s={search_term_string}\"},\"query-input\":{\"@type\":\"PropertyValueSpecification\",\"valueRequired\":true,\"valueName\":\"search_term_string\"}}],\"inLanguage\":\"es-AR\"},{\"@type\":\"Person\",\"@id\":\"https:\/\/www.diario21.tv\/noticias\/#\/schema\/person\/dfb778f73814d8f09f302618446a526b\",\"name\":\"Juan P\u00e9rez\",\"image\":{\"@type\":\"ImageObject\",\"inLanguage\":\"es-AR\",\"@id\":\"https:\/\/www.diario21.tv\/noticias\/#\/schema\/person\/image\/\",\"url\":\"https:\/\/secure.gravatar.com\/avatar\/c478a405bd10621167f4c3167cc770f5?s=96&d=mm&r=g\",\"contentUrl\":\"https:\/\/secure.gravatar.com\/avatar\/c478a405bd10621167f4c3167cc770f5?s=96&d=mm&r=g\",\"caption\":\"Juan P\u00e9rez\"},\"description\":\"Juan P\u00e9rez es el redactor en jefe de Diario 21. Con m\u00e1s de 10 a\u00f1os de experiencia en el periodismo, se especializa en pol\u00edtica nacional y an\u00e1lisis socioecon\u00f3mico. Su enfoque cr\u00edtico y riguroso aporta una perspectiva \u00fanica a cada art\u00edculo.\",\"sameAs\":[\"https:\/\/www.diario21.tv\/noticias\/\"],\"url\":\"https:\/\/www.diario21.tv\/noticias\/author\/juan-perez\/\"}]}<\/script>\n<!-- \/ Yoast SEO plugin. -->","yoast_head_json":{"title":"\u00a1Alerta padres! Detienen compa\u00f1eros de piso por colocar cristales en comida de beb\u00e9. - Diario 21","robots":{"index":"index","follow":"follow","max-snippet":"max-snippet:-1","max-image-preview":"max-image-preview:large","max-video-preview":"max-video-preview:-1"},"canonical":"https:\/\/www.diario21.tv\/noticias\/alerta-padres-detienen-companeros-de-piso-por-colocar-cristales-en-comida-de-bebe\/","og_locale":"es_ES","og_type":"article","og_title":"\u00a1Alerta padres! Detienen compa\u00f1eros de piso por colocar cristales en comida de beb\u00e9. - Diario 21","og_description":"Arrestados los compa\u00f1eros de apartamento de los progenitores de un infante tras hallar cristales en un frasco de alimento En un preocupante incidente, los compa\u00f1eros de ... Seguir leyendo &rarr;","og_url":"https:\/\/www.diario21.tv\/noticias\/alerta-padres-detienen-companeros-de-piso-por-colocar-cristales-en-comida-de-bebe\/","og_site_name":"Diario 21","article_published_time":"2025-09-13T15:32:33+00:00","article_modified_time":"2025-09-13T15:32:34+00:00","og_image":[{"width":1200,"height":840,"url":"https:\/\/www.diario21.tv\/noticias\/wp-content\/uploads\/2025\/09\/\u00a1Alerta-padres-Detienen-companeros-de-piso-por-colocar-cristales-en.jpg","type":"image\/jpeg"}],"author":"Juan P\u00e9rez","twitter_card":"summary_large_image","twitter_misc":{"Escrito por":"Juan P\u00e9rez","Tiempo de lectura":"2 minutos"},"schema":{"@context":"https:\/\/schema.org","@graph":[{"@type":"WebPage","@id":"https:\/\/www.diario21.tv\/noticias\/alerta-padres-detienen-companeros-de-piso-por-colocar-cristales-en-comida-de-bebe\/","url":"https:\/\/www.diario21.tv\/noticias\/alerta-padres-detienen-companeros-de-piso-por-colocar-cristales-en-comida-de-bebe\/","name":"\u00a1Alerta padres! Detienen compa\u00f1eros de piso por colocar cristales en comida de beb\u00e9. - Diario 21","isPartOf":{"@id":"https:\/\/www.diario21.tv\/noticias\/#website"},"primaryImageOfPage":{"@id":"https:\/\/www.diario21.tv\/noticias\/alerta-padres-detienen-companeros-de-piso-por-colocar-cristales-en-comida-de-bebe\/#primaryimage"},"image":{"@id":"https:\/\/www.diario21.tv\/noticias\/alerta-padres-detienen-companeros-de-piso-por-colocar-cristales-en-comida-de-bebe\/#primaryimage"},"thumbnailUrl":"https:\/\/www.diario21.tv\/noticias\/wp-content\/uploads\/2025\/09\/\u00a1Alerta-padres-Detienen-companeros-de-piso-por-colocar-cristales-en.jpg","datePublished":"2025-09-13T15:32:33+00:00","dateModified":"2025-09-13T15:32:34+00:00","author":{"@id":"https:\/\/www.diario21.tv\/noticias\/#\/schema\/person\/dfb778f73814d8f09f302618446a526b"},"breadcrumb":{"@id":"https:\/\/www.diario21.tv\/noticias\/alerta-padres-detienen-companeros-de-piso-por-colocar-cristales-en-comida-de-bebe\/#breadcrumb"},"inLanguage":"es-AR","potentialAction":[{"@type":"ReadAction","target":["https:\/\/www.diario21.tv\/noticias\/alerta-padres-detienen-companeros-de-piso-por-colocar-cristales-en-comida-de-bebe\/"]}]},{"@type":"ImageObject","inLanguage":"es-AR","@id":"https:\/\/www.diario21.tv\/noticias\/alerta-padres-detienen-companeros-de-piso-por-colocar-cristales-en-comida-de-bebe\/#primaryimage","url":"https:\/\/www.diario21.tv\/noticias\/wp-content\/uploads\/2025\/09\/\u00a1Alerta-padres-Detienen-companeros-de-piso-por-colocar-cristales-en.jpg","contentUrl":"https:\/\/www.diario21.tv\/noticias\/wp-content\/uploads\/2025\/09\/\u00a1Alerta-padres-Detienen-companeros-de-piso-por-colocar-cristales-en.jpg","width":1200,"height":840,"caption":"Detenidos los compa\u00f1eros de piso de los padres de un beb\u00e9 por meter cristales en el tarro de comida"},{"@type":"BreadcrumbList","@id":"https:\/\/www.diario21.tv\/noticias\/alerta-padres-detienen-companeros-de-piso-por-colocar-cristales-en-comida-de-bebe\/#breadcrumb","itemListElement":[{"@type":"ListItem","position":1,"name":"Accueil","item":"https:\/\/www.diario21.tv\/noticias\/"},{"@type":"ListItem","position":2,"name":"\u00a1Alerta padres! Detienen compa\u00f1eros de piso por colocar cristales en comida de beb\u00e9."}]},{"@type":"WebSite","@id":"https:\/\/www.diario21.tv\/noticias\/#website","url":"https:\/\/www.diario21.tv\/noticias\/","name":"Diario 21","description":"","potentialAction":[{"@type":"SearchAction","target":{"@type":"EntryPoint","urlTemplate":"https:\/\/www.diario21.tv\/noticias\/?s={search_term_string}"},"query-input":{"@type":"PropertyValueSpecification","valueRequired":true,"valueName":"search_term_string"}}],"inLanguage":"es-AR"},{"@type":"Person","@id":"https:\/\/www.diario21.tv\/noticias\/#\/schema\/person\/dfb778f73814d8f09f302618446a526b","name":"Juan P\u00e9rez","image":{"@type":"ImageObject","inLanguage":"es-AR","@id":"https:\/\/www.diario21.tv\/noticias\/#\/schema\/person\/image\/","url":"https:\/\/secure.gravatar.com\/avatar\/c478a405bd10621167f4c3167cc770f5?s=96&d=mm&r=g","contentUrl":"https:\/\/secure.gravatar.com\/avatar\/c478a405bd10621167f4c3167cc770f5?s=96&d=mm&r=g","caption":"Juan P\u00e9rez"},"description":"Juan P\u00e9rez es el redactor en jefe de Diario 21. Con m\u00e1s de 10 a\u00f1os de experiencia en el periodismo, se especializa en pol\u00edtica nacional y an\u00e1lisis socioecon\u00f3mico. Su enfoque cr\u00edtico y riguroso aporta una perspectiva \u00fanica a cada art\u00edculo.","sameAs":["https:\/\/www.diario21.tv\/noticias\/"],"url":"https:\/\/www.diario21.tv\/noticias\/author\/juan-perez\/"}]}},"_links":{"self":[{"href":"https:\/\/www.diario21.tv\/noticias\/wp-json\/wp\/v2\/posts\/4495"}],"collection":[{"href":"https:\/\/www.diario21.tv\/noticias\/wp-json\/wp\/v2\/posts"}],"about":[{"href":"https:\/\/www.diario21.tv\/noticias\/wp-json\/wp\/v2\/types\/post"}],"author":[{"embeddable":true,"href":"https:\/\/www.diario21.tv\/noticias\/wp-json\/wp\/v2\/users\/20"}],"replies":[{"embeddable":true,"href":"https:\/\/www.diario21.tv\/noticias\/wp-json\/wp\/v2\/comments?post=4495"}],"version-history":[{"count":1,"href":"https:\/\/www.diario21.tv\/noticias\/wp-json\/wp\/v2\/posts\/4495\/revisions"}],"predecessor-version":[{"id":4497,"href":"https:\/\/www.diario21.tv\/noticias\/wp-json\/wp\/v2\/posts\/4495\/revisions\/4497"}],"wp:featuredmedia":[{"embeddable":true,"href":"https:\/\/www.diario21.tv\/noticias\/wp-json\/wp\/v2\/media\/4496"}],"wp:attachment":[{"href":"https:\/\/www.diario21.tv\/noticias\/wp-json\/wp\/v2\/media?parent=4495"}],"wp:term":[{"taxonomy":"category","embeddable":true,"href":"https:\/\/www.diario21.tv\/noticias\/wp-json\/wp\/v2\/categories?post=4495"},{"taxonomy":"post_tag","embeddable":true,"href":"https:\/\/www.diario21.tv\/noticias\/wp-json\/wp\/v2\/tags?post=4495"}],"curies":[{"name":"wp","href":"https:\/\/api.w.org\/{rel}","templated":true}]}}