{"id":4489,"date":"2025-09-13T03:30:38","date_gmt":"2025-09-13T03:30:38","guid":{"rendered":"https:\/\/www.diario21.tv\/noticias\/mujer-en-toledo-oculta-feto-en-congelador-y-queda-libre-con-cargos-detalles-impactantes\/"},"modified":"2025-09-13T03:30:39","modified_gmt":"2025-09-13T03:30:39","slug":"mujer-en-toledo-oculta-feto-en-congelador-y-queda-libre-con-cargos-detalles-impactantes","status":"publish","type":"post","link":"https:\/\/www.diario21.tv\/noticias\/mujer-en-toledo-oculta-feto-en-congelador-y-queda-libre-con-cargos-detalles-impactantes\/","title":{"rendered":"Mujer en Toledo oculta feto en congelador y queda libre con cargos \u00a1Detalles impactantes!"},"content":{"rendered":"<h2>Mujer Liberada con Acusaciones Tras Esconder un Feto en un Congelador en Toledo<\/h2>\n<p>En un suceso que ha conmocionado a la comunidad de Toledo, una mujer ha sido puesta en libertad con cargos despu\u00e9s de que se descubriera que hab\u00eda ocultado un feto en el congelador de su hogar. Este caso, que ha surgido recientemente, plantea numerosas cuestiones legales y \u00e9ticas, y ha captado la atenci\u00f3n de medios locales y nacionales.<\/p>\n<h3>Descubrimiento y Detenci\u00f3n<\/h3>\n<p>El descubrimiento ocurri\u00f3 cuando las autoridades fueron alertadas sobre la posible ocultaci\u00f3n de un feto en una residencia particular en Toledo. Tras recibir la denuncia, la polic\u00eda procedi\u00f3 a investigar el domicilio de la sospechosa, donde efectivamente encontraron un feto almacenado en un congelador. La mujer fue detenida inmediatamente bajo la sospecha de un delito contra los derechos individuales y la integridad de los restos humanos.<\/p>\n<h3>Investigaci\u00f3n en Curso<\/h3>\n<p>La polic\u00eda ha iniciado una investigaci\u00f3n exhaustiva para determinar las circunstancias exactas que llevaron a la mujer a cometer este acto. Se est\u00e1n realizando todos los esfuerzos para entender las motivaciones detr\u00e1s de su decisi\u00f3n y para establecer el contexto completo de los hechos. La investigaci\u00f3n tambi\u00e9n busca esclarecer la etapa gestacional del feto y si hubo complicidades o m\u00e1s personas involucradas en el caso.<\/p>\n<h3>Reacciones y Consecuencias Legales<\/h3>\n<p>La noticia ha provocado una amplia gama de reacciones entre los ciudadanos y grupos de derechos humanos, muchos de los cuales est\u00e1n pidiendo justicia y medidas m\u00e1s estrictas para prevenir incidentes similares en el futuro. Las autoridades han asegurado que se tomar\u00e1n todas las medidas necesarias para llevar a cabo una investigaci\u00f3n justa y completa.<\/p>\n<p>La mujer, cuya identidad no ha sido revelada para proteger su privacidad y la del proceso judicial en curso, enfrenta varias acusaciones que podr\u00edan llevar a una condena significativa si se encuentra culpable. Sin embargo, ha sido liberada provisionalmente mientras avanza la investigaci\u00f3n, bajo la condici\u00f3n de que no abandone el pa\u00eds y se presente a todas las citaciones judiciales requeridas.<\/p>\n<p>Este caso subraya la importancia de la vigilancia y la intervenci\u00f3n comunitaria en la detecci\u00f3n y reporte de actos que puedan constituir un delito, y resalta el papel crucial de las autoridades en la protecci\u00f3n de los derechos humanos y el respeto a la dignidad humana.<\/p>\n\n\n<div class=\"kk-star-ratings kksr-auto kksr-align-left kksr-valign-bottom\"\n    data-payload='{&quot;align&quot;:&quot;left&quot;,&quot;id&quot;:&quot;4489&quot;,&quot;slug&quot;:&quot;default&quot;,&quot;valign&quot;:&quot;bottom&quot;,&quot;ignore&quot;:&quot;&quot;,&quot;reference&quot;:&quot;auto&quot;,&quot;class&quot;:&quot;&quot;,&quot;count&quot;:&quot;0&quot;,&quot;legendonly&quot;:&quot;&quot;,&quot;readonly&quot;:&quot;&quot;,&quot;score&quot;:&quot;0&quot;,&quot;starsonly&quot;:&quot;&quot;,&quot;best&quot;:&quot;5&quot;,&quot;gap&quot;:&quot;5&quot;,&quot;greet&quot;:&quot;Valora este post&quot;,&quot;legend&quot;:&quot;0\\\/5 - (0 votes)&quot;,&quot;size&quot;:&quot;22&quot;,&quot;title&quot;:&quot;Mujer en Toledo oculta feto en congelador y queda libre con cargos \u00a1Detalles impactantes!&quot;,&quot;width&quot;:&quot;0&quot;,&quot;_legend&quot;:&quot;{score}\\\/{best} - ({count} {votes})&quot;,&quot;font_factor&quot;:&quot;1.25&quot;}'>\n            \n<div class=\"kksr-stars\">\n    \n<div class=\"kksr-stars-inactive\">\n            <div class=\"kksr-star\" data-star=\"1\" style=\"padding-right: 5px\">\n            \n\n<div class=\"kksr-icon\" style=\"width: 22px; height: 22px;\"><\/div>\n        <\/div>\n            <div class=\"kksr-star\" data-star=\"2\" style=\"padding-right: 5px\">\n            \n\n<div class=\"kksr-icon\" style=\"width: 22px; height: 22px;\"><\/div>\n        <\/div>\n            <div class=\"kksr-star\" data-star=\"3\" style=\"padding-right: 5px\">\n            \n\n<div class=\"kksr-icon\" style=\"width: 22px; height: 22px;\"><\/div>\n        <\/div>\n            <div class=\"kksr-star\" data-star=\"4\" style=\"padding-right: 5px\">\n            \n\n<div class=\"kksr-icon\" style=\"width: 22px; height: 22px;\"><\/div>\n        <\/div>\n            <div class=\"kksr-star\" data-star=\"5\" style=\"padding-right: 5px\">\n            \n\n<div class=\"kksr-icon\" style=\"width: 22px; height: 22px;\"><\/div>\n        <\/div>\n    <\/div>\n    \n<div class=\"kksr-stars-active\" style=\"width: 0px;\">\n            <div class=\"kksr-star\" style=\"padding-right: 5px\">\n            \n\n<div class=\"kksr-icon\" style=\"width: 22px; height: 22px;\"><\/div>\n        <\/div>\n            <div class=\"kksr-star\" style=\"padding-right: 5px\">\n            \n\n<div class=\"kksr-icon\" style=\"width: 22px; height: 22px;\"><\/div>\n        <\/div>\n            <div class=\"kksr-star\" style=\"padding-right: 5px\">\n            \n\n<div class=\"kksr-icon\" style=\"width: 22px; height: 22px;\"><\/div>\n        <\/div>\n            <div class=\"kksr-star\" style=\"padding-right: 5px\">\n            \n\n<div class=\"kksr-icon\" style=\"width: 22px; height: 22px;\"><\/div>\n        <\/div>\n            <div class=\"kksr-star\" style=\"padding-right: 5px\">\n            \n\n<div class=\"kksr-icon\" style=\"width: 22px; height: 22px;\"><\/div>\n        <\/div>\n    <\/div>\n<\/div>\n                \n\n<div class=\"kksr-legend\" style=\"font-size: 17.6px;\">\n            <span class=\"kksr-muted\">Valora este post<\/span>\n    <\/div>\n    <\/div>\n","protected":false},"excerpt":{"rendered":"<p>Mujer Liberada con Acusaciones Tras Esconder un Feto en un Congelador en Toledo En un suceso que ha conmocionado a la comunidad de Toledo, una mujer &#8230; <a title=\"Mujer en Toledo oculta feto en congelador y queda libre con cargos \u00a1Detalles impactantes!\" class=\"read-more\" href=\"https:\/\/www.diario21.tv\/noticias\/mujer-en-toledo-oculta-feto-en-congelador-y-queda-libre-con-cargos-detalles-impactantes\/\" aria-label=\"Leer m\u00e1s sobre Mujer en Toledo oculta feto en congelador y queda libre con cargos \u00a1Detalles impactantes!\">Seguir leyendo &rarr;<\/a><\/p>\n","protected":false},"author":20,"featured_media":4490,"comment_status":"open","ping_status":"open","sticky":false,"template":"","format":"standard","meta":{"footnotes":""},"categories":[13],"tags":[],"class_list":["post-4489","post","type-post","status-publish","format-standard","has-post-thumbnail","hentry","category-portada"],"yoast_head":"<!-- This site is optimized with the Yoast SEO plugin v25.6 - https:\/\/yoast.com\/wordpress\/plugins\/seo\/ -->\n<title>Mujer en Toledo oculta feto en congelador y queda libre con cargos \u00a1Detalles impactantes! - Diario 21<\/title>\n<meta name=\"robots\" content=\"index, follow, max-snippet:-1, max-image-preview:large, max-video-preview:-1\" \/>\n<link rel=\"canonical\" href=\"https:\/\/www.diario21.tv\/noticias\/mujer-en-toledo-oculta-feto-en-congelador-y-queda-libre-con-cargos-detalles-impactantes\/\" \/>\n<meta property=\"og:locale\" content=\"es_ES\" \/>\n<meta property=\"og:type\" content=\"article\" \/>\n<meta property=\"og:title\" content=\"Mujer en Toledo oculta feto en congelador y queda libre con cargos \u00a1Detalles impactantes! - Diario 21\" \/>\n<meta property=\"og:description\" content=\"Mujer Liberada con Acusaciones Tras Esconder un Feto en un Congelador en Toledo En un suceso que ha conmocionado a la comunidad de Toledo, una mujer ... Seguir leyendo &rarr;\" \/>\n<meta property=\"og:url\" content=\"https:\/\/www.diario21.tv\/noticias\/mujer-en-toledo-oculta-feto-en-congelador-y-queda-libre-con-cargos-detalles-impactantes\/\" \/>\n<meta property=\"og:site_name\" content=\"Diario 21\" \/>\n<meta property=\"article:published_time\" content=\"2025-09-13T03:30:38+00:00\" \/>\n<meta property=\"article:modified_time\" content=\"2025-09-13T03:30:39+00:00\" \/>\n<meta property=\"og:image\" content=\"https:\/\/www.diario21.tv\/noticias\/wp-content\/uploads\/2025\/09\/Mujer-en-Toledo-oculta-feto-en-congelador-y-queda-libre.jpg\" \/>\n\t<meta property=\"og:image:width\" content=\"1195\" \/>\n\t<meta property=\"og:image:height\" content=\"840\" \/>\n\t<meta property=\"og:image:type\" content=\"image\/jpeg\" \/>\n<meta name=\"author\" content=\"Juan P\u00e9rez\" \/>\n<meta name=\"twitter:card\" content=\"summary_large_image\" \/>\n<meta name=\"twitter:label1\" content=\"Escrito por\" \/>\n\t<meta name=\"twitter:data1\" content=\"Juan P\u00e9rez\" \/>\n\t<meta name=\"twitter:label2\" content=\"Tiempo de lectura\" \/>\n\t<meta name=\"twitter:data2\" content=\"2 minutos\" \/>\n<script type=\"application\/ld+json\" class=\"yoast-schema-graph\">{\"@context\":\"https:\/\/schema.org\",\"@graph\":[{\"@type\":\"WebPage\",\"@id\":\"https:\/\/www.diario21.tv\/noticias\/mujer-en-toledo-oculta-feto-en-congelador-y-queda-libre-con-cargos-detalles-impactantes\/\",\"url\":\"https:\/\/www.diario21.tv\/noticias\/mujer-en-toledo-oculta-feto-en-congelador-y-queda-libre-con-cargos-detalles-impactantes\/\",\"name\":\"Mujer en Toledo oculta feto en congelador y queda libre con cargos \u00a1Detalles impactantes! - Diario 21\",\"isPartOf\":{\"@id\":\"https:\/\/www.diario21.tv\/noticias\/#website\"},\"primaryImageOfPage\":{\"@id\":\"https:\/\/www.diario21.tv\/noticias\/mujer-en-toledo-oculta-feto-en-congelador-y-queda-libre-con-cargos-detalles-impactantes\/#primaryimage\"},\"image\":{\"@id\":\"https:\/\/www.diario21.tv\/noticias\/mujer-en-toledo-oculta-feto-en-congelador-y-queda-libre-con-cargos-detalles-impactantes\/#primaryimage\"},\"thumbnailUrl\":\"https:\/\/www.diario21.tv\/noticias\/wp-content\/uploads\/2025\/09\/Mujer-en-Toledo-oculta-feto-en-congelador-y-queda-libre.jpg\",\"datePublished\":\"2025-09-13T03:30:38+00:00\",\"dateModified\":\"2025-09-13T03:30:39+00:00\",\"author\":{\"@id\":\"https:\/\/www.diario21.tv\/noticias\/#\/schema\/person\/dfb778f73814d8f09f302618446a526b\"},\"breadcrumb\":{\"@id\":\"https:\/\/www.diario21.tv\/noticias\/mujer-en-toledo-oculta-feto-en-congelador-y-queda-libre-con-cargos-detalles-impactantes\/#breadcrumb\"},\"inLanguage\":\"es-AR\",\"potentialAction\":[{\"@type\":\"ReadAction\",\"target\":[\"https:\/\/www.diario21.tv\/noticias\/mujer-en-toledo-oculta-feto-en-congelador-y-queda-libre-con-cargos-detalles-impactantes\/\"]}]},{\"@type\":\"ImageObject\",\"inLanguage\":\"es-AR\",\"@id\":\"https:\/\/www.diario21.tv\/noticias\/mujer-en-toledo-oculta-feto-en-congelador-y-queda-libre-con-cargos-detalles-impactantes\/#primaryimage\",\"url\":\"https:\/\/www.diario21.tv\/noticias\/wp-content\/uploads\/2025\/09\/Mujer-en-Toledo-oculta-feto-en-congelador-y-queda-libre.jpg\",\"contentUrl\":\"https:\/\/www.diario21.tv\/noticias\/wp-content\/uploads\/2025\/09\/Mujer-en-Toledo-oculta-feto-en-congelador-y-queda-libre.jpg\",\"width\":1195,\"height\":840,\"caption\":\"En libertad con cargos la mujer que ocult\u00f3 un feto en un congelador en Toledo\"},{\"@type\":\"BreadcrumbList\",\"@id\":\"https:\/\/www.diario21.tv\/noticias\/mujer-en-toledo-oculta-feto-en-congelador-y-queda-libre-con-cargos-detalles-impactantes\/#breadcrumb\",\"itemListElement\":[{\"@type\":\"ListItem\",\"position\":1,\"name\":\"Accueil\",\"item\":\"https:\/\/www.diario21.tv\/noticias\/\"},{\"@type\":\"ListItem\",\"position\":2,\"name\":\"Mujer en Toledo oculta feto en congelador y queda libre con cargos \u00a1Detalles impactantes!\"}]},{\"@type\":\"WebSite\",\"@id\":\"https:\/\/www.diario21.tv\/noticias\/#website\",\"url\":\"https:\/\/www.diario21.tv\/noticias\/\",\"name\":\"Diario 21\",\"description\":\"\",\"potentialAction\":[{\"@type\":\"SearchAction\",\"target\":{\"@type\":\"EntryPoint\",\"urlTemplate\":\"https:\/\/www.diario21.tv\/noticias\/?s={search_term_string}\"},\"query-input\":{\"@type\":\"PropertyValueSpecification\",\"valueRequired\":true,\"valueName\":\"search_term_string\"}}],\"inLanguage\":\"es-AR\"},{\"@type\":\"Person\",\"@id\":\"https:\/\/www.diario21.tv\/noticias\/#\/schema\/person\/dfb778f73814d8f09f302618446a526b\",\"name\":\"Juan P\u00e9rez\",\"image\":{\"@type\":\"ImageObject\",\"inLanguage\":\"es-AR\",\"@id\":\"https:\/\/www.diario21.tv\/noticias\/#\/schema\/person\/image\/\",\"url\":\"https:\/\/secure.gravatar.com\/avatar\/c478a405bd10621167f4c3167cc770f5?s=96&d=mm&r=g\",\"contentUrl\":\"https:\/\/secure.gravatar.com\/avatar\/c478a405bd10621167f4c3167cc770f5?s=96&d=mm&r=g\",\"caption\":\"Juan P\u00e9rez\"},\"description\":\"Juan P\u00e9rez es el redactor en jefe de Diario 21. Con m\u00e1s de 10 a\u00f1os de experiencia en el periodismo, se especializa en pol\u00edtica nacional y an\u00e1lisis socioecon\u00f3mico. Su enfoque cr\u00edtico y riguroso aporta una perspectiva \u00fanica a cada art\u00edculo.\",\"sameAs\":[\"https:\/\/www.diario21.tv\/noticias\/\"],\"url\":\"https:\/\/www.diario21.tv\/noticias\/author\/juan-perez\/\"}]}<\/script>\n<!-- \/ Yoast SEO plugin. -->","yoast_head_json":{"title":"Mujer en Toledo oculta feto en congelador y queda libre con cargos \u00a1Detalles impactantes! - Diario 21","robots":{"index":"index","follow":"follow","max-snippet":"max-snippet:-1","max-image-preview":"max-image-preview:large","max-video-preview":"max-video-preview:-1"},"canonical":"https:\/\/www.diario21.tv\/noticias\/mujer-en-toledo-oculta-feto-en-congelador-y-queda-libre-con-cargos-detalles-impactantes\/","og_locale":"es_ES","og_type":"article","og_title":"Mujer en Toledo oculta feto en congelador y queda libre con cargos \u00a1Detalles impactantes! - Diario 21","og_description":"Mujer Liberada con Acusaciones Tras Esconder un Feto en un Congelador en Toledo En un suceso que ha conmocionado a la comunidad de Toledo, una mujer ... Seguir leyendo &rarr;","og_url":"https:\/\/www.diario21.tv\/noticias\/mujer-en-toledo-oculta-feto-en-congelador-y-queda-libre-con-cargos-detalles-impactantes\/","og_site_name":"Diario 21","article_published_time":"2025-09-13T03:30:38+00:00","article_modified_time":"2025-09-13T03:30:39+00:00","og_image":[{"width":1195,"height":840,"url":"https:\/\/www.diario21.tv\/noticias\/wp-content\/uploads\/2025\/09\/Mujer-en-Toledo-oculta-feto-en-congelador-y-queda-libre.jpg","type":"image\/jpeg"}],"author":"Juan P\u00e9rez","twitter_card":"summary_large_image","twitter_misc":{"Escrito por":"Juan P\u00e9rez","Tiempo de lectura":"2 minutos"},"schema":{"@context":"https:\/\/schema.org","@graph":[{"@type":"WebPage","@id":"https:\/\/www.diario21.tv\/noticias\/mujer-en-toledo-oculta-feto-en-congelador-y-queda-libre-con-cargos-detalles-impactantes\/","url":"https:\/\/www.diario21.tv\/noticias\/mujer-en-toledo-oculta-feto-en-congelador-y-queda-libre-con-cargos-detalles-impactantes\/","name":"Mujer en Toledo oculta feto en congelador y queda libre con cargos \u00a1Detalles impactantes! - Diario 21","isPartOf":{"@id":"https:\/\/www.diario21.tv\/noticias\/#website"},"primaryImageOfPage":{"@id":"https:\/\/www.diario21.tv\/noticias\/mujer-en-toledo-oculta-feto-en-congelador-y-queda-libre-con-cargos-detalles-impactantes\/#primaryimage"},"image":{"@id":"https:\/\/www.diario21.tv\/noticias\/mujer-en-toledo-oculta-feto-en-congelador-y-queda-libre-con-cargos-detalles-impactantes\/#primaryimage"},"thumbnailUrl":"https:\/\/www.diario21.tv\/noticias\/wp-content\/uploads\/2025\/09\/Mujer-en-Toledo-oculta-feto-en-congelador-y-queda-libre.jpg","datePublished":"2025-09-13T03:30:38+00:00","dateModified":"2025-09-13T03:30:39+00:00","author":{"@id":"https:\/\/www.diario21.tv\/noticias\/#\/schema\/person\/dfb778f73814d8f09f302618446a526b"},"breadcrumb":{"@id":"https:\/\/www.diario21.tv\/noticias\/mujer-en-toledo-oculta-feto-en-congelador-y-queda-libre-con-cargos-detalles-impactantes\/#breadcrumb"},"inLanguage":"es-AR","potentialAction":[{"@type":"ReadAction","target":["https:\/\/www.diario21.tv\/noticias\/mujer-en-toledo-oculta-feto-en-congelador-y-queda-libre-con-cargos-detalles-impactantes\/"]}]},{"@type":"ImageObject","inLanguage":"es-AR","@id":"https:\/\/www.diario21.tv\/noticias\/mujer-en-toledo-oculta-feto-en-congelador-y-queda-libre-con-cargos-detalles-impactantes\/#primaryimage","url":"https:\/\/www.diario21.tv\/noticias\/wp-content\/uploads\/2025\/09\/Mujer-en-Toledo-oculta-feto-en-congelador-y-queda-libre.jpg","contentUrl":"https:\/\/www.diario21.tv\/noticias\/wp-content\/uploads\/2025\/09\/Mujer-en-Toledo-oculta-feto-en-congelador-y-queda-libre.jpg","width":1195,"height":840,"caption":"En libertad con cargos la mujer que ocult\u00f3 un feto en un congelador en Toledo"},{"@type":"BreadcrumbList","@id":"https:\/\/www.diario21.tv\/noticias\/mujer-en-toledo-oculta-feto-en-congelador-y-queda-libre-con-cargos-detalles-impactantes\/#breadcrumb","itemListElement":[{"@type":"ListItem","position":1,"name":"Accueil","item":"https:\/\/www.diario21.tv\/noticias\/"},{"@type":"ListItem","position":2,"name":"Mujer en Toledo oculta feto en congelador y queda libre con cargos \u00a1Detalles impactantes!"}]},{"@type":"WebSite","@id":"https:\/\/www.diario21.tv\/noticias\/#website","url":"https:\/\/www.diario21.tv\/noticias\/","name":"Diario 21","description":"","potentialAction":[{"@type":"SearchAction","target":{"@type":"EntryPoint","urlTemplate":"https:\/\/www.diario21.tv\/noticias\/?s={search_term_string}"},"query-input":{"@type":"PropertyValueSpecification","valueRequired":true,"valueName":"search_term_string"}}],"inLanguage":"es-AR"},{"@type":"Person","@id":"https:\/\/www.diario21.tv\/noticias\/#\/schema\/person\/dfb778f73814d8f09f302618446a526b","name":"Juan P\u00e9rez","image":{"@type":"ImageObject","inLanguage":"es-AR","@id":"https:\/\/www.diario21.tv\/noticias\/#\/schema\/person\/image\/","url":"https:\/\/secure.gravatar.com\/avatar\/c478a405bd10621167f4c3167cc770f5?s=96&d=mm&r=g","contentUrl":"https:\/\/secure.gravatar.com\/avatar\/c478a405bd10621167f4c3167cc770f5?s=96&d=mm&r=g","caption":"Juan P\u00e9rez"},"description":"Juan P\u00e9rez es el redactor en jefe de Diario 21. Con m\u00e1s de 10 a\u00f1os de experiencia en el periodismo, se especializa en pol\u00edtica nacional y an\u00e1lisis socioecon\u00f3mico. Su enfoque cr\u00edtico y riguroso aporta una perspectiva \u00fanica a cada art\u00edculo.","sameAs":["https:\/\/www.diario21.tv\/noticias\/"],"url":"https:\/\/www.diario21.tv\/noticias\/author\/juan-perez\/"}]}},"_links":{"self":[{"href":"https:\/\/www.diario21.tv\/noticias\/wp-json\/wp\/v2\/posts\/4489"}],"collection":[{"href":"https:\/\/www.diario21.tv\/noticias\/wp-json\/wp\/v2\/posts"}],"about":[{"href":"https:\/\/www.diario21.tv\/noticias\/wp-json\/wp\/v2\/types\/post"}],"author":[{"embeddable":true,"href":"https:\/\/www.diario21.tv\/noticias\/wp-json\/wp\/v2\/users\/20"}],"replies":[{"embeddable":true,"href":"https:\/\/www.diario21.tv\/noticias\/wp-json\/wp\/v2\/comments?post=4489"}],"version-history":[{"count":1,"href":"https:\/\/www.diario21.tv\/noticias\/wp-json\/wp\/v2\/posts\/4489\/revisions"}],"predecessor-version":[{"id":4491,"href":"https:\/\/www.diario21.tv\/noticias\/wp-json\/wp\/v2\/posts\/4489\/revisions\/4491"}],"wp:featuredmedia":[{"embeddable":true,"href":"https:\/\/www.diario21.tv\/noticias\/wp-json\/wp\/v2\/media\/4490"}],"wp:attachment":[{"href":"https:\/\/www.diario21.tv\/noticias\/wp-json\/wp\/v2\/media?parent=4489"}],"wp:term":[{"taxonomy":"category","embeddable":true,"href":"https:\/\/www.diario21.tv\/noticias\/wp-json\/wp\/v2\/categories?post=4489"},{"taxonomy":"post_tag","embeddable":true,"href":"https:\/\/www.diario21.tv\/noticias\/wp-json\/wp\/v2\/tags?post=4489"}],"curies":[{"name":"wp","href":"https:\/\/api.w.org\/{rel}","templated":true}]}}