{"id":4480,"date":"2025-09-12T09:21:16","date_gmt":"2025-09-12T09:21:16","guid":{"rendered":"https:\/\/www.diario21.tv\/noticias\/atencion-fumadores-descubre-los-nuevos-lugares-donde-esta-prohibido-fumar\/"},"modified":"2025-09-12T09:21:17","modified_gmt":"2025-09-12T09:21:17","slug":"atencion-fumadores-descubre-los-nuevos-lugares-donde-esta-prohibido-fumar","status":"publish","type":"post","link":"https:\/\/www.diario21.tv\/noticias\/atencion-fumadores-descubre-los-nuevos-lugares-donde-esta-prohibido-fumar\/","title":{"rendered":"\u00a1Atenci\u00f3n fumadores! Descubre los nuevos lugares donde est\u00e1 prohibido fumar."},"content":{"rendered":"<h2>Implementaci\u00f3n de Nuevas Normas para el Consumo de Tabaco<\/h2>\n<p>En un esfuerzo por promover ambientes m\u00e1s saludables y reducir los riesgos asociados al tabaquismo pasivo, se han establecido nuevas regulaciones que limitan los lugares en los que se permite fumar. Estas medidas afectan tanto a espacios p\u00fablicos como privados, extendiendo las \u00e1reas libres de humo de tabaco.<\/p>\n<h3>\u00c1reas Afectadas por la Prohibici\u00f3n<\/h3>\n<p>Las restricciones recientes especifican una serie de entornos donde el acto de fumar quedar\u00e1 completamente prohibido. Entre estos, se encuentran espacios cerrados de uso p\u00fablico o colectivo, incluyendo pero no limitado a bares, restaurantes y oficinas, donde anteriormente se permit\u00eda fumar en \u00e1reas designadas. Adem\u00e1s, la normativa se extiende a ciertos espacios abiertos que congregan grandes grupos de personas, tales como estadios, parques y plazas, con el objetivo de garantizar un ambiente libre de humo para todos, incluidos ni\u00f1os y personas mayores que frecuentan estos lugares.<\/p>\n<h3>Impacto en Espacios Privados<\/h3>\n<p>No solo los espacios p\u00fablicos est\u00e1n sujetos a estas nuevas restricciones. Tambi\u00e9n se ver\u00e1n afectadas \u00e1reas privadas donde la presencia de ni\u00f1os y no fumadores es habitual, como veh\u00edculos privados cuando se transportan menores de edad. Esta medida busca proteger la salud de los m\u00e1s vulnerables frente a los efectos nocivos del humo del tabaco.<\/p>\n<h3>Consecuencias para los Infractores<\/h3>\n<p>El incumplimiento de estas nuevas regulaciones conlleva sanciones significativas. Las multas y penalizaciones est\u00e1n dise\u00f1adas para disuadir a los fumadores de violar las normas, y var\u00edan dependiendo de la gravedad de la infracci\u00f3n. Las autoridades locales ser\u00e1n responsables de hacer cumplir estas reglas, y se espera que haya un aumento en la vigilancia para asegurar el respeto por las nuevas zonas libres de humo.<\/p>\n<h3>Objetivos y Expectativas de Salud P\u00fablica<\/h3>\n<p>El prop\u00f3sito principal de estas restricciones es mejorar la calidad del aire y proteger la salud de la poblaci\u00f3n en general. Reduciendo la exposici\u00f3n al humo del tabaco, se espera disminuir la incidencia de enfermedades respiratorias y otros problemas de salud relacionados con el tabaquismo pasivo. Adem\u00e1s, estas medidas tambi\u00e9n buscan fomentar una reducci\u00f3n en el consumo de tabaco entre los fumadores, al limitar los espacios en los que pueden fumar, incentivando as\u00ed a muchos a considerar dejar el h\u00e1bito.<\/p>\n<p>Estas nuevas reglas son un paso adelante en la lucha contra los efectos nocivos del tabaquismo, tanto para los fumadores como para los no fumadores. Con la implementaci\u00f3n de estas restricciones, se espera que m\u00e1s espacios sean seguros y saludables para todos, marcando un avance significativo en las pol\u00edticas de salud p\u00fablica dirigidas a controlar y prevenir los riesgos asociados al consumo de tabaco.<\/p>\n\n\n<div class=\"kk-star-ratings kksr-auto kksr-align-left kksr-valign-bottom\"\n    data-payload='{&quot;align&quot;:&quot;left&quot;,&quot;id&quot;:&quot;4480&quot;,&quot;slug&quot;:&quot;default&quot;,&quot;valign&quot;:&quot;bottom&quot;,&quot;ignore&quot;:&quot;&quot;,&quot;reference&quot;:&quot;auto&quot;,&quot;class&quot;:&quot;&quot;,&quot;count&quot;:&quot;0&quot;,&quot;legendonly&quot;:&quot;&quot;,&quot;readonly&quot;:&quot;&quot;,&quot;score&quot;:&quot;0&quot;,&quot;starsonly&quot;:&quot;&quot;,&quot;best&quot;:&quot;5&quot;,&quot;gap&quot;:&quot;5&quot;,&quot;greet&quot;:&quot;Valora este post&quot;,&quot;legend&quot;:&quot;0\\\/5 - (0 votes)&quot;,&quot;size&quot;:&quot;22&quot;,&quot;title&quot;:&quot;\u00a1Atenci\u00f3n fumadores! Descubre los nuevos lugares donde est\u00e1 prohibido fumar.&quot;,&quot;width&quot;:&quot;0&quot;,&quot;_legend&quot;:&quot;{score}\\\/{best} - ({count} {votes})&quot;,&quot;font_factor&quot;:&quot;1.25&quot;}'>\n            \n<div class=\"kksr-stars\">\n    \n<div class=\"kksr-stars-inactive\">\n            <div class=\"kksr-star\" data-star=\"1\" style=\"padding-right: 5px\">\n            \n\n<div class=\"kksr-icon\" style=\"width: 22px; height: 22px;\"><\/div>\n        <\/div>\n            <div class=\"kksr-star\" data-star=\"2\" style=\"padding-right: 5px\">\n            \n\n<div class=\"kksr-icon\" style=\"width: 22px; height: 22px;\"><\/div>\n        <\/div>\n            <div class=\"kksr-star\" data-star=\"3\" style=\"padding-right: 5px\">\n            \n\n<div class=\"kksr-icon\" style=\"width: 22px; height: 22px;\"><\/div>\n        <\/div>\n            <div class=\"kksr-star\" data-star=\"4\" style=\"padding-right: 5px\">\n            \n\n<div class=\"kksr-icon\" style=\"width: 22px; height: 22px;\"><\/div>\n        <\/div>\n            <div class=\"kksr-star\" data-star=\"5\" style=\"padding-right: 5px\">\n            \n\n<div class=\"kksr-icon\" style=\"width: 22px; height: 22px;\"><\/div>\n        <\/div>\n    <\/div>\n    \n<div class=\"kksr-stars-active\" style=\"width: 0px;\">\n            <div class=\"kksr-star\" style=\"padding-right: 5px\">\n            \n\n<div class=\"kksr-icon\" style=\"width: 22px; height: 22px;\"><\/div>\n        <\/div>\n            <div class=\"kksr-star\" style=\"padding-right: 5px\">\n            \n\n<div class=\"kksr-icon\" style=\"width: 22px; height: 22px;\"><\/div>\n        <\/div>\n            <div class=\"kksr-star\" style=\"padding-right: 5px\">\n            \n\n<div class=\"kksr-icon\" style=\"width: 22px; height: 22px;\"><\/div>\n        <\/div>\n            <div class=\"kksr-star\" style=\"padding-right: 5px\">\n            \n\n<div class=\"kksr-icon\" style=\"width: 22px; height: 22px;\"><\/div>\n        <\/div>\n            <div class=\"kksr-star\" style=\"padding-right: 5px\">\n            \n\n<div class=\"kksr-icon\" style=\"width: 22px; height: 22px;\"><\/div>\n        <\/div>\n    <\/div>\n<\/div>\n                \n\n<div class=\"kksr-legend\" style=\"font-size: 17.6px;\">\n            <span class=\"kksr-muted\">Valora este post<\/span>\n    <\/div>\n    <\/div>\n","protected":false},"excerpt":{"rendered":"<p>Implementaci\u00f3n de Nuevas Normas para el Consumo de Tabaco En un esfuerzo por promover ambientes m\u00e1s saludables y reducir los riesgos asociados al tabaquismo pasivo, se &#8230; <a title=\"\u00a1Atenci\u00f3n fumadores! Descubre los nuevos lugares donde est\u00e1 prohibido fumar.\" class=\"read-more\" href=\"https:\/\/www.diario21.tv\/noticias\/atencion-fumadores-descubre-los-nuevos-lugares-donde-esta-prohibido-fumar\/\" aria-label=\"Leer m\u00e1s sobre \u00a1Atenci\u00f3n fumadores! Descubre los nuevos lugares donde est\u00e1 prohibido fumar.\">Seguir leyendo &rarr;<\/a><\/p>\n","protected":false},"author":20,"featured_media":4481,"comment_status":"open","ping_status":"open","sticky":false,"template":"","format":"standard","meta":{"footnotes":""},"categories":[13],"tags":[],"class_list":["post-4480","post","type-post","status-publish","format-standard","has-post-thumbnail","hentry","category-portada"],"yoast_head":"<!-- This site is optimized with the Yoast SEO plugin v25.6 - https:\/\/yoast.com\/wordpress\/plugins\/seo\/ -->\n<title>\u00a1Atenci\u00f3n fumadores! Descubre los nuevos lugares donde est\u00e1 prohibido fumar. - Diario 21<\/title>\n<meta name=\"robots\" content=\"index, follow, max-snippet:-1, max-image-preview:large, max-video-preview:-1\" \/>\n<link rel=\"canonical\" href=\"https:\/\/www.diario21.tv\/noticias\/atencion-fumadores-descubre-los-nuevos-lugares-donde-esta-prohibido-fumar\/\" \/>\n<meta property=\"og:locale\" content=\"es_ES\" \/>\n<meta property=\"og:type\" content=\"article\" \/>\n<meta property=\"og:title\" content=\"\u00a1Atenci\u00f3n fumadores! Descubre los nuevos lugares donde est\u00e1 prohibido fumar. - Diario 21\" \/>\n<meta property=\"og:description\" content=\"Implementaci\u00f3n de Nuevas Normas para el Consumo de Tabaco En un esfuerzo por promover ambientes m\u00e1s saludables y reducir los riesgos asociados al tabaquismo pasivo, se ... Seguir leyendo &rarr;\" \/>\n<meta property=\"og:url\" content=\"https:\/\/www.diario21.tv\/noticias\/atencion-fumadores-descubre-los-nuevos-lugares-donde-esta-prohibido-fumar\/\" \/>\n<meta property=\"og:site_name\" content=\"Diario 21\" \/>\n<meta property=\"article:published_time\" content=\"2025-09-12T09:21:16+00:00\" \/>\n<meta property=\"article:modified_time\" content=\"2025-09-12T09:21:17+00:00\" \/>\n<meta property=\"og:image\" content=\"https:\/\/www.diario21.tv\/noticias\/wp-content\/uploads\/2025\/09\/\u00a1Atencion-fumadores-Descubre-los-nuevos-lugares-donde-esta-prohibido-fumar.jpg\" \/>\n\t<meta property=\"og:image:width\" content=\"1200\" \/>\n\t<meta property=\"og:image:height\" content=\"840\" \/>\n\t<meta property=\"og:image:type\" content=\"image\/jpeg\" \/>\n<meta name=\"author\" content=\"Juan P\u00e9rez\" \/>\n<meta name=\"twitter:card\" content=\"summary_large_image\" \/>\n<meta name=\"twitter:label1\" content=\"Escrito por\" \/>\n\t<meta name=\"twitter:data1\" content=\"Juan P\u00e9rez\" \/>\n\t<meta name=\"twitter:label2\" content=\"Tiempo de lectura\" \/>\n\t<meta name=\"twitter:data2\" content=\"2 minutos\" \/>\n<script type=\"application\/ld+json\" class=\"yoast-schema-graph\">{\"@context\":\"https:\/\/schema.org\",\"@graph\":[{\"@type\":\"WebPage\",\"@id\":\"https:\/\/www.diario21.tv\/noticias\/atencion-fumadores-descubre-los-nuevos-lugares-donde-esta-prohibido-fumar\/\",\"url\":\"https:\/\/www.diario21.tv\/noticias\/atencion-fumadores-descubre-los-nuevos-lugares-donde-esta-prohibido-fumar\/\",\"name\":\"\u00a1Atenci\u00f3n fumadores! Descubre los nuevos lugares donde est\u00e1 prohibido fumar. - Diario 21\",\"isPartOf\":{\"@id\":\"https:\/\/www.diario21.tv\/noticias\/#website\"},\"primaryImageOfPage\":{\"@id\":\"https:\/\/www.diario21.tv\/noticias\/atencion-fumadores-descubre-los-nuevos-lugares-donde-esta-prohibido-fumar\/#primaryimage\"},\"image\":{\"@id\":\"https:\/\/www.diario21.tv\/noticias\/atencion-fumadores-descubre-los-nuevos-lugares-donde-esta-prohibido-fumar\/#primaryimage\"},\"thumbnailUrl\":\"https:\/\/www.diario21.tv\/noticias\/wp-content\/uploads\/2025\/09\/\u00a1Atencion-fumadores-Descubre-los-nuevos-lugares-donde-esta-prohibido-fumar.jpg\",\"datePublished\":\"2025-09-12T09:21:16+00:00\",\"dateModified\":\"2025-09-12T09:21:17+00:00\",\"author\":{\"@id\":\"https:\/\/www.diario21.tv\/noticias\/#\/schema\/person\/dfb778f73814d8f09f302618446a526b\"},\"breadcrumb\":{\"@id\":\"https:\/\/www.diario21.tv\/noticias\/atencion-fumadores-descubre-los-nuevos-lugares-donde-esta-prohibido-fumar\/#breadcrumb\"},\"inLanguage\":\"es-AR\",\"potentialAction\":[{\"@type\":\"ReadAction\",\"target\":[\"https:\/\/www.diario21.tv\/noticias\/atencion-fumadores-descubre-los-nuevos-lugares-donde-esta-prohibido-fumar\/\"]}]},{\"@type\":\"ImageObject\",\"inLanguage\":\"es-AR\",\"@id\":\"https:\/\/www.diario21.tv\/noticias\/atencion-fumadores-descubre-los-nuevos-lugares-donde-esta-prohibido-fumar\/#primaryimage\",\"url\":\"https:\/\/www.diario21.tv\/noticias\/wp-content\/uploads\/2025\/09\/\u00a1Atencion-fumadores-Descubre-los-nuevos-lugares-donde-esta-prohibido-fumar.jpg\",\"contentUrl\":\"https:\/\/www.diario21.tv\/noticias\/wp-content\/uploads\/2025\/09\/\u00a1Atencion-fumadores-Descubre-los-nuevos-lugares-donde-esta-prohibido-fumar.jpg\",\"width\":1200,\"height\":840,\"caption\":\"Nuevas restricciones para fumadores: estos son los espacios donde ya no se podr\u00e1 fumar\"},{\"@type\":\"BreadcrumbList\",\"@id\":\"https:\/\/www.diario21.tv\/noticias\/atencion-fumadores-descubre-los-nuevos-lugares-donde-esta-prohibido-fumar\/#breadcrumb\",\"itemListElement\":[{\"@type\":\"ListItem\",\"position\":1,\"name\":\"Accueil\",\"item\":\"https:\/\/www.diario21.tv\/noticias\/\"},{\"@type\":\"ListItem\",\"position\":2,\"name\":\"\u00a1Atenci\u00f3n fumadores! Descubre los nuevos lugares donde est\u00e1 prohibido fumar.\"}]},{\"@type\":\"WebSite\",\"@id\":\"https:\/\/www.diario21.tv\/noticias\/#website\",\"url\":\"https:\/\/www.diario21.tv\/noticias\/\",\"name\":\"Diario 21\",\"description\":\"\",\"potentialAction\":[{\"@type\":\"SearchAction\",\"target\":{\"@type\":\"EntryPoint\",\"urlTemplate\":\"https:\/\/www.diario21.tv\/noticias\/?s={search_term_string}\"},\"query-input\":{\"@type\":\"PropertyValueSpecification\",\"valueRequired\":true,\"valueName\":\"search_term_string\"}}],\"inLanguage\":\"es-AR\"},{\"@type\":\"Person\",\"@id\":\"https:\/\/www.diario21.tv\/noticias\/#\/schema\/person\/dfb778f73814d8f09f302618446a526b\",\"name\":\"Juan P\u00e9rez\",\"image\":{\"@type\":\"ImageObject\",\"inLanguage\":\"es-AR\",\"@id\":\"https:\/\/www.diario21.tv\/noticias\/#\/schema\/person\/image\/\",\"url\":\"https:\/\/secure.gravatar.com\/avatar\/c478a405bd10621167f4c3167cc770f5?s=96&d=mm&r=g\",\"contentUrl\":\"https:\/\/secure.gravatar.com\/avatar\/c478a405bd10621167f4c3167cc770f5?s=96&d=mm&r=g\",\"caption\":\"Juan P\u00e9rez\"},\"description\":\"Juan P\u00e9rez es el redactor en jefe de Diario 21. Con m\u00e1s de 10 a\u00f1os de experiencia en el periodismo, se especializa en pol\u00edtica nacional y an\u00e1lisis socioecon\u00f3mico. Su enfoque cr\u00edtico y riguroso aporta una perspectiva \u00fanica a cada art\u00edculo.\",\"sameAs\":[\"https:\/\/www.diario21.tv\/noticias\/\"],\"url\":\"https:\/\/www.diario21.tv\/noticias\/author\/juan-perez\/\"}]}<\/script>\n<!-- \/ Yoast SEO plugin. -->","yoast_head_json":{"title":"\u00a1Atenci\u00f3n fumadores! Descubre los nuevos lugares donde est\u00e1 prohibido fumar. - Diario 21","robots":{"index":"index","follow":"follow","max-snippet":"max-snippet:-1","max-image-preview":"max-image-preview:large","max-video-preview":"max-video-preview:-1"},"canonical":"https:\/\/www.diario21.tv\/noticias\/atencion-fumadores-descubre-los-nuevos-lugares-donde-esta-prohibido-fumar\/","og_locale":"es_ES","og_type":"article","og_title":"\u00a1Atenci\u00f3n fumadores! Descubre los nuevos lugares donde est\u00e1 prohibido fumar. - Diario 21","og_description":"Implementaci\u00f3n de Nuevas Normas para el Consumo de Tabaco En un esfuerzo por promover ambientes m\u00e1s saludables y reducir los riesgos asociados al tabaquismo pasivo, se ... Seguir leyendo &rarr;","og_url":"https:\/\/www.diario21.tv\/noticias\/atencion-fumadores-descubre-los-nuevos-lugares-donde-esta-prohibido-fumar\/","og_site_name":"Diario 21","article_published_time":"2025-09-12T09:21:16+00:00","article_modified_time":"2025-09-12T09:21:17+00:00","og_image":[{"width":1200,"height":840,"url":"https:\/\/www.diario21.tv\/noticias\/wp-content\/uploads\/2025\/09\/\u00a1Atencion-fumadores-Descubre-los-nuevos-lugares-donde-esta-prohibido-fumar.jpg","type":"image\/jpeg"}],"author":"Juan P\u00e9rez","twitter_card":"summary_large_image","twitter_misc":{"Escrito por":"Juan P\u00e9rez","Tiempo de lectura":"2 minutos"},"schema":{"@context":"https:\/\/schema.org","@graph":[{"@type":"WebPage","@id":"https:\/\/www.diario21.tv\/noticias\/atencion-fumadores-descubre-los-nuevos-lugares-donde-esta-prohibido-fumar\/","url":"https:\/\/www.diario21.tv\/noticias\/atencion-fumadores-descubre-los-nuevos-lugares-donde-esta-prohibido-fumar\/","name":"\u00a1Atenci\u00f3n fumadores! Descubre los nuevos lugares donde est\u00e1 prohibido fumar. - Diario 21","isPartOf":{"@id":"https:\/\/www.diario21.tv\/noticias\/#website"},"primaryImageOfPage":{"@id":"https:\/\/www.diario21.tv\/noticias\/atencion-fumadores-descubre-los-nuevos-lugares-donde-esta-prohibido-fumar\/#primaryimage"},"image":{"@id":"https:\/\/www.diario21.tv\/noticias\/atencion-fumadores-descubre-los-nuevos-lugares-donde-esta-prohibido-fumar\/#primaryimage"},"thumbnailUrl":"https:\/\/www.diario21.tv\/noticias\/wp-content\/uploads\/2025\/09\/\u00a1Atencion-fumadores-Descubre-los-nuevos-lugares-donde-esta-prohibido-fumar.jpg","datePublished":"2025-09-12T09:21:16+00:00","dateModified":"2025-09-12T09:21:17+00:00","author":{"@id":"https:\/\/www.diario21.tv\/noticias\/#\/schema\/person\/dfb778f73814d8f09f302618446a526b"},"breadcrumb":{"@id":"https:\/\/www.diario21.tv\/noticias\/atencion-fumadores-descubre-los-nuevos-lugares-donde-esta-prohibido-fumar\/#breadcrumb"},"inLanguage":"es-AR","potentialAction":[{"@type":"ReadAction","target":["https:\/\/www.diario21.tv\/noticias\/atencion-fumadores-descubre-los-nuevos-lugares-donde-esta-prohibido-fumar\/"]}]},{"@type":"ImageObject","inLanguage":"es-AR","@id":"https:\/\/www.diario21.tv\/noticias\/atencion-fumadores-descubre-los-nuevos-lugares-donde-esta-prohibido-fumar\/#primaryimage","url":"https:\/\/www.diario21.tv\/noticias\/wp-content\/uploads\/2025\/09\/\u00a1Atencion-fumadores-Descubre-los-nuevos-lugares-donde-esta-prohibido-fumar.jpg","contentUrl":"https:\/\/www.diario21.tv\/noticias\/wp-content\/uploads\/2025\/09\/\u00a1Atencion-fumadores-Descubre-los-nuevos-lugares-donde-esta-prohibido-fumar.jpg","width":1200,"height":840,"caption":"Nuevas restricciones para fumadores: estos son los espacios donde ya no se podr\u00e1 fumar"},{"@type":"BreadcrumbList","@id":"https:\/\/www.diario21.tv\/noticias\/atencion-fumadores-descubre-los-nuevos-lugares-donde-esta-prohibido-fumar\/#breadcrumb","itemListElement":[{"@type":"ListItem","position":1,"name":"Accueil","item":"https:\/\/www.diario21.tv\/noticias\/"},{"@type":"ListItem","position":2,"name":"\u00a1Atenci\u00f3n fumadores! Descubre los nuevos lugares donde est\u00e1 prohibido fumar."}]},{"@type":"WebSite","@id":"https:\/\/www.diario21.tv\/noticias\/#website","url":"https:\/\/www.diario21.tv\/noticias\/","name":"Diario 21","description":"","potentialAction":[{"@type":"SearchAction","target":{"@type":"EntryPoint","urlTemplate":"https:\/\/www.diario21.tv\/noticias\/?s={search_term_string}"},"query-input":{"@type":"PropertyValueSpecification","valueRequired":true,"valueName":"search_term_string"}}],"inLanguage":"es-AR"},{"@type":"Person","@id":"https:\/\/www.diario21.tv\/noticias\/#\/schema\/person\/dfb778f73814d8f09f302618446a526b","name":"Juan P\u00e9rez","image":{"@type":"ImageObject","inLanguage":"es-AR","@id":"https:\/\/www.diario21.tv\/noticias\/#\/schema\/person\/image\/","url":"https:\/\/secure.gravatar.com\/avatar\/c478a405bd10621167f4c3167cc770f5?s=96&d=mm&r=g","contentUrl":"https:\/\/secure.gravatar.com\/avatar\/c478a405bd10621167f4c3167cc770f5?s=96&d=mm&r=g","caption":"Juan P\u00e9rez"},"description":"Juan P\u00e9rez es el redactor en jefe de Diario 21. Con m\u00e1s de 10 a\u00f1os de experiencia en el periodismo, se especializa en pol\u00edtica nacional y an\u00e1lisis socioecon\u00f3mico. Su enfoque cr\u00edtico y riguroso aporta una perspectiva \u00fanica a cada art\u00edculo.","sameAs":["https:\/\/www.diario21.tv\/noticias\/"],"url":"https:\/\/www.diario21.tv\/noticias\/author\/juan-perez\/"}]}},"_links":{"self":[{"href":"https:\/\/www.diario21.tv\/noticias\/wp-json\/wp\/v2\/posts\/4480"}],"collection":[{"href":"https:\/\/www.diario21.tv\/noticias\/wp-json\/wp\/v2\/posts"}],"about":[{"href":"https:\/\/www.diario21.tv\/noticias\/wp-json\/wp\/v2\/types\/post"}],"author":[{"embeddable":true,"href":"https:\/\/www.diario21.tv\/noticias\/wp-json\/wp\/v2\/users\/20"}],"replies":[{"embeddable":true,"href":"https:\/\/www.diario21.tv\/noticias\/wp-json\/wp\/v2\/comments?post=4480"}],"version-history":[{"count":1,"href":"https:\/\/www.diario21.tv\/noticias\/wp-json\/wp\/v2\/posts\/4480\/revisions"}],"predecessor-version":[{"id":4482,"href":"https:\/\/www.diario21.tv\/noticias\/wp-json\/wp\/v2\/posts\/4480\/revisions\/4482"}],"wp:featuredmedia":[{"embeddable":true,"href":"https:\/\/www.diario21.tv\/noticias\/wp-json\/wp\/v2\/media\/4481"}],"wp:attachment":[{"href":"https:\/\/www.diario21.tv\/noticias\/wp-json\/wp\/v2\/media?parent=4480"}],"wp:term":[{"taxonomy":"category","embeddable":true,"href":"https:\/\/www.diario21.tv\/noticias\/wp-json\/wp\/v2\/categories?post=4480"},{"taxonomy":"post_tag","embeddable":true,"href":"https:\/\/www.diario21.tv\/noticias\/wp-json\/wp\/v2\/tags?post=4480"}],"curies":[{"name":"wp","href":"https:\/\/api.w.org\/{rel}","templated":true}]}}