{"id":4468,"date":"2025-09-11T09:15:21","date_gmt":"2025-09-11T09:15:21","guid":{"rendered":"https:\/\/www.diario21.tv\/noticias\/impactante-hallazgo-en-toledo-encuentran-feto-en-congelador-de-una-vivienda-rural\/"},"modified":"2025-09-11T09:15:22","modified_gmt":"2025-09-11T09:15:22","slug":"impactante-hallazgo-en-toledo-encuentran-feto-en-congelador-de-una-vivienda-rural","status":"publish","type":"post","link":"https:\/\/www.diario21.tv\/noticias\/impactante-hallazgo-en-toledo-encuentran-feto-en-congelador-de-una-vivienda-rural\/","title":{"rendered":"\u00a1Impactante hallazgo en Toledo! Encuentran feto en congelador de una vivienda rural."},"content":{"rendered":"<h2>Hallazgo Impactante en una Casa de Toledo<\/h2>\n<p>En un sorprendente y alarmante descubrimiento, las autoridades encontraron un feto humano almacenado dentro de un congelador en una residencia ubicada en un peque\u00f1o pueblo de la provincia de Toledo. Este hallazgo ha conmocionado a la comunidad local y ha iniciado una investigaci\u00f3n policial para esclarecer los detalles que rodean este inquietante evento.<\/p>\n<h3>Descubrimiento del Feto<\/h3>\n<p>El feto fue encontrado durante una inspecci\u00f3n rutinaria llevada a cabo por la polic\u00eda local. Al inspeccionar la vivienda, los agentes se percataron de la presencia de algo inusual en un congelador de la cocina. Al examinar m\u00e1s de cerca, descubrieron que se trataba de un feto humano, lo que inmediatamente activ\u00f3 un protocolo especializado para este tipo de hallazgos.<\/p>\n<h3>Investigaci\u00f3n en Curso<\/h3>\n<p>Las fuerzas del orden est\u00e1n actualmente investigando el caso para determinar las circunstancias exactas de c\u00f3mo y por qu\u00e9 el feto lleg\u00f3 a estar en el congelador. La investigaci\u00f3n se est\u00e1 llevando a cabo con la m\u00e1xima discreci\u00f3n y respeto hacia todas las partes involucradas.<\/p>\n<p>Se ha iniciado un proceso para identificar a los residentes de la vivienda y cualquier conexi\u00f3n que puedan tener con el feto. La polic\u00eda tambi\u00e9n est\u00e1 colaborando con m\u00e9dicos forenses para determinar la edad gestacional del feto y otros detalles que puedan ayudar a esclarecer el caso.<\/p>\n<h3>Reacciones de la Comunidad<\/h3>\n<p>La comunidad del peque\u00f1o pueblo donde ocurri\u00f3 este hallazgo ha quedado profundamente impactada. Los vecinos expresan su preocupaci\u00f3n y tristeza, y muchos est\u00e1n colaborando con la polic\u00eda, proporcionando cualquier informaci\u00f3n que pueda ser \u00fatil para avanzar en la investigaci\u00f3n.<\/p>\n<p>Las autoridades han hecho un llamado a la calma y han pedido a los ciudadanos que se abstengan de sacar conclusiones precipitadas mientras se lleva a cabo la investigaci\u00f3n. La prioridad es resolver este caso con la seriedad y sensibilidad que requiere.<\/p>\n<h3>Medidas a Seguir<\/h3>\n<p>El caso sigue en desarrollo, y la polic\u00eda ha asegurado que proporcionar\u00e1 actualizaciones a medida que la investigaci\u00f3n avance. Se ha hecho hincapi\u00e9 en la importancia de la colaboraci\u00f3n ciudadana y el respeto por la privacidad y el proceso legal en curso.<\/p>\n<p>Este inusual y tr\u00e1gico evento ha recordado a la comunidad la importancia de la vigilancia y la cooperaci\u00f3n con las autoridades para mantener la seguridad y el orden en el \u00e1rea. La resoluci\u00f3n de este caso ser\u00e1 crucial para devolver la tranquilidad a este tranquilo pueblo de Toledo.<\/p>\n\n\n<div class=\"kk-star-ratings kksr-auto kksr-align-left kksr-valign-bottom\"\n    data-payload='{&quot;align&quot;:&quot;left&quot;,&quot;id&quot;:&quot;4468&quot;,&quot;slug&quot;:&quot;default&quot;,&quot;valign&quot;:&quot;bottom&quot;,&quot;ignore&quot;:&quot;&quot;,&quot;reference&quot;:&quot;auto&quot;,&quot;class&quot;:&quot;&quot;,&quot;count&quot;:&quot;0&quot;,&quot;legendonly&quot;:&quot;&quot;,&quot;readonly&quot;:&quot;&quot;,&quot;score&quot;:&quot;0&quot;,&quot;starsonly&quot;:&quot;&quot;,&quot;best&quot;:&quot;5&quot;,&quot;gap&quot;:&quot;5&quot;,&quot;greet&quot;:&quot;Valora este post&quot;,&quot;legend&quot;:&quot;0\\\/5 - (0 votes)&quot;,&quot;size&quot;:&quot;22&quot;,&quot;title&quot;:&quot;\u00a1Impactante hallazgo en Toledo! Encuentran feto en congelador de una vivienda rural.&quot;,&quot;width&quot;:&quot;0&quot;,&quot;_legend&quot;:&quot;{score}\\\/{best} - ({count} {votes})&quot;,&quot;font_factor&quot;:&quot;1.25&quot;}'>\n            \n<div class=\"kksr-stars\">\n    \n<div class=\"kksr-stars-inactive\">\n            <div class=\"kksr-star\" data-star=\"1\" style=\"padding-right: 5px\">\n            \n\n<div class=\"kksr-icon\" style=\"width: 22px; height: 22px;\"><\/div>\n        <\/div>\n            <div class=\"kksr-star\" data-star=\"2\" style=\"padding-right: 5px\">\n            \n\n<div class=\"kksr-icon\" style=\"width: 22px; height: 22px;\"><\/div>\n        <\/div>\n            <div class=\"kksr-star\" data-star=\"3\" style=\"padding-right: 5px\">\n            \n\n<div class=\"kksr-icon\" style=\"width: 22px; height: 22px;\"><\/div>\n        <\/div>\n            <div class=\"kksr-star\" data-star=\"4\" style=\"padding-right: 5px\">\n            \n\n<div class=\"kksr-icon\" style=\"width: 22px; height: 22px;\"><\/div>\n        <\/div>\n            <div class=\"kksr-star\" data-star=\"5\" style=\"padding-right: 5px\">\n            \n\n<div class=\"kksr-icon\" style=\"width: 22px; height: 22px;\"><\/div>\n        <\/div>\n    <\/div>\n    \n<div class=\"kksr-stars-active\" style=\"width: 0px;\">\n            <div class=\"kksr-star\" style=\"padding-right: 5px\">\n            \n\n<div class=\"kksr-icon\" style=\"width: 22px; height: 22px;\"><\/div>\n        <\/div>\n            <div class=\"kksr-star\" style=\"padding-right: 5px\">\n            \n\n<div class=\"kksr-icon\" style=\"width: 22px; height: 22px;\"><\/div>\n        <\/div>\n            <div class=\"kksr-star\" style=\"padding-right: 5px\">\n            \n\n<div class=\"kksr-icon\" style=\"width: 22px; height: 22px;\"><\/div>\n        <\/div>\n            <div class=\"kksr-star\" style=\"padding-right: 5px\">\n            \n\n<div class=\"kksr-icon\" style=\"width: 22px; height: 22px;\"><\/div>\n        <\/div>\n            <div class=\"kksr-star\" style=\"padding-right: 5px\">\n            \n\n<div class=\"kksr-icon\" style=\"width: 22px; height: 22px;\"><\/div>\n        <\/div>\n    <\/div>\n<\/div>\n                \n\n<div class=\"kksr-legend\" style=\"font-size: 17.6px;\">\n            <span class=\"kksr-muted\">Valora este post<\/span>\n    <\/div>\n    <\/div>\n","protected":false},"excerpt":{"rendered":"<p>Hallazgo Impactante en una Casa de Toledo En un sorprendente y alarmante descubrimiento, las autoridades encontraron un feto humano almacenado dentro de un congelador en una &#8230; <a title=\"\u00a1Impactante hallazgo en Toledo! Encuentran feto en congelador de una vivienda rural.\" class=\"read-more\" href=\"https:\/\/www.diario21.tv\/noticias\/impactante-hallazgo-en-toledo-encuentran-feto-en-congelador-de-una-vivienda-rural\/\" aria-label=\"Leer m\u00e1s sobre \u00a1Impactante hallazgo en Toledo! Encuentran feto en congelador de una vivienda rural.\">Seguir leyendo &rarr;<\/a><\/p>\n","protected":false},"author":20,"featured_media":4469,"comment_status":"open","ping_status":"open","sticky":false,"template":"","format":"standard","meta":{"footnotes":""},"categories":[13],"tags":[],"class_list":["post-4468","post","type-post","status-publish","format-standard","has-post-thumbnail","hentry","category-portada"],"yoast_head":"<!-- This site is optimized with the Yoast SEO plugin v25.6 - https:\/\/yoast.com\/wordpress\/plugins\/seo\/ -->\n<title>\u00a1Impactante hallazgo en Toledo! Encuentran feto en congelador de una vivienda rural. - Diario 21<\/title>\n<meta name=\"robots\" content=\"index, follow, max-snippet:-1, max-image-preview:large, max-video-preview:-1\" \/>\n<link rel=\"canonical\" href=\"https:\/\/www.diario21.tv\/noticias\/impactante-hallazgo-en-toledo-encuentran-feto-en-congelador-de-una-vivienda-rural\/\" \/>\n<meta property=\"og:locale\" content=\"es_ES\" \/>\n<meta property=\"og:type\" content=\"article\" \/>\n<meta property=\"og:title\" content=\"\u00a1Impactante hallazgo en Toledo! Encuentran feto en congelador de una vivienda rural. - Diario 21\" \/>\n<meta property=\"og:description\" content=\"Hallazgo Impactante en una Casa de Toledo En un sorprendente y alarmante descubrimiento, las autoridades encontraron un feto humano almacenado dentro de un congelador en una ... Seguir leyendo &rarr;\" \/>\n<meta property=\"og:url\" content=\"https:\/\/www.diario21.tv\/noticias\/impactante-hallazgo-en-toledo-encuentran-feto-en-congelador-de-una-vivienda-rural\/\" \/>\n<meta property=\"og:site_name\" content=\"Diario 21\" \/>\n<meta property=\"article:published_time\" content=\"2025-09-11T09:15:21+00:00\" \/>\n<meta property=\"article:modified_time\" content=\"2025-09-11T09:15:22+00:00\" \/>\n<meta property=\"og:image\" content=\"https:\/\/www.diario21.tv\/noticias\/wp-content\/uploads\/2025\/09\/\u00a1Impactante-hallazgo-en-Toledo-Encuentran-feto-en-congelador-de-una.jpg\" \/>\n\t<meta property=\"og:image:width\" content=\"1200\" \/>\n\t<meta property=\"og:image:height\" content=\"840\" \/>\n\t<meta property=\"og:image:type\" content=\"image\/jpeg\" \/>\n<meta name=\"author\" content=\"Juan P\u00e9rez\" \/>\n<meta name=\"twitter:card\" content=\"summary_large_image\" \/>\n<meta name=\"twitter:label1\" content=\"Escrito por\" \/>\n\t<meta name=\"twitter:data1\" content=\"Juan P\u00e9rez\" \/>\n\t<meta name=\"twitter:label2\" content=\"Tiempo de lectura\" \/>\n\t<meta name=\"twitter:data2\" content=\"2 minutos\" \/>\n<script type=\"application\/ld+json\" class=\"yoast-schema-graph\">{\"@context\":\"https:\/\/schema.org\",\"@graph\":[{\"@type\":\"WebPage\",\"@id\":\"https:\/\/www.diario21.tv\/noticias\/impactante-hallazgo-en-toledo-encuentran-feto-en-congelador-de-una-vivienda-rural\/\",\"url\":\"https:\/\/www.diario21.tv\/noticias\/impactante-hallazgo-en-toledo-encuentran-feto-en-congelador-de-una-vivienda-rural\/\",\"name\":\"\u00a1Impactante hallazgo en Toledo! Encuentran feto en congelador de una vivienda rural. - Diario 21\",\"isPartOf\":{\"@id\":\"https:\/\/www.diario21.tv\/noticias\/#website\"},\"primaryImageOfPage\":{\"@id\":\"https:\/\/www.diario21.tv\/noticias\/impactante-hallazgo-en-toledo-encuentran-feto-en-congelador-de-una-vivienda-rural\/#primaryimage\"},\"image\":{\"@id\":\"https:\/\/www.diario21.tv\/noticias\/impactante-hallazgo-en-toledo-encuentran-feto-en-congelador-de-una-vivienda-rural\/#primaryimage\"},\"thumbnailUrl\":\"https:\/\/www.diario21.tv\/noticias\/wp-content\/uploads\/2025\/09\/\u00a1Impactante-hallazgo-en-Toledo-Encuentran-feto-en-congelador-de-una.jpg\",\"datePublished\":\"2025-09-11T09:15:21+00:00\",\"dateModified\":\"2025-09-11T09:15:22+00:00\",\"author\":{\"@id\":\"https:\/\/www.diario21.tv\/noticias\/#\/schema\/person\/dfb778f73814d8f09f302618446a526b\"},\"breadcrumb\":{\"@id\":\"https:\/\/www.diario21.tv\/noticias\/impactante-hallazgo-en-toledo-encuentran-feto-en-congelador-de-una-vivienda-rural\/#breadcrumb\"},\"inLanguage\":\"es-AR\",\"potentialAction\":[{\"@type\":\"ReadAction\",\"target\":[\"https:\/\/www.diario21.tv\/noticias\/impactante-hallazgo-en-toledo-encuentran-feto-en-congelador-de-una-vivienda-rural\/\"]}]},{\"@type\":\"ImageObject\",\"inLanguage\":\"es-AR\",\"@id\":\"https:\/\/www.diario21.tv\/noticias\/impactante-hallazgo-en-toledo-encuentran-feto-en-congelador-de-una-vivienda-rural\/#primaryimage\",\"url\":\"https:\/\/www.diario21.tv\/noticias\/wp-content\/uploads\/2025\/09\/\u00a1Impactante-hallazgo-en-Toledo-Encuentran-feto-en-congelador-de-una.jpg\",\"contentUrl\":\"https:\/\/www.diario21.tv\/noticias\/wp-content\/uploads\/2025\/09\/\u00a1Impactante-hallazgo-en-Toledo-Encuentran-feto-en-congelador-de-una.jpg\",\"width\":1200,\"height\":840,\"caption\":\"Encuentran un feto en el congelador de una vivienda de un pueblo de Toledo\"},{\"@type\":\"BreadcrumbList\",\"@id\":\"https:\/\/www.diario21.tv\/noticias\/impactante-hallazgo-en-toledo-encuentran-feto-en-congelador-de-una-vivienda-rural\/#breadcrumb\",\"itemListElement\":[{\"@type\":\"ListItem\",\"position\":1,\"name\":\"Accueil\",\"item\":\"https:\/\/www.diario21.tv\/noticias\/\"},{\"@type\":\"ListItem\",\"position\":2,\"name\":\"\u00a1Impactante hallazgo en Toledo! Encuentran feto en congelador de una vivienda rural.\"}]},{\"@type\":\"WebSite\",\"@id\":\"https:\/\/www.diario21.tv\/noticias\/#website\",\"url\":\"https:\/\/www.diario21.tv\/noticias\/\",\"name\":\"Diario 21\",\"description\":\"\",\"potentialAction\":[{\"@type\":\"SearchAction\",\"target\":{\"@type\":\"EntryPoint\",\"urlTemplate\":\"https:\/\/www.diario21.tv\/noticias\/?s={search_term_string}\"},\"query-input\":{\"@type\":\"PropertyValueSpecification\",\"valueRequired\":true,\"valueName\":\"search_term_string\"}}],\"inLanguage\":\"es-AR\"},{\"@type\":\"Person\",\"@id\":\"https:\/\/www.diario21.tv\/noticias\/#\/schema\/person\/dfb778f73814d8f09f302618446a526b\",\"name\":\"Juan P\u00e9rez\",\"image\":{\"@type\":\"ImageObject\",\"inLanguage\":\"es-AR\",\"@id\":\"https:\/\/www.diario21.tv\/noticias\/#\/schema\/person\/image\/\",\"url\":\"https:\/\/secure.gravatar.com\/avatar\/c478a405bd10621167f4c3167cc770f5?s=96&d=mm&r=g\",\"contentUrl\":\"https:\/\/secure.gravatar.com\/avatar\/c478a405bd10621167f4c3167cc770f5?s=96&d=mm&r=g\",\"caption\":\"Juan P\u00e9rez\"},\"description\":\"Juan P\u00e9rez es el redactor en jefe de Diario 21. Con m\u00e1s de 10 a\u00f1os de experiencia en el periodismo, se especializa en pol\u00edtica nacional y an\u00e1lisis socioecon\u00f3mico. Su enfoque cr\u00edtico y riguroso aporta una perspectiva \u00fanica a cada art\u00edculo.\",\"sameAs\":[\"https:\/\/www.diario21.tv\/noticias\/\"],\"url\":\"https:\/\/www.diario21.tv\/noticias\/author\/juan-perez\/\"}]}<\/script>\n<!-- \/ Yoast SEO plugin. -->","yoast_head_json":{"title":"\u00a1Impactante hallazgo en Toledo! Encuentran feto en congelador de una vivienda rural. - Diario 21","robots":{"index":"index","follow":"follow","max-snippet":"max-snippet:-1","max-image-preview":"max-image-preview:large","max-video-preview":"max-video-preview:-1"},"canonical":"https:\/\/www.diario21.tv\/noticias\/impactante-hallazgo-en-toledo-encuentran-feto-en-congelador-de-una-vivienda-rural\/","og_locale":"es_ES","og_type":"article","og_title":"\u00a1Impactante hallazgo en Toledo! Encuentran feto en congelador de una vivienda rural. - Diario 21","og_description":"Hallazgo Impactante en una Casa de Toledo En un sorprendente y alarmante descubrimiento, las autoridades encontraron un feto humano almacenado dentro de un congelador en una ... Seguir leyendo &rarr;","og_url":"https:\/\/www.diario21.tv\/noticias\/impactante-hallazgo-en-toledo-encuentran-feto-en-congelador-de-una-vivienda-rural\/","og_site_name":"Diario 21","article_published_time":"2025-09-11T09:15:21+00:00","article_modified_time":"2025-09-11T09:15:22+00:00","og_image":[{"width":1200,"height":840,"url":"https:\/\/www.diario21.tv\/noticias\/wp-content\/uploads\/2025\/09\/\u00a1Impactante-hallazgo-en-Toledo-Encuentran-feto-en-congelador-de-una.jpg","type":"image\/jpeg"}],"author":"Juan P\u00e9rez","twitter_card":"summary_large_image","twitter_misc":{"Escrito por":"Juan P\u00e9rez","Tiempo de lectura":"2 minutos"},"schema":{"@context":"https:\/\/schema.org","@graph":[{"@type":"WebPage","@id":"https:\/\/www.diario21.tv\/noticias\/impactante-hallazgo-en-toledo-encuentran-feto-en-congelador-de-una-vivienda-rural\/","url":"https:\/\/www.diario21.tv\/noticias\/impactante-hallazgo-en-toledo-encuentran-feto-en-congelador-de-una-vivienda-rural\/","name":"\u00a1Impactante hallazgo en Toledo! Encuentran feto en congelador de una vivienda rural. - Diario 21","isPartOf":{"@id":"https:\/\/www.diario21.tv\/noticias\/#website"},"primaryImageOfPage":{"@id":"https:\/\/www.diario21.tv\/noticias\/impactante-hallazgo-en-toledo-encuentran-feto-en-congelador-de-una-vivienda-rural\/#primaryimage"},"image":{"@id":"https:\/\/www.diario21.tv\/noticias\/impactante-hallazgo-en-toledo-encuentran-feto-en-congelador-de-una-vivienda-rural\/#primaryimage"},"thumbnailUrl":"https:\/\/www.diario21.tv\/noticias\/wp-content\/uploads\/2025\/09\/\u00a1Impactante-hallazgo-en-Toledo-Encuentran-feto-en-congelador-de-una.jpg","datePublished":"2025-09-11T09:15:21+00:00","dateModified":"2025-09-11T09:15:22+00:00","author":{"@id":"https:\/\/www.diario21.tv\/noticias\/#\/schema\/person\/dfb778f73814d8f09f302618446a526b"},"breadcrumb":{"@id":"https:\/\/www.diario21.tv\/noticias\/impactante-hallazgo-en-toledo-encuentran-feto-en-congelador-de-una-vivienda-rural\/#breadcrumb"},"inLanguage":"es-AR","potentialAction":[{"@type":"ReadAction","target":["https:\/\/www.diario21.tv\/noticias\/impactante-hallazgo-en-toledo-encuentran-feto-en-congelador-de-una-vivienda-rural\/"]}]},{"@type":"ImageObject","inLanguage":"es-AR","@id":"https:\/\/www.diario21.tv\/noticias\/impactante-hallazgo-en-toledo-encuentran-feto-en-congelador-de-una-vivienda-rural\/#primaryimage","url":"https:\/\/www.diario21.tv\/noticias\/wp-content\/uploads\/2025\/09\/\u00a1Impactante-hallazgo-en-Toledo-Encuentran-feto-en-congelador-de-una.jpg","contentUrl":"https:\/\/www.diario21.tv\/noticias\/wp-content\/uploads\/2025\/09\/\u00a1Impactante-hallazgo-en-Toledo-Encuentran-feto-en-congelador-de-una.jpg","width":1200,"height":840,"caption":"Encuentran un feto en el congelador de una vivienda de un pueblo de Toledo"},{"@type":"BreadcrumbList","@id":"https:\/\/www.diario21.tv\/noticias\/impactante-hallazgo-en-toledo-encuentran-feto-en-congelador-de-una-vivienda-rural\/#breadcrumb","itemListElement":[{"@type":"ListItem","position":1,"name":"Accueil","item":"https:\/\/www.diario21.tv\/noticias\/"},{"@type":"ListItem","position":2,"name":"\u00a1Impactante hallazgo en Toledo! Encuentran feto en congelador de una vivienda rural."}]},{"@type":"WebSite","@id":"https:\/\/www.diario21.tv\/noticias\/#website","url":"https:\/\/www.diario21.tv\/noticias\/","name":"Diario 21","description":"","potentialAction":[{"@type":"SearchAction","target":{"@type":"EntryPoint","urlTemplate":"https:\/\/www.diario21.tv\/noticias\/?s={search_term_string}"},"query-input":{"@type":"PropertyValueSpecification","valueRequired":true,"valueName":"search_term_string"}}],"inLanguage":"es-AR"},{"@type":"Person","@id":"https:\/\/www.diario21.tv\/noticias\/#\/schema\/person\/dfb778f73814d8f09f302618446a526b","name":"Juan P\u00e9rez","image":{"@type":"ImageObject","inLanguage":"es-AR","@id":"https:\/\/www.diario21.tv\/noticias\/#\/schema\/person\/image\/","url":"https:\/\/secure.gravatar.com\/avatar\/c478a405bd10621167f4c3167cc770f5?s=96&d=mm&r=g","contentUrl":"https:\/\/secure.gravatar.com\/avatar\/c478a405bd10621167f4c3167cc770f5?s=96&d=mm&r=g","caption":"Juan P\u00e9rez"},"description":"Juan P\u00e9rez es el redactor en jefe de Diario 21. Con m\u00e1s de 10 a\u00f1os de experiencia en el periodismo, se especializa en pol\u00edtica nacional y an\u00e1lisis socioecon\u00f3mico. Su enfoque cr\u00edtico y riguroso aporta una perspectiva \u00fanica a cada art\u00edculo.","sameAs":["https:\/\/www.diario21.tv\/noticias\/"],"url":"https:\/\/www.diario21.tv\/noticias\/author\/juan-perez\/"}]}},"_links":{"self":[{"href":"https:\/\/www.diario21.tv\/noticias\/wp-json\/wp\/v2\/posts\/4468"}],"collection":[{"href":"https:\/\/www.diario21.tv\/noticias\/wp-json\/wp\/v2\/posts"}],"about":[{"href":"https:\/\/www.diario21.tv\/noticias\/wp-json\/wp\/v2\/types\/post"}],"author":[{"embeddable":true,"href":"https:\/\/www.diario21.tv\/noticias\/wp-json\/wp\/v2\/users\/20"}],"replies":[{"embeddable":true,"href":"https:\/\/www.diario21.tv\/noticias\/wp-json\/wp\/v2\/comments?post=4468"}],"version-history":[{"count":1,"href":"https:\/\/www.diario21.tv\/noticias\/wp-json\/wp\/v2\/posts\/4468\/revisions"}],"predecessor-version":[{"id":4470,"href":"https:\/\/www.diario21.tv\/noticias\/wp-json\/wp\/v2\/posts\/4468\/revisions\/4470"}],"wp:featuredmedia":[{"embeddable":true,"href":"https:\/\/www.diario21.tv\/noticias\/wp-json\/wp\/v2\/media\/4469"}],"wp:attachment":[{"href":"https:\/\/www.diario21.tv\/noticias\/wp-json\/wp\/v2\/media?parent=4468"}],"wp:term":[{"taxonomy":"category","embeddable":true,"href":"https:\/\/www.diario21.tv\/noticias\/wp-json\/wp\/v2\/categories?post=4468"},{"taxonomy":"post_tag","embeddable":true,"href":"https:\/\/www.diario21.tv\/noticias\/wp-json\/wp\/v2\/tags?post=4468"}],"curies":[{"name":"wp","href":"https:\/\/api.w.org\/{rel}","templated":true}]}}