{"id":445,"date":"2024-09-17T17:41:17","date_gmt":"2024-09-17T17:41:17","guid":{"rendered":"https:\/\/www.diario21.tv\/noticias\/tono-perez-famoso-chef-del-atrio-preside-el-campeonato-nacional-de-pinchos-y-tapas-quien-ganara\/"},"modified":"2024-09-17T17:41:22","modified_gmt":"2024-09-17T17:41:22","slug":"tono-perez-famoso-chef-del-atrio-preside-el-campeonato-nacional-de-pinchos-y-tapas-quien-ganara","status":"publish","type":"post","link":"https:\/\/www.diario21.tv\/noticias\/tono-perez-famoso-chef-del-atrio-preside-el-campeonato-nacional-de-pinchos-y-tapas-quien-ganara\/","title":{"rendered":"\u00a1To\u00f1o P\u00e9rez, famoso chef del Atrio, preside el campeonato nacional de pinchos y tapas! \u00bfQui\u00e9n ganar\u00e1?"},"content":{"rendered":"<h2>El reconocido cocinero To\u00f1o P\u00e9rez, l\u00edder del Atrio, ser\u00e1 el presidente del jurado en el concurso nacional de pinchos y tapas<\/h2>\n<p>El afamado chef To\u00f1o P\u00e9rez, que dirige el Atrio, se ha adjudicado el puesto de presidente del panel de jueces en el torneo nacional de pinchos y tapas. Este evento, que re\u00fane a los m\u00e1s destacados profesionales de la gastronom\u00eda espa\u00f1ola, es una de las competencias culinarias m\u00e1s prestigiosas de la naci\u00f3n.<\/p>\n<p>To\u00f1o P\u00e9rez, cuyo talento culinario y liderazgo en el Atrio le han otorgado reconocimiento a nivel nacional e internacional, tendr\u00e1 la tarea de presidir el jurado en este importante campeonato. Su experiencia y conocimiento en la cocina espa\u00f1ola lo convierten en una figura ideal para liderar el panel de jueces.<\/p>\n<p>Este torneo, que se celebra anualmente, es una excelente plataforma para que los chefs muestren su habilidad y creatividad en la preparaci\u00f3n de pinchos y tapas, dos de los platillos m\u00e1s ic\u00f3nicos de la gastronom\u00eda espa\u00f1ola. Como presidente del jurado, To\u00f1o P\u00e9rez tendr\u00e1 la responsabilidad de garantizar que se mantengan los m\u00e1s altos est\u00e1ndares de calidad en las creaciones culinarias.<\/p>\n<p>A lo largo de su carrera, To\u00f1o P\u00e9rez ha demostrado un profundo compromiso con la promoci\u00f3n de la excelencia gastron\u00f3mica. Su papel en el torneo nacional de pinchos y tapas no ser\u00e1 diferente. Con su liderazgo, se espera que el evento contin\u00fae siendo un escaparate de la rica y diversa cocina espa\u00f1ola.<\/p>\n<p>El puesto de presidente del jurado en el concurso nacional de pinchos y tapas es un honor, y no cabe duda de que To\u00f1o P\u00e9rez, con su experiencia y dedicaci\u00f3n, estar\u00e1 a la altura de la tarea. Su participaci\u00f3n en el evento es una prueba m\u00e1s de su compromiso con la promoci\u00f3n de la excelencia en la gastronom\u00eda espa\u00f1ola, y es un testimonio de su estatus como uno de los chefs m\u00e1s respetados del pa\u00eds.<\/p>\n\n\n<div class=\"kk-star-ratings kksr-auto kksr-align-left kksr-valign-bottom\"\n    data-payload='{&quot;align&quot;:&quot;left&quot;,&quot;id&quot;:&quot;445&quot;,&quot;slug&quot;:&quot;default&quot;,&quot;valign&quot;:&quot;bottom&quot;,&quot;ignore&quot;:&quot;&quot;,&quot;reference&quot;:&quot;auto&quot;,&quot;class&quot;:&quot;&quot;,&quot;count&quot;:&quot;0&quot;,&quot;legendonly&quot;:&quot;&quot;,&quot;readonly&quot;:&quot;&quot;,&quot;score&quot;:&quot;0&quot;,&quot;starsonly&quot;:&quot;&quot;,&quot;best&quot;:&quot;5&quot;,&quot;gap&quot;:&quot;5&quot;,&quot;greet&quot;:&quot;Valora este post&quot;,&quot;legend&quot;:&quot;0\\\/5 - (0 votes)&quot;,&quot;size&quot;:&quot;22&quot;,&quot;title&quot;:&quot;\u00a1To\u00f1o P\u00e9rez, famoso chef del Atrio, preside el campeonato nacional de pinchos y tapas! \u00bfQui\u00e9n ganar\u00e1?&quot;,&quot;width&quot;:&quot;0&quot;,&quot;_legend&quot;:&quot;{score}\\\/{best} - ({count} {votes})&quot;,&quot;font_factor&quot;:&quot;1.25&quot;}'>\n            \n<div class=\"kksr-stars\">\n    \n<div class=\"kksr-stars-inactive\">\n            <div class=\"kksr-star\" data-star=\"1\" style=\"padding-right: 5px\">\n            \n\n<div class=\"kksr-icon\" style=\"width: 22px; height: 22px;\"><\/div>\n        <\/div>\n            <div class=\"kksr-star\" data-star=\"2\" style=\"padding-right: 5px\">\n            \n\n<div class=\"kksr-icon\" style=\"width: 22px; height: 22px;\"><\/div>\n        <\/div>\n            <div class=\"kksr-star\" data-star=\"3\" style=\"padding-right: 5px\">\n            \n\n<div class=\"kksr-icon\" style=\"width: 22px; height: 22px;\"><\/div>\n        <\/div>\n            <div class=\"kksr-star\" data-star=\"4\" style=\"padding-right: 5px\">\n            \n\n<div class=\"kksr-icon\" style=\"width: 22px; height: 22px;\"><\/div>\n        <\/div>\n            <div class=\"kksr-star\" data-star=\"5\" style=\"padding-right: 5px\">\n            \n\n<div class=\"kksr-icon\" style=\"width: 22px; height: 22px;\"><\/div>\n        <\/div>\n    <\/div>\n    \n<div class=\"kksr-stars-active\" style=\"width: 0px;\">\n            <div class=\"kksr-star\" style=\"padding-right: 5px\">\n            \n\n<div class=\"kksr-icon\" style=\"width: 22px; height: 22px;\"><\/div>\n        <\/div>\n            <div class=\"kksr-star\" style=\"padding-right: 5px\">\n            \n\n<div class=\"kksr-icon\" style=\"width: 22px; height: 22px;\"><\/div>\n        <\/div>\n            <div class=\"kksr-star\" style=\"padding-right: 5px\">\n            \n\n<div class=\"kksr-icon\" style=\"width: 22px; height: 22px;\"><\/div>\n        <\/div>\n            <div class=\"kksr-star\" style=\"padding-right: 5px\">\n            \n\n<div class=\"kksr-icon\" style=\"width: 22px; height: 22px;\"><\/div>\n        <\/div>\n            <div class=\"kksr-star\" style=\"padding-right: 5px\">\n            \n\n<div class=\"kksr-icon\" style=\"width: 22px; height: 22px;\"><\/div>\n        <\/div>\n    <\/div>\n<\/div>\n                \n\n<div class=\"kksr-legend\" style=\"font-size: 17.6px;\">\n            <span class=\"kksr-muted\">Valora este post<\/span>\n    <\/div>\n    <\/div>\n","protected":false},"excerpt":{"rendered":"<p>El reconocido cocinero To\u00f1o P\u00e9rez, l\u00edder del Atrio, ser\u00e1 el presidente del jurado en el concurso nacional de pinchos y tapas El afamado chef To\u00f1o P\u00e9rez, &#8230; <a title=\"\u00a1To\u00f1o P\u00e9rez, famoso chef del Atrio, preside el campeonato nacional de pinchos y tapas! \u00bfQui\u00e9n ganar\u00e1?\" class=\"read-more\" href=\"https:\/\/www.diario21.tv\/noticias\/tono-perez-famoso-chef-del-atrio-preside-el-campeonato-nacional-de-pinchos-y-tapas-quien-ganara\/\" aria-label=\"Leer m\u00e1s sobre \u00a1To\u00f1o P\u00e9rez, famoso chef del Atrio, preside el campeonato nacional de pinchos y tapas! \u00bfQui\u00e9n ganar\u00e1?\">Seguir leyendo &rarr;<\/a><\/p>\n","protected":false},"author":16,"featured_media":446,"comment_status":"open","ping_status":"open","sticky":false,"template":"","format":"standard","meta":{"footnotes":""},"categories":[12],"tags":[],"class_list":["post-445","post","type-post","status-publish","format-standard","has-post-thumbnail","hentry","category-tendencia"],"yoast_head":"<!-- This site is optimized with the Yoast SEO plugin v25.6 - https:\/\/yoast.com\/wordpress\/plugins\/seo\/ -->\n<title>\u00a1To\u00f1o P\u00e9rez, famoso chef del Atrio, preside el campeonato nacional de pinchos y tapas! \u00bfQui\u00e9n ganar\u00e1? - Diario 21<\/title>\n<meta name=\"robots\" content=\"index, follow, max-snippet:-1, max-image-preview:large, max-video-preview:-1\" \/>\n<link rel=\"canonical\" href=\"https:\/\/www.diario21.tv\/noticias\/tono-perez-famoso-chef-del-atrio-preside-el-campeonato-nacional-de-pinchos-y-tapas-quien-ganara\/\" \/>\n<meta property=\"og:locale\" content=\"es_ES\" \/>\n<meta property=\"og:type\" content=\"article\" \/>\n<meta property=\"og:title\" content=\"\u00a1To\u00f1o P\u00e9rez, famoso chef del Atrio, preside el campeonato nacional de pinchos y tapas! \u00bfQui\u00e9n ganar\u00e1? - Diario 21\" \/>\n<meta property=\"og:description\" content=\"El reconocido cocinero To\u00f1o P\u00e9rez, l\u00edder del Atrio, ser\u00e1 el presidente del jurado en el concurso nacional de pinchos y tapas El afamado chef To\u00f1o P\u00e9rez, ... Seguir leyendo &rarr;\" \/>\n<meta property=\"og:url\" content=\"https:\/\/www.diario21.tv\/noticias\/tono-perez-famoso-chef-del-atrio-preside-el-campeonato-nacional-de-pinchos-y-tapas-quien-ganara\/\" \/>\n<meta property=\"og:site_name\" content=\"Diario 21\" \/>\n<meta property=\"article:published_time\" content=\"2024-09-17T17:41:17+00:00\" \/>\n<meta property=\"article:modified_time\" content=\"2024-09-17T17:41:22+00:00\" \/>\n<meta property=\"og:image\" content=\"https:\/\/www.diario21.tv\/noticias\/wp-content\/uploads\/2024\/09\/\u00a1Tono-Perez-famoso-chef-del-Atrio-preside-el-campeonato-nacional.jpg\" \/>\n\t<meta property=\"og:image:width\" content=\"1920\" \/>\n\t<meta property=\"og:image:height\" content=\"1080\" \/>\n\t<meta property=\"og:image:type\" content=\"image\/jpeg\" \/>\n<meta name=\"author\" content=\"Diario 21\" \/>\n<meta name=\"twitter:card\" content=\"summary_large_image\" \/>\n<meta name=\"twitter:label1\" content=\"Escrito por\" \/>\n\t<meta name=\"twitter:data1\" content=\"Diario 21\" \/>\n\t<meta name=\"twitter:label2\" content=\"Tiempo de lectura\" \/>\n\t<meta name=\"twitter:data2\" content=\"2 minutos\" \/>\n<script type=\"application\/ld+json\" class=\"yoast-schema-graph\">{\"@context\":\"https:\/\/schema.org\",\"@graph\":[{\"@type\":\"WebPage\",\"@id\":\"https:\/\/www.diario21.tv\/noticias\/tono-perez-famoso-chef-del-atrio-preside-el-campeonato-nacional-de-pinchos-y-tapas-quien-ganara\/\",\"url\":\"https:\/\/www.diario21.tv\/noticias\/tono-perez-famoso-chef-del-atrio-preside-el-campeonato-nacional-de-pinchos-y-tapas-quien-ganara\/\",\"name\":\"\u00a1To\u00f1o P\u00e9rez, famoso chef del Atrio, preside el campeonato nacional de pinchos y tapas! \u00bfQui\u00e9n ganar\u00e1? - Diario 21\",\"isPartOf\":{\"@id\":\"https:\/\/www.diario21.tv\/noticias\/#website\"},\"primaryImageOfPage\":{\"@id\":\"https:\/\/www.diario21.tv\/noticias\/tono-perez-famoso-chef-del-atrio-preside-el-campeonato-nacional-de-pinchos-y-tapas-quien-ganara\/#primaryimage\"},\"image\":{\"@id\":\"https:\/\/www.diario21.tv\/noticias\/tono-perez-famoso-chef-del-atrio-preside-el-campeonato-nacional-de-pinchos-y-tapas-quien-ganara\/#primaryimage\"},\"thumbnailUrl\":\"https:\/\/www.diario21.tv\/noticias\/wp-content\/uploads\/2024\/09\/\u00a1Tono-Perez-famoso-chef-del-Atrio-preside-el-campeonato-nacional.jpg\",\"datePublished\":\"2024-09-17T17:41:17+00:00\",\"dateModified\":\"2024-09-17T17:41:22+00:00\",\"author\":{\"@id\":\"https:\/\/www.diario21.tv\/noticias\/#\/schema\/person\/7de9d6205bd3da5b7f01f5cffb18d715\"},\"breadcrumb\":{\"@id\":\"https:\/\/www.diario21.tv\/noticias\/tono-perez-famoso-chef-del-atrio-preside-el-campeonato-nacional-de-pinchos-y-tapas-quien-ganara\/#breadcrumb\"},\"inLanguage\":\"es-AR\",\"potentialAction\":[{\"@type\":\"ReadAction\",\"target\":[\"https:\/\/www.diario21.tv\/noticias\/tono-perez-famoso-chef-del-atrio-preside-el-campeonato-nacional-de-pinchos-y-tapas-quien-ganara\/\"]}]},{\"@type\":\"ImageObject\",\"inLanguage\":\"es-AR\",\"@id\":\"https:\/\/www.diario21.tv\/noticias\/tono-perez-famoso-chef-del-atrio-preside-el-campeonato-nacional-de-pinchos-y-tapas-quien-ganara\/#primaryimage\",\"url\":\"https:\/\/www.diario21.tv\/noticias\/wp-content\/uploads\/2024\/09\/\u00a1Tono-Perez-famoso-chef-del-Atrio-preside-el-campeonato-nacional.jpg\",\"contentUrl\":\"https:\/\/www.diario21.tv\/noticias\/wp-content\/uploads\/2024\/09\/\u00a1Tono-Perez-famoso-chef-del-Atrio-preside-el-campeonato-nacional.jpg\",\"width\":1920,\"height\":1080,\"caption\":\"To\u00f1o P\u00e9rez, chef del Atrio, presidir\u00e1 el jurado del campeonato nacional de pinchos y tapas\"},{\"@type\":\"BreadcrumbList\",\"@id\":\"https:\/\/www.diario21.tv\/noticias\/tono-perez-famoso-chef-del-atrio-preside-el-campeonato-nacional-de-pinchos-y-tapas-quien-ganara\/#breadcrumb\",\"itemListElement\":[{\"@type\":\"ListItem\",\"position\":1,\"name\":\"Accueil\",\"item\":\"https:\/\/www.diario21.tv\/noticias\/\"},{\"@type\":\"ListItem\",\"position\":2,\"name\":\"\u00a1To\u00f1o P\u00e9rez, famoso chef del Atrio, preside el campeonato nacional de pinchos y tapas! \u00bfQui\u00e9n ganar\u00e1?\"}]},{\"@type\":\"WebSite\",\"@id\":\"https:\/\/www.diario21.tv\/noticias\/#website\",\"url\":\"https:\/\/www.diario21.tv\/noticias\/\",\"name\":\"Diario 21\",\"description\":\"\",\"potentialAction\":[{\"@type\":\"SearchAction\",\"target\":{\"@type\":\"EntryPoint\",\"urlTemplate\":\"https:\/\/www.diario21.tv\/noticias\/?s={search_term_string}\"},\"query-input\":{\"@type\":\"PropertyValueSpecification\",\"valueRequired\":true,\"valueName\":\"search_term_string\"}}],\"inLanguage\":\"es-AR\"},{\"@type\":\"Person\",\"@id\":\"https:\/\/www.diario21.tv\/noticias\/#\/schema\/person\/7de9d6205bd3da5b7f01f5cffb18d715\",\"name\":\"Diario 21\",\"image\":{\"@type\":\"ImageObject\",\"inLanguage\":\"es-AR\",\"@id\":\"https:\/\/www.diario21.tv\/noticias\/#\/schema\/person\/image\/\",\"url\":\"https:\/\/secure.gravatar.com\/avatar\/d1d5e764b940c8e5990284cabcd5dea9?s=96&d=mm&r=g\",\"contentUrl\":\"https:\/\/secure.gravatar.com\/avatar\/d1d5e764b940c8e5990284cabcd5dea9?s=96&d=mm&r=g\",\"caption\":\"Diario 21\"},\"url\":\"https:\/\/www.diario21.tv\/noticias\/author\/diario-21\/\"}]}<\/script>\n<!-- \/ Yoast SEO plugin. -->","yoast_head_json":{"title":"\u00a1To\u00f1o P\u00e9rez, famoso chef del Atrio, preside el campeonato nacional de pinchos y tapas! \u00bfQui\u00e9n ganar\u00e1? - Diario 21","robots":{"index":"index","follow":"follow","max-snippet":"max-snippet:-1","max-image-preview":"max-image-preview:large","max-video-preview":"max-video-preview:-1"},"canonical":"https:\/\/www.diario21.tv\/noticias\/tono-perez-famoso-chef-del-atrio-preside-el-campeonato-nacional-de-pinchos-y-tapas-quien-ganara\/","og_locale":"es_ES","og_type":"article","og_title":"\u00a1To\u00f1o P\u00e9rez, famoso chef del Atrio, preside el campeonato nacional de pinchos y tapas! \u00bfQui\u00e9n ganar\u00e1? - Diario 21","og_description":"El reconocido cocinero To\u00f1o P\u00e9rez, l\u00edder del Atrio, ser\u00e1 el presidente del jurado en el concurso nacional de pinchos y tapas El afamado chef To\u00f1o P\u00e9rez, ... Seguir leyendo &rarr;","og_url":"https:\/\/www.diario21.tv\/noticias\/tono-perez-famoso-chef-del-atrio-preside-el-campeonato-nacional-de-pinchos-y-tapas-quien-ganara\/","og_site_name":"Diario 21","article_published_time":"2024-09-17T17:41:17+00:00","article_modified_time":"2024-09-17T17:41:22+00:00","og_image":[{"width":1920,"height":1080,"url":"https:\/\/www.diario21.tv\/noticias\/wp-content\/uploads\/2024\/09\/\u00a1Tono-Perez-famoso-chef-del-Atrio-preside-el-campeonato-nacional.jpg","type":"image\/jpeg"}],"author":"Diario 21","twitter_card":"summary_large_image","twitter_misc":{"Escrito por":"Diario 21","Tiempo de lectura":"2 minutos"},"schema":{"@context":"https:\/\/schema.org","@graph":[{"@type":"WebPage","@id":"https:\/\/www.diario21.tv\/noticias\/tono-perez-famoso-chef-del-atrio-preside-el-campeonato-nacional-de-pinchos-y-tapas-quien-ganara\/","url":"https:\/\/www.diario21.tv\/noticias\/tono-perez-famoso-chef-del-atrio-preside-el-campeonato-nacional-de-pinchos-y-tapas-quien-ganara\/","name":"\u00a1To\u00f1o P\u00e9rez, famoso chef del Atrio, preside el campeonato nacional de pinchos y tapas! \u00bfQui\u00e9n ganar\u00e1? - Diario 21","isPartOf":{"@id":"https:\/\/www.diario21.tv\/noticias\/#website"},"primaryImageOfPage":{"@id":"https:\/\/www.diario21.tv\/noticias\/tono-perez-famoso-chef-del-atrio-preside-el-campeonato-nacional-de-pinchos-y-tapas-quien-ganara\/#primaryimage"},"image":{"@id":"https:\/\/www.diario21.tv\/noticias\/tono-perez-famoso-chef-del-atrio-preside-el-campeonato-nacional-de-pinchos-y-tapas-quien-ganara\/#primaryimage"},"thumbnailUrl":"https:\/\/www.diario21.tv\/noticias\/wp-content\/uploads\/2024\/09\/\u00a1Tono-Perez-famoso-chef-del-Atrio-preside-el-campeonato-nacional.jpg","datePublished":"2024-09-17T17:41:17+00:00","dateModified":"2024-09-17T17:41:22+00:00","author":{"@id":"https:\/\/www.diario21.tv\/noticias\/#\/schema\/person\/7de9d6205bd3da5b7f01f5cffb18d715"},"breadcrumb":{"@id":"https:\/\/www.diario21.tv\/noticias\/tono-perez-famoso-chef-del-atrio-preside-el-campeonato-nacional-de-pinchos-y-tapas-quien-ganara\/#breadcrumb"},"inLanguage":"es-AR","potentialAction":[{"@type":"ReadAction","target":["https:\/\/www.diario21.tv\/noticias\/tono-perez-famoso-chef-del-atrio-preside-el-campeonato-nacional-de-pinchos-y-tapas-quien-ganara\/"]}]},{"@type":"ImageObject","inLanguage":"es-AR","@id":"https:\/\/www.diario21.tv\/noticias\/tono-perez-famoso-chef-del-atrio-preside-el-campeonato-nacional-de-pinchos-y-tapas-quien-ganara\/#primaryimage","url":"https:\/\/www.diario21.tv\/noticias\/wp-content\/uploads\/2024\/09\/\u00a1Tono-Perez-famoso-chef-del-Atrio-preside-el-campeonato-nacional.jpg","contentUrl":"https:\/\/www.diario21.tv\/noticias\/wp-content\/uploads\/2024\/09\/\u00a1Tono-Perez-famoso-chef-del-Atrio-preside-el-campeonato-nacional.jpg","width":1920,"height":1080,"caption":"To\u00f1o P\u00e9rez, chef del Atrio, presidir\u00e1 el jurado del campeonato nacional de pinchos y tapas"},{"@type":"BreadcrumbList","@id":"https:\/\/www.diario21.tv\/noticias\/tono-perez-famoso-chef-del-atrio-preside-el-campeonato-nacional-de-pinchos-y-tapas-quien-ganara\/#breadcrumb","itemListElement":[{"@type":"ListItem","position":1,"name":"Accueil","item":"https:\/\/www.diario21.tv\/noticias\/"},{"@type":"ListItem","position":2,"name":"\u00a1To\u00f1o P\u00e9rez, famoso chef del Atrio, preside el campeonato nacional de pinchos y tapas! \u00bfQui\u00e9n ganar\u00e1?"}]},{"@type":"WebSite","@id":"https:\/\/www.diario21.tv\/noticias\/#website","url":"https:\/\/www.diario21.tv\/noticias\/","name":"Diario 21","description":"","potentialAction":[{"@type":"SearchAction","target":{"@type":"EntryPoint","urlTemplate":"https:\/\/www.diario21.tv\/noticias\/?s={search_term_string}"},"query-input":{"@type":"PropertyValueSpecification","valueRequired":true,"valueName":"search_term_string"}}],"inLanguage":"es-AR"},{"@type":"Person","@id":"https:\/\/www.diario21.tv\/noticias\/#\/schema\/person\/7de9d6205bd3da5b7f01f5cffb18d715","name":"Diario 21","image":{"@type":"ImageObject","inLanguage":"es-AR","@id":"https:\/\/www.diario21.tv\/noticias\/#\/schema\/person\/image\/","url":"https:\/\/secure.gravatar.com\/avatar\/d1d5e764b940c8e5990284cabcd5dea9?s=96&d=mm&r=g","contentUrl":"https:\/\/secure.gravatar.com\/avatar\/d1d5e764b940c8e5990284cabcd5dea9?s=96&d=mm&r=g","caption":"Diario 21"},"url":"https:\/\/www.diario21.tv\/noticias\/author\/diario-21\/"}]}},"_links":{"self":[{"href":"https:\/\/www.diario21.tv\/noticias\/wp-json\/wp\/v2\/posts\/445"}],"collection":[{"href":"https:\/\/www.diario21.tv\/noticias\/wp-json\/wp\/v2\/posts"}],"about":[{"href":"https:\/\/www.diario21.tv\/noticias\/wp-json\/wp\/v2\/types\/post"}],"author":[{"embeddable":true,"href":"https:\/\/www.diario21.tv\/noticias\/wp-json\/wp\/v2\/users\/16"}],"replies":[{"embeddable":true,"href":"https:\/\/www.diario21.tv\/noticias\/wp-json\/wp\/v2\/comments?post=445"}],"version-history":[{"count":1,"href":"https:\/\/www.diario21.tv\/noticias\/wp-json\/wp\/v2\/posts\/445\/revisions"}],"predecessor-version":[{"id":447,"href":"https:\/\/www.diario21.tv\/noticias\/wp-json\/wp\/v2\/posts\/445\/revisions\/447"}],"wp:featuredmedia":[{"embeddable":true,"href":"https:\/\/www.diario21.tv\/noticias\/wp-json\/wp\/v2\/media\/446"}],"wp:attachment":[{"href":"https:\/\/www.diario21.tv\/noticias\/wp-json\/wp\/v2\/media?parent=445"}],"wp:term":[{"taxonomy":"category","embeddable":true,"href":"https:\/\/www.diario21.tv\/noticias\/wp-json\/wp\/v2\/categories?post=445"},{"taxonomy":"post_tag","embeddable":true,"href":"https:\/\/www.diario21.tv\/noticias\/wp-json\/wp\/v2\/tags?post=445"}],"curies":[{"name":"wp","href":"https:\/\/api.w.org\/{rel}","templated":true}]}}