{"id":4393,"date":"2025-09-04T13:51:32","date_gmt":"2025-09-04T13:51:32","guid":{"rendered":"https:\/\/www.diario21.tv\/noticias\/alerta-enfermos-del-corazon-con-doble-riesgo-de-muerte-por-trastornos-mentales\/"},"modified":"2025-09-04T13:51:33","modified_gmt":"2025-09-04T13:51:33","slug":"alerta-enfermos-del-corazon-con-doble-riesgo-de-muerte-por-trastornos-mentales","status":"publish","type":"post","link":"https:\/\/www.diario21.tv\/noticias\/alerta-enfermos-del-corazon-con-doble-riesgo-de-muerte-por-trastornos-mentales\/","title":{"rendered":"\u00a1Alerta! Enfermos del coraz\u00f3n con doble riesgo de muerte por trastornos mentales"},"content":{"rendered":"<h2>Un 30% de Pacientes Card\u00edacos Presentan Problemas de Salud Mental, Incrementando el Riesgo de Mortalidad<\/h2>\n<h3>Interrelaci\u00f3n entre Problemas Card\u00edacos y Salud Mental<\/h3>\n<p>Es com\u00fan que las enfermedades card\u00edacas y los trastornos psicol\u00f3gicos coexistan en muchos pacientes, lo cual presenta un desaf\u00edo significativo en el campo de la medicina. Se ha observado que aproximadamente el 30% de las personas que sufren de afecciones card\u00edacas tambi\u00e9n experimentan complicaciones en su salud mental. Este fen\u00f3meno no solo agrava la condici\u00f3n f\u00edsica del paciente, sino que tambi\u00e9n duplica las probabilidades de un desenlace fatal.<\/p>\n<h3>Impacto de los Trastornos Mentales en Pacientes con Enfermedades Card\u00edacas<\/h3>\n<p>Los especialistas en salud han identificado que la presencia de trastornos mentales en pacientes con problemas card\u00edacos puede tener un efecto profundo y perjudicial en el bienestar general del individuo. La ansiedad y la depresi\u00f3n son los trastornos m\u00e1s comunes que afligen a estos pacientes, influyendo negativamente en su capacidad para manejar su salud f\u00edsica. El estr\u00e9s emocional que conllevan estos trastornos puede exacerbar las condiciones card\u00edacas existentes, creando un ciclo vicioso que puede ser dif\u00edcil de romper.<\/p>\n<h3>Consecuencias de la Doble Carga de Enfermedad<\/h3>\n<p>La combinaci\u00f3n de enfermedades card\u00edacas y trastornos mentales no solo complica el tratamiento m\u00e9dico, sino que tambi\u00e9n aumenta significativamente el riesgo de mortalidad. Los pacientes que enfrentan ambos tipos de afecciones requieren una atenci\u00f3n m\u00e9dica m\u00e1s compleja y a menudo m\u00e1s frecuente, lo que puede suponer un desaf\u00edo tanto para los sistemas de salud como para los profesionales m\u00e9dicos encargados de su cuidado.<\/p>\n<h3>La Importancia de un Enfoque Integrado en el Tratamiento<\/h3>\n<p>Ante esta problem\u00e1tica, es crucial adoptar un enfoque hol\u00edstico que considere tanto la salud f\u00edsica como la mental. La integraci\u00f3n de servicios de cardiolog\u00eda y psiquiatr\u00eda puede proporcionar un marco de tratamiento m\u00e1s efectivo para estos pacientes. Abordar los trastornos mentales con la misma seriedad que las condiciones card\u00edacas puede mejorar significativamente la calidad de vida de los pacientes y, potencialmente, reducir la tasa de mortalidad asociada con estas condiciones coexistentes.<\/p>\n<p>En resumen, la relaci\u00f3n entre enfermedades card\u00edacas y trastornos mentales es una interacci\u00f3n compleja que requiere una atenci\u00f3n m\u00e9dica especializada y compasiva. Reconocer y tratar estos problemas de manera conjunta no solo es esencial para la recuperaci\u00f3n del paciente, sino que tambi\u00e9n es vital para mejorar los resultados a largo plazo en esta poblaci\u00f3n vulnerable.<\/p>\n\n\n<div class=\"kk-star-ratings kksr-auto kksr-align-left kksr-valign-bottom\"\n    data-payload='{&quot;align&quot;:&quot;left&quot;,&quot;id&quot;:&quot;4393&quot;,&quot;slug&quot;:&quot;default&quot;,&quot;valign&quot;:&quot;bottom&quot;,&quot;ignore&quot;:&quot;&quot;,&quot;reference&quot;:&quot;auto&quot;,&quot;class&quot;:&quot;&quot;,&quot;count&quot;:&quot;0&quot;,&quot;legendonly&quot;:&quot;&quot;,&quot;readonly&quot;:&quot;&quot;,&quot;score&quot;:&quot;0&quot;,&quot;starsonly&quot;:&quot;&quot;,&quot;best&quot;:&quot;5&quot;,&quot;gap&quot;:&quot;5&quot;,&quot;greet&quot;:&quot;Valora este post&quot;,&quot;legend&quot;:&quot;0\\\/5 - (0 votes)&quot;,&quot;size&quot;:&quot;22&quot;,&quot;title&quot;:&quot;\u00a1Alerta! Enfermos del coraz\u00f3n con doble riesgo de muerte por trastornos mentales&quot;,&quot;width&quot;:&quot;0&quot;,&quot;_legend&quot;:&quot;{score}\\\/{best} - ({count} {votes})&quot;,&quot;font_factor&quot;:&quot;1.25&quot;}'>\n            \n<div class=\"kksr-stars\">\n    \n<div class=\"kksr-stars-inactive\">\n            <div class=\"kksr-star\" data-star=\"1\" style=\"padding-right: 5px\">\n            \n\n<div class=\"kksr-icon\" style=\"width: 22px; height: 22px;\"><\/div>\n        <\/div>\n            <div class=\"kksr-star\" data-star=\"2\" style=\"padding-right: 5px\">\n            \n\n<div class=\"kksr-icon\" style=\"width: 22px; height: 22px;\"><\/div>\n        <\/div>\n            <div class=\"kksr-star\" data-star=\"3\" style=\"padding-right: 5px\">\n            \n\n<div class=\"kksr-icon\" style=\"width: 22px; height: 22px;\"><\/div>\n        <\/div>\n            <div class=\"kksr-star\" data-star=\"4\" style=\"padding-right: 5px\">\n            \n\n<div class=\"kksr-icon\" style=\"width: 22px; height: 22px;\"><\/div>\n        <\/div>\n            <div class=\"kksr-star\" data-star=\"5\" style=\"padding-right: 5px\">\n            \n\n<div class=\"kksr-icon\" style=\"width: 22px; height: 22px;\"><\/div>\n        <\/div>\n    <\/div>\n    \n<div class=\"kksr-stars-active\" style=\"width: 0px;\">\n            <div class=\"kksr-star\" style=\"padding-right: 5px\">\n            \n\n<div class=\"kksr-icon\" style=\"width: 22px; height: 22px;\"><\/div>\n        <\/div>\n            <div class=\"kksr-star\" style=\"padding-right: 5px\">\n            \n\n<div class=\"kksr-icon\" style=\"width: 22px; height: 22px;\"><\/div>\n        <\/div>\n            <div class=\"kksr-star\" style=\"padding-right: 5px\">\n            \n\n<div class=\"kksr-icon\" style=\"width: 22px; height: 22px;\"><\/div>\n        <\/div>\n            <div class=\"kksr-star\" style=\"padding-right: 5px\">\n            \n\n<div class=\"kksr-icon\" style=\"width: 22px; height: 22px;\"><\/div>\n        <\/div>\n            <div class=\"kksr-star\" style=\"padding-right: 5px\">\n            \n\n<div class=\"kksr-icon\" style=\"width: 22px; height: 22px;\"><\/div>\n        <\/div>\n    <\/div>\n<\/div>\n                \n\n<div class=\"kksr-legend\" style=\"font-size: 17.6px;\">\n            <span class=\"kksr-muted\">Valora este post<\/span>\n    <\/div>\n    <\/div>\n","protected":false},"excerpt":{"rendered":"<p>Un 30% de Pacientes Card\u00edacos Presentan Problemas de Salud Mental, Incrementando el Riesgo de Mortalidad Interrelaci\u00f3n entre Problemas Card\u00edacos y Salud Mental Es com\u00fan que las &#8230; <a title=\"\u00a1Alerta! Enfermos del coraz\u00f3n con doble riesgo de muerte por trastornos mentales\" class=\"read-more\" href=\"https:\/\/www.diario21.tv\/noticias\/alerta-enfermos-del-corazon-con-doble-riesgo-de-muerte-por-trastornos-mentales\/\" aria-label=\"Leer m\u00e1s sobre \u00a1Alerta! Enfermos del coraz\u00f3n con doble riesgo de muerte por trastornos mentales\">Seguir leyendo &rarr;<\/a><\/p>\n","protected":false},"author":20,"featured_media":4394,"comment_status":"open","ping_status":"open","sticky":false,"template":"","format":"standard","meta":{"footnotes":""},"categories":[13],"tags":[],"class_list":["post-4393","post","type-post","status-publish","format-standard","has-post-thumbnail","hentry","category-portada"],"yoast_head":"<!-- This site is optimized with the Yoast SEO plugin v25.6 - https:\/\/yoast.com\/wordpress\/plugins\/seo\/ -->\n<title>\u00a1Alerta! Enfermos del coraz\u00f3n con doble riesgo de muerte por trastornos mentales - Diario 21<\/title>\n<meta name=\"robots\" content=\"index, follow, max-snippet:-1, max-image-preview:large, max-video-preview:-1\" \/>\n<link rel=\"canonical\" href=\"https:\/\/www.diario21.tv\/noticias\/alerta-enfermos-del-corazon-con-doble-riesgo-de-muerte-por-trastornos-mentales\/\" \/>\n<meta property=\"og:locale\" content=\"es_ES\" \/>\n<meta property=\"og:type\" content=\"article\" \/>\n<meta property=\"og:title\" content=\"\u00a1Alerta! Enfermos del coraz\u00f3n con doble riesgo de muerte por trastornos mentales - Diario 21\" \/>\n<meta property=\"og:description\" content=\"Un 30% de Pacientes Card\u00edacos Presentan Problemas de Salud Mental, Incrementando el Riesgo de Mortalidad Interrelaci\u00f3n entre Problemas Card\u00edacos y Salud Mental Es com\u00fan que las ... Seguir leyendo &rarr;\" \/>\n<meta property=\"og:url\" content=\"https:\/\/www.diario21.tv\/noticias\/alerta-enfermos-del-corazon-con-doble-riesgo-de-muerte-por-trastornos-mentales\/\" \/>\n<meta property=\"og:site_name\" content=\"Diario 21\" \/>\n<meta property=\"article:published_time\" content=\"2025-09-04T13:51:32+00:00\" \/>\n<meta property=\"article:modified_time\" content=\"2025-09-04T13:51:33+00:00\" \/>\n<meta property=\"og:image\" content=\"https:\/\/www.diario21.tv\/noticias\/wp-content\/uploads\/2025\/09\/\u00a1Alerta-Enfermos-del-corazon-con-doble-riesgo-de-muerte-por.jpeg\" \/>\n\t<meta property=\"og:image:width\" content=\"1200\" \/>\n\t<meta property=\"og:image:height\" content=\"840\" \/>\n\t<meta property=\"og:image:type\" content=\"image\/jpeg\" \/>\n<meta name=\"author\" content=\"Juan P\u00e9rez\" \/>\n<meta name=\"twitter:card\" content=\"summary_large_image\" \/>\n<meta name=\"twitter:label1\" content=\"Escrito por\" \/>\n\t<meta name=\"twitter:data1\" content=\"Juan P\u00e9rez\" \/>\n\t<meta name=\"twitter:label2\" content=\"Tiempo de lectura\" \/>\n\t<meta name=\"twitter:data2\" content=\"2 minutos\" \/>\n<script type=\"application\/ld+json\" class=\"yoast-schema-graph\">{\"@context\":\"https:\/\/schema.org\",\"@graph\":[{\"@type\":\"WebPage\",\"@id\":\"https:\/\/www.diario21.tv\/noticias\/alerta-enfermos-del-corazon-con-doble-riesgo-de-muerte-por-trastornos-mentales\/\",\"url\":\"https:\/\/www.diario21.tv\/noticias\/alerta-enfermos-del-corazon-con-doble-riesgo-de-muerte-por-trastornos-mentales\/\",\"name\":\"\u00a1Alerta! Enfermos del coraz\u00f3n con doble riesgo de muerte por trastornos mentales - Diario 21\",\"isPartOf\":{\"@id\":\"https:\/\/www.diario21.tv\/noticias\/#website\"},\"primaryImageOfPage\":{\"@id\":\"https:\/\/www.diario21.tv\/noticias\/alerta-enfermos-del-corazon-con-doble-riesgo-de-muerte-por-trastornos-mentales\/#primaryimage\"},\"image\":{\"@id\":\"https:\/\/www.diario21.tv\/noticias\/alerta-enfermos-del-corazon-con-doble-riesgo-de-muerte-por-trastornos-mentales\/#primaryimage\"},\"thumbnailUrl\":\"https:\/\/www.diario21.tv\/noticias\/wp-content\/uploads\/2025\/09\/\u00a1Alerta-Enfermos-del-corazon-con-doble-riesgo-de-muerte-por.jpeg\",\"datePublished\":\"2025-09-04T13:51:32+00:00\",\"dateModified\":\"2025-09-04T13:51:33+00:00\",\"author\":{\"@id\":\"https:\/\/www.diario21.tv\/noticias\/#\/schema\/person\/dfb778f73814d8f09f302618446a526b\"},\"breadcrumb\":{\"@id\":\"https:\/\/www.diario21.tv\/noticias\/alerta-enfermos-del-corazon-con-doble-riesgo-de-muerte-por-trastornos-mentales\/#breadcrumb\"},\"inLanguage\":\"es-AR\",\"potentialAction\":[{\"@type\":\"ReadAction\",\"target\":[\"https:\/\/www.diario21.tv\/noticias\/alerta-enfermos-del-corazon-con-doble-riesgo-de-muerte-por-trastornos-mentales\/\"]}]},{\"@type\":\"ImageObject\",\"inLanguage\":\"es-AR\",\"@id\":\"https:\/\/www.diario21.tv\/noticias\/alerta-enfermos-del-corazon-con-doble-riesgo-de-muerte-por-trastornos-mentales\/#primaryimage\",\"url\":\"https:\/\/www.diario21.tv\/noticias\/wp-content\/uploads\/2025\/09\/\u00a1Alerta-Enfermos-del-corazon-con-doble-riesgo-de-muerte-por.jpeg\",\"contentUrl\":\"https:\/\/www.diario21.tv\/noticias\/wp-content\/uploads\/2025\/09\/\u00a1Alerta-Enfermos-del-corazon-con-doble-riesgo-de-muerte-por.jpeg\",\"width\":1200,\"height\":840,\"caption\":\"El 30% de los enfermos del coraz\u00f3n desarrollan trastornos mentales, \u00ablo que dobla la probabilidad de muerte\u00bb\"},{\"@type\":\"BreadcrumbList\",\"@id\":\"https:\/\/www.diario21.tv\/noticias\/alerta-enfermos-del-corazon-con-doble-riesgo-de-muerte-por-trastornos-mentales\/#breadcrumb\",\"itemListElement\":[{\"@type\":\"ListItem\",\"position\":1,\"name\":\"Accueil\",\"item\":\"https:\/\/www.diario21.tv\/noticias\/\"},{\"@type\":\"ListItem\",\"position\":2,\"name\":\"\u00a1Alerta! Enfermos del coraz\u00f3n con doble riesgo de muerte por trastornos mentales\"}]},{\"@type\":\"WebSite\",\"@id\":\"https:\/\/www.diario21.tv\/noticias\/#website\",\"url\":\"https:\/\/www.diario21.tv\/noticias\/\",\"name\":\"Diario 21\",\"description\":\"\",\"potentialAction\":[{\"@type\":\"SearchAction\",\"target\":{\"@type\":\"EntryPoint\",\"urlTemplate\":\"https:\/\/www.diario21.tv\/noticias\/?s={search_term_string}\"},\"query-input\":{\"@type\":\"PropertyValueSpecification\",\"valueRequired\":true,\"valueName\":\"search_term_string\"}}],\"inLanguage\":\"es-AR\"},{\"@type\":\"Person\",\"@id\":\"https:\/\/www.diario21.tv\/noticias\/#\/schema\/person\/dfb778f73814d8f09f302618446a526b\",\"name\":\"Juan P\u00e9rez\",\"image\":{\"@type\":\"ImageObject\",\"inLanguage\":\"es-AR\",\"@id\":\"https:\/\/www.diario21.tv\/noticias\/#\/schema\/person\/image\/\",\"url\":\"https:\/\/secure.gravatar.com\/avatar\/c478a405bd10621167f4c3167cc770f5?s=96&d=mm&r=g\",\"contentUrl\":\"https:\/\/secure.gravatar.com\/avatar\/c478a405bd10621167f4c3167cc770f5?s=96&d=mm&r=g\",\"caption\":\"Juan P\u00e9rez\"},\"description\":\"Juan P\u00e9rez es el redactor en jefe de Diario 21. Con m\u00e1s de 10 a\u00f1os de experiencia en el periodismo, se especializa en pol\u00edtica nacional y an\u00e1lisis socioecon\u00f3mico. Su enfoque cr\u00edtico y riguroso aporta una perspectiva \u00fanica a cada art\u00edculo.\",\"sameAs\":[\"https:\/\/www.diario21.tv\/noticias\/\"],\"url\":\"https:\/\/www.diario21.tv\/noticias\/author\/juan-perez\/\"}]}<\/script>\n<!-- \/ Yoast SEO plugin. -->","yoast_head_json":{"title":"\u00a1Alerta! Enfermos del coraz\u00f3n con doble riesgo de muerte por trastornos mentales - Diario 21","robots":{"index":"index","follow":"follow","max-snippet":"max-snippet:-1","max-image-preview":"max-image-preview:large","max-video-preview":"max-video-preview:-1"},"canonical":"https:\/\/www.diario21.tv\/noticias\/alerta-enfermos-del-corazon-con-doble-riesgo-de-muerte-por-trastornos-mentales\/","og_locale":"es_ES","og_type":"article","og_title":"\u00a1Alerta! Enfermos del coraz\u00f3n con doble riesgo de muerte por trastornos mentales - Diario 21","og_description":"Un 30% de Pacientes Card\u00edacos Presentan Problemas de Salud Mental, Incrementando el Riesgo de Mortalidad Interrelaci\u00f3n entre Problemas Card\u00edacos y Salud Mental Es com\u00fan que las ... Seguir leyendo &rarr;","og_url":"https:\/\/www.diario21.tv\/noticias\/alerta-enfermos-del-corazon-con-doble-riesgo-de-muerte-por-trastornos-mentales\/","og_site_name":"Diario 21","article_published_time":"2025-09-04T13:51:32+00:00","article_modified_time":"2025-09-04T13:51:33+00:00","og_image":[{"width":1200,"height":840,"url":"https:\/\/www.diario21.tv\/noticias\/wp-content\/uploads\/2025\/09\/\u00a1Alerta-Enfermos-del-corazon-con-doble-riesgo-de-muerte-por.jpeg","type":"image\/jpeg"}],"author":"Juan P\u00e9rez","twitter_card":"summary_large_image","twitter_misc":{"Escrito por":"Juan P\u00e9rez","Tiempo de lectura":"2 minutos"},"schema":{"@context":"https:\/\/schema.org","@graph":[{"@type":"WebPage","@id":"https:\/\/www.diario21.tv\/noticias\/alerta-enfermos-del-corazon-con-doble-riesgo-de-muerte-por-trastornos-mentales\/","url":"https:\/\/www.diario21.tv\/noticias\/alerta-enfermos-del-corazon-con-doble-riesgo-de-muerte-por-trastornos-mentales\/","name":"\u00a1Alerta! Enfermos del coraz\u00f3n con doble riesgo de muerte por trastornos mentales - Diario 21","isPartOf":{"@id":"https:\/\/www.diario21.tv\/noticias\/#website"},"primaryImageOfPage":{"@id":"https:\/\/www.diario21.tv\/noticias\/alerta-enfermos-del-corazon-con-doble-riesgo-de-muerte-por-trastornos-mentales\/#primaryimage"},"image":{"@id":"https:\/\/www.diario21.tv\/noticias\/alerta-enfermos-del-corazon-con-doble-riesgo-de-muerte-por-trastornos-mentales\/#primaryimage"},"thumbnailUrl":"https:\/\/www.diario21.tv\/noticias\/wp-content\/uploads\/2025\/09\/\u00a1Alerta-Enfermos-del-corazon-con-doble-riesgo-de-muerte-por.jpeg","datePublished":"2025-09-04T13:51:32+00:00","dateModified":"2025-09-04T13:51:33+00:00","author":{"@id":"https:\/\/www.diario21.tv\/noticias\/#\/schema\/person\/dfb778f73814d8f09f302618446a526b"},"breadcrumb":{"@id":"https:\/\/www.diario21.tv\/noticias\/alerta-enfermos-del-corazon-con-doble-riesgo-de-muerte-por-trastornos-mentales\/#breadcrumb"},"inLanguage":"es-AR","potentialAction":[{"@type":"ReadAction","target":["https:\/\/www.diario21.tv\/noticias\/alerta-enfermos-del-corazon-con-doble-riesgo-de-muerte-por-trastornos-mentales\/"]}]},{"@type":"ImageObject","inLanguage":"es-AR","@id":"https:\/\/www.diario21.tv\/noticias\/alerta-enfermos-del-corazon-con-doble-riesgo-de-muerte-por-trastornos-mentales\/#primaryimage","url":"https:\/\/www.diario21.tv\/noticias\/wp-content\/uploads\/2025\/09\/\u00a1Alerta-Enfermos-del-corazon-con-doble-riesgo-de-muerte-por.jpeg","contentUrl":"https:\/\/www.diario21.tv\/noticias\/wp-content\/uploads\/2025\/09\/\u00a1Alerta-Enfermos-del-corazon-con-doble-riesgo-de-muerte-por.jpeg","width":1200,"height":840,"caption":"El 30% de los enfermos del coraz\u00f3n desarrollan trastornos mentales, \u00ablo que dobla la probabilidad de muerte\u00bb"},{"@type":"BreadcrumbList","@id":"https:\/\/www.diario21.tv\/noticias\/alerta-enfermos-del-corazon-con-doble-riesgo-de-muerte-por-trastornos-mentales\/#breadcrumb","itemListElement":[{"@type":"ListItem","position":1,"name":"Accueil","item":"https:\/\/www.diario21.tv\/noticias\/"},{"@type":"ListItem","position":2,"name":"\u00a1Alerta! Enfermos del coraz\u00f3n con doble riesgo de muerte por trastornos mentales"}]},{"@type":"WebSite","@id":"https:\/\/www.diario21.tv\/noticias\/#website","url":"https:\/\/www.diario21.tv\/noticias\/","name":"Diario 21","description":"","potentialAction":[{"@type":"SearchAction","target":{"@type":"EntryPoint","urlTemplate":"https:\/\/www.diario21.tv\/noticias\/?s={search_term_string}"},"query-input":{"@type":"PropertyValueSpecification","valueRequired":true,"valueName":"search_term_string"}}],"inLanguage":"es-AR"},{"@type":"Person","@id":"https:\/\/www.diario21.tv\/noticias\/#\/schema\/person\/dfb778f73814d8f09f302618446a526b","name":"Juan P\u00e9rez","image":{"@type":"ImageObject","inLanguage":"es-AR","@id":"https:\/\/www.diario21.tv\/noticias\/#\/schema\/person\/image\/","url":"https:\/\/secure.gravatar.com\/avatar\/c478a405bd10621167f4c3167cc770f5?s=96&d=mm&r=g","contentUrl":"https:\/\/secure.gravatar.com\/avatar\/c478a405bd10621167f4c3167cc770f5?s=96&d=mm&r=g","caption":"Juan P\u00e9rez"},"description":"Juan P\u00e9rez es el redactor en jefe de Diario 21. Con m\u00e1s de 10 a\u00f1os de experiencia en el periodismo, se especializa en pol\u00edtica nacional y an\u00e1lisis socioecon\u00f3mico. Su enfoque cr\u00edtico y riguroso aporta una perspectiva \u00fanica a cada art\u00edculo.","sameAs":["https:\/\/www.diario21.tv\/noticias\/"],"url":"https:\/\/www.diario21.tv\/noticias\/author\/juan-perez\/"}]}},"_links":{"self":[{"href":"https:\/\/www.diario21.tv\/noticias\/wp-json\/wp\/v2\/posts\/4393"}],"collection":[{"href":"https:\/\/www.diario21.tv\/noticias\/wp-json\/wp\/v2\/posts"}],"about":[{"href":"https:\/\/www.diario21.tv\/noticias\/wp-json\/wp\/v2\/types\/post"}],"author":[{"embeddable":true,"href":"https:\/\/www.diario21.tv\/noticias\/wp-json\/wp\/v2\/users\/20"}],"replies":[{"embeddable":true,"href":"https:\/\/www.diario21.tv\/noticias\/wp-json\/wp\/v2\/comments?post=4393"}],"version-history":[{"count":1,"href":"https:\/\/www.diario21.tv\/noticias\/wp-json\/wp\/v2\/posts\/4393\/revisions"}],"predecessor-version":[{"id":4395,"href":"https:\/\/www.diario21.tv\/noticias\/wp-json\/wp\/v2\/posts\/4393\/revisions\/4395"}],"wp:featuredmedia":[{"embeddable":true,"href":"https:\/\/www.diario21.tv\/noticias\/wp-json\/wp\/v2\/media\/4394"}],"wp:attachment":[{"href":"https:\/\/www.diario21.tv\/noticias\/wp-json\/wp\/v2\/media?parent=4393"}],"wp:term":[{"taxonomy":"category","embeddable":true,"href":"https:\/\/www.diario21.tv\/noticias\/wp-json\/wp\/v2\/categories?post=4393"},{"taxonomy":"post_tag","embeddable":true,"href":"https:\/\/www.diario21.tv\/noticias\/wp-json\/wp\/v2\/tags?post=4393"}],"curies":[{"name":"wp","href":"https:\/\/api.w.org\/{rel}","templated":true}]}}