{"id":4387,"date":"2025-09-04T01:49:27","date_gmt":"2025-09-04T01:49:27","guid":{"rendered":"https:\/\/www.diario21.tv\/noticias\/record-de-muertes-por-calor-en-agosto-2-170-victimas-la-cifra-mas-alta-registrada\/"},"modified":"2025-09-04T01:49:28","modified_gmt":"2025-09-04T01:49:28","slug":"record-de-muertes-por-calor-en-agosto-2-170-victimas-la-cifra-mas-alta-registrada","status":"publish","type":"post","link":"https:\/\/www.diario21.tv\/noticias\/record-de-muertes-por-calor-en-agosto-2-170-victimas-la-cifra-mas-alta-registrada\/","title":{"rendered":"\u00a1R\u00e9cord de muertes por calor en agosto! 2.170 v\u00edctimas, la cifra m\u00e1s alta registrada"},"content":{"rendered":"<h2>Agosto registra un r\u00e9cord de muertes por calor con 2.170 fallecimientos<\/h2>\n<p>Agosto ha marcado un hito sombr\u00edo en la historia clim\u00e1tica reciente. Durante este mes, se ha alcanzado la cifra m\u00e1s alta de muertes relacionadas con las altas temperaturas, ascendiendo a 2.170 personas fallecidas debido al calor extremo. Este n\u00famero representa un m\u00e1ximo hist\u00f3rico para el mes de agosto desde que se tienen registros.<\/p>\n<h3>Un vistazo a las estad\u00edsticas<\/h3>\n<p>La informaci\u00f3n proviene de los datos m\u00e1s recientes que indican una tendencia alarmante en el aumento de las temperaturas globales y sus consecuencias directas en la salud humana. Los expertos en climatolog\u00eda han confirmado que este incremento en las cifras de mortalidad est\u00e1 directamente relacionado con olas de calor m\u00e1s frecuentes y severas, fen\u00f3meno que se ha intensificado en los \u00faltimos a\u00f1os.<\/p>\n<h3>Impacto del cambio clim\u00e1tico<\/h3>\n<p>El cambio clim\u00e1tico est\u00e1 jugando un papel crucial en este incremento de temperaturas extremas. Las emisiones de gases de efecto invernadero, que atrapan el calor en la atm\u00f3sfera terrestre, est\u00e1n elevando las temperaturas a niveles sin precedentes. Este a\u00f1o, particularmente, se ha visto una serie de olas de calor que han roto r\u00e9cords hist\u00f3ricos en varias partes del mundo, lo que expone a m\u00e1s poblaciones a condiciones potencialmente mortales.<\/p>\n<h3>Respuestas y medidas preventivas<\/h3>\n<p>Ante esta situaci\u00f3n, las autoridades sanitarias y los gobiernos locales est\u00e1n intensificando sus esfuerzos para combatir los efectos del calor extremo. Se est\u00e1n implementando campa\u00f1as de concienciaci\u00f3n sobre los riesgos del calor y c\u00f3mo prevenir problemas de salud relacionados. Adem\u00e1s, se est\u00e1n desarrollando infraestructuras m\u00e1s resilientes al calor y sistemas de alerta temprana para prevenir futuras tragedias.<\/p>\n<h3>Conclusiones y mirada al futuro<\/h3>\n<p>Los datos de agosto son un recordatorio contundente de que el cambio clim\u00e1tico no es un problema distante, sino una realidad actual que est\u00e1 afectando la salud y la seguridad de las personas ahora mismo. Si bien los esfuerzos para mitigar y adaptarse a estas temperaturas extremas son cruciales, tambi\u00e9n lo es la acci\u00f3n global para combatir las causas fundamentales del cambio clim\u00e1tico. Solo a trav\u00e9s de un esfuerzo coordinado y sostenido podemos esperar reducir los impactos de futuras olas de calor y garantizar un planeta m\u00e1s seguro para las generaciones futuras.<\/p>\n\n\n<div class=\"kk-star-ratings kksr-auto kksr-align-left kksr-valign-bottom\"\n    data-payload='{&quot;align&quot;:&quot;left&quot;,&quot;id&quot;:&quot;4387&quot;,&quot;slug&quot;:&quot;default&quot;,&quot;valign&quot;:&quot;bottom&quot;,&quot;ignore&quot;:&quot;&quot;,&quot;reference&quot;:&quot;auto&quot;,&quot;class&quot;:&quot;&quot;,&quot;count&quot;:&quot;0&quot;,&quot;legendonly&quot;:&quot;&quot;,&quot;readonly&quot;:&quot;&quot;,&quot;score&quot;:&quot;0&quot;,&quot;starsonly&quot;:&quot;&quot;,&quot;best&quot;:&quot;5&quot;,&quot;gap&quot;:&quot;5&quot;,&quot;greet&quot;:&quot;Valora este post&quot;,&quot;legend&quot;:&quot;0\\\/5 - (0 votes)&quot;,&quot;size&quot;:&quot;22&quot;,&quot;title&quot;:&quot;\u00a1R\u00e9cord de muertes por calor en agosto! 2.170 v\u00edctimas, la cifra m\u00e1s alta registrada&quot;,&quot;width&quot;:&quot;0&quot;,&quot;_legend&quot;:&quot;{score}\\\/{best} - ({count} {votes})&quot;,&quot;font_factor&quot;:&quot;1.25&quot;}'>\n            \n<div class=\"kksr-stars\">\n    \n<div class=\"kksr-stars-inactive\">\n            <div class=\"kksr-star\" data-star=\"1\" style=\"padding-right: 5px\">\n            \n\n<div class=\"kksr-icon\" style=\"width: 22px; height: 22px;\"><\/div>\n        <\/div>\n            <div class=\"kksr-star\" data-star=\"2\" style=\"padding-right: 5px\">\n            \n\n<div class=\"kksr-icon\" style=\"width: 22px; height: 22px;\"><\/div>\n        <\/div>\n            <div class=\"kksr-star\" data-star=\"3\" style=\"padding-right: 5px\">\n            \n\n<div class=\"kksr-icon\" style=\"width: 22px; height: 22px;\"><\/div>\n        <\/div>\n            <div class=\"kksr-star\" data-star=\"4\" style=\"padding-right: 5px\">\n            \n\n<div class=\"kksr-icon\" style=\"width: 22px; height: 22px;\"><\/div>\n        <\/div>\n            <div class=\"kksr-star\" data-star=\"5\" style=\"padding-right: 5px\">\n            \n\n<div class=\"kksr-icon\" style=\"width: 22px; height: 22px;\"><\/div>\n        <\/div>\n    <\/div>\n    \n<div class=\"kksr-stars-active\" style=\"width: 0px;\">\n            <div class=\"kksr-star\" style=\"padding-right: 5px\">\n            \n\n<div class=\"kksr-icon\" style=\"width: 22px; height: 22px;\"><\/div>\n        <\/div>\n            <div class=\"kksr-star\" style=\"padding-right: 5px\">\n            \n\n<div class=\"kksr-icon\" style=\"width: 22px; height: 22px;\"><\/div>\n        <\/div>\n            <div class=\"kksr-star\" style=\"padding-right: 5px\">\n            \n\n<div class=\"kksr-icon\" style=\"width: 22px; height: 22px;\"><\/div>\n        <\/div>\n            <div class=\"kksr-star\" style=\"padding-right: 5px\">\n            \n\n<div class=\"kksr-icon\" style=\"width: 22px; height: 22px;\"><\/div>\n        <\/div>\n            <div class=\"kksr-star\" style=\"padding-right: 5px\">\n            \n\n<div class=\"kksr-icon\" style=\"width: 22px; height: 22px;\"><\/div>\n        <\/div>\n    <\/div>\n<\/div>\n                \n\n<div class=\"kksr-legend\" style=\"font-size: 17.6px;\">\n            <span class=\"kksr-muted\">Valora este post<\/span>\n    <\/div>\n    <\/div>\n","protected":false},"excerpt":{"rendered":"<p>Agosto registra un r\u00e9cord de muertes por calor con 2.170 fallecimientos Agosto ha marcado un hito sombr\u00edo en la historia clim\u00e1tica reciente. Durante este mes, se &#8230; <a title=\"\u00a1R\u00e9cord de muertes por calor en agosto! 2.170 v\u00edctimas, la cifra m\u00e1s alta registrada\" class=\"read-more\" href=\"https:\/\/www.diario21.tv\/noticias\/record-de-muertes-por-calor-en-agosto-2-170-victimas-la-cifra-mas-alta-registrada\/\" aria-label=\"Leer m\u00e1s sobre \u00a1R\u00e9cord de muertes por calor en agosto! 2.170 v\u00edctimas, la cifra m\u00e1s alta registrada\">Seguir leyendo &rarr;<\/a><\/p>\n","protected":false},"author":20,"featured_media":4388,"comment_status":"open","ping_status":"open","sticky":false,"template":"","format":"standard","meta":{"footnotes":""},"categories":[13],"tags":[],"class_list":["post-4387","post","type-post","status-publish","format-standard","has-post-thumbnail","hentry","category-portada"],"yoast_head":"<!-- This site is optimized with the Yoast SEO plugin v25.6 - https:\/\/yoast.com\/wordpress\/plugins\/seo\/ -->\n<title>\u00a1R\u00e9cord de muertes por calor en agosto! 2.170 v\u00edctimas, la cifra m\u00e1s alta registrada - Diario 21<\/title>\n<meta name=\"robots\" content=\"index, follow, max-snippet:-1, max-image-preview:large, max-video-preview:-1\" \/>\n<link rel=\"canonical\" href=\"https:\/\/www.diario21.tv\/noticias\/record-de-muertes-por-calor-en-agosto-2-170-victimas-la-cifra-mas-alta-registrada\/\" \/>\n<meta property=\"og:locale\" content=\"es_ES\" \/>\n<meta property=\"og:type\" content=\"article\" \/>\n<meta property=\"og:title\" content=\"\u00a1R\u00e9cord de muertes por calor en agosto! 2.170 v\u00edctimas, la cifra m\u00e1s alta registrada - Diario 21\" \/>\n<meta property=\"og:description\" content=\"Agosto registra un r\u00e9cord de muertes por calor con 2.170 fallecimientos Agosto ha marcado un hito sombr\u00edo en la historia clim\u00e1tica reciente. Durante este mes, se ... Seguir leyendo &rarr;\" \/>\n<meta property=\"og:url\" content=\"https:\/\/www.diario21.tv\/noticias\/record-de-muertes-por-calor-en-agosto-2-170-victimas-la-cifra-mas-alta-registrada\/\" \/>\n<meta property=\"og:site_name\" content=\"Diario 21\" \/>\n<meta property=\"article:published_time\" content=\"2025-09-04T01:49:27+00:00\" \/>\n<meta property=\"article:modified_time\" content=\"2025-09-04T01:49:28+00:00\" \/>\n<meta property=\"og:image\" content=\"https:\/\/www.diario21.tv\/noticias\/wp-content\/uploads\/2025\/09\/\u00a1Record-de-muertes-por-calor-en-agosto-2170-victimas-la.jpg\" \/>\n\t<meta property=\"og:image:width\" content=\"1200\" \/>\n\t<meta property=\"og:image:height\" content=\"840\" \/>\n\t<meta property=\"og:image:type\" content=\"image\/jpeg\" \/>\n<meta name=\"author\" content=\"Juan P\u00e9rez\" \/>\n<meta name=\"twitter:card\" content=\"summary_large_image\" \/>\n<meta name=\"twitter:label1\" content=\"Escrito por\" \/>\n\t<meta name=\"twitter:data1\" content=\"Juan P\u00e9rez\" \/>\n\t<meta name=\"twitter:label2\" content=\"Tiempo de lectura\" \/>\n\t<meta name=\"twitter:data2\" content=\"2 minutos\" \/>\n<script type=\"application\/ld+json\" class=\"yoast-schema-graph\">{\"@context\":\"https:\/\/schema.org\",\"@graph\":[{\"@type\":\"WebPage\",\"@id\":\"https:\/\/www.diario21.tv\/noticias\/record-de-muertes-por-calor-en-agosto-2-170-victimas-la-cifra-mas-alta-registrada\/\",\"url\":\"https:\/\/www.diario21.tv\/noticias\/record-de-muertes-por-calor-en-agosto-2-170-victimas-la-cifra-mas-alta-registrada\/\",\"name\":\"\u00a1R\u00e9cord de muertes por calor en agosto! 2.170 v\u00edctimas, la cifra m\u00e1s alta registrada - Diario 21\",\"isPartOf\":{\"@id\":\"https:\/\/www.diario21.tv\/noticias\/#website\"},\"primaryImageOfPage\":{\"@id\":\"https:\/\/www.diario21.tv\/noticias\/record-de-muertes-por-calor-en-agosto-2-170-victimas-la-cifra-mas-alta-registrada\/#primaryimage\"},\"image\":{\"@id\":\"https:\/\/www.diario21.tv\/noticias\/record-de-muertes-por-calor-en-agosto-2-170-victimas-la-cifra-mas-alta-registrada\/#primaryimage\"},\"thumbnailUrl\":\"https:\/\/www.diario21.tv\/noticias\/wp-content\/uploads\/2025\/09\/\u00a1Record-de-muertes-por-calor-en-agosto-2170-victimas-la.jpg\",\"datePublished\":\"2025-09-04T01:49:27+00:00\",\"dateModified\":\"2025-09-04T01:49:28+00:00\",\"author\":{\"@id\":\"https:\/\/www.diario21.tv\/noticias\/#\/schema\/person\/dfb778f73814d8f09f302618446a526b\"},\"breadcrumb\":{\"@id\":\"https:\/\/www.diario21.tv\/noticias\/record-de-muertes-por-calor-en-agosto-2-170-victimas-la-cifra-mas-alta-registrada\/#breadcrumb\"},\"inLanguage\":\"es-AR\",\"potentialAction\":[{\"@type\":\"ReadAction\",\"target\":[\"https:\/\/www.diario21.tv\/noticias\/record-de-muertes-por-calor-en-agosto-2-170-victimas-la-cifra-mas-alta-registrada\/\"]}]},{\"@type\":\"ImageObject\",\"inLanguage\":\"es-AR\",\"@id\":\"https:\/\/www.diario21.tv\/noticias\/record-de-muertes-por-calor-en-agosto-2-170-victimas-la-cifra-mas-alta-registrada\/#primaryimage\",\"url\":\"https:\/\/www.diario21.tv\/noticias\/wp-content\/uploads\/2025\/09\/\u00a1Record-de-muertes-por-calor-en-agosto-2170-victimas-la.jpg\",\"contentUrl\":\"https:\/\/www.diario21.tv\/noticias\/wp-content\/uploads\/2025\/09\/\u00a1Record-de-muertes-por-calor-en-agosto-2170-victimas-la.jpg\",\"width\":1200,\"height\":840,\"caption\":\"2.170 personas murieron en agosto por calor, la cifra m\u00e1s alta para este mes desde que hay registros\"},{\"@type\":\"BreadcrumbList\",\"@id\":\"https:\/\/www.diario21.tv\/noticias\/record-de-muertes-por-calor-en-agosto-2-170-victimas-la-cifra-mas-alta-registrada\/#breadcrumb\",\"itemListElement\":[{\"@type\":\"ListItem\",\"position\":1,\"name\":\"Accueil\",\"item\":\"https:\/\/www.diario21.tv\/noticias\/\"},{\"@type\":\"ListItem\",\"position\":2,\"name\":\"\u00a1R\u00e9cord de muertes por calor en agosto! 2.170 v\u00edctimas, la cifra m\u00e1s alta registrada\"}]},{\"@type\":\"WebSite\",\"@id\":\"https:\/\/www.diario21.tv\/noticias\/#website\",\"url\":\"https:\/\/www.diario21.tv\/noticias\/\",\"name\":\"Diario 21\",\"description\":\"\",\"potentialAction\":[{\"@type\":\"SearchAction\",\"target\":{\"@type\":\"EntryPoint\",\"urlTemplate\":\"https:\/\/www.diario21.tv\/noticias\/?s={search_term_string}\"},\"query-input\":{\"@type\":\"PropertyValueSpecification\",\"valueRequired\":true,\"valueName\":\"search_term_string\"}}],\"inLanguage\":\"es-AR\"},{\"@type\":\"Person\",\"@id\":\"https:\/\/www.diario21.tv\/noticias\/#\/schema\/person\/dfb778f73814d8f09f302618446a526b\",\"name\":\"Juan P\u00e9rez\",\"image\":{\"@type\":\"ImageObject\",\"inLanguage\":\"es-AR\",\"@id\":\"https:\/\/www.diario21.tv\/noticias\/#\/schema\/person\/image\/\",\"url\":\"https:\/\/secure.gravatar.com\/avatar\/c478a405bd10621167f4c3167cc770f5?s=96&d=mm&r=g\",\"contentUrl\":\"https:\/\/secure.gravatar.com\/avatar\/c478a405bd10621167f4c3167cc770f5?s=96&d=mm&r=g\",\"caption\":\"Juan P\u00e9rez\"},\"description\":\"Juan P\u00e9rez es el redactor en jefe de Diario 21. Con m\u00e1s de 10 a\u00f1os de experiencia en el periodismo, se especializa en pol\u00edtica nacional y an\u00e1lisis socioecon\u00f3mico. Su enfoque cr\u00edtico y riguroso aporta una perspectiva \u00fanica a cada art\u00edculo.\",\"sameAs\":[\"https:\/\/www.diario21.tv\/noticias\/\"],\"url\":\"https:\/\/www.diario21.tv\/noticias\/author\/juan-perez\/\"}]}<\/script>\n<!-- \/ Yoast SEO plugin. -->","yoast_head_json":{"title":"\u00a1R\u00e9cord de muertes por calor en agosto! 2.170 v\u00edctimas, la cifra m\u00e1s alta registrada - Diario 21","robots":{"index":"index","follow":"follow","max-snippet":"max-snippet:-1","max-image-preview":"max-image-preview:large","max-video-preview":"max-video-preview:-1"},"canonical":"https:\/\/www.diario21.tv\/noticias\/record-de-muertes-por-calor-en-agosto-2-170-victimas-la-cifra-mas-alta-registrada\/","og_locale":"es_ES","og_type":"article","og_title":"\u00a1R\u00e9cord de muertes por calor en agosto! 2.170 v\u00edctimas, la cifra m\u00e1s alta registrada - Diario 21","og_description":"Agosto registra un r\u00e9cord de muertes por calor con 2.170 fallecimientos Agosto ha marcado un hito sombr\u00edo en la historia clim\u00e1tica reciente. Durante este mes, se ... Seguir leyendo &rarr;","og_url":"https:\/\/www.diario21.tv\/noticias\/record-de-muertes-por-calor-en-agosto-2-170-victimas-la-cifra-mas-alta-registrada\/","og_site_name":"Diario 21","article_published_time":"2025-09-04T01:49:27+00:00","article_modified_time":"2025-09-04T01:49:28+00:00","og_image":[{"width":1200,"height":840,"url":"https:\/\/www.diario21.tv\/noticias\/wp-content\/uploads\/2025\/09\/\u00a1Record-de-muertes-por-calor-en-agosto-2170-victimas-la.jpg","type":"image\/jpeg"}],"author":"Juan P\u00e9rez","twitter_card":"summary_large_image","twitter_misc":{"Escrito por":"Juan P\u00e9rez","Tiempo de lectura":"2 minutos"},"schema":{"@context":"https:\/\/schema.org","@graph":[{"@type":"WebPage","@id":"https:\/\/www.diario21.tv\/noticias\/record-de-muertes-por-calor-en-agosto-2-170-victimas-la-cifra-mas-alta-registrada\/","url":"https:\/\/www.diario21.tv\/noticias\/record-de-muertes-por-calor-en-agosto-2-170-victimas-la-cifra-mas-alta-registrada\/","name":"\u00a1R\u00e9cord de muertes por calor en agosto! 2.170 v\u00edctimas, la cifra m\u00e1s alta registrada - Diario 21","isPartOf":{"@id":"https:\/\/www.diario21.tv\/noticias\/#website"},"primaryImageOfPage":{"@id":"https:\/\/www.diario21.tv\/noticias\/record-de-muertes-por-calor-en-agosto-2-170-victimas-la-cifra-mas-alta-registrada\/#primaryimage"},"image":{"@id":"https:\/\/www.diario21.tv\/noticias\/record-de-muertes-por-calor-en-agosto-2-170-victimas-la-cifra-mas-alta-registrada\/#primaryimage"},"thumbnailUrl":"https:\/\/www.diario21.tv\/noticias\/wp-content\/uploads\/2025\/09\/\u00a1Record-de-muertes-por-calor-en-agosto-2170-victimas-la.jpg","datePublished":"2025-09-04T01:49:27+00:00","dateModified":"2025-09-04T01:49:28+00:00","author":{"@id":"https:\/\/www.diario21.tv\/noticias\/#\/schema\/person\/dfb778f73814d8f09f302618446a526b"},"breadcrumb":{"@id":"https:\/\/www.diario21.tv\/noticias\/record-de-muertes-por-calor-en-agosto-2-170-victimas-la-cifra-mas-alta-registrada\/#breadcrumb"},"inLanguage":"es-AR","potentialAction":[{"@type":"ReadAction","target":["https:\/\/www.diario21.tv\/noticias\/record-de-muertes-por-calor-en-agosto-2-170-victimas-la-cifra-mas-alta-registrada\/"]}]},{"@type":"ImageObject","inLanguage":"es-AR","@id":"https:\/\/www.diario21.tv\/noticias\/record-de-muertes-por-calor-en-agosto-2-170-victimas-la-cifra-mas-alta-registrada\/#primaryimage","url":"https:\/\/www.diario21.tv\/noticias\/wp-content\/uploads\/2025\/09\/\u00a1Record-de-muertes-por-calor-en-agosto-2170-victimas-la.jpg","contentUrl":"https:\/\/www.diario21.tv\/noticias\/wp-content\/uploads\/2025\/09\/\u00a1Record-de-muertes-por-calor-en-agosto-2170-victimas-la.jpg","width":1200,"height":840,"caption":"2.170 personas murieron en agosto por calor, la cifra m\u00e1s alta para este mes desde que hay registros"},{"@type":"BreadcrumbList","@id":"https:\/\/www.diario21.tv\/noticias\/record-de-muertes-por-calor-en-agosto-2-170-victimas-la-cifra-mas-alta-registrada\/#breadcrumb","itemListElement":[{"@type":"ListItem","position":1,"name":"Accueil","item":"https:\/\/www.diario21.tv\/noticias\/"},{"@type":"ListItem","position":2,"name":"\u00a1R\u00e9cord de muertes por calor en agosto! 2.170 v\u00edctimas, la cifra m\u00e1s alta registrada"}]},{"@type":"WebSite","@id":"https:\/\/www.diario21.tv\/noticias\/#website","url":"https:\/\/www.diario21.tv\/noticias\/","name":"Diario 21","description":"","potentialAction":[{"@type":"SearchAction","target":{"@type":"EntryPoint","urlTemplate":"https:\/\/www.diario21.tv\/noticias\/?s={search_term_string}"},"query-input":{"@type":"PropertyValueSpecification","valueRequired":true,"valueName":"search_term_string"}}],"inLanguage":"es-AR"},{"@type":"Person","@id":"https:\/\/www.diario21.tv\/noticias\/#\/schema\/person\/dfb778f73814d8f09f302618446a526b","name":"Juan P\u00e9rez","image":{"@type":"ImageObject","inLanguage":"es-AR","@id":"https:\/\/www.diario21.tv\/noticias\/#\/schema\/person\/image\/","url":"https:\/\/secure.gravatar.com\/avatar\/c478a405bd10621167f4c3167cc770f5?s=96&d=mm&r=g","contentUrl":"https:\/\/secure.gravatar.com\/avatar\/c478a405bd10621167f4c3167cc770f5?s=96&d=mm&r=g","caption":"Juan P\u00e9rez"},"description":"Juan P\u00e9rez es el redactor en jefe de Diario 21. Con m\u00e1s de 10 a\u00f1os de experiencia en el periodismo, se especializa en pol\u00edtica nacional y an\u00e1lisis socioecon\u00f3mico. Su enfoque cr\u00edtico y riguroso aporta una perspectiva \u00fanica a cada art\u00edculo.","sameAs":["https:\/\/www.diario21.tv\/noticias\/"],"url":"https:\/\/www.diario21.tv\/noticias\/author\/juan-perez\/"}]}},"_links":{"self":[{"href":"https:\/\/www.diario21.tv\/noticias\/wp-json\/wp\/v2\/posts\/4387"}],"collection":[{"href":"https:\/\/www.diario21.tv\/noticias\/wp-json\/wp\/v2\/posts"}],"about":[{"href":"https:\/\/www.diario21.tv\/noticias\/wp-json\/wp\/v2\/types\/post"}],"author":[{"embeddable":true,"href":"https:\/\/www.diario21.tv\/noticias\/wp-json\/wp\/v2\/users\/20"}],"replies":[{"embeddable":true,"href":"https:\/\/www.diario21.tv\/noticias\/wp-json\/wp\/v2\/comments?post=4387"}],"version-history":[{"count":1,"href":"https:\/\/www.diario21.tv\/noticias\/wp-json\/wp\/v2\/posts\/4387\/revisions"}],"predecessor-version":[{"id":4389,"href":"https:\/\/www.diario21.tv\/noticias\/wp-json\/wp\/v2\/posts\/4387\/revisions\/4389"}],"wp:featuredmedia":[{"embeddable":true,"href":"https:\/\/www.diario21.tv\/noticias\/wp-json\/wp\/v2\/media\/4388"}],"wp:attachment":[{"href":"https:\/\/www.diario21.tv\/noticias\/wp-json\/wp\/v2\/media?parent=4387"}],"wp:term":[{"taxonomy":"category","embeddable":true,"href":"https:\/\/www.diario21.tv\/noticias\/wp-json\/wp\/v2\/categories?post=4387"},{"taxonomy":"post_tag","embeddable":true,"href":"https:\/\/www.diario21.tv\/noticias\/wp-json\/wp\/v2\/tags?post=4387"}],"curies":[{"name":"wp","href":"https:\/\/api.w.org\/{rel}","templated":true}]}}