{"id":4363,"date":"2025-09-02T01:26:34","date_gmt":"2025-09-02T01:26:34","guid":{"rendered":"https:\/\/www.diario21.tv\/noticias\/impactante-hombre-apunala-y-lanza-a-su-mujer-por-la-ventana-en-manresa-detenido\/"},"modified":"2025-09-02T01:26:35","modified_gmt":"2025-09-02T01:26:35","slug":"impactante-hombre-apunala-y-lanza-a-su-mujer-por-la-ventana-en-manresa-detenido","status":"publish","type":"post","link":"https:\/\/www.diario21.tv\/noticias\/impactante-hombre-apunala-y-lanza-a-su-mujer-por-la-ventana-en-manresa-detenido\/","title":{"rendered":"\u00a1Impactante! Hombre apu\u00f1ala y lanza a su mujer por la ventana en Manresa, \u00a1detenido!"},"content":{"rendered":"<h2>Arresto en Manresa por Agresi\u00f3n Dom\u00e9stica<\/h2>\n<p>Un hombre ha sido arrestado en Manresa tras ser acusado de apu\u00f1alar a su esposa y luego lanzarla por la ventana de su domicilio. El incidente, que ha conmocionado a la comunidad local, ocurri\u00f3 en la ma\u00f1ana del jueves en un vecindario residencial de la ciudad.<\/p>\n<h3>Detalles del Ataque<\/h3>\n<p>Seg\u00fan los informes de la polic\u00eda local, el suceso tuvo lugar alrededor de las 10:00 a.m., cuando vecinos alertaron a las autoridades tras escuchar gritos y un tumulto proveniente de la vivienda de la pareja. Al llegar al lugar, los oficiales encontraron a la mujer gravemente herida en el suelo fuera del edificio, mientras que el hombre fue detenido sin incidentes dentro del apartamento.<\/p>\n<h3>La Respuesta de los Servicios de Emergencia<\/h3>\n<p>Los servicios m\u00e9dicos llegaron r\u00e1pidamente al lugar y proporcionaron los primeros auxilios a la v\u00edctima, quien sufri\u00f3 m\u00faltiples heridas de arma blanca y traumas por la ca\u00edda. Posteriormente, fue trasladada a un hospital cercano donde se encuentra en estado cr\u00edtico pero estable. Su identidad no ha sido divulgada a la prensa.<\/p>\n<h3>Investigaci\u00f3n en Curso<\/h3>\n<p>La polic\u00eda ha iniciado una investigaci\u00f3n para esclarecer los motivos detr\u00e1s del ataque. El agresor, cuya identidad tampoco ha sido revelada, est\u00e1 siendo interrogado y se espera que en breve sea procesado por intento de homicidio.<\/p>\n<p>Este tr\u00e1gico evento ha reavivado el debate sobre la violencia dom\u00e9stica en la regi\u00f3n, con llamados a una mayor atenci\u00f3n y recursos para combatir este tipo de delitos. Autoridades locales han expresado su consternaci\u00f3n y est\u00e1n revisando las pol\u00edticas actuales para prevenir futuros incidentes similares.<\/p>\n<h3>Reacci\u00f3n de la Comunidad<\/h3>\n<p>La comunidad de Manresa ha respondido con shock y tristeza ante la noticia, organizando vigilias y mostrando su apoyo a la v\u00edctima y su familia. Grupos de apoyo local y defensores de los derechos de las mujeres est\u00e1n ofreciendo recursos y asistencia a los afectados por este acto de violencia.<\/p>\n<p>Este incidente subraya la necesidad continua de vigilancia y acci\u00f3n en la lucha contra la violencia dom\u00e9stica, un problema que sigue afectando a numerosas comunidades a lo largo y ancho del pa\u00eds.<\/p>\n\n\n<div class=\"kk-star-ratings kksr-auto kksr-align-left kksr-valign-bottom\"\n    data-payload='{&quot;align&quot;:&quot;left&quot;,&quot;id&quot;:&quot;4363&quot;,&quot;slug&quot;:&quot;default&quot;,&quot;valign&quot;:&quot;bottom&quot;,&quot;ignore&quot;:&quot;&quot;,&quot;reference&quot;:&quot;auto&quot;,&quot;class&quot;:&quot;&quot;,&quot;count&quot;:&quot;0&quot;,&quot;legendonly&quot;:&quot;&quot;,&quot;readonly&quot;:&quot;&quot;,&quot;score&quot;:&quot;0&quot;,&quot;starsonly&quot;:&quot;&quot;,&quot;best&quot;:&quot;5&quot;,&quot;gap&quot;:&quot;5&quot;,&quot;greet&quot;:&quot;Valora este post&quot;,&quot;legend&quot;:&quot;0\\\/5 - (0 votes)&quot;,&quot;size&quot;:&quot;22&quot;,&quot;title&quot;:&quot;\u00a1Impactante! Hombre apu\u00f1ala y lanza a su mujer por la ventana en Manresa, \u00a1detenido!&quot;,&quot;width&quot;:&quot;0&quot;,&quot;_legend&quot;:&quot;{score}\\\/{best} - ({count} {votes})&quot;,&quot;font_factor&quot;:&quot;1.25&quot;}'>\n            \n<div class=\"kksr-stars\">\n    \n<div class=\"kksr-stars-inactive\">\n            <div class=\"kksr-star\" data-star=\"1\" style=\"padding-right: 5px\">\n            \n\n<div class=\"kksr-icon\" style=\"width: 22px; height: 22px;\"><\/div>\n        <\/div>\n            <div class=\"kksr-star\" data-star=\"2\" style=\"padding-right: 5px\">\n            \n\n<div class=\"kksr-icon\" style=\"width: 22px; height: 22px;\"><\/div>\n        <\/div>\n            <div class=\"kksr-star\" data-star=\"3\" style=\"padding-right: 5px\">\n            \n\n<div class=\"kksr-icon\" style=\"width: 22px; height: 22px;\"><\/div>\n        <\/div>\n            <div class=\"kksr-star\" data-star=\"4\" style=\"padding-right: 5px\">\n            \n\n<div class=\"kksr-icon\" style=\"width: 22px; height: 22px;\"><\/div>\n        <\/div>\n            <div class=\"kksr-star\" data-star=\"5\" style=\"padding-right: 5px\">\n            \n\n<div class=\"kksr-icon\" style=\"width: 22px; height: 22px;\"><\/div>\n        <\/div>\n    <\/div>\n    \n<div class=\"kksr-stars-active\" style=\"width: 0px;\">\n            <div class=\"kksr-star\" style=\"padding-right: 5px\">\n            \n\n<div class=\"kksr-icon\" style=\"width: 22px; height: 22px;\"><\/div>\n        <\/div>\n            <div class=\"kksr-star\" style=\"padding-right: 5px\">\n            \n\n<div class=\"kksr-icon\" style=\"width: 22px; height: 22px;\"><\/div>\n        <\/div>\n            <div class=\"kksr-star\" style=\"padding-right: 5px\">\n            \n\n<div class=\"kksr-icon\" style=\"width: 22px; height: 22px;\"><\/div>\n        <\/div>\n            <div class=\"kksr-star\" style=\"padding-right: 5px\">\n            \n\n<div class=\"kksr-icon\" style=\"width: 22px; height: 22px;\"><\/div>\n        <\/div>\n            <div class=\"kksr-star\" style=\"padding-right: 5px\">\n            \n\n<div class=\"kksr-icon\" style=\"width: 22px; height: 22px;\"><\/div>\n        <\/div>\n    <\/div>\n<\/div>\n                \n\n<div class=\"kksr-legend\" style=\"font-size: 17.6px;\">\n            <span class=\"kksr-muted\">Valora este post<\/span>\n    <\/div>\n    <\/div>\n","protected":false},"excerpt":{"rendered":"<p>Arresto en Manresa por Agresi\u00f3n Dom\u00e9stica Un hombre ha sido arrestado en Manresa tras ser acusado de apu\u00f1alar a su esposa y luego lanzarla por la &#8230; <a title=\"\u00a1Impactante! Hombre apu\u00f1ala y lanza a su mujer por la ventana en Manresa, \u00a1detenido!\" class=\"read-more\" href=\"https:\/\/www.diario21.tv\/noticias\/impactante-hombre-apunala-y-lanza-a-su-mujer-por-la-ventana-en-manresa-detenido\/\" aria-label=\"Leer m\u00e1s sobre \u00a1Impactante! Hombre apu\u00f1ala y lanza a su mujer por la ventana en Manresa, \u00a1detenido!\">Seguir leyendo &rarr;<\/a><\/p>\n","protected":false},"author":20,"featured_media":4364,"comment_status":"open","ping_status":"open","sticky":false,"template":"","format":"standard","meta":{"footnotes":""},"categories":[13],"tags":[],"class_list":["post-4363","post","type-post","status-publish","format-standard","has-post-thumbnail","hentry","category-portada"],"yoast_head":"<!-- This site is optimized with the Yoast SEO plugin v25.6 - https:\/\/yoast.com\/wordpress\/plugins\/seo\/ -->\n<title>\u00a1Impactante! Hombre apu\u00f1ala y lanza a su mujer por la ventana en Manresa, \u00a1detenido! - Diario 21<\/title>\n<meta name=\"robots\" content=\"index, follow, max-snippet:-1, max-image-preview:large, max-video-preview:-1\" \/>\n<link rel=\"canonical\" href=\"https:\/\/www.diario21.tv\/noticias\/impactante-hombre-apunala-y-lanza-a-su-mujer-por-la-ventana-en-manresa-detenido\/\" \/>\n<meta property=\"og:locale\" content=\"es_ES\" \/>\n<meta property=\"og:type\" content=\"article\" \/>\n<meta property=\"og:title\" content=\"\u00a1Impactante! Hombre apu\u00f1ala y lanza a su mujer por la ventana en Manresa, \u00a1detenido! - Diario 21\" \/>\n<meta property=\"og:description\" content=\"Arresto en Manresa por Agresi\u00f3n Dom\u00e9stica Un hombre ha sido arrestado en Manresa tras ser acusado de apu\u00f1alar a su esposa y luego lanzarla por la ... Seguir leyendo &rarr;\" \/>\n<meta property=\"og:url\" content=\"https:\/\/www.diario21.tv\/noticias\/impactante-hombre-apunala-y-lanza-a-su-mujer-por-la-ventana-en-manresa-detenido\/\" \/>\n<meta property=\"og:site_name\" content=\"Diario 21\" \/>\n<meta property=\"article:published_time\" content=\"2025-09-02T01:26:34+00:00\" \/>\n<meta property=\"article:modified_time\" content=\"2025-09-02T01:26:35+00:00\" \/>\n<meta property=\"og:image\" content=\"https:\/\/www.diario21.tv\/noticias\/wp-content\/uploads\/2025\/09\/\u00a1Impactante-Hombre-apunala-y-lanza-a-su-mujer-por-la.JPG\" \/>\n\t<meta property=\"og:image:width\" content=\"1200\" \/>\n\t<meta property=\"og:image:height\" content=\"840\" \/>\n\t<meta property=\"og:image:type\" content=\"image\/jpeg\" \/>\n<meta name=\"author\" content=\"Juan P\u00e9rez\" \/>\n<meta name=\"twitter:card\" content=\"summary_large_image\" \/>\n<meta name=\"twitter:label1\" content=\"Escrito por\" \/>\n\t<meta name=\"twitter:data1\" content=\"Juan P\u00e9rez\" \/>\n\t<meta name=\"twitter:label2\" content=\"Tiempo de lectura\" \/>\n\t<meta name=\"twitter:data2\" content=\"2 minutos\" \/>\n<script type=\"application\/ld+json\" class=\"yoast-schema-graph\">{\"@context\":\"https:\/\/schema.org\",\"@graph\":[{\"@type\":\"WebPage\",\"@id\":\"https:\/\/www.diario21.tv\/noticias\/impactante-hombre-apunala-y-lanza-a-su-mujer-por-la-ventana-en-manresa-detenido\/\",\"url\":\"https:\/\/www.diario21.tv\/noticias\/impactante-hombre-apunala-y-lanza-a-su-mujer-por-la-ventana-en-manresa-detenido\/\",\"name\":\"\u00a1Impactante! Hombre apu\u00f1ala y lanza a su mujer por la ventana en Manresa, \u00a1detenido! - Diario 21\",\"isPartOf\":{\"@id\":\"https:\/\/www.diario21.tv\/noticias\/#website\"},\"primaryImageOfPage\":{\"@id\":\"https:\/\/www.diario21.tv\/noticias\/impactante-hombre-apunala-y-lanza-a-su-mujer-por-la-ventana-en-manresa-detenido\/#primaryimage\"},\"image\":{\"@id\":\"https:\/\/www.diario21.tv\/noticias\/impactante-hombre-apunala-y-lanza-a-su-mujer-por-la-ventana-en-manresa-detenido\/#primaryimage\"},\"thumbnailUrl\":\"https:\/\/www.diario21.tv\/noticias\/wp-content\/uploads\/2025\/09\/\u00a1Impactante-Hombre-apunala-y-lanza-a-su-mujer-por-la.JPG\",\"datePublished\":\"2025-09-02T01:26:34+00:00\",\"dateModified\":\"2025-09-02T01:26:35+00:00\",\"author\":{\"@id\":\"https:\/\/www.diario21.tv\/noticias\/#\/schema\/person\/dfb778f73814d8f09f302618446a526b\"},\"breadcrumb\":{\"@id\":\"https:\/\/www.diario21.tv\/noticias\/impactante-hombre-apunala-y-lanza-a-su-mujer-por-la-ventana-en-manresa-detenido\/#breadcrumb\"},\"inLanguage\":\"es-AR\",\"potentialAction\":[{\"@type\":\"ReadAction\",\"target\":[\"https:\/\/www.diario21.tv\/noticias\/impactante-hombre-apunala-y-lanza-a-su-mujer-por-la-ventana-en-manresa-detenido\/\"]}]},{\"@type\":\"ImageObject\",\"inLanguage\":\"es-AR\",\"@id\":\"https:\/\/www.diario21.tv\/noticias\/impactante-hombre-apunala-y-lanza-a-su-mujer-por-la-ventana-en-manresa-detenido\/#primaryimage\",\"url\":\"https:\/\/www.diario21.tv\/noticias\/wp-content\/uploads\/2025\/09\/\u00a1Impactante-Hombre-apunala-y-lanza-a-su-mujer-por-la.JPG\",\"contentUrl\":\"https:\/\/www.diario21.tv\/noticias\/wp-content\/uploads\/2025\/09\/\u00a1Impactante-Hombre-apunala-y-lanza-a-su-mujer-por-la.JPG\",\"width\":1200,\"height\":840,\"caption\":\"Detenido tras apu\u00f1alar y arrojar por la ventana a su mujer en Manresa\"},{\"@type\":\"BreadcrumbList\",\"@id\":\"https:\/\/www.diario21.tv\/noticias\/impactante-hombre-apunala-y-lanza-a-su-mujer-por-la-ventana-en-manresa-detenido\/#breadcrumb\",\"itemListElement\":[{\"@type\":\"ListItem\",\"position\":1,\"name\":\"Accueil\",\"item\":\"https:\/\/www.diario21.tv\/noticias\/\"},{\"@type\":\"ListItem\",\"position\":2,\"name\":\"\u00a1Impactante! Hombre apu\u00f1ala y lanza a su mujer por la ventana en Manresa, \u00a1detenido!\"}]},{\"@type\":\"WebSite\",\"@id\":\"https:\/\/www.diario21.tv\/noticias\/#website\",\"url\":\"https:\/\/www.diario21.tv\/noticias\/\",\"name\":\"Diario 21\",\"description\":\"\",\"potentialAction\":[{\"@type\":\"SearchAction\",\"target\":{\"@type\":\"EntryPoint\",\"urlTemplate\":\"https:\/\/www.diario21.tv\/noticias\/?s={search_term_string}\"},\"query-input\":{\"@type\":\"PropertyValueSpecification\",\"valueRequired\":true,\"valueName\":\"search_term_string\"}}],\"inLanguage\":\"es-AR\"},{\"@type\":\"Person\",\"@id\":\"https:\/\/www.diario21.tv\/noticias\/#\/schema\/person\/dfb778f73814d8f09f302618446a526b\",\"name\":\"Juan P\u00e9rez\",\"image\":{\"@type\":\"ImageObject\",\"inLanguage\":\"es-AR\",\"@id\":\"https:\/\/www.diario21.tv\/noticias\/#\/schema\/person\/image\/\",\"url\":\"https:\/\/secure.gravatar.com\/avatar\/c478a405bd10621167f4c3167cc770f5?s=96&d=mm&r=g\",\"contentUrl\":\"https:\/\/secure.gravatar.com\/avatar\/c478a405bd10621167f4c3167cc770f5?s=96&d=mm&r=g\",\"caption\":\"Juan P\u00e9rez\"},\"description\":\"Juan P\u00e9rez es el redactor en jefe de Diario 21. Con m\u00e1s de 10 a\u00f1os de experiencia en el periodismo, se especializa en pol\u00edtica nacional y an\u00e1lisis socioecon\u00f3mico. Su enfoque cr\u00edtico y riguroso aporta una perspectiva \u00fanica a cada art\u00edculo.\",\"sameAs\":[\"https:\/\/www.diario21.tv\/noticias\/\"],\"url\":\"https:\/\/www.diario21.tv\/noticias\/author\/juan-perez\/\"}]}<\/script>\n<!-- \/ Yoast SEO plugin. -->","yoast_head_json":{"title":"\u00a1Impactante! Hombre apu\u00f1ala y lanza a su mujer por la ventana en Manresa, \u00a1detenido! - Diario 21","robots":{"index":"index","follow":"follow","max-snippet":"max-snippet:-1","max-image-preview":"max-image-preview:large","max-video-preview":"max-video-preview:-1"},"canonical":"https:\/\/www.diario21.tv\/noticias\/impactante-hombre-apunala-y-lanza-a-su-mujer-por-la-ventana-en-manresa-detenido\/","og_locale":"es_ES","og_type":"article","og_title":"\u00a1Impactante! Hombre apu\u00f1ala y lanza a su mujer por la ventana en Manresa, \u00a1detenido! - Diario 21","og_description":"Arresto en Manresa por Agresi\u00f3n Dom\u00e9stica Un hombre ha sido arrestado en Manresa tras ser acusado de apu\u00f1alar a su esposa y luego lanzarla por la ... Seguir leyendo &rarr;","og_url":"https:\/\/www.diario21.tv\/noticias\/impactante-hombre-apunala-y-lanza-a-su-mujer-por-la-ventana-en-manresa-detenido\/","og_site_name":"Diario 21","article_published_time":"2025-09-02T01:26:34+00:00","article_modified_time":"2025-09-02T01:26:35+00:00","og_image":[{"width":1200,"height":840,"url":"https:\/\/www.diario21.tv\/noticias\/wp-content\/uploads\/2025\/09\/\u00a1Impactante-Hombre-apunala-y-lanza-a-su-mujer-por-la.JPG","type":"image\/jpeg"}],"author":"Juan P\u00e9rez","twitter_card":"summary_large_image","twitter_misc":{"Escrito por":"Juan P\u00e9rez","Tiempo de lectura":"2 minutos"},"schema":{"@context":"https:\/\/schema.org","@graph":[{"@type":"WebPage","@id":"https:\/\/www.diario21.tv\/noticias\/impactante-hombre-apunala-y-lanza-a-su-mujer-por-la-ventana-en-manresa-detenido\/","url":"https:\/\/www.diario21.tv\/noticias\/impactante-hombre-apunala-y-lanza-a-su-mujer-por-la-ventana-en-manresa-detenido\/","name":"\u00a1Impactante! Hombre apu\u00f1ala y lanza a su mujer por la ventana en Manresa, \u00a1detenido! - Diario 21","isPartOf":{"@id":"https:\/\/www.diario21.tv\/noticias\/#website"},"primaryImageOfPage":{"@id":"https:\/\/www.diario21.tv\/noticias\/impactante-hombre-apunala-y-lanza-a-su-mujer-por-la-ventana-en-manresa-detenido\/#primaryimage"},"image":{"@id":"https:\/\/www.diario21.tv\/noticias\/impactante-hombre-apunala-y-lanza-a-su-mujer-por-la-ventana-en-manresa-detenido\/#primaryimage"},"thumbnailUrl":"https:\/\/www.diario21.tv\/noticias\/wp-content\/uploads\/2025\/09\/\u00a1Impactante-Hombre-apunala-y-lanza-a-su-mujer-por-la.JPG","datePublished":"2025-09-02T01:26:34+00:00","dateModified":"2025-09-02T01:26:35+00:00","author":{"@id":"https:\/\/www.diario21.tv\/noticias\/#\/schema\/person\/dfb778f73814d8f09f302618446a526b"},"breadcrumb":{"@id":"https:\/\/www.diario21.tv\/noticias\/impactante-hombre-apunala-y-lanza-a-su-mujer-por-la-ventana-en-manresa-detenido\/#breadcrumb"},"inLanguage":"es-AR","potentialAction":[{"@type":"ReadAction","target":["https:\/\/www.diario21.tv\/noticias\/impactante-hombre-apunala-y-lanza-a-su-mujer-por-la-ventana-en-manresa-detenido\/"]}]},{"@type":"ImageObject","inLanguage":"es-AR","@id":"https:\/\/www.diario21.tv\/noticias\/impactante-hombre-apunala-y-lanza-a-su-mujer-por-la-ventana-en-manresa-detenido\/#primaryimage","url":"https:\/\/www.diario21.tv\/noticias\/wp-content\/uploads\/2025\/09\/\u00a1Impactante-Hombre-apunala-y-lanza-a-su-mujer-por-la.JPG","contentUrl":"https:\/\/www.diario21.tv\/noticias\/wp-content\/uploads\/2025\/09\/\u00a1Impactante-Hombre-apunala-y-lanza-a-su-mujer-por-la.JPG","width":1200,"height":840,"caption":"Detenido tras apu\u00f1alar y arrojar por la ventana a su mujer en Manresa"},{"@type":"BreadcrumbList","@id":"https:\/\/www.diario21.tv\/noticias\/impactante-hombre-apunala-y-lanza-a-su-mujer-por-la-ventana-en-manresa-detenido\/#breadcrumb","itemListElement":[{"@type":"ListItem","position":1,"name":"Accueil","item":"https:\/\/www.diario21.tv\/noticias\/"},{"@type":"ListItem","position":2,"name":"\u00a1Impactante! Hombre apu\u00f1ala y lanza a su mujer por la ventana en Manresa, \u00a1detenido!"}]},{"@type":"WebSite","@id":"https:\/\/www.diario21.tv\/noticias\/#website","url":"https:\/\/www.diario21.tv\/noticias\/","name":"Diario 21","description":"","potentialAction":[{"@type":"SearchAction","target":{"@type":"EntryPoint","urlTemplate":"https:\/\/www.diario21.tv\/noticias\/?s={search_term_string}"},"query-input":{"@type":"PropertyValueSpecification","valueRequired":true,"valueName":"search_term_string"}}],"inLanguage":"es-AR"},{"@type":"Person","@id":"https:\/\/www.diario21.tv\/noticias\/#\/schema\/person\/dfb778f73814d8f09f302618446a526b","name":"Juan P\u00e9rez","image":{"@type":"ImageObject","inLanguage":"es-AR","@id":"https:\/\/www.diario21.tv\/noticias\/#\/schema\/person\/image\/","url":"https:\/\/secure.gravatar.com\/avatar\/c478a405bd10621167f4c3167cc770f5?s=96&d=mm&r=g","contentUrl":"https:\/\/secure.gravatar.com\/avatar\/c478a405bd10621167f4c3167cc770f5?s=96&d=mm&r=g","caption":"Juan P\u00e9rez"},"description":"Juan P\u00e9rez es el redactor en jefe de Diario 21. Con m\u00e1s de 10 a\u00f1os de experiencia en el periodismo, se especializa en pol\u00edtica nacional y an\u00e1lisis socioecon\u00f3mico. Su enfoque cr\u00edtico y riguroso aporta una perspectiva \u00fanica a cada art\u00edculo.","sameAs":["https:\/\/www.diario21.tv\/noticias\/"],"url":"https:\/\/www.diario21.tv\/noticias\/author\/juan-perez\/"}]}},"_links":{"self":[{"href":"https:\/\/www.diario21.tv\/noticias\/wp-json\/wp\/v2\/posts\/4363"}],"collection":[{"href":"https:\/\/www.diario21.tv\/noticias\/wp-json\/wp\/v2\/posts"}],"about":[{"href":"https:\/\/www.diario21.tv\/noticias\/wp-json\/wp\/v2\/types\/post"}],"author":[{"embeddable":true,"href":"https:\/\/www.diario21.tv\/noticias\/wp-json\/wp\/v2\/users\/20"}],"replies":[{"embeddable":true,"href":"https:\/\/www.diario21.tv\/noticias\/wp-json\/wp\/v2\/comments?post=4363"}],"version-history":[{"count":1,"href":"https:\/\/www.diario21.tv\/noticias\/wp-json\/wp\/v2\/posts\/4363\/revisions"}],"predecessor-version":[{"id":4365,"href":"https:\/\/www.diario21.tv\/noticias\/wp-json\/wp\/v2\/posts\/4363\/revisions\/4365"}],"wp:featuredmedia":[{"embeddable":true,"href":"https:\/\/www.diario21.tv\/noticias\/wp-json\/wp\/v2\/media\/4364"}],"wp:attachment":[{"href":"https:\/\/www.diario21.tv\/noticias\/wp-json\/wp\/v2\/media?parent=4363"}],"wp:term":[{"taxonomy":"category","embeddable":true,"href":"https:\/\/www.diario21.tv\/noticias\/wp-json\/wp\/v2\/categories?post=4363"},{"taxonomy":"post_tag","embeddable":true,"href":"https:\/\/www.diario21.tv\/noticias\/wp-json\/wp\/v2\/tags?post=4363"}],"curies":[{"name":"wp","href":"https:\/\/api.w.org\/{rel}","templated":true}]}}