{"id":4354,"date":"2025-09-01T01:18:25","date_gmt":"2025-09-01T01:18:25","guid":{"rendered":"https:\/\/www.diario21.tv\/noticias\/alerta-gobierno-anticipa-fin-de-la-peor-ola-de-incendios-del-siglo\/"},"modified":"2025-09-01T01:18:26","modified_gmt":"2025-09-01T01:18:26","slug":"alerta-gobierno-anticipa-fin-de-la-peor-ola-de-incendios-del-siglo","status":"publish","type":"post","link":"https:\/\/www.diario21.tv\/noticias\/alerta-gobierno-anticipa-fin-de-la-peor-ola-de-incendios-del-siglo\/","title":{"rendered":"\u00a1Alerta! Gobierno anticipa fin de la peor ola de incendios del siglo"},"content":{"rendered":"<h2>El Ejecutivo Anticipa la Conclusi\u00f3n de la M\u00e1s Grave Serie de Incendios del Siglo<\/h2>\n<p>En una reciente declaraci\u00f3n, representantes del gobierno han expresado optimismo respecto a que el t\u00e9rmino de la serie m\u00e1s devastadora de incendios forestales que se haya registrado en este siglo est\u00e1 pr\u00f3ximo. Estos incendios, que han asolado extensas \u00e1reas del pa\u00eds, podr\u00edan estar viendo su fin gracias a los esfuerzos combinados de m\u00faltiples agencias y un cambio favorable en las condiciones clim\u00e1ticas.<\/p>\n<h3>Detalles sobre los Incendios Actuales<\/h3>\n<p>Los incendios que actualmente afectan diversas regiones han sido calificados como los m\u00e1s destructivos y extensos en las \u00faltimas d\u00e9cadas. Miles de hect\u00e1reas de bosque han sido consumidas por las llamas, afectando no solo la flora y la fauna locales, sino tambi\u00e9n numerosas comunidades que se encuentran en las proximidades. El impacto econ\u00f3mico y ecol\u00f3gico de estos incendios es a\u00fan incalculable, pero definitivamente ser\u00e1 significativo.<\/p>\n<h3>Medidas Tomadas por el Gobierno<\/h3>\n<p>Para combatir estos incendios, el gobierno ha movilizado recursos significativos. Esto incluye no solo el despliegue de bomberos y equipos de emergencia en las zonas afectadas, sino tambi\u00e9n la colaboraci\u00f3n con organizaciones internacionales que aportan experiencia y equipamiento especializado. Adem\u00e1s, se han implementado pol\u00edticas de evacuaci\u00f3n y se han establecido centros de acogida para los desplazados.<\/p>\n<h3>Expectativas Futuras<\/h3>\n<p>A pesar de la gravedad de la situaci\u00f3n actual, las autoridades se muestran cautelosamente optimistas. Los pron\u00f3sticos meteorol\u00f3gicos indican que las pr\u00f3ximas semanas podr\u00edan traer lluvias, lo cual ayudar\u00eda a sofocar las llamas y prevenir nuevos focos de fuego. Sin embargo, el gobierno tambi\u00e9n hace un llamado a la poblaci\u00f3n para mantenerse alerta y seguir las recomendaciones de seguridad, ya que el riesgo a\u00fan no ha pasado completamente.<\/p>\n<h3>Conclusi\u00f3n<\/h3>\n<p>Mientras el pa\u00eds se prepara para superar esta calamidad, el gobierno sigue evaluando y ajustando sus estrategias para asegurar que se minimicen los da\u00f1os y se protejan las vidas y propiedades de sus ciudadanos. La esperanza es que, con la llegada de las lluvias y la continuaci\u00f3n de los esfuerzos de contenci\u00f3n, la peor ola de incendios forestales del siglo pueda llegar a su fin en un futuro cercano.<\/p>\n\n\n<div class=\"kk-star-ratings kksr-auto kksr-align-left kksr-valign-bottom\"\n    data-payload='{&quot;align&quot;:&quot;left&quot;,&quot;id&quot;:&quot;4354&quot;,&quot;slug&quot;:&quot;default&quot;,&quot;valign&quot;:&quot;bottom&quot;,&quot;ignore&quot;:&quot;&quot;,&quot;reference&quot;:&quot;auto&quot;,&quot;class&quot;:&quot;&quot;,&quot;count&quot;:&quot;0&quot;,&quot;legendonly&quot;:&quot;&quot;,&quot;readonly&quot;:&quot;&quot;,&quot;score&quot;:&quot;0&quot;,&quot;starsonly&quot;:&quot;&quot;,&quot;best&quot;:&quot;5&quot;,&quot;gap&quot;:&quot;5&quot;,&quot;greet&quot;:&quot;Valora este post&quot;,&quot;legend&quot;:&quot;0\\\/5 - (0 votes)&quot;,&quot;size&quot;:&quot;22&quot;,&quot;title&quot;:&quot;\u00a1Alerta! Gobierno anticipa fin de la peor ola de incendios del siglo&quot;,&quot;width&quot;:&quot;0&quot;,&quot;_legend&quot;:&quot;{score}\\\/{best} - ({count} {votes})&quot;,&quot;font_factor&quot;:&quot;1.25&quot;}'>\n            \n<div class=\"kksr-stars\">\n    \n<div class=\"kksr-stars-inactive\">\n            <div class=\"kksr-star\" data-star=\"1\" style=\"padding-right: 5px\">\n            \n\n<div class=\"kksr-icon\" style=\"width: 22px; height: 22px;\"><\/div>\n        <\/div>\n            <div class=\"kksr-star\" data-star=\"2\" style=\"padding-right: 5px\">\n            \n\n<div class=\"kksr-icon\" style=\"width: 22px; height: 22px;\"><\/div>\n        <\/div>\n            <div class=\"kksr-star\" data-star=\"3\" style=\"padding-right: 5px\">\n            \n\n<div class=\"kksr-icon\" style=\"width: 22px; height: 22px;\"><\/div>\n        <\/div>\n            <div class=\"kksr-star\" data-star=\"4\" style=\"padding-right: 5px\">\n            \n\n<div class=\"kksr-icon\" style=\"width: 22px; height: 22px;\"><\/div>\n        <\/div>\n            <div class=\"kksr-star\" data-star=\"5\" style=\"padding-right: 5px\">\n            \n\n<div class=\"kksr-icon\" style=\"width: 22px; height: 22px;\"><\/div>\n        <\/div>\n    <\/div>\n    \n<div class=\"kksr-stars-active\" style=\"width: 0px;\">\n            <div class=\"kksr-star\" style=\"padding-right: 5px\">\n            \n\n<div class=\"kksr-icon\" style=\"width: 22px; height: 22px;\"><\/div>\n        <\/div>\n            <div class=\"kksr-star\" style=\"padding-right: 5px\">\n            \n\n<div class=\"kksr-icon\" style=\"width: 22px; height: 22px;\"><\/div>\n        <\/div>\n            <div class=\"kksr-star\" style=\"padding-right: 5px\">\n            \n\n<div class=\"kksr-icon\" style=\"width: 22px; height: 22px;\"><\/div>\n        <\/div>\n            <div class=\"kksr-star\" style=\"padding-right: 5px\">\n            \n\n<div class=\"kksr-icon\" style=\"width: 22px; height: 22px;\"><\/div>\n        <\/div>\n            <div class=\"kksr-star\" style=\"padding-right: 5px\">\n            \n\n<div class=\"kksr-icon\" style=\"width: 22px; height: 22px;\"><\/div>\n        <\/div>\n    <\/div>\n<\/div>\n                \n\n<div class=\"kksr-legend\" style=\"font-size: 17.6px;\">\n            <span class=\"kksr-muted\">Valora este post<\/span>\n    <\/div>\n    <\/div>\n","protected":false},"excerpt":{"rendered":"<p>El Ejecutivo Anticipa la Conclusi\u00f3n de la M\u00e1s Grave Serie de Incendios del Siglo En una reciente declaraci\u00f3n, representantes del gobierno han expresado optimismo respecto a &#8230; <a title=\"\u00a1Alerta! Gobierno anticipa fin de la peor ola de incendios del siglo\" class=\"read-more\" href=\"https:\/\/www.diario21.tv\/noticias\/alerta-gobierno-anticipa-fin-de-la-peor-ola-de-incendios-del-siglo\/\" aria-label=\"Leer m\u00e1s sobre \u00a1Alerta! Gobierno anticipa fin de la peor ola de incendios del siglo\">Seguir leyendo &rarr;<\/a><\/p>\n","protected":false},"author":20,"featured_media":4355,"comment_status":"open","ping_status":"open","sticky":false,"template":"","format":"standard","meta":{"footnotes":""},"categories":[13],"tags":[],"class_list":["post-4354","post","type-post","status-publish","format-standard","has-post-thumbnail","hentry","category-portada"],"yoast_head":"<!-- This site is optimized with the Yoast SEO plugin v25.6 - https:\/\/yoast.com\/wordpress\/plugins\/seo\/ -->\n<title>\u00a1Alerta! Gobierno anticipa fin de la peor ola de incendios del siglo - Diario 21<\/title>\n<meta name=\"robots\" content=\"index, follow, max-snippet:-1, max-image-preview:large, max-video-preview:-1\" \/>\n<link rel=\"canonical\" href=\"https:\/\/www.diario21.tv\/noticias\/alerta-gobierno-anticipa-fin-de-la-peor-ola-de-incendios-del-siglo\/\" \/>\n<meta property=\"og:locale\" content=\"es_ES\" \/>\n<meta property=\"og:type\" content=\"article\" \/>\n<meta property=\"og:title\" content=\"\u00a1Alerta! Gobierno anticipa fin de la peor ola de incendios del siglo - Diario 21\" \/>\n<meta property=\"og:description\" content=\"El Ejecutivo Anticipa la Conclusi\u00f3n de la M\u00e1s Grave Serie de Incendios del Siglo En una reciente declaraci\u00f3n, representantes del gobierno han expresado optimismo respecto a ... Seguir leyendo &rarr;\" \/>\n<meta property=\"og:url\" content=\"https:\/\/www.diario21.tv\/noticias\/alerta-gobierno-anticipa-fin-de-la-peor-ola-de-incendios-del-siglo\/\" \/>\n<meta property=\"og:site_name\" content=\"Diario 21\" \/>\n<meta property=\"article:published_time\" content=\"2025-09-01T01:18:25+00:00\" \/>\n<meta property=\"article:modified_time\" content=\"2025-09-01T01:18:26+00:00\" \/>\n<meta property=\"og:image\" content=\"https:\/\/www.diario21.tv\/noticias\/wp-content\/uploads\/2025\/09\/\u00a1Alerta-Gobierno-anticipa-fin-de-la-peor-ola-de-incendios.jpg\" \/>\n\t<meta property=\"og:image:width\" content=\"1200\" \/>\n\t<meta property=\"og:image:height\" content=\"840\" \/>\n\t<meta property=\"og:image:type\" content=\"image\/jpeg\" \/>\n<meta name=\"author\" content=\"Juan P\u00e9rez\" \/>\n<meta name=\"twitter:card\" content=\"summary_large_image\" \/>\n<meta name=\"twitter:label1\" content=\"Escrito por\" \/>\n\t<meta name=\"twitter:data1\" content=\"Juan P\u00e9rez\" \/>\n\t<meta name=\"twitter:label2\" content=\"Tiempo de lectura\" \/>\n\t<meta name=\"twitter:data2\" content=\"2 minutos\" \/>\n<script type=\"application\/ld+json\" class=\"yoast-schema-graph\">{\"@context\":\"https:\/\/schema.org\",\"@graph\":[{\"@type\":\"WebPage\",\"@id\":\"https:\/\/www.diario21.tv\/noticias\/alerta-gobierno-anticipa-fin-de-la-peor-ola-de-incendios-del-siglo\/\",\"url\":\"https:\/\/www.diario21.tv\/noticias\/alerta-gobierno-anticipa-fin-de-la-peor-ola-de-incendios-del-siglo\/\",\"name\":\"\u00a1Alerta! Gobierno anticipa fin de la peor ola de incendios del siglo - Diario 21\",\"isPartOf\":{\"@id\":\"https:\/\/www.diario21.tv\/noticias\/#website\"},\"primaryImageOfPage\":{\"@id\":\"https:\/\/www.diario21.tv\/noticias\/alerta-gobierno-anticipa-fin-de-la-peor-ola-de-incendios-del-siglo\/#primaryimage\"},\"image\":{\"@id\":\"https:\/\/www.diario21.tv\/noticias\/alerta-gobierno-anticipa-fin-de-la-peor-ola-de-incendios-del-siglo\/#primaryimage\"},\"thumbnailUrl\":\"https:\/\/www.diario21.tv\/noticias\/wp-content\/uploads\/2025\/09\/\u00a1Alerta-Gobierno-anticipa-fin-de-la-peor-ola-de-incendios.jpg\",\"datePublished\":\"2025-09-01T01:18:25+00:00\",\"dateModified\":\"2025-09-01T01:18:26+00:00\",\"author\":{\"@id\":\"https:\/\/www.diario21.tv\/noticias\/#\/schema\/person\/dfb778f73814d8f09f302618446a526b\"},\"breadcrumb\":{\"@id\":\"https:\/\/www.diario21.tv\/noticias\/alerta-gobierno-anticipa-fin-de-la-peor-ola-de-incendios-del-siglo\/#breadcrumb\"},\"inLanguage\":\"es-AR\",\"potentialAction\":[{\"@type\":\"ReadAction\",\"target\":[\"https:\/\/www.diario21.tv\/noticias\/alerta-gobierno-anticipa-fin-de-la-peor-ola-de-incendios-del-siglo\/\"]}]},{\"@type\":\"ImageObject\",\"inLanguage\":\"es-AR\",\"@id\":\"https:\/\/www.diario21.tv\/noticias\/alerta-gobierno-anticipa-fin-de-la-peor-ola-de-incendios-del-siglo\/#primaryimage\",\"url\":\"https:\/\/www.diario21.tv\/noticias\/wp-content\/uploads\/2025\/09\/\u00a1Alerta-Gobierno-anticipa-fin-de-la-peor-ola-de-incendios.jpg\",\"contentUrl\":\"https:\/\/www.diario21.tv\/noticias\/wp-content\/uploads\/2025\/09\/\u00a1Alerta-Gobierno-anticipa-fin-de-la-peor-ola-de-incendios.jpg\",\"width\":1200,\"height\":840,\"caption\":\"El Gobierno ve muy cerca el final de la peor ola de incendios forestales del siglo\"},{\"@type\":\"BreadcrumbList\",\"@id\":\"https:\/\/www.diario21.tv\/noticias\/alerta-gobierno-anticipa-fin-de-la-peor-ola-de-incendios-del-siglo\/#breadcrumb\",\"itemListElement\":[{\"@type\":\"ListItem\",\"position\":1,\"name\":\"Accueil\",\"item\":\"https:\/\/www.diario21.tv\/noticias\/\"},{\"@type\":\"ListItem\",\"position\":2,\"name\":\"\u00a1Alerta! Gobierno anticipa fin de la peor ola de incendios del siglo\"}]},{\"@type\":\"WebSite\",\"@id\":\"https:\/\/www.diario21.tv\/noticias\/#website\",\"url\":\"https:\/\/www.diario21.tv\/noticias\/\",\"name\":\"Diario 21\",\"description\":\"\",\"potentialAction\":[{\"@type\":\"SearchAction\",\"target\":{\"@type\":\"EntryPoint\",\"urlTemplate\":\"https:\/\/www.diario21.tv\/noticias\/?s={search_term_string}\"},\"query-input\":{\"@type\":\"PropertyValueSpecification\",\"valueRequired\":true,\"valueName\":\"search_term_string\"}}],\"inLanguage\":\"es-AR\"},{\"@type\":\"Person\",\"@id\":\"https:\/\/www.diario21.tv\/noticias\/#\/schema\/person\/dfb778f73814d8f09f302618446a526b\",\"name\":\"Juan P\u00e9rez\",\"image\":{\"@type\":\"ImageObject\",\"inLanguage\":\"es-AR\",\"@id\":\"https:\/\/www.diario21.tv\/noticias\/#\/schema\/person\/image\/\",\"url\":\"https:\/\/secure.gravatar.com\/avatar\/c478a405bd10621167f4c3167cc770f5?s=96&d=mm&r=g\",\"contentUrl\":\"https:\/\/secure.gravatar.com\/avatar\/c478a405bd10621167f4c3167cc770f5?s=96&d=mm&r=g\",\"caption\":\"Juan P\u00e9rez\"},\"description\":\"Juan P\u00e9rez es el redactor en jefe de Diario 21. Con m\u00e1s de 10 a\u00f1os de experiencia en el periodismo, se especializa en pol\u00edtica nacional y an\u00e1lisis socioecon\u00f3mico. Su enfoque cr\u00edtico y riguroso aporta una perspectiva \u00fanica a cada art\u00edculo.\",\"sameAs\":[\"https:\/\/www.diario21.tv\/noticias\/\"],\"url\":\"https:\/\/www.diario21.tv\/noticias\/author\/juan-perez\/\"}]}<\/script>\n<!-- \/ Yoast SEO plugin. -->","yoast_head_json":{"title":"\u00a1Alerta! Gobierno anticipa fin de la peor ola de incendios del siglo - Diario 21","robots":{"index":"index","follow":"follow","max-snippet":"max-snippet:-1","max-image-preview":"max-image-preview:large","max-video-preview":"max-video-preview:-1"},"canonical":"https:\/\/www.diario21.tv\/noticias\/alerta-gobierno-anticipa-fin-de-la-peor-ola-de-incendios-del-siglo\/","og_locale":"es_ES","og_type":"article","og_title":"\u00a1Alerta! Gobierno anticipa fin de la peor ola de incendios del siglo - Diario 21","og_description":"El Ejecutivo Anticipa la Conclusi\u00f3n de la M\u00e1s Grave Serie de Incendios del Siglo En una reciente declaraci\u00f3n, representantes del gobierno han expresado optimismo respecto a ... Seguir leyendo &rarr;","og_url":"https:\/\/www.diario21.tv\/noticias\/alerta-gobierno-anticipa-fin-de-la-peor-ola-de-incendios-del-siglo\/","og_site_name":"Diario 21","article_published_time":"2025-09-01T01:18:25+00:00","article_modified_time":"2025-09-01T01:18:26+00:00","og_image":[{"width":1200,"height":840,"url":"https:\/\/www.diario21.tv\/noticias\/wp-content\/uploads\/2025\/09\/\u00a1Alerta-Gobierno-anticipa-fin-de-la-peor-ola-de-incendios.jpg","type":"image\/jpeg"}],"author":"Juan P\u00e9rez","twitter_card":"summary_large_image","twitter_misc":{"Escrito por":"Juan P\u00e9rez","Tiempo de lectura":"2 minutos"},"schema":{"@context":"https:\/\/schema.org","@graph":[{"@type":"WebPage","@id":"https:\/\/www.diario21.tv\/noticias\/alerta-gobierno-anticipa-fin-de-la-peor-ola-de-incendios-del-siglo\/","url":"https:\/\/www.diario21.tv\/noticias\/alerta-gobierno-anticipa-fin-de-la-peor-ola-de-incendios-del-siglo\/","name":"\u00a1Alerta! Gobierno anticipa fin de la peor ola de incendios del siglo - Diario 21","isPartOf":{"@id":"https:\/\/www.diario21.tv\/noticias\/#website"},"primaryImageOfPage":{"@id":"https:\/\/www.diario21.tv\/noticias\/alerta-gobierno-anticipa-fin-de-la-peor-ola-de-incendios-del-siglo\/#primaryimage"},"image":{"@id":"https:\/\/www.diario21.tv\/noticias\/alerta-gobierno-anticipa-fin-de-la-peor-ola-de-incendios-del-siglo\/#primaryimage"},"thumbnailUrl":"https:\/\/www.diario21.tv\/noticias\/wp-content\/uploads\/2025\/09\/\u00a1Alerta-Gobierno-anticipa-fin-de-la-peor-ola-de-incendios.jpg","datePublished":"2025-09-01T01:18:25+00:00","dateModified":"2025-09-01T01:18:26+00:00","author":{"@id":"https:\/\/www.diario21.tv\/noticias\/#\/schema\/person\/dfb778f73814d8f09f302618446a526b"},"breadcrumb":{"@id":"https:\/\/www.diario21.tv\/noticias\/alerta-gobierno-anticipa-fin-de-la-peor-ola-de-incendios-del-siglo\/#breadcrumb"},"inLanguage":"es-AR","potentialAction":[{"@type":"ReadAction","target":["https:\/\/www.diario21.tv\/noticias\/alerta-gobierno-anticipa-fin-de-la-peor-ola-de-incendios-del-siglo\/"]}]},{"@type":"ImageObject","inLanguage":"es-AR","@id":"https:\/\/www.diario21.tv\/noticias\/alerta-gobierno-anticipa-fin-de-la-peor-ola-de-incendios-del-siglo\/#primaryimage","url":"https:\/\/www.diario21.tv\/noticias\/wp-content\/uploads\/2025\/09\/\u00a1Alerta-Gobierno-anticipa-fin-de-la-peor-ola-de-incendios.jpg","contentUrl":"https:\/\/www.diario21.tv\/noticias\/wp-content\/uploads\/2025\/09\/\u00a1Alerta-Gobierno-anticipa-fin-de-la-peor-ola-de-incendios.jpg","width":1200,"height":840,"caption":"El Gobierno ve muy cerca el final de la peor ola de incendios forestales del siglo"},{"@type":"BreadcrumbList","@id":"https:\/\/www.diario21.tv\/noticias\/alerta-gobierno-anticipa-fin-de-la-peor-ola-de-incendios-del-siglo\/#breadcrumb","itemListElement":[{"@type":"ListItem","position":1,"name":"Accueil","item":"https:\/\/www.diario21.tv\/noticias\/"},{"@type":"ListItem","position":2,"name":"\u00a1Alerta! Gobierno anticipa fin de la peor ola de incendios del siglo"}]},{"@type":"WebSite","@id":"https:\/\/www.diario21.tv\/noticias\/#website","url":"https:\/\/www.diario21.tv\/noticias\/","name":"Diario 21","description":"","potentialAction":[{"@type":"SearchAction","target":{"@type":"EntryPoint","urlTemplate":"https:\/\/www.diario21.tv\/noticias\/?s={search_term_string}"},"query-input":{"@type":"PropertyValueSpecification","valueRequired":true,"valueName":"search_term_string"}}],"inLanguage":"es-AR"},{"@type":"Person","@id":"https:\/\/www.diario21.tv\/noticias\/#\/schema\/person\/dfb778f73814d8f09f302618446a526b","name":"Juan P\u00e9rez","image":{"@type":"ImageObject","inLanguage":"es-AR","@id":"https:\/\/www.diario21.tv\/noticias\/#\/schema\/person\/image\/","url":"https:\/\/secure.gravatar.com\/avatar\/c478a405bd10621167f4c3167cc770f5?s=96&d=mm&r=g","contentUrl":"https:\/\/secure.gravatar.com\/avatar\/c478a405bd10621167f4c3167cc770f5?s=96&d=mm&r=g","caption":"Juan P\u00e9rez"},"description":"Juan P\u00e9rez es el redactor en jefe de Diario 21. Con m\u00e1s de 10 a\u00f1os de experiencia en el periodismo, se especializa en pol\u00edtica nacional y an\u00e1lisis socioecon\u00f3mico. Su enfoque cr\u00edtico y riguroso aporta una perspectiva \u00fanica a cada art\u00edculo.","sameAs":["https:\/\/www.diario21.tv\/noticias\/"],"url":"https:\/\/www.diario21.tv\/noticias\/author\/juan-perez\/"}]}},"_links":{"self":[{"href":"https:\/\/www.diario21.tv\/noticias\/wp-json\/wp\/v2\/posts\/4354"}],"collection":[{"href":"https:\/\/www.diario21.tv\/noticias\/wp-json\/wp\/v2\/posts"}],"about":[{"href":"https:\/\/www.diario21.tv\/noticias\/wp-json\/wp\/v2\/types\/post"}],"author":[{"embeddable":true,"href":"https:\/\/www.diario21.tv\/noticias\/wp-json\/wp\/v2\/users\/20"}],"replies":[{"embeddable":true,"href":"https:\/\/www.diario21.tv\/noticias\/wp-json\/wp\/v2\/comments?post=4354"}],"version-history":[{"count":1,"href":"https:\/\/www.diario21.tv\/noticias\/wp-json\/wp\/v2\/posts\/4354\/revisions"}],"predecessor-version":[{"id":4356,"href":"https:\/\/www.diario21.tv\/noticias\/wp-json\/wp\/v2\/posts\/4354\/revisions\/4356"}],"wp:featuredmedia":[{"embeddable":true,"href":"https:\/\/www.diario21.tv\/noticias\/wp-json\/wp\/v2\/media\/4355"}],"wp:attachment":[{"href":"https:\/\/www.diario21.tv\/noticias\/wp-json\/wp\/v2\/media?parent=4354"}],"wp:term":[{"taxonomy":"category","embeddable":true,"href":"https:\/\/www.diario21.tv\/noticias\/wp-json\/wp\/v2\/categories?post=4354"},{"taxonomy":"post_tag","embeddable":true,"href":"https:\/\/www.diario21.tv\/noticias\/wp-json\/wp\/v2\/tags?post=4354"}],"curies":[{"name":"wp","href":"https:\/\/api.w.org\/{rel}","templated":true}]}}