{"id":4351,"date":"2025-08-31T19:15:16","date_gmt":"2025-08-31T19:15:16","guid":{"rendered":"https:\/\/www.diario21.tv\/noticias\/incendios-en-leon-una-mirada-urbana-a-la-devastadora-catastrofe\/"},"modified":"2025-08-31T19:15:17","modified_gmt":"2025-08-31T19:15:17","slug":"incendios-en-leon-una-mirada-urbana-a-la-devastadora-catastrofe","status":"publish","type":"post","link":"https:\/\/www.diario21.tv\/noticias\/incendios-en-leon-una-mirada-urbana-a-la-devastadora-catastrofe\/","title":{"rendered":"Incendios en Le\u00f3n: Una mirada urbana a la devastadora cat\u00e1strofe"},"content":{"rendered":"<p><strong><\/p>\n<h2>La Magnitud de los Incendios en Le\u00f3n: Un Enfoque Urbano Sobre el Desastre<\/h2>\n<p><\/strong><\/p>\n<p>Los incendios que han azotado a Le\u00f3n recientemente no solo han sido devastadores en t\u00e9rminos de la p\u00e9rdida de flora y fauna, sino que tambi\u00e9n han impactado significativamente en el entorno urbano y la vida de sus habitantes. Esta situaci\u00f3n ha puesto de manifiesto la vulnerabilidad de las \u00e1reas urbanas ante cat\u00e1strofes naturales de este tipo y la necesidad de repensar nuestras estrategias de prevenci\u00f3n y respuesta.<\/p>\n<p><strong><\/p>\n<h3>Impacto en la Estructura Urbana<\/h3>\n<p><\/strong><\/p>\n<p>Le\u00f3n, una ciudad que combina zonas hist\u00f3ricas con modernas infraestructuras, ha visto c\u00f3mo el fuego no respeta distinciones arquitect\u00f3nicas o hist\u00f3ricas. La proximidad de zonas verdes y bosques a las \u00e1reas residenciales y comerciales ha facilitado la propagaci\u00f3n de las llamas, poniendo en riesgo no solo edificaciones sino, lo m\u00e1s importante, vidas humanas. El r\u00e1pido avance del fuego ha obligado a repensar el dise\u00f1o urbano y las medidas de seguridad implementadas en la construcci\u00f3n de nuevos desarrollos y en la renovaci\u00f3n de los existentes.<\/p>\n<p><strong><\/p>\n<h3>Respuesta de las Autoridades<\/h3>\n<p><\/strong><\/p>\n<p>La gesti\u00f3n de los incendios ha requerido una coordinaci\u00f3n sin precedentes entre diferentes niveles de gobierno y organismos de emergencia. Las autoridades locales han sido puestas a prueba en cuanto a su capacidad para reaccionar de manera eficiente y efectiva. Los esfuerzos de evacuaci\u00f3n y las campa\u00f1as de informaci\u00f3n p\u00fablica han sido cruciales para minimizar el impacto humano del desastre. Sin embargo, las cr\u00edticas no han faltado, especialmente en lo que respecta a la velocidad de la respuesta inicial y la suficiencia de los recursos disponibles.<\/p>\n<p><strong><\/p>\n<h3>El Papel de la Comunidad<\/h3>\n<p><\/strong><\/p>\n<p>En medio de la crisis, la solidaridad de los ciudadanos de Le\u00f3n ha brillado con fuerza. Vecinos ayudando a vecinos, voluntarios acudiendo en masa a ofrecer su ayuda y empresas locales contribuyendo con lo que pueden para aliviar el sufrimiento de los afectados. Esta respuesta comunitaria no solo ha sido esencial para la recuperaci\u00f3n inmediata, sino que tambi\u00e9n ha fortalecido el tejido social de la ciudad, prepar\u00e1ndola mejor para futuros desaf\u00edos.<\/p>\n<p><strong><\/p>\n<h3>Lecciones Aprendidas<\/h3>\n<p><\/strong><\/p>\n<p>Quiz\u00e1s la lecci\u00f3n m\u00e1s importante que ha dejado esta cat\u00e1strofe es la necesidad de una mayor preparaci\u00f3n y prevenci\u00f3n. La adaptaci\u00f3n de las pol\u00edticas urban\u00edsticas para mejor enfrentar estos eventos naturales ser\u00e1 crucial. Invertir en educaci\u00f3n sobre prevenci\u00f3n de incendios, mejorar las regulaciones de construcci\u00f3n y fomentar una mayor colaboraci\u00f3n entre el sector p\u00fablico y privado son pasos necesarios para asegurar un futuro m\u00e1s seguro para Le\u00f3n.<\/p>\n<p>En resumen, los incendios en Le\u00f3n han sido un duro recordatorio de nuestra responsabilidad compartida en la gesti\u00f3n de desastres naturales. Mientras la ciudad se recupera y reconstruye, la esperanza es que las lecciones aprendidas no sean olvidadas y que se tomen medidas concretas para prevenir y responder mejor a futuros incendios.<\/p>\n\n\n<div class=\"kk-star-ratings kksr-auto kksr-align-left kksr-valign-bottom\"\n    data-payload='{&quot;align&quot;:&quot;left&quot;,&quot;id&quot;:&quot;4351&quot;,&quot;slug&quot;:&quot;default&quot;,&quot;valign&quot;:&quot;bottom&quot;,&quot;ignore&quot;:&quot;&quot;,&quot;reference&quot;:&quot;auto&quot;,&quot;class&quot;:&quot;&quot;,&quot;count&quot;:&quot;0&quot;,&quot;legendonly&quot;:&quot;&quot;,&quot;readonly&quot;:&quot;&quot;,&quot;score&quot;:&quot;0&quot;,&quot;starsonly&quot;:&quot;&quot;,&quot;best&quot;:&quot;5&quot;,&quot;gap&quot;:&quot;5&quot;,&quot;greet&quot;:&quot;Valora este post&quot;,&quot;legend&quot;:&quot;0\\\/5 - (0 votes)&quot;,&quot;size&quot;:&quot;22&quot;,&quot;title&quot;:&quot;Incendios en Le\u00f3n: Una mirada urbana a la devastadora cat\u00e1strofe&quot;,&quot;width&quot;:&quot;0&quot;,&quot;_legend&quot;:&quot;{score}\\\/{best} - ({count} {votes})&quot;,&quot;font_factor&quot;:&quot;1.25&quot;}'>\n            \n<div class=\"kksr-stars\">\n    \n<div class=\"kksr-stars-inactive\">\n            <div class=\"kksr-star\" data-star=\"1\" style=\"padding-right: 5px\">\n            \n\n<div class=\"kksr-icon\" style=\"width: 22px; height: 22px;\"><\/div>\n        <\/div>\n            <div class=\"kksr-star\" data-star=\"2\" style=\"padding-right: 5px\">\n            \n\n<div class=\"kksr-icon\" style=\"width: 22px; height: 22px;\"><\/div>\n        <\/div>\n            <div class=\"kksr-star\" data-star=\"3\" style=\"padding-right: 5px\">\n            \n\n<div class=\"kksr-icon\" style=\"width: 22px; height: 22px;\"><\/div>\n        <\/div>\n            <div class=\"kksr-star\" data-star=\"4\" style=\"padding-right: 5px\">\n            \n\n<div class=\"kksr-icon\" style=\"width: 22px; height: 22px;\"><\/div>\n        <\/div>\n            <div class=\"kksr-star\" data-star=\"5\" style=\"padding-right: 5px\">\n            \n\n<div class=\"kksr-icon\" style=\"width: 22px; height: 22px;\"><\/div>\n        <\/div>\n    <\/div>\n    \n<div class=\"kksr-stars-active\" style=\"width: 0px;\">\n            <div class=\"kksr-star\" style=\"padding-right: 5px\">\n            \n\n<div class=\"kksr-icon\" style=\"width: 22px; height: 22px;\"><\/div>\n        <\/div>\n            <div class=\"kksr-star\" style=\"padding-right: 5px\">\n            \n\n<div class=\"kksr-icon\" style=\"width: 22px; height: 22px;\"><\/div>\n        <\/div>\n            <div class=\"kksr-star\" style=\"padding-right: 5px\">\n            \n\n<div class=\"kksr-icon\" style=\"width: 22px; height: 22px;\"><\/div>\n        <\/div>\n            <div class=\"kksr-star\" style=\"padding-right: 5px\">\n            \n\n<div class=\"kksr-icon\" style=\"width: 22px; height: 22px;\"><\/div>\n        <\/div>\n            <div class=\"kksr-star\" style=\"padding-right: 5px\">\n            \n\n<div class=\"kksr-icon\" style=\"width: 22px; height: 22px;\"><\/div>\n        <\/div>\n    <\/div>\n<\/div>\n                \n\n<div class=\"kksr-legend\" style=\"font-size: 17.6px;\">\n            <span class=\"kksr-muted\">Valora este post<\/span>\n    <\/div>\n    <\/div>\n","protected":false},"excerpt":{"rendered":"<p>La Magnitud de los Incendios en Le\u00f3n: Un Enfoque Urbano Sobre el Desastre Los incendios que han azotado a Le\u00f3n recientemente no solo han sido devastadores &#8230; <a title=\"Incendios en Le\u00f3n: Una mirada urbana a la devastadora cat\u00e1strofe\" class=\"read-more\" href=\"https:\/\/www.diario21.tv\/noticias\/incendios-en-leon-una-mirada-urbana-a-la-devastadora-catastrofe\/\" aria-label=\"Leer m\u00e1s sobre Incendios en Le\u00f3n: Una mirada urbana a la devastadora cat\u00e1strofe\">Seguir leyendo &rarr;<\/a><\/p>\n","protected":false},"author":20,"featured_media":4352,"comment_status":"open","ping_status":"open","sticky":false,"template":"","format":"standard","meta":{"footnotes":""},"categories":[13],"tags":[],"class_list":["post-4351","post","type-post","status-publish","format-standard","has-post-thumbnail","hentry","category-portada"],"yoast_head":"<!-- This site is optimized with the Yoast SEO plugin v25.6 - https:\/\/yoast.com\/wordpress\/plugins\/seo\/ -->\n<title>Incendios en Le\u00f3n: Una mirada urbana a la devastadora cat\u00e1strofe - Diario 21<\/title>\n<meta name=\"robots\" content=\"index, follow, max-snippet:-1, max-image-preview:large, max-video-preview:-1\" \/>\n<link rel=\"canonical\" href=\"https:\/\/www.diario21.tv\/noticias\/incendios-en-leon-una-mirada-urbana-a-la-devastadora-catastrofe\/\" \/>\n<meta property=\"og:locale\" content=\"es_ES\" \/>\n<meta property=\"og:type\" content=\"article\" \/>\n<meta property=\"og:title\" content=\"Incendios en Le\u00f3n: Una mirada urbana a la devastadora cat\u00e1strofe - Diario 21\" \/>\n<meta property=\"og:description\" content=\"La Magnitud de los Incendios en Le\u00f3n: Un Enfoque Urbano Sobre el Desastre Los incendios que han azotado a Le\u00f3n recientemente no solo han sido devastadores ... Seguir leyendo &rarr;\" \/>\n<meta property=\"og:url\" content=\"https:\/\/www.diario21.tv\/noticias\/incendios-en-leon-una-mirada-urbana-a-la-devastadora-catastrofe\/\" \/>\n<meta property=\"og:site_name\" content=\"Diario 21\" \/>\n<meta property=\"article:published_time\" content=\"2025-08-31T19:15:16+00:00\" \/>\n<meta property=\"article:modified_time\" content=\"2025-08-31T19:15:17+00:00\" \/>\n<meta property=\"og:image\" content=\"https:\/\/www.diario21.tv\/noticias\/wp-content\/uploads\/2025\/08\/Incendios-en-Leon-Una-mirada-urbana-a-la-devastadora-catastrofe.jpg\" \/>\n\t<meta property=\"og:image:width\" content=\"1200\" \/>\n\t<meta property=\"og:image:height\" content=\"840\" \/>\n\t<meta property=\"og:image:type\" content=\"image\/jpeg\" \/>\n<meta name=\"author\" content=\"Juan P\u00e9rez\" \/>\n<meta name=\"twitter:card\" content=\"summary_large_image\" \/>\n<meta name=\"twitter:label1\" content=\"Escrito por\" \/>\n\t<meta name=\"twitter:data1\" content=\"Juan P\u00e9rez\" \/>\n\t<meta name=\"twitter:label2\" content=\"Tiempo de lectura\" \/>\n\t<meta name=\"twitter:data2\" content=\"3 minutos\" \/>\n<script type=\"application\/ld+json\" class=\"yoast-schema-graph\">{\"@context\":\"https:\/\/schema.org\",\"@graph\":[{\"@type\":\"WebPage\",\"@id\":\"https:\/\/www.diario21.tv\/noticias\/incendios-en-leon-una-mirada-urbana-a-la-devastadora-catastrofe\/\",\"url\":\"https:\/\/www.diario21.tv\/noticias\/incendios-en-leon-una-mirada-urbana-a-la-devastadora-catastrofe\/\",\"name\":\"Incendios en Le\u00f3n: Una mirada urbana a la devastadora cat\u00e1strofe - Diario 21\",\"isPartOf\":{\"@id\":\"https:\/\/www.diario21.tv\/noticias\/#website\"},\"primaryImageOfPage\":{\"@id\":\"https:\/\/www.diario21.tv\/noticias\/incendios-en-leon-una-mirada-urbana-a-la-devastadora-catastrofe\/#primaryimage\"},\"image\":{\"@id\":\"https:\/\/www.diario21.tv\/noticias\/incendios-en-leon-una-mirada-urbana-a-la-devastadora-catastrofe\/#primaryimage\"},\"thumbnailUrl\":\"https:\/\/www.diario21.tv\/noticias\/wp-content\/uploads\/2025\/08\/Incendios-en-Leon-Una-mirada-urbana-a-la-devastadora-catastrofe.jpg\",\"datePublished\":\"2025-08-31T19:15:16+00:00\",\"dateModified\":\"2025-08-31T19:15:17+00:00\",\"author\":{\"@id\":\"https:\/\/www.diario21.tv\/noticias\/#\/schema\/person\/dfb778f73814d8f09f302618446a526b\"},\"breadcrumb\":{\"@id\":\"https:\/\/www.diario21.tv\/noticias\/incendios-en-leon-una-mirada-urbana-a-la-devastadora-catastrofe\/#breadcrumb\"},\"inLanguage\":\"es-AR\",\"potentialAction\":[{\"@type\":\"ReadAction\",\"target\":[\"https:\/\/www.diario21.tv\/noticias\/incendios-en-leon-una-mirada-urbana-a-la-devastadora-catastrofe\/\"]}]},{\"@type\":\"ImageObject\",\"inLanguage\":\"es-AR\",\"@id\":\"https:\/\/www.diario21.tv\/noticias\/incendios-en-leon-una-mirada-urbana-a-la-devastadora-catastrofe\/#primaryimage\",\"url\":\"https:\/\/www.diario21.tv\/noticias\/wp-content\/uploads\/2025\/08\/Incendios-en-Leon-Una-mirada-urbana-a-la-devastadora-catastrofe.jpg\",\"contentUrl\":\"https:\/\/www.diario21.tv\/noticias\/wp-content\/uploads\/2025\/08\/Incendios-en-Leon-Una-mirada-urbana-a-la-devastadora-catastrofe.jpg\",\"width\":1200,\"height\":840,\"caption\":\"La dimensi\u00f3n de los incendios en Le\u00f3n: una perspectiva urbana de la cat\u00e1strofe\"},{\"@type\":\"BreadcrumbList\",\"@id\":\"https:\/\/www.diario21.tv\/noticias\/incendios-en-leon-una-mirada-urbana-a-la-devastadora-catastrofe\/#breadcrumb\",\"itemListElement\":[{\"@type\":\"ListItem\",\"position\":1,\"name\":\"Accueil\",\"item\":\"https:\/\/www.diario21.tv\/noticias\/\"},{\"@type\":\"ListItem\",\"position\":2,\"name\":\"Incendios en Le\u00f3n: Una mirada urbana a la devastadora cat\u00e1strofe\"}]},{\"@type\":\"WebSite\",\"@id\":\"https:\/\/www.diario21.tv\/noticias\/#website\",\"url\":\"https:\/\/www.diario21.tv\/noticias\/\",\"name\":\"Diario 21\",\"description\":\"\",\"potentialAction\":[{\"@type\":\"SearchAction\",\"target\":{\"@type\":\"EntryPoint\",\"urlTemplate\":\"https:\/\/www.diario21.tv\/noticias\/?s={search_term_string}\"},\"query-input\":{\"@type\":\"PropertyValueSpecification\",\"valueRequired\":true,\"valueName\":\"search_term_string\"}}],\"inLanguage\":\"es-AR\"},{\"@type\":\"Person\",\"@id\":\"https:\/\/www.diario21.tv\/noticias\/#\/schema\/person\/dfb778f73814d8f09f302618446a526b\",\"name\":\"Juan P\u00e9rez\",\"image\":{\"@type\":\"ImageObject\",\"inLanguage\":\"es-AR\",\"@id\":\"https:\/\/www.diario21.tv\/noticias\/#\/schema\/person\/image\/\",\"url\":\"https:\/\/secure.gravatar.com\/avatar\/c478a405bd10621167f4c3167cc770f5?s=96&d=mm&r=g\",\"contentUrl\":\"https:\/\/secure.gravatar.com\/avatar\/c478a405bd10621167f4c3167cc770f5?s=96&d=mm&r=g\",\"caption\":\"Juan P\u00e9rez\"},\"description\":\"Juan P\u00e9rez es el redactor en jefe de Diario 21. Con m\u00e1s de 10 a\u00f1os de experiencia en el periodismo, se especializa en pol\u00edtica nacional y an\u00e1lisis socioecon\u00f3mico. Su enfoque cr\u00edtico y riguroso aporta una perspectiva \u00fanica a cada art\u00edculo.\",\"sameAs\":[\"https:\/\/www.diario21.tv\/noticias\/\"],\"url\":\"https:\/\/www.diario21.tv\/noticias\/author\/juan-perez\/\"}]}<\/script>\n<!-- \/ Yoast SEO plugin. -->","yoast_head_json":{"title":"Incendios en Le\u00f3n: Una mirada urbana a la devastadora cat\u00e1strofe - Diario 21","robots":{"index":"index","follow":"follow","max-snippet":"max-snippet:-1","max-image-preview":"max-image-preview:large","max-video-preview":"max-video-preview:-1"},"canonical":"https:\/\/www.diario21.tv\/noticias\/incendios-en-leon-una-mirada-urbana-a-la-devastadora-catastrofe\/","og_locale":"es_ES","og_type":"article","og_title":"Incendios en Le\u00f3n: Una mirada urbana a la devastadora cat\u00e1strofe - Diario 21","og_description":"La Magnitud de los Incendios en Le\u00f3n: Un Enfoque Urbano Sobre el Desastre Los incendios que han azotado a Le\u00f3n recientemente no solo han sido devastadores ... Seguir leyendo &rarr;","og_url":"https:\/\/www.diario21.tv\/noticias\/incendios-en-leon-una-mirada-urbana-a-la-devastadora-catastrofe\/","og_site_name":"Diario 21","article_published_time":"2025-08-31T19:15:16+00:00","article_modified_time":"2025-08-31T19:15:17+00:00","og_image":[{"width":1200,"height":840,"url":"https:\/\/www.diario21.tv\/noticias\/wp-content\/uploads\/2025\/08\/Incendios-en-Leon-Una-mirada-urbana-a-la-devastadora-catastrofe.jpg","type":"image\/jpeg"}],"author":"Juan P\u00e9rez","twitter_card":"summary_large_image","twitter_misc":{"Escrito por":"Juan P\u00e9rez","Tiempo de lectura":"3 minutos"},"schema":{"@context":"https:\/\/schema.org","@graph":[{"@type":"WebPage","@id":"https:\/\/www.diario21.tv\/noticias\/incendios-en-leon-una-mirada-urbana-a-la-devastadora-catastrofe\/","url":"https:\/\/www.diario21.tv\/noticias\/incendios-en-leon-una-mirada-urbana-a-la-devastadora-catastrofe\/","name":"Incendios en Le\u00f3n: Una mirada urbana a la devastadora cat\u00e1strofe - Diario 21","isPartOf":{"@id":"https:\/\/www.diario21.tv\/noticias\/#website"},"primaryImageOfPage":{"@id":"https:\/\/www.diario21.tv\/noticias\/incendios-en-leon-una-mirada-urbana-a-la-devastadora-catastrofe\/#primaryimage"},"image":{"@id":"https:\/\/www.diario21.tv\/noticias\/incendios-en-leon-una-mirada-urbana-a-la-devastadora-catastrofe\/#primaryimage"},"thumbnailUrl":"https:\/\/www.diario21.tv\/noticias\/wp-content\/uploads\/2025\/08\/Incendios-en-Leon-Una-mirada-urbana-a-la-devastadora-catastrofe.jpg","datePublished":"2025-08-31T19:15:16+00:00","dateModified":"2025-08-31T19:15:17+00:00","author":{"@id":"https:\/\/www.diario21.tv\/noticias\/#\/schema\/person\/dfb778f73814d8f09f302618446a526b"},"breadcrumb":{"@id":"https:\/\/www.diario21.tv\/noticias\/incendios-en-leon-una-mirada-urbana-a-la-devastadora-catastrofe\/#breadcrumb"},"inLanguage":"es-AR","potentialAction":[{"@type":"ReadAction","target":["https:\/\/www.diario21.tv\/noticias\/incendios-en-leon-una-mirada-urbana-a-la-devastadora-catastrofe\/"]}]},{"@type":"ImageObject","inLanguage":"es-AR","@id":"https:\/\/www.diario21.tv\/noticias\/incendios-en-leon-una-mirada-urbana-a-la-devastadora-catastrofe\/#primaryimage","url":"https:\/\/www.diario21.tv\/noticias\/wp-content\/uploads\/2025\/08\/Incendios-en-Leon-Una-mirada-urbana-a-la-devastadora-catastrofe.jpg","contentUrl":"https:\/\/www.diario21.tv\/noticias\/wp-content\/uploads\/2025\/08\/Incendios-en-Leon-Una-mirada-urbana-a-la-devastadora-catastrofe.jpg","width":1200,"height":840,"caption":"La dimensi\u00f3n de los incendios en Le\u00f3n: una perspectiva urbana de la cat\u00e1strofe"},{"@type":"BreadcrumbList","@id":"https:\/\/www.diario21.tv\/noticias\/incendios-en-leon-una-mirada-urbana-a-la-devastadora-catastrofe\/#breadcrumb","itemListElement":[{"@type":"ListItem","position":1,"name":"Accueil","item":"https:\/\/www.diario21.tv\/noticias\/"},{"@type":"ListItem","position":2,"name":"Incendios en Le\u00f3n: Una mirada urbana a la devastadora cat\u00e1strofe"}]},{"@type":"WebSite","@id":"https:\/\/www.diario21.tv\/noticias\/#website","url":"https:\/\/www.diario21.tv\/noticias\/","name":"Diario 21","description":"","potentialAction":[{"@type":"SearchAction","target":{"@type":"EntryPoint","urlTemplate":"https:\/\/www.diario21.tv\/noticias\/?s={search_term_string}"},"query-input":{"@type":"PropertyValueSpecification","valueRequired":true,"valueName":"search_term_string"}}],"inLanguage":"es-AR"},{"@type":"Person","@id":"https:\/\/www.diario21.tv\/noticias\/#\/schema\/person\/dfb778f73814d8f09f302618446a526b","name":"Juan P\u00e9rez","image":{"@type":"ImageObject","inLanguage":"es-AR","@id":"https:\/\/www.diario21.tv\/noticias\/#\/schema\/person\/image\/","url":"https:\/\/secure.gravatar.com\/avatar\/c478a405bd10621167f4c3167cc770f5?s=96&d=mm&r=g","contentUrl":"https:\/\/secure.gravatar.com\/avatar\/c478a405bd10621167f4c3167cc770f5?s=96&d=mm&r=g","caption":"Juan P\u00e9rez"},"description":"Juan P\u00e9rez es el redactor en jefe de Diario 21. Con m\u00e1s de 10 a\u00f1os de experiencia en el periodismo, se especializa en pol\u00edtica nacional y an\u00e1lisis socioecon\u00f3mico. Su enfoque cr\u00edtico y riguroso aporta una perspectiva \u00fanica a cada art\u00edculo.","sameAs":["https:\/\/www.diario21.tv\/noticias\/"],"url":"https:\/\/www.diario21.tv\/noticias\/author\/juan-perez\/"}]}},"_links":{"self":[{"href":"https:\/\/www.diario21.tv\/noticias\/wp-json\/wp\/v2\/posts\/4351"}],"collection":[{"href":"https:\/\/www.diario21.tv\/noticias\/wp-json\/wp\/v2\/posts"}],"about":[{"href":"https:\/\/www.diario21.tv\/noticias\/wp-json\/wp\/v2\/types\/post"}],"author":[{"embeddable":true,"href":"https:\/\/www.diario21.tv\/noticias\/wp-json\/wp\/v2\/users\/20"}],"replies":[{"embeddable":true,"href":"https:\/\/www.diario21.tv\/noticias\/wp-json\/wp\/v2\/comments?post=4351"}],"version-history":[{"count":1,"href":"https:\/\/www.diario21.tv\/noticias\/wp-json\/wp\/v2\/posts\/4351\/revisions"}],"predecessor-version":[{"id":4353,"href":"https:\/\/www.diario21.tv\/noticias\/wp-json\/wp\/v2\/posts\/4351\/revisions\/4353"}],"wp:featuredmedia":[{"embeddable":true,"href":"https:\/\/www.diario21.tv\/noticias\/wp-json\/wp\/v2\/media\/4352"}],"wp:attachment":[{"href":"https:\/\/www.diario21.tv\/noticias\/wp-json\/wp\/v2\/media?parent=4351"}],"wp:term":[{"taxonomy":"category","embeddable":true,"href":"https:\/\/www.diario21.tv\/noticias\/wp-json\/wp\/v2\/categories?post=4351"},{"taxonomy":"post_tag","embeddable":true,"href":"https:\/\/www.diario21.tv\/noticias\/wp-json\/wp\/v2\/tags?post=4351"}],"curies":[{"name":"wp","href":"https:\/\/api.w.org\/{rel}","templated":true}]}}