{"id":4348,"date":"2025-08-31T13:14:22","date_gmt":"2025-08-31T13:14:22","guid":{"rendered":"https:\/\/www.diario21.tv\/noticias\/impactante-el-80-de-incendios-son-intencionados-descubre-por-que-este-porcentaje-engana\/"},"modified":"2025-08-31T13:14:23","modified_gmt":"2025-08-31T13:14:23","slug":"impactante-el-80-de-incendios-son-intencionados-descubre-por-que-este-porcentaje-engana","status":"publish","type":"post","link":"https:\/\/www.diario21.tv\/noticias\/impactante-el-80-de-incendios-son-intencionados-descubre-por-que-este-porcentaje-engana\/","title":{"rendered":"\u00a1Impactante! El 80% de incendios son intencionados: Descubre por qu\u00e9 este porcentaje enga\u00f1a"},"content":{"rendered":"<h2>Origen de la estad\u00edstica que afirma que el 80% de los incendios son provocados<\/h2>\n<p>A menudo se menciona que el 80% de los incendios forestales son causados intencionadamente, pero \u00bfcu\u00e1l es la fuente de esta afirmaci\u00f3n? Esta estad\u00edstica surge de an\u00e1lisis y estudios realizados por expertos en el manejo de incendios y prevenci\u00f3n. Sin embargo, es crucial entender que este porcentaje no se aplica universalmente a todos los contextos o regiones. Los factores que contribuyen a los incendios forestales pueden variar significativamente dependiendo de la zona geogr\u00e1fica, las condiciones clim\u00e1ticas, y las pr\u00e1cticas humanas locales.<\/p>\n<h2>La insuficiencia de un solo porcentaje para explicar la complejidad de los incendios<\/h2>\n<p>Decir que el 80% de los incendios son provocados intencionadamente simplifica excesivamente la realidad y no aborda la verdadera complejidad detr\u00e1s de las causas de los incendios forestales. Los incendios pueden ser provocados por una variedad de razones, incluyendo la quema de desechos, la negligencia al apagar cigarrillos, o incluso actividades como la pirotecnia. Adem\u00e1s, existen incendios naturales causados por rayos u otros fen\u00f3menos naturales.<\/p>\n<p>Es fundamental considerar otros factores como las condiciones meteorol\u00f3gicas, que pueden hacer que un peque\u00f1o incendio se convierta en un gran desastre. La sequ\u00eda, las altas temperaturas y los vientos fuertes son solo algunos de los elementos que pueden exacerbarse debido al cambio clim\u00e1tico, incrementando la frecuencia y severidad de los incendios forestales.<\/p>\n<h2>Conclusiones<\/h2>\n<p>En resumen, aunque la afirmaci\u00f3n de que el 80% de los incendios son provocados puede tener alg\u00fan fundamento en estudios espec\u00edficos, no debe usarse como una generalizaci\u00f3n para todos los incendios a nivel global. Es imperativo abordar cada incendio individualmente, analizando las causas espec\u00edficas y las condiciones en las que ocurri\u00f3, para poder implementar estrategias efectivas de prevenci\u00f3n y manejo de incendios forestales. Solo as\u00ed podemos comenzar a mitigar efectivamente el impacto devastador de estos desastres naturales.<\/p>\n\n\n<div class=\"kk-star-ratings kksr-auto kksr-align-left kksr-valign-bottom\"\n    data-payload='{&quot;align&quot;:&quot;left&quot;,&quot;id&quot;:&quot;4348&quot;,&quot;slug&quot;:&quot;default&quot;,&quot;valign&quot;:&quot;bottom&quot;,&quot;ignore&quot;:&quot;&quot;,&quot;reference&quot;:&quot;auto&quot;,&quot;class&quot;:&quot;&quot;,&quot;count&quot;:&quot;0&quot;,&quot;legendonly&quot;:&quot;&quot;,&quot;readonly&quot;:&quot;&quot;,&quot;score&quot;:&quot;0&quot;,&quot;starsonly&quot;:&quot;&quot;,&quot;best&quot;:&quot;5&quot;,&quot;gap&quot;:&quot;5&quot;,&quot;greet&quot;:&quot;Valora este post&quot;,&quot;legend&quot;:&quot;0\\\/5 - (0 votes)&quot;,&quot;size&quot;:&quot;22&quot;,&quot;title&quot;:&quot;\u00a1Impactante! El 80% de incendios son intencionados: Descubre por qu\u00e9 este porcentaje enga\u00f1a&quot;,&quot;width&quot;:&quot;0&quot;,&quot;_legend&quot;:&quot;{score}\\\/{best} - ({count} {votes})&quot;,&quot;font_factor&quot;:&quot;1.25&quot;}'>\n            \n<div class=\"kksr-stars\">\n    \n<div class=\"kksr-stars-inactive\">\n            <div class=\"kksr-star\" data-star=\"1\" style=\"padding-right: 5px\">\n            \n\n<div class=\"kksr-icon\" style=\"width: 22px; height: 22px;\"><\/div>\n        <\/div>\n            <div class=\"kksr-star\" data-star=\"2\" style=\"padding-right: 5px\">\n            \n\n<div class=\"kksr-icon\" style=\"width: 22px; height: 22px;\"><\/div>\n        <\/div>\n            <div class=\"kksr-star\" data-star=\"3\" style=\"padding-right: 5px\">\n            \n\n<div class=\"kksr-icon\" style=\"width: 22px; height: 22px;\"><\/div>\n        <\/div>\n            <div class=\"kksr-star\" data-star=\"4\" style=\"padding-right: 5px\">\n            \n\n<div class=\"kksr-icon\" style=\"width: 22px; height: 22px;\"><\/div>\n        <\/div>\n            <div class=\"kksr-star\" data-star=\"5\" style=\"padding-right: 5px\">\n            \n\n<div class=\"kksr-icon\" style=\"width: 22px; height: 22px;\"><\/div>\n        <\/div>\n    <\/div>\n    \n<div class=\"kksr-stars-active\" style=\"width: 0px;\">\n            <div class=\"kksr-star\" style=\"padding-right: 5px\">\n            \n\n<div class=\"kksr-icon\" style=\"width: 22px; height: 22px;\"><\/div>\n        <\/div>\n            <div class=\"kksr-star\" style=\"padding-right: 5px\">\n            \n\n<div class=\"kksr-icon\" style=\"width: 22px; height: 22px;\"><\/div>\n        <\/div>\n            <div class=\"kksr-star\" style=\"padding-right: 5px\">\n            \n\n<div class=\"kksr-icon\" style=\"width: 22px; height: 22px;\"><\/div>\n        <\/div>\n            <div class=\"kksr-star\" style=\"padding-right: 5px\">\n            \n\n<div class=\"kksr-icon\" style=\"width: 22px; height: 22px;\"><\/div>\n        <\/div>\n            <div class=\"kksr-star\" style=\"padding-right: 5px\">\n            \n\n<div class=\"kksr-icon\" style=\"width: 22px; height: 22px;\"><\/div>\n        <\/div>\n    <\/div>\n<\/div>\n                \n\n<div class=\"kksr-legend\" style=\"font-size: 17.6px;\">\n            <span class=\"kksr-muted\">Valora este post<\/span>\n    <\/div>\n    <\/div>\n","protected":false},"excerpt":{"rendered":"<p>Origen de la estad\u00edstica que afirma que el 80% de los incendios son provocados A menudo se menciona que el 80% de los incendios forestales son &#8230; <a title=\"\u00a1Impactante! El 80% de incendios son intencionados: Descubre por qu\u00e9 este porcentaje enga\u00f1a\" class=\"read-more\" href=\"https:\/\/www.diario21.tv\/noticias\/impactante-el-80-de-incendios-son-intencionados-descubre-por-que-este-porcentaje-engana\/\" aria-label=\"Leer m\u00e1s sobre \u00a1Impactante! El 80% de incendios son intencionados: Descubre por qu\u00e9 este porcentaje enga\u00f1a\">Seguir leyendo &rarr;<\/a><\/p>\n","protected":false},"author":20,"featured_media":4349,"comment_status":"open","ping_status":"open","sticky":false,"template":"","format":"standard","meta":{"footnotes":""},"categories":[13],"tags":[],"class_list":["post-4348","post","type-post","status-publish","format-standard","has-post-thumbnail","hentry","category-portada"],"yoast_head":"<!-- This site is optimized with the Yoast SEO plugin v25.6 - https:\/\/yoast.com\/wordpress\/plugins\/seo\/ -->\n<title>\u00a1Impactante! El 80% de incendios son intencionados: Descubre por qu\u00e9 este porcentaje enga\u00f1a - Diario 21<\/title>\n<meta name=\"robots\" content=\"index, follow, max-snippet:-1, max-image-preview:large, max-video-preview:-1\" \/>\n<link rel=\"canonical\" href=\"https:\/\/www.diario21.tv\/noticias\/impactante-el-80-de-incendios-son-intencionados-descubre-por-que-este-porcentaje-engana\/\" \/>\n<meta property=\"og:locale\" content=\"es_ES\" \/>\n<meta property=\"og:type\" content=\"article\" \/>\n<meta property=\"og:title\" content=\"\u00a1Impactante! El 80% de incendios son intencionados: Descubre por qu\u00e9 este porcentaje enga\u00f1a - Diario 21\" \/>\n<meta property=\"og:description\" content=\"Origen de la estad\u00edstica que afirma que el 80% de los incendios son provocados A menudo se menciona que el 80% de los incendios forestales son ... Seguir leyendo &rarr;\" \/>\n<meta property=\"og:url\" content=\"https:\/\/www.diario21.tv\/noticias\/impactante-el-80-de-incendios-son-intencionados-descubre-por-que-este-porcentaje-engana\/\" \/>\n<meta property=\"og:site_name\" content=\"Diario 21\" \/>\n<meta property=\"article:published_time\" content=\"2025-08-31T13:14:22+00:00\" \/>\n<meta property=\"article:modified_time\" content=\"2025-08-31T13:14:23+00:00\" \/>\n<meta property=\"og:image\" content=\"https:\/\/www.diario21.tv\/noticias\/wp-content\/uploads\/2025\/08\/\u00a1Impactante-El-80-de-incendios-son-intencionados-Descubre-por-que.png\" \/>\n\t<meta property=\"og:image:width\" content=\"1200\" \/>\n\t<meta property=\"og:image:height\" content=\"732\" \/>\n\t<meta property=\"og:image:type\" content=\"image\/png\" \/>\n<meta name=\"author\" content=\"Juan P\u00e9rez\" \/>\n<meta name=\"twitter:card\" content=\"summary_large_image\" \/>\n<meta name=\"twitter:label1\" content=\"Escrito por\" \/>\n\t<meta name=\"twitter:data1\" content=\"Juan P\u00e9rez\" \/>\n\t<meta name=\"twitter:label2\" content=\"Tiempo de lectura\" \/>\n\t<meta name=\"twitter:data2\" content=\"2 minutos\" \/>\n<script type=\"application\/ld+json\" class=\"yoast-schema-graph\">{\"@context\":\"https:\/\/schema.org\",\"@graph\":[{\"@type\":\"WebPage\",\"@id\":\"https:\/\/www.diario21.tv\/noticias\/impactante-el-80-de-incendios-son-intencionados-descubre-por-que-este-porcentaje-engana\/\",\"url\":\"https:\/\/www.diario21.tv\/noticias\/impactante-el-80-de-incendios-son-intencionados-descubre-por-que-este-porcentaje-engana\/\",\"name\":\"\u00a1Impactante! El 80% de incendios son intencionados: Descubre por qu\u00e9 este porcentaje enga\u00f1a - Diario 21\",\"isPartOf\":{\"@id\":\"https:\/\/www.diario21.tv\/noticias\/#website\"},\"primaryImageOfPage\":{\"@id\":\"https:\/\/www.diario21.tv\/noticias\/impactante-el-80-de-incendios-son-intencionados-descubre-por-que-este-porcentaje-engana\/#primaryimage\"},\"image\":{\"@id\":\"https:\/\/www.diario21.tv\/noticias\/impactante-el-80-de-incendios-son-intencionados-descubre-por-que-este-porcentaje-engana\/#primaryimage\"},\"thumbnailUrl\":\"https:\/\/www.diario21.tv\/noticias\/wp-content\/uploads\/2025\/08\/\u00a1Impactante-El-80-de-incendios-son-intencionados-Descubre-por-que.png\",\"datePublished\":\"2025-08-31T13:14:22+00:00\",\"dateModified\":\"2025-08-31T13:14:23+00:00\",\"author\":{\"@id\":\"https:\/\/www.diario21.tv\/noticias\/#\/schema\/person\/dfb778f73814d8f09f302618446a526b\"},\"breadcrumb\":{\"@id\":\"https:\/\/www.diario21.tv\/noticias\/impactante-el-80-de-incendios-son-intencionados-descubre-por-que-este-porcentaje-engana\/#breadcrumb\"},\"inLanguage\":\"es-AR\",\"potentialAction\":[{\"@type\":\"ReadAction\",\"target\":[\"https:\/\/www.diario21.tv\/noticias\/impactante-el-80-de-incendios-son-intencionados-descubre-por-que-este-porcentaje-engana\/\"]}]},{\"@type\":\"ImageObject\",\"inLanguage\":\"es-AR\",\"@id\":\"https:\/\/www.diario21.tv\/noticias\/impactante-el-80-de-incendios-son-intencionados-descubre-por-que-este-porcentaje-engana\/#primaryimage\",\"url\":\"https:\/\/www.diario21.tv\/noticias\/wp-content\/uploads\/2025\/08\/\u00a1Impactante-El-80-de-incendios-son-intencionados-Descubre-por-que.png\",\"contentUrl\":\"https:\/\/www.diario21.tv\/noticias\/wp-content\/uploads\/2025\/08\/\u00a1Impactante-El-80-de-incendios-son-intencionados-Descubre-por-que.png\",\"width\":1200,\"height\":732,\"caption\":\"\u00bfDe d\u00f3nde sale que el 80% de los incendios son intencionados? Por qu\u00e9 no basta un porcentaje para explicarlo\"},{\"@type\":\"BreadcrumbList\",\"@id\":\"https:\/\/www.diario21.tv\/noticias\/impactante-el-80-de-incendios-son-intencionados-descubre-por-que-este-porcentaje-engana\/#breadcrumb\",\"itemListElement\":[{\"@type\":\"ListItem\",\"position\":1,\"name\":\"Accueil\",\"item\":\"https:\/\/www.diario21.tv\/noticias\/\"},{\"@type\":\"ListItem\",\"position\":2,\"name\":\"\u00a1Impactante! El 80% de incendios son intencionados: Descubre por qu\u00e9 este porcentaje enga\u00f1a\"}]},{\"@type\":\"WebSite\",\"@id\":\"https:\/\/www.diario21.tv\/noticias\/#website\",\"url\":\"https:\/\/www.diario21.tv\/noticias\/\",\"name\":\"Diario 21\",\"description\":\"\",\"potentialAction\":[{\"@type\":\"SearchAction\",\"target\":{\"@type\":\"EntryPoint\",\"urlTemplate\":\"https:\/\/www.diario21.tv\/noticias\/?s={search_term_string}\"},\"query-input\":{\"@type\":\"PropertyValueSpecification\",\"valueRequired\":true,\"valueName\":\"search_term_string\"}}],\"inLanguage\":\"es-AR\"},{\"@type\":\"Person\",\"@id\":\"https:\/\/www.diario21.tv\/noticias\/#\/schema\/person\/dfb778f73814d8f09f302618446a526b\",\"name\":\"Juan P\u00e9rez\",\"image\":{\"@type\":\"ImageObject\",\"inLanguage\":\"es-AR\",\"@id\":\"https:\/\/www.diario21.tv\/noticias\/#\/schema\/person\/image\/\",\"url\":\"https:\/\/secure.gravatar.com\/avatar\/c478a405bd10621167f4c3167cc770f5?s=96&d=mm&r=g\",\"contentUrl\":\"https:\/\/secure.gravatar.com\/avatar\/c478a405bd10621167f4c3167cc770f5?s=96&d=mm&r=g\",\"caption\":\"Juan P\u00e9rez\"},\"description\":\"Juan P\u00e9rez es el redactor en jefe de Diario 21. Con m\u00e1s de 10 a\u00f1os de experiencia en el periodismo, se especializa en pol\u00edtica nacional y an\u00e1lisis socioecon\u00f3mico. Su enfoque cr\u00edtico y riguroso aporta una perspectiva \u00fanica a cada art\u00edculo.\",\"sameAs\":[\"https:\/\/www.diario21.tv\/noticias\/\"],\"url\":\"https:\/\/www.diario21.tv\/noticias\/author\/juan-perez\/\"}]}<\/script>\n<!-- \/ Yoast SEO plugin. -->","yoast_head_json":{"title":"\u00a1Impactante! El 80% de incendios son intencionados: Descubre por qu\u00e9 este porcentaje enga\u00f1a - Diario 21","robots":{"index":"index","follow":"follow","max-snippet":"max-snippet:-1","max-image-preview":"max-image-preview:large","max-video-preview":"max-video-preview:-1"},"canonical":"https:\/\/www.diario21.tv\/noticias\/impactante-el-80-de-incendios-son-intencionados-descubre-por-que-este-porcentaje-engana\/","og_locale":"es_ES","og_type":"article","og_title":"\u00a1Impactante! El 80% de incendios son intencionados: Descubre por qu\u00e9 este porcentaje enga\u00f1a - Diario 21","og_description":"Origen de la estad\u00edstica que afirma que el 80% de los incendios son provocados A menudo se menciona que el 80% de los incendios forestales son ... Seguir leyendo &rarr;","og_url":"https:\/\/www.diario21.tv\/noticias\/impactante-el-80-de-incendios-son-intencionados-descubre-por-que-este-porcentaje-engana\/","og_site_name":"Diario 21","article_published_time":"2025-08-31T13:14:22+00:00","article_modified_time":"2025-08-31T13:14:23+00:00","og_image":[{"width":1200,"height":732,"url":"https:\/\/www.diario21.tv\/noticias\/wp-content\/uploads\/2025\/08\/\u00a1Impactante-El-80-de-incendios-son-intencionados-Descubre-por-que.png","type":"image\/png"}],"author":"Juan P\u00e9rez","twitter_card":"summary_large_image","twitter_misc":{"Escrito por":"Juan P\u00e9rez","Tiempo de lectura":"2 minutos"},"schema":{"@context":"https:\/\/schema.org","@graph":[{"@type":"WebPage","@id":"https:\/\/www.diario21.tv\/noticias\/impactante-el-80-de-incendios-son-intencionados-descubre-por-que-este-porcentaje-engana\/","url":"https:\/\/www.diario21.tv\/noticias\/impactante-el-80-de-incendios-son-intencionados-descubre-por-que-este-porcentaje-engana\/","name":"\u00a1Impactante! El 80% de incendios son intencionados: Descubre por qu\u00e9 este porcentaje enga\u00f1a - Diario 21","isPartOf":{"@id":"https:\/\/www.diario21.tv\/noticias\/#website"},"primaryImageOfPage":{"@id":"https:\/\/www.diario21.tv\/noticias\/impactante-el-80-de-incendios-son-intencionados-descubre-por-que-este-porcentaje-engana\/#primaryimage"},"image":{"@id":"https:\/\/www.diario21.tv\/noticias\/impactante-el-80-de-incendios-son-intencionados-descubre-por-que-este-porcentaje-engana\/#primaryimage"},"thumbnailUrl":"https:\/\/www.diario21.tv\/noticias\/wp-content\/uploads\/2025\/08\/\u00a1Impactante-El-80-de-incendios-son-intencionados-Descubre-por-que.png","datePublished":"2025-08-31T13:14:22+00:00","dateModified":"2025-08-31T13:14:23+00:00","author":{"@id":"https:\/\/www.diario21.tv\/noticias\/#\/schema\/person\/dfb778f73814d8f09f302618446a526b"},"breadcrumb":{"@id":"https:\/\/www.diario21.tv\/noticias\/impactante-el-80-de-incendios-son-intencionados-descubre-por-que-este-porcentaje-engana\/#breadcrumb"},"inLanguage":"es-AR","potentialAction":[{"@type":"ReadAction","target":["https:\/\/www.diario21.tv\/noticias\/impactante-el-80-de-incendios-son-intencionados-descubre-por-que-este-porcentaje-engana\/"]}]},{"@type":"ImageObject","inLanguage":"es-AR","@id":"https:\/\/www.diario21.tv\/noticias\/impactante-el-80-de-incendios-son-intencionados-descubre-por-que-este-porcentaje-engana\/#primaryimage","url":"https:\/\/www.diario21.tv\/noticias\/wp-content\/uploads\/2025\/08\/\u00a1Impactante-El-80-de-incendios-son-intencionados-Descubre-por-que.png","contentUrl":"https:\/\/www.diario21.tv\/noticias\/wp-content\/uploads\/2025\/08\/\u00a1Impactante-El-80-de-incendios-son-intencionados-Descubre-por-que.png","width":1200,"height":732,"caption":"\u00bfDe d\u00f3nde sale que el 80% de los incendios son intencionados? Por qu\u00e9 no basta un porcentaje para explicarlo"},{"@type":"BreadcrumbList","@id":"https:\/\/www.diario21.tv\/noticias\/impactante-el-80-de-incendios-son-intencionados-descubre-por-que-este-porcentaje-engana\/#breadcrumb","itemListElement":[{"@type":"ListItem","position":1,"name":"Accueil","item":"https:\/\/www.diario21.tv\/noticias\/"},{"@type":"ListItem","position":2,"name":"\u00a1Impactante! El 80% de incendios son intencionados: Descubre por qu\u00e9 este porcentaje enga\u00f1a"}]},{"@type":"WebSite","@id":"https:\/\/www.diario21.tv\/noticias\/#website","url":"https:\/\/www.diario21.tv\/noticias\/","name":"Diario 21","description":"","potentialAction":[{"@type":"SearchAction","target":{"@type":"EntryPoint","urlTemplate":"https:\/\/www.diario21.tv\/noticias\/?s={search_term_string}"},"query-input":{"@type":"PropertyValueSpecification","valueRequired":true,"valueName":"search_term_string"}}],"inLanguage":"es-AR"},{"@type":"Person","@id":"https:\/\/www.diario21.tv\/noticias\/#\/schema\/person\/dfb778f73814d8f09f302618446a526b","name":"Juan P\u00e9rez","image":{"@type":"ImageObject","inLanguage":"es-AR","@id":"https:\/\/www.diario21.tv\/noticias\/#\/schema\/person\/image\/","url":"https:\/\/secure.gravatar.com\/avatar\/c478a405bd10621167f4c3167cc770f5?s=96&d=mm&r=g","contentUrl":"https:\/\/secure.gravatar.com\/avatar\/c478a405bd10621167f4c3167cc770f5?s=96&d=mm&r=g","caption":"Juan P\u00e9rez"},"description":"Juan P\u00e9rez es el redactor en jefe de Diario 21. Con m\u00e1s de 10 a\u00f1os de experiencia en el periodismo, se especializa en pol\u00edtica nacional y an\u00e1lisis socioecon\u00f3mico. Su enfoque cr\u00edtico y riguroso aporta una perspectiva \u00fanica a cada art\u00edculo.","sameAs":["https:\/\/www.diario21.tv\/noticias\/"],"url":"https:\/\/www.diario21.tv\/noticias\/author\/juan-perez\/"}]}},"_links":{"self":[{"href":"https:\/\/www.diario21.tv\/noticias\/wp-json\/wp\/v2\/posts\/4348"}],"collection":[{"href":"https:\/\/www.diario21.tv\/noticias\/wp-json\/wp\/v2\/posts"}],"about":[{"href":"https:\/\/www.diario21.tv\/noticias\/wp-json\/wp\/v2\/types\/post"}],"author":[{"embeddable":true,"href":"https:\/\/www.diario21.tv\/noticias\/wp-json\/wp\/v2\/users\/20"}],"replies":[{"embeddable":true,"href":"https:\/\/www.diario21.tv\/noticias\/wp-json\/wp\/v2\/comments?post=4348"}],"version-history":[{"count":1,"href":"https:\/\/www.diario21.tv\/noticias\/wp-json\/wp\/v2\/posts\/4348\/revisions"}],"predecessor-version":[{"id":4350,"href":"https:\/\/www.diario21.tv\/noticias\/wp-json\/wp\/v2\/posts\/4348\/revisions\/4350"}],"wp:featuredmedia":[{"embeddable":true,"href":"https:\/\/www.diario21.tv\/noticias\/wp-json\/wp\/v2\/media\/4349"}],"wp:attachment":[{"href":"https:\/\/www.diario21.tv\/noticias\/wp-json\/wp\/v2\/media?parent=4348"}],"wp:term":[{"taxonomy":"category","embeddable":true,"href":"https:\/\/www.diario21.tv\/noticias\/wp-json\/wp\/v2\/categories?post=4348"},{"taxonomy":"post_tag","embeddable":true,"href":"https:\/\/www.diario21.tv\/noticias\/wp-json\/wp\/v2\/tags?post=4348"}],"curies":[{"name":"wp","href":"https:\/\/api.w.org\/{rel}","templated":true}]}}