{"id":4336,"date":"2025-08-30T13:00:21","date_gmt":"2025-08-30T13:00:21","guid":{"rendered":"https:\/\/www.diario21.tv\/noticias\/impactante-crimen-en-valencia-asesinan-a-hombre-frente-a-su-hijo-en-venganza-pasional\/"},"modified":"2025-08-30T13:00:22","modified_gmt":"2025-08-30T13:00:22","slug":"impactante-crimen-en-valencia-asesinan-a-hombre-frente-a-su-hijo-en-venganza-pasional","status":"publish","type":"post","link":"https:\/\/www.diario21.tv\/noticias\/impactante-crimen-en-valencia-asesinan-a-hombre-frente-a-su-hijo-en-venganza-pasional\/","title":{"rendered":"Impactante crimen en Valencia: asesinan a hombre frente a su hijo en venganza pasional"},"content":{"rendered":"<h2>Un Hombre es Asesinado a Balazos en Valencia Frente a su Hijo Peque\u00f1o en un Acto de Venganza Amorosa<\/h2>\n<p>En un tr\u00e1gico incidente que ha conmocionado a la comunidad de Valencia, un hombre fue brutalmente asesinado a tiros delante de su hijo menor. El suceso, que tuvo lugar en una de las calles m\u00e1s transitadas de la ciudad, ha sido descrito por las autoridades como un acto de venganza pasional.<\/p>\n<h3>Detalles del Incidente<\/h3>\n<p>Seg\u00fan fuentes policiales, el ataque se produjo en las primeras horas de la tarde cuando la v\u00edctima, acompa\u00f1ada de su hijo, estaba caminando hacia su coche. Dos individuos en una motocicleta se acercaron a ellos, y sin mediar palabra, uno de los atacantes sac\u00f3 un arma y dispar\u00f3 varias veces al hombre, quien falleci\u00f3 en el acto debido a la gravedad de las heridas.<\/p>\n<p>El menor, que presenci\u00f3 toda la escena, result\u00f3 ileso f\u00edsicamente, pero est\u00e1 recibiendo asistencia psicol\u00f3gica para ayudarle a superar el traum\u00e1tico suceso. La rapidez y frialdad del ataque han dejado a la comunidad en estado de shock y temor.<\/p>\n<h3>Investigaci\u00f3n en Curso<\/h3>\n<p>Las autoridades han iniciado una intensa investigaci\u00f3n para dar con los responsables del homicidio. Primeras investigaciones sugieren que el m\u00f3vil del crimen podr\u00eda estar relacionado con cuestiones sentimentales, apuntando a una posible venganza amorosa. La polic\u00eda est\u00e1 trabajando en la identificaci\u00f3n de los sospechosos y no descarta la posibilidad de que el atacante conociera a la v\u00edctima.<\/p>\n<h3>Reacciones de la Comunidad<\/h3>\n<p>La comunidad de Valencia ha reaccionado con indignaci\u00f3n y tristeza ante este acto de violencia. Vecinos y amigos de la v\u00edctima han organizado vigilias y han pedido justicia, destacando la necesidad de medidas m\u00e1s efectivas para garantizar la seguridad en la ciudad.<\/p>\n<p>El alcalde de Valencia ha emitido un comunicado expresando su profundo pesar por el incidente y asegurando que se est\u00e1n tomando todas las medidas necesarias para capturar a los culpables y prevenir futuros incidentes de esta naturaleza.<\/p>\n<p>Este tr\u00e1gico evento subraya la urgencia de abordar la violencia y el crimen en la sociedad, y refuerza el llamado a la acci\u00f3n para proteger a los ciudadanos y garantizar un entorno seguro para todos, especialmente los menores.<\/p>\n\n\n<div class=\"kk-star-ratings kksr-auto kksr-align-left kksr-valign-bottom\"\n    data-payload='{&quot;align&quot;:&quot;left&quot;,&quot;id&quot;:&quot;4336&quot;,&quot;slug&quot;:&quot;default&quot;,&quot;valign&quot;:&quot;bottom&quot;,&quot;ignore&quot;:&quot;&quot;,&quot;reference&quot;:&quot;auto&quot;,&quot;class&quot;:&quot;&quot;,&quot;count&quot;:&quot;0&quot;,&quot;legendonly&quot;:&quot;&quot;,&quot;readonly&quot;:&quot;&quot;,&quot;score&quot;:&quot;0&quot;,&quot;starsonly&quot;:&quot;&quot;,&quot;best&quot;:&quot;5&quot;,&quot;gap&quot;:&quot;5&quot;,&quot;greet&quot;:&quot;Valora este post&quot;,&quot;legend&quot;:&quot;0\\\/5 - (0 votes)&quot;,&quot;size&quot;:&quot;22&quot;,&quot;title&quot;:&quot;Impactante crimen en Valencia: asesinan a hombre frente a su hijo en venganza pasional&quot;,&quot;width&quot;:&quot;0&quot;,&quot;_legend&quot;:&quot;{score}\\\/{best} - ({count} {votes})&quot;,&quot;font_factor&quot;:&quot;1.25&quot;}'>\n            \n<div class=\"kksr-stars\">\n    \n<div class=\"kksr-stars-inactive\">\n            <div class=\"kksr-star\" data-star=\"1\" style=\"padding-right: 5px\">\n            \n\n<div class=\"kksr-icon\" style=\"width: 22px; height: 22px;\"><\/div>\n        <\/div>\n            <div class=\"kksr-star\" data-star=\"2\" style=\"padding-right: 5px\">\n            \n\n<div class=\"kksr-icon\" style=\"width: 22px; height: 22px;\"><\/div>\n        <\/div>\n            <div class=\"kksr-star\" data-star=\"3\" style=\"padding-right: 5px\">\n            \n\n<div class=\"kksr-icon\" style=\"width: 22px; height: 22px;\"><\/div>\n        <\/div>\n            <div class=\"kksr-star\" data-star=\"4\" style=\"padding-right: 5px\">\n            \n\n<div class=\"kksr-icon\" style=\"width: 22px; height: 22px;\"><\/div>\n        <\/div>\n            <div class=\"kksr-star\" data-star=\"5\" style=\"padding-right: 5px\">\n            \n\n<div class=\"kksr-icon\" style=\"width: 22px; height: 22px;\"><\/div>\n        <\/div>\n    <\/div>\n    \n<div class=\"kksr-stars-active\" style=\"width: 0px;\">\n            <div class=\"kksr-star\" style=\"padding-right: 5px\">\n            \n\n<div class=\"kksr-icon\" style=\"width: 22px; height: 22px;\"><\/div>\n        <\/div>\n            <div class=\"kksr-star\" style=\"padding-right: 5px\">\n            \n\n<div class=\"kksr-icon\" style=\"width: 22px; height: 22px;\"><\/div>\n        <\/div>\n            <div class=\"kksr-star\" style=\"padding-right: 5px\">\n            \n\n<div class=\"kksr-icon\" style=\"width: 22px; height: 22px;\"><\/div>\n        <\/div>\n            <div class=\"kksr-star\" style=\"padding-right: 5px\">\n            \n\n<div class=\"kksr-icon\" style=\"width: 22px; height: 22px;\"><\/div>\n        <\/div>\n            <div class=\"kksr-star\" style=\"padding-right: 5px\">\n            \n\n<div class=\"kksr-icon\" style=\"width: 22px; height: 22px;\"><\/div>\n        <\/div>\n    <\/div>\n<\/div>\n                \n\n<div class=\"kksr-legend\" style=\"font-size: 17.6px;\">\n            <span class=\"kksr-muted\">Valora este post<\/span>\n    <\/div>\n    <\/div>\n","protected":false},"excerpt":{"rendered":"<p>Un Hombre es Asesinado a Balazos en Valencia Frente a su Hijo Peque\u00f1o en un Acto de Venganza Amorosa En un tr\u00e1gico incidente que ha conmocionado &#8230; <a title=\"Impactante crimen en Valencia: asesinan a hombre frente a su hijo en venganza pasional\" class=\"read-more\" href=\"https:\/\/www.diario21.tv\/noticias\/impactante-crimen-en-valencia-asesinan-a-hombre-frente-a-su-hijo-en-venganza-pasional\/\" aria-label=\"Leer m\u00e1s sobre Impactante crimen en Valencia: asesinan a hombre frente a su hijo en venganza pasional\">Seguir leyendo &rarr;<\/a><\/p>\n","protected":false},"author":20,"featured_media":4337,"comment_status":"open","ping_status":"open","sticky":false,"template":"","format":"standard","meta":{"footnotes":""},"categories":[13],"tags":[],"class_list":["post-4336","post","type-post","status-publish","format-standard","has-post-thumbnail","hentry","category-portada"],"yoast_head":"<!-- This site is optimized with the Yoast SEO plugin v25.6 - https:\/\/yoast.com\/wordpress\/plugins\/seo\/ -->\n<title>Impactante crimen en Valencia: asesinan a hombre frente a su hijo en venganza pasional - Diario 21<\/title>\n<meta name=\"robots\" content=\"index, follow, max-snippet:-1, max-image-preview:large, max-video-preview:-1\" \/>\n<link rel=\"canonical\" href=\"https:\/\/www.diario21.tv\/noticias\/impactante-crimen-en-valencia-asesinan-a-hombre-frente-a-su-hijo-en-venganza-pasional\/\" \/>\n<meta property=\"og:locale\" content=\"es_ES\" \/>\n<meta property=\"og:type\" content=\"article\" \/>\n<meta property=\"og:title\" content=\"Impactante crimen en Valencia: asesinan a hombre frente a su hijo en venganza pasional - Diario 21\" \/>\n<meta property=\"og:description\" content=\"Un Hombre es Asesinado a Balazos en Valencia Frente a su Hijo Peque\u00f1o en un Acto de Venganza Amorosa En un tr\u00e1gico incidente que ha conmocionado ... Seguir leyendo &rarr;\" \/>\n<meta property=\"og:url\" content=\"https:\/\/www.diario21.tv\/noticias\/impactante-crimen-en-valencia-asesinan-a-hombre-frente-a-su-hijo-en-venganza-pasional\/\" \/>\n<meta property=\"og:site_name\" content=\"Diario 21\" \/>\n<meta property=\"article:published_time\" content=\"2025-08-30T13:00:21+00:00\" \/>\n<meta property=\"article:modified_time\" content=\"2025-08-30T13:00:22+00:00\" \/>\n<meta property=\"og:image\" content=\"https:\/\/www.diario21.tv\/noticias\/wp-content\/uploads\/2025\/08\/Impactante-crimen-en-Valencia-asesinan-a-hombre-frente-a-su.jpg\" \/>\n\t<meta property=\"og:image:width\" content=\"1200\" \/>\n\t<meta property=\"og:image:height\" content=\"840\" \/>\n\t<meta property=\"og:image:type\" content=\"image\/jpeg\" \/>\n<meta name=\"author\" content=\"Juan P\u00e9rez\" \/>\n<meta name=\"twitter:card\" content=\"summary_large_image\" \/>\n<meta name=\"twitter:label1\" content=\"Escrito por\" \/>\n\t<meta name=\"twitter:data1\" content=\"Juan P\u00e9rez\" \/>\n\t<meta name=\"twitter:label2\" content=\"Tiempo de lectura\" \/>\n\t<meta name=\"twitter:data2\" content=\"2 minutos\" \/>\n<script type=\"application\/ld+json\" class=\"yoast-schema-graph\">{\"@context\":\"https:\/\/schema.org\",\"@graph\":[{\"@type\":\"WebPage\",\"@id\":\"https:\/\/www.diario21.tv\/noticias\/impactante-crimen-en-valencia-asesinan-a-hombre-frente-a-su-hijo-en-venganza-pasional\/\",\"url\":\"https:\/\/www.diario21.tv\/noticias\/impactante-crimen-en-valencia-asesinan-a-hombre-frente-a-su-hijo-en-venganza-pasional\/\",\"name\":\"Impactante crimen en Valencia: asesinan a hombre frente a su hijo en venganza pasional - Diario 21\",\"isPartOf\":{\"@id\":\"https:\/\/www.diario21.tv\/noticias\/#website\"},\"primaryImageOfPage\":{\"@id\":\"https:\/\/www.diario21.tv\/noticias\/impactante-crimen-en-valencia-asesinan-a-hombre-frente-a-su-hijo-en-venganza-pasional\/#primaryimage\"},\"image\":{\"@id\":\"https:\/\/www.diario21.tv\/noticias\/impactante-crimen-en-valencia-asesinan-a-hombre-frente-a-su-hijo-en-venganza-pasional\/#primaryimage\"},\"thumbnailUrl\":\"https:\/\/www.diario21.tv\/noticias\/wp-content\/uploads\/2025\/08\/Impactante-crimen-en-Valencia-asesinan-a-hombre-frente-a-su.jpg\",\"datePublished\":\"2025-08-30T13:00:21+00:00\",\"dateModified\":\"2025-08-30T13:00:22+00:00\",\"author\":{\"@id\":\"https:\/\/www.diario21.tv\/noticias\/#\/schema\/person\/dfb778f73814d8f09f302618446a526b\"},\"breadcrumb\":{\"@id\":\"https:\/\/www.diario21.tv\/noticias\/impactante-crimen-en-valencia-asesinan-a-hombre-frente-a-su-hijo-en-venganza-pasional\/#breadcrumb\"},\"inLanguage\":\"es-AR\",\"potentialAction\":[{\"@type\":\"ReadAction\",\"target\":[\"https:\/\/www.diario21.tv\/noticias\/impactante-crimen-en-valencia-asesinan-a-hombre-frente-a-su-hijo-en-venganza-pasional\/\"]}]},{\"@type\":\"ImageObject\",\"inLanguage\":\"es-AR\",\"@id\":\"https:\/\/www.diario21.tv\/noticias\/impactante-crimen-en-valencia-asesinan-a-hombre-frente-a-su-hijo-en-venganza-pasional\/#primaryimage\",\"url\":\"https:\/\/www.diario21.tv\/noticias\/wp-content\/uploads\/2025\/08\/Impactante-crimen-en-Valencia-asesinan-a-hombre-frente-a-su.jpg\",\"contentUrl\":\"https:\/\/www.diario21.tv\/noticias\/wp-content\/uploads\/2025\/08\/Impactante-crimen-en-Valencia-asesinan-a-hombre-frente-a-su.jpg\",\"width\":1200,\"height\":840,\"caption\":\"Matan a tiros a un hombre en Valencia delante de su hijo menor en una venganza pasional\"},{\"@type\":\"BreadcrumbList\",\"@id\":\"https:\/\/www.diario21.tv\/noticias\/impactante-crimen-en-valencia-asesinan-a-hombre-frente-a-su-hijo-en-venganza-pasional\/#breadcrumb\",\"itemListElement\":[{\"@type\":\"ListItem\",\"position\":1,\"name\":\"Accueil\",\"item\":\"https:\/\/www.diario21.tv\/noticias\/\"},{\"@type\":\"ListItem\",\"position\":2,\"name\":\"Impactante crimen en Valencia: asesinan a hombre frente a su hijo en venganza pasional\"}]},{\"@type\":\"WebSite\",\"@id\":\"https:\/\/www.diario21.tv\/noticias\/#website\",\"url\":\"https:\/\/www.diario21.tv\/noticias\/\",\"name\":\"Diario 21\",\"description\":\"\",\"potentialAction\":[{\"@type\":\"SearchAction\",\"target\":{\"@type\":\"EntryPoint\",\"urlTemplate\":\"https:\/\/www.diario21.tv\/noticias\/?s={search_term_string}\"},\"query-input\":{\"@type\":\"PropertyValueSpecification\",\"valueRequired\":true,\"valueName\":\"search_term_string\"}}],\"inLanguage\":\"es-AR\"},{\"@type\":\"Person\",\"@id\":\"https:\/\/www.diario21.tv\/noticias\/#\/schema\/person\/dfb778f73814d8f09f302618446a526b\",\"name\":\"Juan P\u00e9rez\",\"image\":{\"@type\":\"ImageObject\",\"inLanguage\":\"es-AR\",\"@id\":\"https:\/\/www.diario21.tv\/noticias\/#\/schema\/person\/image\/\",\"url\":\"https:\/\/secure.gravatar.com\/avatar\/c478a405bd10621167f4c3167cc770f5?s=96&d=mm&r=g\",\"contentUrl\":\"https:\/\/secure.gravatar.com\/avatar\/c478a405bd10621167f4c3167cc770f5?s=96&d=mm&r=g\",\"caption\":\"Juan P\u00e9rez\"},\"description\":\"Juan P\u00e9rez es el redactor en jefe de Diario 21. Con m\u00e1s de 10 a\u00f1os de experiencia en el periodismo, se especializa en pol\u00edtica nacional y an\u00e1lisis socioecon\u00f3mico. Su enfoque cr\u00edtico y riguroso aporta una perspectiva \u00fanica a cada art\u00edculo.\",\"sameAs\":[\"https:\/\/www.diario21.tv\/noticias\/\"],\"url\":\"https:\/\/www.diario21.tv\/noticias\/author\/juan-perez\/\"}]}<\/script>\n<!-- \/ Yoast SEO plugin. -->","yoast_head_json":{"title":"Impactante crimen en Valencia: asesinan a hombre frente a su hijo en venganza pasional - Diario 21","robots":{"index":"index","follow":"follow","max-snippet":"max-snippet:-1","max-image-preview":"max-image-preview:large","max-video-preview":"max-video-preview:-1"},"canonical":"https:\/\/www.diario21.tv\/noticias\/impactante-crimen-en-valencia-asesinan-a-hombre-frente-a-su-hijo-en-venganza-pasional\/","og_locale":"es_ES","og_type":"article","og_title":"Impactante crimen en Valencia: asesinan a hombre frente a su hijo en venganza pasional - Diario 21","og_description":"Un Hombre es Asesinado a Balazos en Valencia Frente a su Hijo Peque\u00f1o en un Acto de Venganza Amorosa En un tr\u00e1gico incidente que ha conmocionado ... Seguir leyendo &rarr;","og_url":"https:\/\/www.diario21.tv\/noticias\/impactante-crimen-en-valencia-asesinan-a-hombre-frente-a-su-hijo-en-venganza-pasional\/","og_site_name":"Diario 21","article_published_time":"2025-08-30T13:00:21+00:00","article_modified_time":"2025-08-30T13:00:22+00:00","og_image":[{"width":1200,"height":840,"url":"https:\/\/www.diario21.tv\/noticias\/wp-content\/uploads\/2025\/08\/Impactante-crimen-en-Valencia-asesinan-a-hombre-frente-a-su.jpg","type":"image\/jpeg"}],"author":"Juan P\u00e9rez","twitter_card":"summary_large_image","twitter_misc":{"Escrito por":"Juan P\u00e9rez","Tiempo de lectura":"2 minutos"},"schema":{"@context":"https:\/\/schema.org","@graph":[{"@type":"WebPage","@id":"https:\/\/www.diario21.tv\/noticias\/impactante-crimen-en-valencia-asesinan-a-hombre-frente-a-su-hijo-en-venganza-pasional\/","url":"https:\/\/www.diario21.tv\/noticias\/impactante-crimen-en-valencia-asesinan-a-hombre-frente-a-su-hijo-en-venganza-pasional\/","name":"Impactante crimen en Valencia: asesinan a hombre frente a su hijo en venganza pasional - Diario 21","isPartOf":{"@id":"https:\/\/www.diario21.tv\/noticias\/#website"},"primaryImageOfPage":{"@id":"https:\/\/www.diario21.tv\/noticias\/impactante-crimen-en-valencia-asesinan-a-hombre-frente-a-su-hijo-en-venganza-pasional\/#primaryimage"},"image":{"@id":"https:\/\/www.diario21.tv\/noticias\/impactante-crimen-en-valencia-asesinan-a-hombre-frente-a-su-hijo-en-venganza-pasional\/#primaryimage"},"thumbnailUrl":"https:\/\/www.diario21.tv\/noticias\/wp-content\/uploads\/2025\/08\/Impactante-crimen-en-Valencia-asesinan-a-hombre-frente-a-su.jpg","datePublished":"2025-08-30T13:00:21+00:00","dateModified":"2025-08-30T13:00:22+00:00","author":{"@id":"https:\/\/www.diario21.tv\/noticias\/#\/schema\/person\/dfb778f73814d8f09f302618446a526b"},"breadcrumb":{"@id":"https:\/\/www.diario21.tv\/noticias\/impactante-crimen-en-valencia-asesinan-a-hombre-frente-a-su-hijo-en-venganza-pasional\/#breadcrumb"},"inLanguage":"es-AR","potentialAction":[{"@type":"ReadAction","target":["https:\/\/www.diario21.tv\/noticias\/impactante-crimen-en-valencia-asesinan-a-hombre-frente-a-su-hijo-en-venganza-pasional\/"]}]},{"@type":"ImageObject","inLanguage":"es-AR","@id":"https:\/\/www.diario21.tv\/noticias\/impactante-crimen-en-valencia-asesinan-a-hombre-frente-a-su-hijo-en-venganza-pasional\/#primaryimage","url":"https:\/\/www.diario21.tv\/noticias\/wp-content\/uploads\/2025\/08\/Impactante-crimen-en-Valencia-asesinan-a-hombre-frente-a-su.jpg","contentUrl":"https:\/\/www.diario21.tv\/noticias\/wp-content\/uploads\/2025\/08\/Impactante-crimen-en-Valencia-asesinan-a-hombre-frente-a-su.jpg","width":1200,"height":840,"caption":"Matan a tiros a un hombre en Valencia delante de su hijo menor en una venganza pasional"},{"@type":"BreadcrumbList","@id":"https:\/\/www.diario21.tv\/noticias\/impactante-crimen-en-valencia-asesinan-a-hombre-frente-a-su-hijo-en-venganza-pasional\/#breadcrumb","itemListElement":[{"@type":"ListItem","position":1,"name":"Accueil","item":"https:\/\/www.diario21.tv\/noticias\/"},{"@type":"ListItem","position":2,"name":"Impactante crimen en Valencia: asesinan a hombre frente a su hijo en venganza pasional"}]},{"@type":"WebSite","@id":"https:\/\/www.diario21.tv\/noticias\/#website","url":"https:\/\/www.diario21.tv\/noticias\/","name":"Diario 21","description":"","potentialAction":[{"@type":"SearchAction","target":{"@type":"EntryPoint","urlTemplate":"https:\/\/www.diario21.tv\/noticias\/?s={search_term_string}"},"query-input":{"@type":"PropertyValueSpecification","valueRequired":true,"valueName":"search_term_string"}}],"inLanguage":"es-AR"},{"@type":"Person","@id":"https:\/\/www.diario21.tv\/noticias\/#\/schema\/person\/dfb778f73814d8f09f302618446a526b","name":"Juan P\u00e9rez","image":{"@type":"ImageObject","inLanguage":"es-AR","@id":"https:\/\/www.diario21.tv\/noticias\/#\/schema\/person\/image\/","url":"https:\/\/secure.gravatar.com\/avatar\/c478a405bd10621167f4c3167cc770f5?s=96&d=mm&r=g","contentUrl":"https:\/\/secure.gravatar.com\/avatar\/c478a405bd10621167f4c3167cc770f5?s=96&d=mm&r=g","caption":"Juan P\u00e9rez"},"description":"Juan P\u00e9rez es el redactor en jefe de Diario 21. Con m\u00e1s de 10 a\u00f1os de experiencia en el periodismo, se especializa en pol\u00edtica nacional y an\u00e1lisis socioecon\u00f3mico. Su enfoque cr\u00edtico y riguroso aporta una perspectiva \u00fanica a cada art\u00edculo.","sameAs":["https:\/\/www.diario21.tv\/noticias\/"],"url":"https:\/\/www.diario21.tv\/noticias\/author\/juan-perez\/"}]}},"_links":{"self":[{"href":"https:\/\/www.diario21.tv\/noticias\/wp-json\/wp\/v2\/posts\/4336"}],"collection":[{"href":"https:\/\/www.diario21.tv\/noticias\/wp-json\/wp\/v2\/posts"}],"about":[{"href":"https:\/\/www.diario21.tv\/noticias\/wp-json\/wp\/v2\/types\/post"}],"author":[{"embeddable":true,"href":"https:\/\/www.diario21.tv\/noticias\/wp-json\/wp\/v2\/users\/20"}],"replies":[{"embeddable":true,"href":"https:\/\/www.diario21.tv\/noticias\/wp-json\/wp\/v2\/comments?post=4336"}],"version-history":[{"count":1,"href":"https:\/\/www.diario21.tv\/noticias\/wp-json\/wp\/v2\/posts\/4336\/revisions"}],"predecessor-version":[{"id":4338,"href":"https:\/\/www.diario21.tv\/noticias\/wp-json\/wp\/v2\/posts\/4336\/revisions\/4338"}],"wp:featuredmedia":[{"embeddable":true,"href":"https:\/\/www.diario21.tv\/noticias\/wp-json\/wp\/v2\/media\/4337"}],"wp:attachment":[{"href":"https:\/\/www.diario21.tv\/noticias\/wp-json\/wp\/v2\/media?parent=4336"}],"wp:term":[{"taxonomy":"category","embeddable":true,"href":"https:\/\/www.diario21.tv\/noticias\/wp-json\/wp\/v2\/categories?post=4336"},{"taxonomy":"post_tag","embeddable":true,"href":"https:\/\/www.diario21.tv\/noticias\/wp-json\/wp\/v2\/tags?post=4336"}],"curies":[{"name":"wp","href":"https:\/\/api.w.org\/{rel}","templated":true}]}}