{"id":4330,"date":"2025-08-30T00:58:59","date_gmt":"2025-08-30T00:58:59","guid":{"rendered":"https:\/\/www.diario21.tv\/noticias\/nuevo-farmaco-anti-vih-aprobado-por-la-ue-descubre-como-puede-prevenir-la-infeccion\/"},"modified":"2025-08-30T00:59:00","modified_gmt":"2025-08-30T00:59:00","slug":"nuevo-farmaco-anti-vih-aprobado-por-la-ue-descubre-como-puede-prevenir-la-infeccion","status":"publish","type":"post","link":"https:\/\/www.diario21.tv\/noticias\/nuevo-farmaco-anti-vih-aprobado-por-la-ue-descubre-como-puede-prevenir-la-infeccion\/","title":{"rendered":"\u00a1Nuevo f\u00e1rmaco anti-VIH aprobado por la UE! Descubre c\u00f3mo puede prevenir la infecci\u00f3n"},"content":{"rendered":"<h2>La Uni\u00f3n Europea Autoriza un Nuevo Medicamento para la Prevenci\u00f3n del VIH<\/h2>\n<p>En un avance significativo en la lucha contra el VIH, la Uni\u00f3n Europea ha dado luz verde a la comercializaci\u00f3n de un innovador medicamento que promete prevenir la transmisi\u00f3n del virus. Esta aprobaci\u00f3n marca un momento crucial en la prevenci\u00f3n del VIH, proporcionando una nueva herramienta que podr\u00eda cambiar el curso de esta epidemia global.<\/p>\n<h3>Detalles del Nuevo Tratamiento<\/h3>\n<p>El f\u00e1rmaco, cuyo desarrollo ha sido el resultado de a\u00f1os de investigaci\u00f3n y pruebas cl\u00ednicas, act\u00faa bloqueando la capacidad del virus para replicarse en el cuerpo humano, impidiendo as\u00ed que la infecci\u00f3n se establezca. A diferencia de los tratamientos anteriores, que principalmente involucraban la toma diaria de p\u00edldoras, este nuevo medicamento ofrece una opci\u00f3n m\u00e1s flexible y de largo plazo, como inyecciones que se administran peri\u00f3dicamente.<\/p>\n<h3>Impacto Potencial en la Salud P\u00fablica<\/h3>\n<p>La aprobaci\u00f3n de este medicamento no solo representa un avance tecnol\u00f3gico, sino que tambi\u00e9n tiene el potencial de tener un impacto significativo en la salud p\u00fablica a nivel europeo. Al ofrecer una opci\u00f3n de prevenci\u00f3n m\u00e1s accesible y eficiente, se espera que aumente significativamente la adopci\u00f3n de medidas preventivas entre las poblaciones en riesgo. Esto es especialmente importante en \u00e1reas donde la prevalencia del VIH es alta y las opciones de tratamiento y prevenci\u00f3n son limitadas.<\/p>\n<h3>Implementaci\u00f3n y Accesibilidad<\/h3>\n<p>Con la aprobaci\u00f3n oficial en mano, los siguientes pasos incluyen la implementaci\u00f3n del medicamento en los sistemas de salud de los pa\u00edses miembros de la UE. Esto implicar\u00e1 una serie de pol\u00edticas y estrategias para asegurar que el medicamento sea accesible para quienes lo necesiten, sin importar su situaci\u00f3n econ\u00f3mica. Adem\u00e1s, ser\u00e1 crucial la tarea de informar y educar a la poblaci\u00f3n sobre la disponibilidad y el uso adecuado de esta nueva opci\u00f3n de prevenci\u00f3n.<\/p>\n<h3>Reacciones y Expectativas<\/h3>\n<p>La noticia ha sido recibida con optimismo tanto por profesionales de la salud como por activistas y organizaciones que luchan contra el VIH\/SIDA. Ven en esta aprobaci\u00f3n una esperanza renovada para reducir las nuevas infecciones por el virus, que aunque han disminuido en las \u00faltimas d\u00e9cadas, todav\u00eda representan un problema significativo de salud global.<\/p>\n<p>Este nuevo f\u00e1rmaco se integra en un contexto de continua innovaci\u00f3n y compromiso por parte de la comunidad cient\u00edfica y las autoridades sanitarias para combatir el VIH. Con cada avance, la comunidad internacional se acerca un paso m\u00e1s hacia el objetivo de erradicar esta enfermedad que ha afectado a millones de personas en todo el mundo.<\/p>\n<p>En resumen, la aprobaci\u00f3n de este nuevo f\u00e1rmaco por parte de la UE es un hito en la prevenci\u00f3n del VIH. Con su implementaci\u00f3n, se abre una nueva etapa en la lucha contra el VIH, proporcionando esperanza a muchas personas y comunidades en toda Europa y m\u00e1s all\u00e1.<\/p>\n\n\n<div class=\"kk-star-ratings kksr-auto kksr-align-left kksr-valign-bottom\"\n    data-payload='{&quot;align&quot;:&quot;left&quot;,&quot;id&quot;:&quot;4330&quot;,&quot;slug&quot;:&quot;default&quot;,&quot;valign&quot;:&quot;bottom&quot;,&quot;ignore&quot;:&quot;&quot;,&quot;reference&quot;:&quot;auto&quot;,&quot;class&quot;:&quot;&quot;,&quot;count&quot;:&quot;0&quot;,&quot;legendonly&quot;:&quot;&quot;,&quot;readonly&quot;:&quot;&quot;,&quot;score&quot;:&quot;0&quot;,&quot;starsonly&quot;:&quot;&quot;,&quot;best&quot;:&quot;5&quot;,&quot;gap&quot;:&quot;5&quot;,&quot;greet&quot;:&quot;Valora este post&quot;,&quot;legend&quot;:&quot;0\\\/5 - (0 votes)&quot;,&quot;size&quot;:&quot;22&quot;,&quot;title&quot;:&quot;\u00a1Nuevo f\u00e1rmaco anti-VIH aprobado por la UE! Descubre c\u00f3mo puede prevenir la infecci\u00f3n&quot;,&quot;width&quot;:&quot;0&quot;,&quot;_legend&quot;:&quot;{score}\\\/{best} - ({count} {votes})&quot;,&quot;font_factor&quot;:&quot;1.25&quot;}'>\n            \n<div class=\"kksr-stars\">\n    \n<div class=\"kksr-stars-inactive\">\n            <div class=\"kksr-star\" data-star=\"1\" style=\"padding-right: 5px\">\n            \n\n<div class=\"kksr-icon\" style=\"width: 22px; height: 22px;\"><\/div>\n        <\/div>\n            <div class=\"kksr-star\" data-star=\"2\" style=\"padding-right: 5px\">\n            \n\n<div class=\"kksr-icon\" style=\"width: 22px; height: 22px;\"><\/div>\n        <\/div>\n            <div class=\"kksr-star\" data-star=\"3\" style=\"padding-right: 5px\">\n            \n\n<div class=\"kksr-icon\" style=\"width: 22px; height: 22px;\"><\/div>\n        <\/div>\n            <div class=\"kksr-star\" data-star=\"4\" style=\"padding-right: 5px\">\n            \n\n<div class=\"kksr-icon\" style=\"width: 22px; height: 22px;\"><\/div>\n        <\/div>\n            <div class=\"kksr-star\" data-star=\"5\" style=\"padding-right: 5px\">\n            \n\n<div class=\"kksr-icon\" style=\"width: 22px; height: 22px;\"><\/div>\n        <\/div>\n    <\/div>\n    \n<div class=\"kksr-stars-active\" style=\"width: 0px;\">\n            <div class=\"kksr-star\" style=\"padding-right: 5px\">\n            \n\n<div class=\"kksr-icon\" style=\"width: 22px; height: 22px;\"><\/div>\n        <\/div>\n            <div class=\"kksr-star\" style=\"padding-right: 5px\">\n            \n\n<div class=\"kksr-icon\" style=\"width: 22px; height: 22px;\"><\/div>\n        <\/div>\n            <div class=\"kksr-star\" style=\"padding-right: 5px\">\n            \n\n<div class=\"kksr-icon\" style=\"width: 22px; height: 22px;\"><\/div>\n        <\/div>\n            <div class=\"kksr-star\" style=\"padding-right: 5px\">\n            \n\n<div class=\"kksr-icon\" style=\"width: 22px; height: 22px;\"><\/div>\n        <\/div>\n            <div class=\"kksr-star\" style=\"padding-right: 5px\">\n            \n\n<div class=\"kksr-icon\" style=\"width: 22px; height: 22px;\"><\/div>\n        <\/div>\n    <\/div>\n<\/div>\n                \n\n<div class=\"kksr-legend\" style=\"font-size: 17.6px;\">\n            <span class=\"kksr-muted\">Valora este post<\/span>\n    <\/div>\n    <\/div>\n","protected":false},"excerpt":{"rendered":"<p>La Uni\u00f3n Europea Autoriza un Nuevo Medicamento para la Prevenci\u00f3n del VIH En un avance significativo en la lucha contra el VIH, la Uni\u00f3n Europea ha &#8230; <a title=\"\u00a1Nuevo f\u00e1rmaco anti-VIH aprobado por la UE! Descubre c\u00f3mo puede prevenir la infecci\u00f3n\" class=\"read-more\" href=\"https:\/\/www.diario21.tv\/noticias\/nuevo-farmaco-anti-vih-aprobado-por-la-ue-descubre-como-puede-prevenir-la-infeccion\/\" aria-label=\"Leer m\u00e1s sobre \u00a1Nuevo f\u00e1rmaco anti-VIH aprobado por la UE! Descubre c\u00f3mo puede prevenir la infecci\u00f3n\">Seguir leyendo &rarr;<\/a><\/p>\n","protected":false},"author":20,"featured_media":4331,"comment_status":"open","ping_status":"open","sticky":false,"template":"","format":"standard","meta":{"footnotes":""},"categories":[13],"tags":[],"class_list":["post-4330","post","type-post","status-publish","format-standard","has-post-thumbnail","hentry","category-portada"],"yoast_head":"<!-- This site is optimized with the Yoast SEO plugin v25.6 - https:\/\/yoast.com\/wordpress\/plugins\/seo\/ -->\n<title>\u00a1Nuevo f\u00e1rmaco anti-VIH aprobado por la UE! Descubre c\u00f3mo puede prevenir la infecci\u00f3n - Diario 21<\/title>\n<meta name=\"robots\" content=\"index, follow, max-snippet:-1, max-image-preview:large, max-video-preview:-1\" \/>\n<link rel=\"canonical\" href=\"https:\/\/www.diario21.tv\/noticias\/nuevo-farmaco-anti-vih-aprobado-por-la-ue-descubre-como-puede-prevenir-la-infeccion\/\" \/>\n<meta property=\"og:locale\" content=\"es_ES\" \/>\n<meta property=\"og:type\" content=\"article\" \/>\n<meta property=\"og:title\" content=\"\u00a1Nuevo f\u00e1rmaco anti-VIH aprobado por la UE! Descubre c\u00f3mo puede prevenir la infecci\u00f3n - Diario 21\" \/>\n<meta property=\"og:description\" content=\"La Uni\u00f3n Europea Autoriza un Nuevo Medicamento para la Prevenci\u00f3n del VIH En un avance significativo en la lucha contra el VIH, la Uni\u00f3n Europea ha ... Seguir leyendo &rarr;\" \/>\n<meta property=\"og:url\" content=\"https:\/\/www.diario21.tv\/noticias\/nuevo-farmaco-anti-vih-aprobado-por-la-ue-descubre-como-puede-prevenir-la-infeccion\/\" \/>\n<meta property=\"og:site_name\" content=\"Diario 21\" \/>\n<meta property=\"article:published_time\" content=\"2025-08-30T00:58:59+00:00\" \/>\n<meta property=\"article:modified_time\" content=\"2025-08-30T00:59:00+00:00\" \/>\n<meta property=\"og:image\" content=\"https:\/\/www.diario21.tv\/noticias\/wp-content\/uploads\/2025\/08\/\u00a1Nuevo-farmaco-anti-VIH-aprobado-por-la-UE-Descubre-como-puede.png\" \/>\n\t<meta property=\"og:image:width\" content=\"1200\" \/>\n\t<meta property=\"og:image:height\" content=\"840\" \/>\n\t<meta property=\"og:image:type\" content=\"image\/png\" \/>\n<meta name=\"author\" content=\"Juan P\u00e9rez\" \/>\n<meta name=\"twitter:card\" content=\"summary_large_image\" \/>\n<meta name=\"twitter:label1\" content=\"Escrito por\" \/>\n\t<meta name=\"twitter:data1\" content=\"Juan P\u00e9rez\" \/>\n\t<meta name=\"twitter:label2\" content=\"Tiempo de lectura\" \/>\n\t<meta name=\"twitter:data2\" content=\"3 minutos\" \/>\n<script type=\"application\/ld+json\" class=\"yoast-schema-graph\">{\"@context\":\"https:\/\/schema.org\",\"@graph\":[{\"@type\":\"WebPage\",\"@id\":\"https:\/\/www.diario21.tv\/noticias\/nuevo-farmaco-anti-vih-aprobado-por-la-ue-descubre-como-puede-prevenir-la-infeccion\/\",\"url\":\"https:\/\/www.diario21.tv\/noticias\/nuevo-farmaco-anti-vih-aprobado-por-la-ue-descubre-como-puede-prevenir-la-infeccion\/\",\"name\":\"\u00a1Nuevo f\u00e1rmaco anti-VIH aprobado por la UE! Descubre c\u00f3mo puede prevenir la infecci\u00f3n - Diario 21\",\"isPartOf\":{\"@id\":\"https:\/\/www.diario21.tv\/noticias\/#website\"},\"primaryImageOfPage\":{\"@id\":\"https:\/\/www.diario21.tv\/noticias\/nuevo-farmaco-anti-vih-aprobado-por-la-ue-descubre-como-puede-prevenir-la-infeccion\/#primaryimage\"},\"image\":{\"@id\":\"https:\/\/www.diario21.tv\/noticias\/nuevo-farmaco-anti-vih-aprobado-por-la-ue-descubre-como-puede-prevenir-la-infeccion\/#primaryimage\"},\"thumbnailUrl\":\"https:\/\/www.diario21.tv\/noticias\/wp-content\/uploads\/2025\/08\/\u00a1Nuevo-farmaco-anti-VIH-aprobado-por-la-UE-Descubre-como-puede.png\",\"datePublished\":\"2025-08-30T00:58:59+00:00\",\"dateModified\":\"2025-08-30T00:59:00+00:00\",\"author\":{\"@id\":\"https:\/\/www.diario21.tv\/noticias\/#\/schema\/person\/dfb778f73814d8f09f302618446a526b\"},\"breadcrumb\":{\"@id\":\"https:\/\/www.diario21.tv\/noticias\/nuevo-farmaco-anti-vih-aprobado-por-la-ue-descubre-como-puede-prevenir-la-infeccion\/#breadcrumb\"},\"inLanguage\":\"es-AR\",\"potentialAction\":[{\"@type\":\"ReadAction\",\"target\":[\"https:\/\/www.diario21.tv\/noticias\/nuevo-farmaco-anti-vih-aprobado-por-la-ue-descubre-como-puede-prevenir-la-infeccion\/\"]}]},{\"@type\":\"ImageObject\",\"inLanguage\":\"es-AR\",\"@id\":\"https:\/\/www.diario21.tv\/noticias\/nuevo-farmaco-anti-vih-aprobado-por-la-ue-descubre-como-puede-prevenir-la-infeccion\/#primaryimage\",\"url\":\"https:\/\/www.diario21.tv\/noticias\/wp-content\/uploads\/2025\/08\/\u00a1Nuevo-farmaco-anti-VIH-aprobado-por-la-UE-Descubre-como-puede.png\",\"contentUrl\":\"https:\/\/www.diario21.tv\/noticias\/wp-content\/uploads\/2025\/08\/\u00a1Nuevo-farmaco-anti-VIH-aprobado-por-la-UE-Descubre-como-puede.png\",\"width\":1200,\"height\":840,\"caption\":\"La UE aprueba el uso de un nuevo f\u00e1rmaco para prevenir la infecci\u00f3n de VIH\"},{\"@type\":\"BreadcrumbList\",\"@id\":\"https:\/\/www.diario21.tv\/noticias\/nuevo-farmaco-anti-vih-aprobado-por-la-ue-descubre-como-puede-prevenir-la-infeccion\/#breadcrumb\",\"itemListElement\":[{\"@type\":\"ListItem\",\"position\":1,\"name\":\"Accueil\",\"item\":\"https:\/\/www.diario21.tv\/noticias\/\"},{\"@type\":\"ListItem\",\"position\":2,\"name\":\"\u00a1Nuevo f\u00e1rmaco anti-VIH aprobado por la UE! Descubre c\u00f3mo puede prevenir la infecci\u00f3n\"}]},{\"@type\":\"WebSite\",\"@id\":\"https:\/\/www.diario21.tv\/noticias\/#website\",\"url\":\"https:\/\/www.diario21.tv\/noticias\/\",\"name\":\"Diario 21\",\"description\":\"\",\"potentialAction\":[{\"@type\":\"SearchAction\",\"target\":{\"@type\":\"EntryPoint\",\"urlTemplate\":\"https:\/\/www.diario21.tv\/noticias\/?s={search_term_string}\"},\"query-input\":{\"@type\":\"PropertyValueSpecification\",\"valueRequired\":true,\"valueName\":\"search_term_string\"}}],\"inLanguage\":\"es-AR\"},{\"@type\":\"Person\",\"@id\":\"https:\/\/www.diario21.tv\/noticias\/#\/schema\/person\/dfb778f73814d8f09f302618446a526b\",\"name\":\"Juan P\u00e9rez\",\"image\":{\"@type\":\"ImageObject\",\"inLanguage\":\"es-AR\",\"@id\":\"https:\/\/www.diario21.tv\/noticias\/#\/schema\/person\/image\/\",\"url\":\"https:\/\/secure.gravatar.com\/avatar\/c478a405bd10621167f4c3167cc770f5?s=96&d=mm&r=g\",\"contentUrl\":\"https:\/\/secure.gravatar.com\/avatar\/c478a405bd10621167f4c3167cc770f5?s=96&d=mm&r=g\",\"caption\":\"Juan P\u00e9rez\"},\"description\":\"Juan P\u00e9rez es el redactor en jefe de Diario 21. Con m\u00e1s de 10 a\u00f1os de experiencia en el periodismo, se especializa en pol\u00edtica nacional y an\u00e1lisis socioecon\u00f3mico. Su enfoque cr\u00edtico y riguroso aporta una perspectiva \u00fanica a cada art\u00edculo.\",\"sameAs\":[\"https:\/\/www.diario21.tv\/noticias\/\"],\"url\":\"https:\/\/www.diario21.tv\/noticias\/author\/juan-perez\/\"}]}<\/script>\n<!-- \/ Yoast SEO plugin. -->","yoast_head_json":{"title":"\u00a1Nuevo f\u00e1rmaco anti-VIH aprobado por la UE! Descubre c\u00f3mo puede prevenir la infecci\u00f3n - Diario 21","robots":{"index":"index","follow":"follow","max-snippet":"max-snippet:-1","max-image-preview":"max-image-preview:large","max-video-preview":"max-video-preview:-1"},"canonical":"https:\/\/www.diario21.tv\/noticias\/nuevo-farmaco-anti-vih-aprobado-por-la-ue-descubre-como-puede-prevenir-la-infeccion\/","og_locale":"es_ES","og_type":"article","og_title":"\u00a1Nuevo f\u00e1rmaco anti-VIH aprobado por la UE! Descubre c\u00f3mo puede prevenir la infecci\u00f3n - Diario 21","og_description":"La Uni\u00f3n Europea Autoriza un Nuevo Medicamento para la Prevenci\u00f3n del VIH En un avance significativo en la lucha contra el VIH, la Uni\u00f3n Europea ha ... Seguir leyendo &rarr;","og_url":"https:\/\/www.diario21.tv\/noticias\/nuevo-farmaco-anti-vih-aprobado-por-la-ue-descubre-como-puede-prevenir-la-infeccion\/","og_site_name":"Diario 21","article_published_time":"2025-08-30T00:58:59+00:00","article_modified_time":"2025-08-30T00:59:00+00:00","og_image":[{"width":1200,"height":840,"url":"https:\/\/www.diario21.tv\/noticias\/wp-content\/uploads\/2025\/08\/\u00a1Nuevo-farmaco-anti-VIH-aprobado-por-la-UE-Descubre-como-puede.png","type":"image\/png"}],"author":"Juan P\u00e9rez","twitter_card":"summary_large_image","twitter_misc":{"Escrito por":"Juan P\u00e9rez","Tiempo de lectura":"3 minutos"},"schema":{"@context":"https:\/\/schema.org","@graph":[{"@type":"WebPage","@id":"https:\/\/www.diario21.tv\/noticias\/nuevo-farmaco-anti-vih-aprobado-por-la-ue-descubre-como-puede-prevenir-la-infeccion\/","url":"https:\/\/www.diario21.tv\/noticias\/nuevo-farmaco-anti-vih-aprobado-por-la-ue-descubre-como-puede-prevenir-la-infeccion\/","name":"\u00a1Nuevo f\u00e1rmaco anti-VIH aprobado por la UE! Descubre c\u00f3mo puede prevenir la infecci\u00f3n - Diario 21","isPartOf":{"@id":"https:\/\/www.diario21.tv\/noticias\/#website"},"primaryImageOfPage":{"@id":"https:\/\/www.diario21.tv\/noticias\/nuevo-farmaco-anti-vih-aprobado-por-la-ue-descubre-como-puede-prevenir-la-infeccion\/#primaryimage"},"image":{"@id":"https:\/\/www.diario21.tv\/noticias\/nuevo-farmaco-anti-vih-aprobado-por-la-ue-descubre-como-puede-prevenir-la-infeccion\/#primaryimage"},"thumbnailUrl":"https:\/\/www.diario21.tv\/noticias\/wp-content\/uploads\/2025\/08\/\u00a1Nuevo-farmaco-anti-VIH-aprobado-por-la-UE-Descubre-como-puede.png","datePublished":"2025-08-30T00:58:59+00:00","dateModified":"2025-08-30T00:59:00+00:00","author":{"@id":"https:\/\/www.diario21.tv\/noticias\/#\/schema\/person\/dfb778f73814d8f09f302618446a526b"},"breadcrumb":{"@id":"https:\/\/www.diario21.tv\/noticias\/nuevo-farmaco-anti-vih-aprobado-por-la-ue-descubre-como-puede-prevenir-la-infeccion\/#breadcrumb"},"inLanguage":"es-AR","potentialAction":[{"@type":"ReadAction","target":["https:\/\/www.diario21.tv\/noticias\/nuevo-farmaco-anti-vih-aprobado-por-la-ue-descubre-como-puede-prevenir-la-infeccion\/"]}]},{"@type":"ImageObject","inLanguage":"es-AR","@id":"https:\/\/www.diario21.tv\/noticias\/nuevo-farmaco-anti-vih-aprobado-por-la-ue-descubre-como-puede-prevenir-la-infeccion\/#primaryimage","url":"https:\/\/www.diario21.tv\/noticias\/wp-content\/uploads\/2025\/08\/\u00a1Nuevo-farmaco-anti-VIH-aprobado-por-la-UE-Descubre-como-puede.png","contentUrl":"https:\/\/www.diario21.tv\/noticias\/wp-content\/uploads\/2025\/08\/\u00a1Nuevo-farmaco-anti-VIH-aprobado-por-la-UE-Descubre-como-puede.png","width":1200,"height":840,"caption":"La UE aprueba el uso de un nuevo f\u00e1rmaco para prevenir la infecci\u00f3n de VIH"},{"@type":"BreadcrumbList","@id":"https:\/\/www.diario21.tv\/noticias\/nuevo-farmaco-anti-vih-aprobado-por-la-ue-descubre-como-puede-prevenir-la-infeccion\/#breadcrumb","itemListElement":[{"@type":"ListItem","position":1,"name":"Accueil","item":"https:\/\/www.diario21.tv\/noticias\/"},{"@type":"ListItem","position":2,"name":"\u00a1Nuevo f\u00e1rmaco anti-VIH aprobado por la UE! Descubre c\u00f3mo puede prevenir la infecci\u00f3n"}]},{"@type":"WebSite","@id":"https:\/\/www.diario21.tv\/noticias\/#website","url":"https:\/\/www.diario21.tv\/noticias\/","name":"Diario 21","description":"","potentialAction":[{"@type":"SearchAction","target":{"@type":"EntryPoint","urlTemplate":"https:\/\/www.diario21.tv\/noticias\/?s={search_term_string}"},"query-input":{"@type":"PropertyValueSpecification","valueRequired":true,"valueName":"search_term_string"}}],"inLanguage":"es-AR"},{"@type":"Person","@id":"https:\/\/www.diario21.tv\/noticias\/#\/schema\/person\/dfb778f73814d8f09f302618446a526b","name":"Juan P\u00e9rez","image":{"@type":"ImageObject","inLanguage":"es-AR","@id":"https:\/\/www.diario21.tv\/noticias\/#\/schema\/person\/image\/","url":"https:\/\/secure.gravatar.com\/avatar\/c478a405bd10621167f4c3167cc770f5?s=96&d=mm&r=g","contentUrl":"https:\/\/secure.gravatar.com\/avatar\/c478a405bd10621167f4c3167cc770f5?s=96&d=mm&r=g","caption":"Juan P\u00e9rez"},"description":"Juan P\u00e9rez es el redactor en jefe de Diario 21. Con m\u00e1s de 10 a\u00f1os de experiencia en el periodismo, se especializa en pol\u00edtica nacional y an\u00e1lisis socioecon\u00f3mico. Su enfoque cr\u00edtico y riguroso aporta una perspectiva \u00fanica a cada art\u00edculo.","sameAs":["https:\/\/www.diario21.tv\/noticias\/"],"url":"https:\/\/www.diario21.tv\/noticias\/author\/juan-perez\/"}]}},"_links":{"self":[{"href":"https:\/\/www.diario21.tv\/noticias\/wp-json\/wp\/v2\/posts\/4330"}],"collection":[{"href":"https:\/\/www.diario21.tv\/noticias\/wp-json\/wp\/v2\/posts"}],"about":[{"href":"https:\/\/www.diario21.tv\/noticias\/wp-json\/wp\/v2\/types\/post"}],"author":[{"embeddable":true,"href":"https:\/\/www.diario21.tv\/noticias\/wp-json\/wp\/v2\/users\/20"}],"replies":[{"embeddable":true,"href":"https:\/\/www.diario21.tv\/noticias\/wp-json\/wp\/v2\/comments?post=4330"}],"version-history":[{"count":1,"href":"https:\/\/www.diario21.tv\/noticias\/wp-json\/wp\/v2\/posts\/4330\/revisions"}],"predecessor-version":[{"id":4332,"href":"https:\/\/www.diario21.tv\/noticias\/wp-json\/wp\/v2\/posts\/4330\/revisions\/4332"}],"wp:featuredmedia":[{"embeddable":true,"href":"https:\/\/www.diario21.tv\/noticias\/wp-json\/wp\/v2\/media\/4331"}],"wp:attachment":[{"href":"https:\/\/www.diario21.tv\/noticias\/wp-json\/wp\/v2\/media?parent=4330"}],"wp:term":[{"taxonomy":"category","embeddable":true,"href":"https:\/\/www.diario21.tv\/noticias\/wp-json\/wp\/v2\/categories?post=4330"},{"taxonomy":"post_tag","embeddable":true,"href":"https:\/\/www.diario21.tv\/noticias\/wp-json\/wp\/v2\/tags?post=4330"}],"curies":[{"name":"wp","href":"https:\/\/api.w.org\/{rel}","templated":true}]}}