{"id":4297,"date":"2025-08-27T00:20:50","date_gmt":"2025-08-27T00:20:50","guid":{"rendered":"https:\/\/www.diario21.tv\/noticias\/medico-en-alicante-arrestado-por-filmar-pacientes-sin-permiso-detalles-impactantes\/"},"modified":"2025-08-27T00:20:51","modified_gmt":"2025-08-27T00:20:51","slug":"medico-en-alicante-arrestado-por-filmar-pacientes-sin-permiso-detalles-impactantes","status":"publish","type":"post","link":"https:\/\/www.diario21.tv\/noticias\/medico-en-alicante-arrestado-por-filmar-pacientes-sin-permiso-detalles-impactantes\/","title":{"rendered":"M\u00e9dico en Alicante arrestado por filmar pacientes sin permiso \u00a1Detalles impactantes!"},"content":{"rendered":"<h2>Arresto de un M\u00e9dico en Alicante por Videograbaci\u00f3n Ilegal de Pacientes<\/h2>\n<p>En un reciente acontecimiento que ha conmocionado a la comunidad de Alicante, un m\u00e9dico ha sido arrestado tras ser acusado de filmar a sus pacientes sin obtener su consentimiento. Este grave incidente ha suscitado preocupaciones sobre la privacidad y la \u00e9tica profesional en el \u00e1mbito m\u00e9dico.<\/p>\n<h3>Descubrimiento y Detenci\u00f3n<\/h3>\n<p>Las autoridades fueron alertadas sobre la posible conducta indebida del m\u00e9dico despu\u00e9s de que se descubrieran grabaciones no autorizadas. Seg\u00fan los informes, el m\u00e9dico, cuya identidad no ha sido divulgada para proteger el proceso legal, utilizaba dispositivos ocultos para registrar las consultas m\u00e9dicas. La polic\u00eda, con la colaboraci\u00f3n del personal del centro m\u00e9dico donde trabajaba el acusado, pudo confirmar la existencia del material videogr\u00e1fico que compromete la privacidad de los pacientes.<\/p>\n<h3>Reacciones y Consecuencias<\/h3>\n<p>La noticia ha provocado una ola de indignaci\u00f3n entre los pacientes del m\u00e9dico y la comunidad en general. La cl\u00ednica donde ocurrieron los hechos ha emitido un comunicado expresando su consternaci\u00f3n y asegurando que est\u00e1n colaborando estrechamente con las autoridades para esclarecer este lamentable suceso. Adem\u00e1s, han iniciado una revisi\u00f3n interna de sus protocolos de seguridad para prevenir que incidentes similares se repitan en el futuro.<\/p>\n<p>Por otro lado, los pacientes afectados han sido contactados por la polic\u00eda para ser informados sobre la violaci\u00f3n de su privacidad y se les ha ofrecido asistencia legal para proteger sus derechos. Las autoridades han instado a otros posibles afectados a presentarse y contribuir en la investigaci\u00f3n en curso.<\/p>\n<h3>Implicaciones Legales y Profesionales<\/h3>\n<p>El m\u00e9dico enfrenta m\u00faltiples cargos legales, incluyendo violaci\u00f3n de la privacidad y posiblemente otros relacionados con la \u00e9tica m\u00e9dica. Este caso tambi\u00e9n ha sido remitido al colegio de m\u00e9dicos, que podr\u00eda tomar medidas adicionales, incluyendo la suspensi\u00f3n o revocaci\u00f3n de la licencia m\u00e9dica del acusado.<\/p>\n<p>Este incidente ha puesto de manifiesto la necesidad de reforzar las medidas de seguridad y privacidad en las instalaciones m\u00e9dicas, as\u00ed como de asegurar que todos los profesionales del sector sigan estrictamente los c\u00f3digos de conducta \u00e9tica.<\/p>\n<h3>Conclusiones y Medidas Preventivas<\/h3>\n<p>Mientras la comunidad de Alicante se recupera del impacto de esta noticia, este caso sirve como un recordatorio cr\u00edtico de la importancia de la confianza y la seguridad en la relaci\u00f3n m\u00e9dico-paciente. Tambi\u00e9n subraya la necesidad de que los pacientes est\u00e9n vigilantes y reporten cualquier actividad que les parezca sospechosa.<\/p>\n<p>La cl\u00ednica ha prometido implementar medidas m\u00e1s estrictas, incluyendo sistemas de vigilancia mejorados y capacitaciones regulares para el personal sobre la privacidad del paciente y la \u00e9tica m\u00e9dica. Estas acciones son esenciales para restaurar la fe en el sistema m\u00e9dico y asegurar que las violaciones de la privacidad no ocurran en el futuro.<\/p>\n\n\n<div class=\"kk-star-ratings kksr-auto kksr-align-left kksr-valign-bottom\"\n    data-payload='{&quot;align&quot;:&quot;left&quot;,&quot;id&quot;:&quot;4297&quot;,&quot;slug&quot;:&quot;default&quot;,&quot;valign&quot;:&quot;bottom&quot;,&quot;ignore&quot;:&quot;&quot;,&quot;reference&quot;:&quot;auto&quot;,&quot;class&quot;:&quot;&quot;,&quot;count&quot;:&quot;0&quot;,&quot;legendonly&quot;:&quot;&quot;,&quot;readonly&quot;:&quot;&quot;,&quot;score&quot;:&quot;0&quot;,&quot;starsonly&quot;:&quot;&quot;,&quot;best&quot;:&quot;5&quot;,&quot;gap&quot;:&quot;5&quot;,&quot;greet&quot;:&quot;Valora este post&quot;,&quot;legend&quot;:&quot;0\\\/5 - (0 votes)&quot;,&quot;size&quot;:&quot;22&quot;,&quot;title&quot;:&quot;M\u00e9dico en Alicante arrestado por filmar pacientes sin permiso \u00a1Detalles impactantes!&quot;,&quot;width&quot;:&quot;0&quot;,&quot;_legend&quot;:&quot;{score}\\\/{best} - ({count} {votes})&quot;,&quot;font_factor&quot;:&quot;1.25&quot;}'>\n            \n<div class=\"kksr-stars\">\n    \n<div class=\"kksr-stars-inactive\">\n            <div class=\"kksr-star\" data-star=\"1\" style=\"padding-right: 5px\">\n            \n\n<div class=\"kksr-icon\" style=\"width: 22px; height: 22px;\"><\/div>\n        <\/div>\n            <div class=\"kksr-star\" data-star=\"2\" style=\"padding-right: 5px\">\n            \n\n<div class=\"kksr-icon\" style=\"width: 22px; height: 22px;\"><\/div>\n        <\/div>\n            <div class=\"kksr-star\" data-star=\"3\" style=\"padding-right: 5px\">\n            \n\n<div class=\"kksr-icon\" style=\"width: 22px; height: 22px;\"><\/div>\n        <\/div>\n            <div class=\"kksr-star\" data-star=\"4\" style=\"padding-right: 5px\">\n            \n\n<div class=\"kksr-icon\" style=\"width: 22px; height: 22px;\"><\/div>\n        <\/div>\n            <div class=\"kksr-star\" data-star=\"5\" style=\"padding-right: 5px\">\n            \n\n<div class=\"kksr-icon\" style=\"width: 22px; height: 22px;\"><\/div>\n        <\/div>\n    <\/div>\n    \n<div class=\"kksr-stars-active\" style=\"width: 0px;\">\n            <div class=\"kksr-star\" style=\"padding-right: 5px\">\n            \n\n<div class=\"kksr-icon\" style=\"width: 22px; height: 22px;\"><\/div>\n        <\/div>\n            <div class=\"kksr-star\" style=\"padding-right: 5px\">\n            \n\n<div class=\"kksr-icon\" style=\"width: 22px; height: 22px;\"><\/div>\n        <\/div>\n            <div class=\"kksr-star\" style=\"padding-right: 5px\">\n            \n\n<div class=\"kksr-icon\" style=\"width: 22px; height: 22px;\"><\/div>\n        <\/div>\n            <div class=\"kksr-star\" style=\"padding-right: 5px\">\n            \n\n<div class=\"kksr-icon\" style=\"width: 22px; height: 22px;\"><\/div>\n        <\/div>\n            <div class=\"kksr-star\" style=\"padding-right: 5px\">\n            \n\n<div class=\"kksr-icon\" style=\"width: 22px; height: 22px;\"><\/div>\n        <\/div>\n    <\/div>\n<\/div>\n                \n\n<div class=\"kksr-legend\" style=\"font-size: 17.6px;\">\n            <span class=\"kksr-muted\">Valora este post<\/span>\n    <\/div>\n    <\/div>\n","protected":false},"excerpt":{"rendered":"<p>Arresto de un M\u00e9dico en Alicante por Videograbaci\u00f3n Ilegal de Pacientes En un reciente acontecimiento que ha conmocionado a la comunidad de Alicante, un m\u00e9dico ha &#8230; <a title=\"M\u00e9dico en Alicante arrestado por filmar pacientes sin permiso \u00a1Detalles impactantes!\" class=\"read-more\" href=\"https:\/\/www.diario21.tv\/noticias\/medico-en-alicante-arrestado-por-filmar-pacientes-sin-permiso-detalles-impactantes\/\" aria-label=\"Leer m\u00e1s sobre M\u00e9dico en Alicante arrestado por filmar pacientes sin permiso \u00a1Detalles impactantes!\">Seguir leyendo &rarr;<\/a><\/p>\n","protected":false},"author":20,"featured_media":4298,"comment_status":"open","ping_status":"open","sticky":false,"template":"","format":"standard","meta":{"footnotes":""},"categories":[13],"tags":[],"class_list":["post-4297","post","type-post","status-publish","format-standard","has-post-thumbnail","hentry","category-portada"],"yoast_head":"<!-- This site is optimized with the Yoast SEO plugin v25.6 - https:\/\/yoast.com\/wordpress\/plugins\/seo\/ -->\n<title>M\u00e9dico en Alicante arrestado por filmar pacientes sin permiso \u00a1Detalles impactantes! - Diario 21<\/title>\n<meta name=\"robots\" content=\"index, follow, max-snippet:-1, max-image-preview:large, max-video-preview:-1\" \/>\n<link rel=\"canonical\" href=\"https:\/\/www.diario21.tv\/noticias\/medico-en-alicante-arrestado-por-filmar-pacientes-sin-permiso-detalles-impactantes\/\" \/>\n<meta property=\"og:locale\" content=\"es_ES\" \/>\n<meta property=\"og:type\" content=\"article\" \/>\n<meta property=\"og:title\" content=\"M\u00e9dico en Alicante arrestado por filmar pacientes sin permiso \u00a1Detalles impactantes! - Diario 21\" \/>\n<meta property=\"og:description\" content=\"Arresto de un M\u00e9dico en Alicante por Videograbaci\u00f3n Ilegal de Pacientes En un reciente acontecimiento que ha conmocionado a la comunidad de Alicante, un m\u00e9dico ha ... Seguir leyendo &rarr;\" \/>\n<meta property=\"og:url\" content=\"https:\/\/www.diario21.tv\/noticias\/medico-en-alicante-arrestado-por-filmar-pacientes-sin-permiso-detalles-impactantes\/\" \/>\n<meta property=\"og:site_name\" content=\"Diario 21\" \/>\n<meta property=\"article:published_time\" content=\"2025-08-27T00:20:50+00:00\" \/>\n<meta property=\"article:modified_time\" content=\"2025-08-27T00:20:51+00:00\" \/>\n<meta property=\"og:image\" content=\"https:\/\/www.diario21.tv\/noticias\/wp-content\/uploads\/2025\/08\/Medico-en-Alicante-arrestado-por-filmar-pacientes-sin-permiso-\u00a1Detalles.jpg\" \/>\n\t<meta property=\"og:image:width\" content=\"1200\" \/>\n\t<meta property=\"og:image:height\" content=\"840\" \/>\n\t<meta property=\"og:image:type\" content=\"image\/jpeg\" \/>\n<meta name=\"author\" content=\"Juan P\u00e9rez\" \/>\n<meta name=\"twitter:card\" content=\"summary_large_image\" \/>\n<meta name=\"twitter:label1\" content=\"Escrito por\" \/>\n\t<meta name=\"twitter:data1\" content=\"Juan P\u00e9rez\" \/>\n\t<meta name=\"twitter:label2\" content=\"Tiempo de lectura\" \/>\n\t<meta name=\"twitter:data2\" content=\"2 minutos\" \/>\n<script type=\"application\/ld+json\" class=\"yoast-schema-graph\">{\"@context\":\"https:\/\/schema.org\",\"@graph\":[{\"@type\":\"WebPage\",\"@id\":\"https:\/\/www.diario21.tv\/noticias\/medico-en-alicante-arrestado-por-filmar-pacientes-sin-permiso-detalles-impactantes\/\",\"url\":\"https:\/\/www.diario21.tv\/noticias\/medico-en-alicante-arrestado-por-filmar-pacientes-sin-permiso-detalles-impactantes\/\",\"name\":\"M\u00e9dico en Alicante arrestado por filmar pacientes sin permiso \u00a1Detalles impactantes! - Diario 21\",\"isPartOf\":{\"@id\":\"https:\/\/www.diario21.tv\/noticias\/#website\"},\"primaryImageOfPage\":{\"@id\":\"https:\/\/www.diario21.tv\/noticias\/medico-en-alicante-arrestado-por-filmar-pacientes-sin-permiso-detalles-impactantes\/#primaryimage\"},\"image\":{\"@id\":\"https:\/\/www.diario21.tv\/noticias\/medico-en-alicante-arrestado-por-filmar-pacientes-sin-permiso-detalles-impactantes\/#primaryimage\"},\"thumbnailUrl\":\"https:\/\/www.diario21.tv\/noticias\/wp-content\/uploads\/2025\/08\/Medico-en-Alicante-arrestado-por-filmar-pacientes-sin-permiso-\u00a1Detalles.jpg\",\"datePublished\":\"2025-08-27T00:20:50+00:00\",\"dateModified\":\"2025-08-27T00:20:51+00:00\",\"author\":{\"@id\":\"https:\/\/www.diario21.tv\/noticias\/#\/schema\/person\/dfb778f73814d8f09f302618446a526b\"},\"breadcrumb\":{\"@id\":\"https:\/\/www.diario21.tv\/noticias\/medico-en-alicante-arrestado-por-filmar-pacientes-sin-permiso-detalles-impactantes\/#breadcrumb\"},\"inLanguage\":\"es-AR\",\"potentialAction\":[{\"@type\":\"ReadAction\",\"target\":[\"https:\/\/www.diario21.tv\/noticias\/medico-en-alicante-arrestado-por-filmar-pacientes-sin-permiso-detalles-impactantes\/\"]}]},{\"@type\":\"ImageObject\",\"inLanguage\":\"es-AR\",\"@id\":\"https:\/\/www.diario21.tv\/noticias\/medico-en-alicante-arrestado-por-filmar-pacientes-sin-permiso-detalles-impactantes\/#primaryimage\",\"url\":\"https:\/\/www.diario21.tv\/noticias\/wp-content\/uploads\/2025\/08\/Medico-en-Alicante-arrestado-por-filmar-pacientes-sin-permiso-\u00a1Detalles.jpg\",\"contentUrl\":\"https:\/\/www.diario21.tv\/noticias\/wp-content\/uploads\/2025\/08\/Medico-en-Alicante-arrestado-por-filmar-pacientes-sin-permiso-\u00a1Detalles.jpg\",\"width\":1200,\"height\":840,\"caption\":\"Detenido un m\u00e9dico por grabar a pacientes sin su consentimiento en Alicante\"},{\"@type\":\"BreadcrumbList\",\"@id\":\"https:\/\/www.diario21.tv\/noticias\/medico-en-alicante-arrestado-por-filmar-pacientes-sin-permiso-detalles-impactantes\/#breadcrumb\",\"itemListElement\":[{\"@type\":\"ListItem\",\"position\":1,\"name\":\"Accueil\",\"item\":\"https:\/\/www.diario21.tv\/noticias\/\"},{\"@type\":\"ListItem\",\"position\":2,\"name\":\"M\u00e9dico en Alicante arrestado por filmar pacientes sin permiso \u00a1Detalles impactantes!\"}]},{\"@type\":\"WebSite\",\"@id\":\"https:\/\/www.diario21.tv\/noticias\/#website\",\"url\":\"https:\/\/www.diario21.tv\/noticias\/\",\"name\":\"Diario 21\",\"description\":\"\",\"potentialAction\":[{\"@type\":\"SearchAction\",\"target\":{\"@type\":\"EntryPoint\",\"urlTemplate\":\"https:\/\/www.diario21.tv\/noticias\/?s={search_term_string}\"},\"query-input\":{\"@type\":\"PropertyValueSpecification\",\"valueRequired\":true,\"valueName\":\"search_term_string\"}}],\"inLanguage\":\"es-AR\"},{\"@type\":\"Person\",\"@id\":\"https:\/\/www.diario21.tv\/noticias\/#\/schema\/person\/dfb778f73814d8f09f302618446a526b\",\"name\":\"Juan P\u00e9rez\",\"image\":{\"@type\":\"ImageObject\",\"inLanguage\":\"es-AR\",\"@id\":\"https:\/\/www.diario21.tv\/noticias\/#\/schema\/person\/image\/\",\"url\":\"https:\/\/secure.gravatar.com\/avatar\/c478a405bd10621167f4c3167cc770f5?s=96&d=mm&r=g\",\"contentUrl\":\"https:\/\/secure.gravatar.com\/avatar\/c478a405bd10621167f4c3167cc770f5?s=96&d=mm&r=g\",\"caption\":\"Juan P\u00e9rez\"},\"description\":\"Juan P\u00e9rez es el redactor en jefe de Diario 21. Con m\u00e1s de 10 a\u00f1os de experiencia en el periodismo, se especializa en pol\u00edtica nacional y an\u00e1lisis socioecon\u00f3mico. Su enfoque cr\u00edtico y riguroso aporta una perspectiva \u00fanica a cada art\u00edculo.\",\"sameAs\":[\"https:\/\/www.diario21.tv\/noticias\/\"],\"url\":\"https:\/\/www.diario21.tv\/noticias\/author\/juan-perez\/\"}]}<\/script>\n<!-- \/ Yoast SEO plugin. -->","yoast_head_json":{"title":"M\u00e9dico en Alicante arrestado por filmar pacientes sin permiso \u00a1Detalles impactantes! - Diario 21","robots":{"index":"index","follow":"follow","max-snippet":"max-snippet:-1","max-image-preview":"max-image-preview:large","max-video-preview":"max-video-preview:-1"},"canonical":"https:\/\/www.diario21.tv\/noticias\/medico-en-alicante-arrestado-por-filmar-pacientes-sin-permiso-detalles-impactantes\/","og_locale":"es_ES","og_type":"article","og_title":"M\u00e9dico en Alicante arrestado por filmar pacientes sin permiso \u00a1Detalles impactantes! - Diario 21","og_description":"Arresto de un M\u00e9dico en Alicante por Videograbaci\u00f3n Ilegal de Pacientes En un reciente acontecimiento que ha conmocionado a la comunidad de Alicante, un m\u00e9dico ha ... Seguir leyendo &rarr;","og_url":"https:\/\/www.diario21.tv\/noticias\/medico-en-alicante-arrestado-por-filmar-pacientes-sin-permiso-detalles-impactantes\/","og_site_name":"Diario 21","article_published_time":"2025-08-27T00:20:50+00:00","article_modified_time":"2025-08-27T00:20:51+00:00","og_image":[{"width":1200,"height":840,"url":"https:\/\/www.diario21.tv\/noticias\/wp-content\/uploads\/2025\/08\/Medico-en-Alicante-arrestado-por-filmar-pacientes-sin-permiso-\u00a1Detalles.jpg","type":"image\/jpeg"}],"author":"Juan P\u00e9rez","twitter_card":"summary_large_image","twitter_misc":{"Escrito por":"Juan P\u00e9rez","Tiempo de lectura":"2 minutos"},"schema":{"@context":"https:\/\/schema.org","@graph":[{"@type":"WebPage","@id":"https:\/\/www.diario21.tv\/noticias\/medico-en-alicante-arrestado-por-filmar-pacientes-sin-permiso-detalles-impactantes\/","url":"https:\/\/www.diario21.tv\/noticias\/medico-en-alicante-arrestado-por-filmar-pacientes-sin-permiso-detalles-impactantes\/","name":"M\u00e9dico en Alicante arrestado por filmar pacientes sin permiso \u00a1Detalles impactantes! - Diario 21","isPartOf":{"@id":"https:\/\/www.diario21.tv\/noticias\/#website"},"primaryImageOfPage":{"@id":"https:\/\/www.diario21.tv\/noticias\/medico-en-alicante-arrestado-por-filmar-pacientes-sin-permiso-detalles-impactantes\/#primaryimage"},"image":{"@id":"https:\/\/www.diario21.tv\/noticias\/medico-en-alicante-arrestado-por-filmar-pacientes-sin-permiso-detalles-impactantes\/#primaryimage"},"thumbnailUrl":"https:\/\/www.diario21.tv\/noticias\/wp-content\/uploads\/2025\/08\/Medico-en-Alicante-arrestado-por-filmar-pacientes-sin-permiso-\u00a1Detalles.jpg","datePublished":"2025-08-27T00:20:50+00:00","dateModified":"2025-08-27T00:20:51+00:00","author":{"@id":"https:\/\/www.diario21.tv\/noticias\/#\/schema\/person\/dfb778f73814d8f09f302618446a526b"},"breadcrumb":{"@id":"https:\/\/www.diario21.tv\/noticias\/medico-en-alicante-arrestado-por-filmar-pacientes-sin-permiso-detalles-impactantes\/#breadcrumb"},"inLanguage":"es-AR","potentialAction":[{"@type":"ReadAction","target":["https:\/\/www.diario21.tv\/noticias\/medico-en-alicante-arrestado-por-filmar-pacientes-sin-permiso-detalles-impactantes\/"]}]},{"@type":"ImageObject","inLanguage":"es-AR","@id":"https:\/\/www.diario21.tv\/noticias\/medico-en-alicante-arrestado-por-filmar-pacientes-sin-permiso-detalles-impactantes\/#primaryimage","url":"https:\/\/www.diario21.tv\/noticias\/wp-content\/uploads\/2025\/08\/Medico-en-Alicante-arrestado-por-filmar-pacientes-sin-permiso-\u00a1Detalles.jpg","contentUrl":"https:\/\/www.diario21.tv\/noticias\/wp-content\/uploads\/2025\/08\/Medico-en-Alicante-arrestado-por-filmar-pacientes-sin-permiso-\u00a1Detalles.jpg","width":1200,"height":840,"caption":"Detenido un m\u00e9dico por grabar a pacientes sin su consentimiento en Alicante"},{"@type":"BreadcrumbList","@id":"https:\/\/www.diario21.tv\/noticias\/medico-en-alicante-arrestado-por-filmar-pacientes-sin-permiso-detalles-impactantes\/#breadcrumb","itemListElement":[{"@type":"ListItem","position":1,"name":"Accueil","item":"https:\/\/www.diario21.tv\/noticias\/"},{"@type":"ListItem","position":2,"name":"M\u00e9dico en Alicante arrestado por filmar pacientes sin permiso \u00a1Detalles impactantes!"}]},{"@type":"WebSite","@id":"https:\/\/www.diario21.tv\/noticias\/#website","url":"https:\/\/www.diario21.tv\/noticias\/","name":"Diario 21","description":"","potentialAction":[{"@type":"SearchAction","target":{"@type":"EntryPoint","urlTemplate":"https:\/\/www.diario21.tv\/noticias\/?s={search_term_string}"},"query-input":{"@type":"PropertyValueSpecification","valueRequired":true,"valueName":"search_term_string"}}],"inLanguage":"es-AR"},{"@type":"Person","@id":"https:\/\/www.diario21.tv\/noticias\/#\/schema\/person\/dfb778f73814d8f09f302618446a526b","name":"Juan P\u00e9rez","image":{"@type":"ImageObject","inLanguage":"es-AR","@id":"https:\/\/www.diario21.tv\/noticias\/#\/schema\/person\/image\/","url":"https:\/\/secure.gravatar.com\/avatar\/c478a405bd10621167f4c3167cc770f5?s=96&d=mm&r=g","contentUrl":"https:\/\/secure.gravatar.com\/avatar\/c478a405bd10621167f4c3167cc770f5?s=96&d=mm&r=g","caption":"Juan P\u00e9rez"},"description":"Juan P\u00e9rez es el redactor en jefe de Diario 21. Con m\u00e1s de 10 a\u00f1os de experiencia en el periodismo, se especializa en pol\u00edtica nacional y an\u00e1lisis socioecon\u00f3mico. Su enfoque cr\u00edtico y riguroso aporta una perspectiva \u00fanica a cada art\u00edculo.","sameAs":["https:\/\/www.diario21.tv\/noticias\/"],"url":"https:\/\/www.diario21.tv\/noticias\/author\/juan-perez\/"}]}},"_links":{"self":[{"href":"https:\/\/www.diario21.tv\/noticias\/wp-json\/wp\/v2\/posts\/4297"}],"collection":[{"href":"https:\/\/www.diario21.tv\/noticias\/wp-json\/wp\/v2\/posts"}],"about":[{"href":"https:\/\/www.diario21.tv\/noticias\/wp-json\/wp\/v2\/types\/post"}],"author":[{"embeddable":true,"href":"https:\/\/www.diario21.tv\/noticias\/wp-json\/wp\/v2\/users\/20"}],"replies":[{"embeddable":true,"href":"https:\/\/www.diario21.tv\/noticias\/wp-json\/wp\/v2\/comments?post=4297"}],"version-history":[{"count":1,"href":"https:\/\/www.diario21.tv\/noticias\/wp-json\/wp\/v2\/posts\/4297\/revisions"}],"predecessor-version":[{"id":4299,"href":"https:\/\/www.diario21.tv\/noticias\/wp-json\/wp\/v2\/posts\/4297\/revisions\/4299"}],"wp:featuredmedia":[{"embeddable":true,"href":"https:\/\/www.diario21.tv\/noticias\/wp-json\/wp\/v2\/media\/4298"}],"wp:attachment":[{"href":"https:\/\/www.diario21.tv\/noticias\/wp-json\/wp\/v2\/media?parent=4297"}],"wp:term":[{"taxonomy":"category","embeddable":true,"href":"https:\/\/www.diario21.tv\/noticias\/wp-json\/wp\/v2\/categories?post=4297"},{"taxonomy":"post_tag","embeddable":true,"href":"https:\/\/www.diario21.tv\/noticias\/wp-json\/wp\/v2\/tags?post=4297"}],"curies":[{"name":"wp","href":"https:\/\/api.w.org\/{rel}","templated":true}]}}