{"id":4291,"date":"2025-08-26T12:16:50","date_gmt":"2025-08-26T12:16:50","guid":{"rendered":"https:\/\/www.diario21.tv\/noticias\/sin-utopia-una-batalla-interminable-por-el-poder\/"},"modified":"2025-08-26T12:16:51","modified_gmt":"2025-08-26T12:16:51","slug":"sin-utopia-una-batalla-interminable-por-el-poder","status":"publish","type":"post","link":"https:\/\/www.diario21.tv\/noticias\/sin-utopia-una-batalla-interminable-por-el-poder\/","title":{"rendered":"Sin utop\u00eda: una batalla interminable por el poder"},"content":{"rendered":"<h2>La inexistencia de un horizonte ut\u00f3pico: solo prevalece la batalla por el dominio<\/h2>\n<p>En el mundo contempor\u00e1neo, se ha disipado la idea de un destino ut\u00f3pico donde la sociedad alcanza un estado perfecto de armon\u00eda y justicia. En cambio, lo que persiste es un perpetuo enfrentamiento por la supremac\u00eda y el control. Esta realidad nos confronta continuamente, oblig\u00e1ndonos a reconocer que el poder es el principal protagonista en la narrativa global, m\u00e1s que cualquier visi\u00f3n idealizada de progreso o perfecci\u00f3n.<\/p>\n<h3>El poder como eje central<\/h3>\n<p>El poder, en sus m\u00faltiples facetas, rige las interacciones humanas y las estructuras pol\u00edticas, sociales y econ\u00f3micas. La lucha por el poder no es solo evidente en los altos c\u00edrculos de gobierno, sino que se infiltra en todos los niveles de la sociedad. Desde la competencia en los mercados empresariales hasta las din\u00e1micas de poder en las relaciones personales, la batalla por el control y la influencia es omnipresente.<\/p>\n<h3>Realismo pol\u00edtico frente a idealismo ut\u00f3pico<\/h3>\n<p>El realismo pol\u00edtico ofrece una perspectiva m\u00e1s cruda pero quiz\u00e1s m\u00e1s precisa de c\u00f3mo operan las sociedades. Contrario al idealismo ut\u00f3pico que imagina un mundo sin conflictos ni desigualdades, el realismo pol\u00edtico acepta que el conflicto y la competencia por recursos limitados son inherentes a la naturaleza humana. Esta visi\u00f3n sugiere que las utop\u00edas son m\u00e1s un ideal inalcanzable que una posibilidad real.<\/p>\n<h3>Impacto en la pol\u00edtica y la sociedad<\/h3>\n<p>Este enfoque realista tiene implicaciones profundas para c\u00f3mo se forma la pol\u00edtica y se gobiernan las sociedades. Reconociendo que el poder es el n\u00facleo de las relaciones pol\u00edticas, los l\u00edderes y los ciudadanos pueden abordar m\u00e1s efectivamente los desaf\u00edos del gobierno y la administraci\u00f3n p\u00fablica. En lugar de aspirar a un ideal inalcanzable, la meta se convierte en manejar el poder de manera que se minimicen los abusos y se maximice el bienestar general.<\/p>\n<p>Asimismo, esta comprensi\u00f3n afecta c\u00f3mo los individuos perciben su propio rol dentro de la sociedad. Saber que no existe un horizonte ut\u00f3pico promueve una mayor responsabilidad personal y una participaci\u00f3n m\u00e1s activa en los procesos democr\u00e1ticos, donde cada voto y cada voz pueden contribuir a balancear las fuerzas en juego.<\/p>\n<h3>Conclusi\u00f3n<\/h3>\n<p>La desaparici\u00f3n del horizonte ut\u00f3pico no debe verse como un signo de desesperanza, sino como un llamado a la acci\u00f3n pragm\u00e1tica y realista. En un mundo donde la lucha por el poder define gran parte de la estructura social y pol\u00edtica, es esencial que los individuos y las comunidades trabajen juntos para forjar un futuro que, aunque no perfecto, sea justo y equitativo para todos. La utop\u00eda puede no ser un destino alcanzable, pero puede servir como una gu\u00eda para mejorar constantemente la realidad en que vivimos.<\/p>\n\n\n<div class=\"kk-star-ratings kksr-auto kksr-align-left kksr-valign-bottom\"\n    data-payload='{&quot;align&quot;:&quot;left&quot;,&quot;id&quot;:&quot;4291&quot;,&quot;slug&quot;:&quot;default&quot;,&quot;valign&quot;:&quot;bottom&quot;,&quot;ignore&quot;:&quot;&quot;,&quot;reference&quot;:&quot;auto&quot;,&quot;class&quot;:&quot;&quot;,&quot;count&quot;:&quot;0&quot;,&quot;legendonly&quot;:&quot;&quot;,&quot;readonly&quot;:&quot;&quot;,&quot;score&quot;:&quot;0&quot;,&quot;starsonly&quot;:&quot;&quot;,&quot;best&quot;:&quot;5&quot;,&quot;gap&quot;:&quot;5&quot;,&quot;greet&quot;:&quot;Valora este post&quot;,&quot;legend&quot;:&quot;0\\\/5 - (0 votes)&quot;,&quot;size&quot;:&quot;22&quot;,&quot;title&quot;:&quot;Sin utop\u00eda: una batalla interminable por el poder&quot;,&quot;width&quot;:&quot;0&quot;,&quot;_legend&quot;:&quot;{score}\\\/{best} - ({count} {votes})&quot;,&quot;font_factor&quot;:&quot;1.25&quot;}'>\n            \n<div class=\"kksr-stars\">\n    \n<div class=\"kksr-stars-inactive\">\n            <div class=\"kksr-star\" data-star=\"1\" style=\"padding-right: 5px\">\n            \n\n<div class=\"kksr-icon\" style=\"width: 22px; height: 22px;\"><\/div>\n        <\/div>\n            <div class=\"kksr-star\" data-star=\"2\" style=\"padding-right: 5px\">\n            \n\n<div class=\"kksr-icon\" style=\"width: 22px; height: 22px;\"><\/div>\n        <\/div>\n            <div class=\"kksr-star\" data-star=\"3\" style=\"padding-right: 5px\">\n            \n\n<div class=\"kksr-icon\" style=\"width: 22px; height: 22px;\"><\/div>\n        <\/div>\n            <div class=\"kksr-star\" data-star=\"4\" style=\"padding-right: 5px\">\n            \n\n<div class=\"kksr-icon\" style=\"width: 22px; height: 22px;\"><\/div>\n        <\/div>\n            <div class=\"kksr-star\" data-star=\"5\" style=\"padding-right: 5px\">\n            \n\n<div class=\"kksr-icon\" style=\"width: 22px; height: 22px;\"><\/div>\n        <\/div>\n    <\/div>\n    \n<div class=\"kksr-stars-active\" style=\"width: 0px;\">\n            <div class=\"kksr-star\" style=\"padding-right: 5px\">\n            \n\n<div class=\"kksr-icon\" style=\"width: 22px; height: 22px;\"><\/div>\n        <\/div>\n            <div class=\"kksr-star\" style=\"padding-right: 5px\">\n            \n\n<div class=\"kksr-icon\" style=\"width: 22px; height: 22px;\"><\/div>\n        <\/div>\n            <div class=\"kksr-star\" style=\"padding-right: 5px\">\n            \n\n<div class=\"kksr-icon\" style=\"width: 22px; height: 22px;\"><\/div>\n        <\/div>\n            <div class=\"kksr-star\" style=\"padding-right: 5px\">\n            \n\n<div class=\"kksr-icon\" style=\"width: 22px; height: 22px;\"><\/div>\n        <\/div>\n            <div class=\"kksr-star\" style=\"padding-right: 5px\">\n            \n\n<div class=\"kksr-icon\" style=\"width: 22px; height: 22px;\"><\/div>\n        <\/div>\n    <\/div>\n<\/div>\n                \n\n<div class=\"kksr-legend\" style=\"font-size: 17.6px;\">\n            <span class=\"kksr-muted\">Valora este post<\/span>\n    <\/div>\n    <\/div>\n","protected":false},"excerpt":{"rendered":"<p>La inexistencia de un horizonte ut\u00f3pico: solo prevalece la batalla por el dominio En el mundo contempor\u00e1neo, se ha disipado la idea de un destino ut\u00f3pico &#8230; <a title=\"Sin utop\u00eda: una batalla interminable por el poder\" class=\"read-more\" href=\"https:\/\/www.diario21.tv\/noticias\/sin-utopia-una-batalla-interminable-por-el-poder\/\" aria-label=\"Leer m\u00e1s sobre Sin utop\u00eda: una batalla interminable por el poder\">Seguir leyendo &rarr;<\/a><\/p>\n","protected":false},"author":20,"featured_media":4292,"comment_status":"open","ping_status":"open","sticky":false,"template":"","format":"standard","meta":{"footnotes":""},"categories":[13],"tags":[],"class_list":["post-4291","post","type-post","status-publish","format-standard","has-post-thumbnail","hentry","category-portada"],"yoast_head":"<!-- This site is optimized with the Yoast SEO plugin v25.6 - https:\/\/yoast.com\/wordpress\/plugins\/seo\/ -->\n<title>Sin utop\u00eda: una batalla interminable por el poder - Diario 21<\/title>\n<meta name=\"robots\" content=\"index, follow, max-snippet:-1, max-image-preview:large, max-video-preview:-1\" \/>\n<link rel=\"canonical\" href=\"https:\/\/www.diario21.tv\/noticias\/sin-utopia-una-batalla-interminable-por-el-poder\/\" \/>\n<meta property=\"og:locale\" content=\"es_ES\" \/>\n<meta property=\"og:type\" content=\"article\" \/>\n<meta property=\"og:title\" content=\"Sin utop\u00eda: una batalla interminable por el poder - Diario 21\" \/>\n<meta property=\"og:description\" content=\"La inexistencia de un horizonte ut\u00f3pico: solo prevalece la batalla por el dominio En el mundo contempor\u00e1neo, se ha disipado la idea de un destino ut\u00f3pico ... Seguir leyendo &rarr;\" \/>\n<meta property=\"og:url\" content=\"https:\/\/www.diario21.tv\/noticias\/sin-utopia-una-batalla-interminable-por-el-poder\/\" \/>\n<meta property=\"og:site_name\" content=\"Diario 21\" \/>\n<meta property=\"article:published_time\" content=\"2025-08-26T12:16:50+00:00\" \/>\n<meta property=\"article:modified_time\" content=\"2025-08-26T12:16:51+00:00\" \/>\n<meta property=\"og:image\" content=\"https:\/\/www.diario21.tv\/noticias\/wp-content\/uploads\/2025\/08\/Sin-utopia-una-batalla-interminable-por-el-poder.jpg\" \/>\n\t<meta property=\"og:image:width\" content=\"1200\" \/>\n\t<meta property=\"og:image:height\" content=\"840\" \/>\n\t<meta property=\"og:image:type\" content=\"image\/jpeg\" \/>\n<meta name=\"author\" content=\"Juan P\u00e9rez\" \/>\n<meta name=\"twitter:card\" content=\"summary_large_image\" \/>\n<meta name=\"twitter:label1\" content=\"Escrito por\" \/>\n\t<meta name=\"twitter:data1\" content=\"Juan P\u00e9rez\" \/>\n\t<meta name=\"twitter:label2\" content=\"Tiempo de lectura\" \/>\n\t<meta name=\"twitter:data2\" content=\"2 minutos\" \/>\n<script type=\"application\/ld+json\" class=\"yoast-schema-graph\">{\"@context\":\"https:\/\/schema.org\",\"@graph\":[{\"@type\":\"WebPage\",\"@id\":\"https:\/\/www.diario21.tv\/noticias\/sin-utopia-una-batalla-interminable-por-el-poder\/\",\"url\":\"https:\/\/www.diario21.tv\/noticias\/sin-utopia-una-batalla-interminable-por-el-poder\/\",\"name\":\"Sin utop\u00eda: una batalla interminable por el poder - Diario 21\",\"isPartOf\":{\"@id\":\"https:\/\/www.diario21.tv\/noticias\/#website\"},\"primaryImageOfPage\":{\"@id\":\"https:\/\/www.diario21.tv\/noticias\/sin-utopia-una-batalla-interminable-por-el-poder\/#primaryimage\"},\"image\":{\"@id\":\"https:\/\/www.diario21.tv\/noticias\/sin-utopia-una-batalla-interminable-por-el-poder\/#primaryimage\"},\"thumbnailUrl\":\"https:\/\/www.diario21.tv\/noticias\/wp-content\/uploads\/2025\/08\/Sin-utopia-una-batalla-interminable-por-el-poder.jpg\",\"datePublished\":\"2025-08-26T12:16:50+00:00\",\"dateModified\":\"2025-08-26T12:16:51+00:00\",\"author\":{\"@id\":\"https:\/\/www.diario21.tv\/noticias\/#\/schema\/person\/dfb778f73814d8f09f302618446a526b\"},\"breadcrumb\":{\"@id\":\"https:\/\/www.diario21.tv\/noticias\/sin-utopia-una-batalla-interminable-por-el-poder\/#breadcrumb\"},\"inLanguage\":\"es-AR\",\"potentialAction\":[{\"@type\":\"ReadAction\",\"target\":[\"https:\/\/www.diario21.tv\/noticias\/sin-utopia-una-batalla-interminable-por-el-poder\/\"]}]},{\"@type\":\"ImageObject\",\"inLanguage\":\"es-AR\",\"@id\":\"https:\/\/www.diario21.tv\/noticias\/sin-utopia-una-batalla-interminable-por-el-poder\/#primaryimage\",\"url\":\"https:\/\/www.diario21.tv\/noticias\/wp-content\/uploads\/2025\/08\/Sin-utopia-una-batalla-interminable-por-el-poder.jpg\",\"contentUrl\":\"https:\/\/www.diario21.tv\/noticias\/wp-content\/uploads\/2025\/08\/Sin-utopia-una-batalla-interminable-por-el-poder.jpg\",\"width\":1200,\"height\":840,\"caption\":\"\u00abNo hay horizonte ut\u00f3pico, solo lucha por el poder\u00bb\"},{\"@type\":\"BreadcrumbList\",\"@id\":\"https:\/\/www.diario21.tv\/noticias\/sin-utopia-una-batalla-interminable-por-el-poder\/#breadcrumb\",\"itemListElement\":[{\"@type\":\"ListItem\",\"position\":1,\"name\":\"Accueil\",\"item\":\"https:\/\/www.diario21.tv\/noticias\/\"},{\"@type\":\"ListItem\",\"position\":2,\"name\":\"Sin utop\u00eda: una batalla interminable por el poder\"}]},{\"@type\":\"WebSite\",\"@id\":\"https:\/\/www.diario21.tv\/noticias\/#website\",\"url\":\"https:\/\/www.diario21.tv\/noticias\/\",\"name\":\"Diario 21\",\"description\":\"\",\"potentialAction\":[{\"@type\":\"SearchAction\",\"target\":{\"@type\":\"EntryPoint\",\"urlTemplate\":\"https:\/\/www.diario21.tv\/noticias\/?s={search_term_string}\"},\"query-input\":{\"@type\":\"PropertyValueSpecification\",\"valueRequired\":true,\"valueName\":\"search_term_string\"}}],\"inLanguage\":\"es-AR\"},{\"@type\":\"Person\",\"@id\":\"https:\/\/www.diario21.tv\/noticias\/#\/schema\/person\/dfb778f73814d8f09f302618446a526b\",\"name\":\"Juan P\u00e9rez\",\"image\":{\"@type\":\"ImageObject\",\"inLanguage\":\"es-AR\",\"@id\":\"https:\/\/www.diario21.tv\/noticias\/#\/schema\/person\/image\/\",\"url\":\"https:\/\/secure.gravatar.com\/avatar\/c478a405bd10621167f4c3167cc770f5?s=96&d=mm&r=g\",\"contentUrl\":\"https:\/\/secure.gravatar.com\/avatar\/c478a405bd10621167f4c3167cc770f5?s=96&d=mm&r=g\",\"caption\":\"Juan P\u00e9rez\"},\"description\":\"Juan P\u00e9rez es el redactor en jefe de Diario 21. Con m\u00e1s de 10 a\u00f1os de experiencia en el periodismo, se especializa en pol\u00edtica nacional y an\u00e1lisis socioecon\u00f3mico. Su enfoque cr\u00edtico y riguroso aporta una perspectiva \u00fanica a cada art\u00edculo.\",\"sameAs\":[\"https:\/\/www.diario21.tv\/noticias\/\"],\"url\":\"https:\/\/www.diario21.tv\/noticias\/author\/juan-perez\/\"}]}<\/script>\n<!-- \/ Yoast SEO plugin. -->","yoast_head_json":{"title":"Sin utop\u00eda: una batalla interminable por el poder - Diario 21","robots":{"index":"index","follow":"follow","max-snippet":"max-snippet:-1","max-image-preview":"max-image-preview:large","max-video-preview":"max-video-preview:-1"},"canonical":"https:\/\/www.diario21.tv\/noticias\/sin-utopia-una-batalla-interminable-por-el-poder\/","og_locale":"es_ES","og_type":"article","og_title":"Sin utop\u00eda: una batalla interminable por el poder - Diario 21","og_description":"La inexistencia de un horizonte ut\u00f3pico: solo prevalece la batalla por el dominio En el mundo contempor\u00e1neo, se ha disipado la idea de un destino ut\u00f3pico ... Seguir leyendo &rarr;","og_url":"https:\/\/www.diario21.tv\/noticias\/sin-utopia-una-batalla-interminable-por-el-poder\/","og_site_name":"Diario 21","article_published_time":"2025-08-26T12:16:50+00:00","article_modified_time":"2025-08-26T12:16:51+00:00","og_image":[{"width":1200,"height":840,"url":"https:\/\/www.diario21.tv\/noticias\/wp-content\/uploads\/2025\/08\/Sin-utopia-una-batalla-interminable-por-el-poder.jpg","type":"image\/jpeg"}],"author":"Juan P\u00e9rez","twitter_card":"summary_large_image","twitter_misc":{"Escrito por":"Juan P\u00e9rez","Tiempo de lectura":"2 minutos"},"schema":{"@context":"https:\/\/schema.org","@graph":[{"@type":"WebPage","@id":"https:\/\/www.diario21.tv\/noticias\/sin-utopia-una-batalla-interminable-por-el-poder\/","url":"https:\/\/www.diario21.tv\/noticias\/sin-utopia-una-batalla-interminable-por-el-poder\/","name":"Sin utop\u00eda: una batalla interminable por el poder - Diario 21","isPartOf":{"@id":"https:\/\/www.diario21.tv\/noticias\/#website"},"primaryImageOfPage":{"@id":"https:\/\/www.diario21.tv\/noticias\/sin-utopia-una-batalla-interminable-por-el-poder\/#primaryimage"},"image":{"@id":"https:\/\/www.diario21.tv\/noticias\/sin-utopia-una-batalla-interminable-por-el-poder\/#primaryimage"},"thumbnailUrl":"https:\/\/www.diario21.tv\/noticias\/wp-content\/uploads\/2025\/08\/Sin-utopia-una-batalla-interminable-por-el-poder.jpg","datePublished":"2025-08-26T12:16:50+00:00","dateModified":"2025-08-26T12:16:51+00:00","author":{"@id":"https:\/\/www.diario21.tv\/noticias\/#\/schema\/person\/dfb778f73814d8f09f302618446a526b"},"breadcrumb":{"@id":"https:\/\/www.diario21.tv\/noticias\/sin-utopia-una-batalla-interminable-por-el-poder\/#breadcrumb"},"inLanguage":"es-AR","potentialAction":[{"@type":"ReadAction","target":["https:\/\/www.diario21.tv\/noticias\/sin-utopia-una-batalla-interminable-por-el-poder\/"]}]},{"@type":"ImageObject","inLanguage":"es-AR","@id":"https:\/\/www.diario21.tv\/noticias\/sin-utopia-una-batalla-interminable-por-el-poder\/#primaryimage","url":"https:\/\/www.diario21.tv\/noticias\/wp-content\/uploads\/2025\/08\/Sin-utopia-una-batalla-interminable-por-el-poder.jpg","contentUrl":"https:\/\/www.diario21.tv\/noticias\/wp-content\/uploads\/2025\/08\/Sin-utopia-una-batalla-interminable-por-el-poder.jpg","width":1200,"height":840,"caption":"\u00abNo hay horizonte ut\u00f3pico, solo lucha por el poder\u00bb"},{"@type":"BreadcrumbList","@id":"https:\/\/www.diario21.tv\/noticias\/sin-utopia-una-batalla-interminable-por-el-poder\/#breadcrumb","itemListElement":[{"@type":"ListItem","position":1,"name":"Accueil","item":"https:\/\/www.diario21.tv\/noticias\/"},{"@type":"ListItem","position":2,"name":"Sin utop\u00eda: una batalla interminable por el poder"}]},{"@type":"WebSite","@id":"https:\/\/www.diario21.tv\/noticias\/#website","url":"https:\/\/www.diario21.tv\/noticias\/","name":"Diario 21","description":"","potentialAction":[{"@type":"SearchAction","target":{"@type":"EntryPoint","urlTemplate":"https:\/\/www.diario21.tv\/noticias\/?s={search_term_string}"},"query-input":{"@type":"PropertyValueSpecification","valueRequired":true,"valueName":"search_term_string"}}],"inLanguage":"es-AR"},{"@type":"Person","@id":"https:\/\/www.diario21.tv\/noticias\/#\/schema\/person\/dfb778f73814d8f09f302618446a526b","name":"Juan P\u00e9rez","image":{"@type":"ImageObject","inLanguage":"es-AR","@id":"https:\/\/www.diario21.tv\/noticias\/#\/schema\/person\/image\/","url":"https:\/\/secure.gravatar.com\/avatar\/c478a405bd10621167f4c3167cc770f5?s=96&d=mm&r=g","contentUrl":"https:\/\/secure.gravatar.com\/avatar\/c478a405bd10621167f4c3167cc770f5?s=96&d=mm&r=g","caption":"Juan P\u00e9rez"},"description":"Juan P\u00e9rez es el redactor en jefe de Diario 21. Con m\u00e1s de 10 a\u00f1os de experiencia en el periodismo, se especializa en pol\u00edtica nacional y an\u00e1lisis socioecon\u00f3mico. Su enfoque cr\u00edtico y riguroso aporta una perspectiva \u00fanica a cada art\u00edculo.","sameAs":["https:\/\/www.diario21.tv\/noticias\/"],"url":"https:\/\/www.diario21.tv\/noticias\/author\/juan-perez\/"}]}},"_links":{"self":[{"href":"https:\/\/www.diario21.tv\/noticias\/wp-json\/wp\/v2\/posts\/4291"}],"collection":[{"href":"https:\/\/www.diario21.tv\/noticias\/wp-json\/wp\/v2\/posts"}],"about":[{"href":"https:\/\/www.diario21.tv\/noticias\/wp-json\/wp\/v2\/types\/post"}],"author":[{"embeddable":true,"href":"https:\/\/www.diario21.tv\/noticias\/wp-json\/wp\/v2\/users\/20"}],"replies":[{"embeddable":true,"href":"https:\/\/www.diario21.tv\/noticias\/wp-json\/wp\/v2\/comments?post=4291"}],"version-history":[{"count":1,"href":"https:\/\/www.diario21.tv\/noticias\/wp-json\/wp\/v2\/posts\/4291\/revisions"}],"predecessor-version":[{"id":4293,"href":"https:\/\/www.diario21.tv\/noticias\/wp-json\/wp\/v2\/posts\/4291\/revisions\/4293"}],"wp:featuredmedia":[{"embeddable":true,"href":"https:\/\/www.diario21.tv\/noticias\/wp-json\/wp\/v2\/media\/4292"}],"wp:attachment":[{"href":"https:\/\/www.diario21.tv\/noticias\/wp-json\/wp\/v2\/media?parent=4291"}],"wp:term":[{"taxonomy":"category","embeddable":true,"href":"https:\/\/www.diario21.tv\/noticias\/wp-json\/wp\/v2\/categories?post=4291"},{"taxonomy":"post_tag","embeddable":true,"href":"https:\/\/www.diario21.tv\/noticias\/wp-json\/wp\/v2\/tags?post=4291"}],"curies":[{"name":"wp","href":"https:\/\/api.w.org\/{rel}","templated":true}]}}