{"id":4285,"date":"2025-08-26T00:14:51","date_gmt":"2025-08-26T00:14:51","guid":{"rendered":"https:\/\/www.diario21.tv\/noticias\/fallece-hombre-de-45-anos-tras-heroica-lucha-contra-incendio-en-salamanca\/"},"modified":"2025-08-26T00:14:53","modified_gmt":"2025-08-26T00:14:53","slug":"fallece-hombre-de-45-anos-tras-heroica-lucha-contra-incendio-en-salamanca","status":"publish","type":"post","link":"https:\/\/www.diario21.tv\/noticias\/fallece-hombre-de-45-anos-tras-heroica-lucha-contra-incendio-en-salamanca\/","title":{"rendered":"Fallece hombre de 45 a\u00f1os tras heroica lucha contra incendio en Salamanca"},"content":{"rendered":"<h2>Fallece un var\u00f3n de 45 a\u00f1os tras enfrentarse a un incendio en Salamanca<\/h2>\n<p>Un tr\u00e1gico evento se ha cobrado la vida de un hombre de 45 a\u00f1os en Salamanca, quien falleci\u00f3 cinco d\u00edas despu\u00e9s de haber combatido valientemente un incendio en la regi\u00f3n. El suceso ha conmocionado a la comunidad local, ya que el hombre, cuyo nombre no ha sido revelado, era conocido por su compromiso y valent\u00eda en situaciones de emergencia.<\/p>\n<h3>Detalles del incidente<\/h3>\n<p>El incendio, que se desat\u00f3 en una zona boscosa de Salamanca, requiri\u00f3 la intervenci\u00f3n r\u00e1pida de varios equipos de bomberos, incluido el desafortunado hombre. Durante el siniestro, luch\u00f3 arduamente para controlar las llamas que amenazaban con extenderse a \u00e1reas residenciales cercanas. Aunque inicialmente parec\u00eda haber salido ileso, su salud comenz\u00f3 a deteriorarse r\u00e1pidamente en los d\u00edas siguientes.<\/p>\n<h3>La batalla por su vida<\/h3>\n<p>Tras el incidente, el hombre fue ingresado en un hospital local con s\u00edntomas de inhalaci\u00f3n severa de humo y otros complicaciones relacionadas con la exposici\u00f3n al fuego. A pesar de los esfuerzos incansables del personal m\u00e9dico por estabilizar su estado, su cuerpo no pudo superar la gravedad de las lesiones internas que hab\u00eda sufrido. Cinco d\u00edas despu\u00e9s del incendio, el hombre sucumbi\u00f3 a sus lesiones.<\/p>\n<h3>Reacciones de la comunidad<\/h3>\n<p>La noticia de su fallecimiento ha generado una profunda tristeza en toda la comunidad, especialmente entre sus compa\u00f1eros de trabajo y aquellos que lo conocieron personalmente. Muchos han expresado su dolor y consternaci\u00f3n a trav\u00e9s de las redes sociales, recordando al hombre como un h\u00e9roe que no dud\u00f3 en poner en riesgo su propia vida para proteger a los dem\u00e1s.<\/p>\n<h3>Investigaci\u00f3n en curso<\/h3>\n<p>Las autoridades han iniciado una investigaci\u00f3n para determinar las circunstancias exactas del incendio y evaluar si se podr\u00edan haber tomado medidas adicionales para asegurar la seguridad de los bomberos que respondieron al llamado. Este proceso busca no solo esclarecer los hechos, sino tambi\u00e9n implementar mejoras en los protocolos de seguridad para evitar que futuros incidentes tengan desenlaces tan tr\u00e1gicos.<\/p>\n<h3>Un recordatorio de los riesgos<\/h3>\n<p>Este lamentable suceso sirve como un doloroso recordatorio de los riesgos que enfrentan diariamente los servicios de emergencia. La comunidad de Salamanca, mientras llora la p\u00e9rdida de uno de sus valientes, queda reflexionando sobre la importancia de continuar mejorando las condiciones de seguridad y el soporte para aquellos que arriesgan sus vidas por el bienestar de otros.<\/p>\n\n\n<div class=\"kk-star-ratings kksr-auto kksr-align-left kksr-valign-bottom\"\n    data-payload='{&quot;align&quot;:&quot;left&quot;,&quot;id&quot;:&quot;4285&quot;,&quot;slug&quot;:&quot;default&quot;,&quot;valign&quot;:&quot;bottom&quot;,&quot;ignore&quot;:&quot;&quot;,&quot;reference&quot;:&quot;auto&quot;,&quot;class&quot;:&quot;&quot;,&quot;count&quot;:&quot;0&quot;,&quot;legendonly&quot;:&quot;&quot;,&quot;readonly&quot;:&quot;&quot;,&quot;score&quot;:&quot;0&quot;,&quot;starsonly&quot;:&quot;&quot;,&quot;best&quot;:&quot;5&quot;,&quot;gap&quot;:&quot;5&quot;,&quot;greet&quot;:&quot;Valora este post&quot;,&quot;legend&quot;:&quot;0\\\/5 - (0 votes)&quot;,&quot;size&quot;:&quot;22&quot;,&quot;title&quot;:&quot;Fallece hombre de 45 a\u00f1os tras heroica lucha contra incendio en Salamanca&quot;,&quot;width&quot;:&quot;0&quot;,&quot;_legend&quot;:&quot;{score}\\\/{best} - ({count} {votes})&quot;,&quot;font_factor&quot;:&quot;1.25&quot;}'>\n            \n<div class=\"kksr-stars\">\n    \n<div class=\"kksr-stars-inactive\">\n            <div class=\"kksr-star\" data-star=\"1\" style=\"padding-right: 5px\">\n            \n\n<div class=\"kksr-icon\" style=\"width: 22px; height: 22px;\"><\/div>\n        <\/div>\n            <div class=\"kksr-star\" data-star=\"2\" style=\"padding-right: 5px\">\n            \n\n<div class=\"kksr-icon\" style=\"width: 22px; height: 22px;\"><\/div>\n        <\/div>\n            <div class=\"kksr-star\" data-star=\"3\" style=\"padding-right: 5px\">\n            \n\n<div class=\"kksr-icon\" style=\"width: 22px; height: 22px;\"><\/div>\n        <\/div>\n            <div class=\"kksr-star\" data-star=\"4\" style=\"padding-right: 5px\">\n            \n\n<div class=\"kksr-icon\" style=\"width: 22px; height: 22px;\"><\/div>\n        <\/div>\n            <div class=\"kksr-star\" data-star=\"5\" style=\"padding-right: 5px\">\n            \n\n<div class=\"kksr-icon\" style=\"width: 22px; height: 22px;\"><\/div>\n        <\/div>\n    <\/div>\n    \n<div class=\"kksr-stars-active\" style=\"width: 0px;\">\n            <div class=\"kksr-star\" style=\"padding-right: 5px\">\n            \n\n<div class=\"kksr-icon\" style=\"width: 22px; height: 22px;\"><\/div>\n        <\/div>\n            <div class=\"kksr-star\" style=\"padding-right: 5px\">\n            \n\n<div class=\"kksr-icon\" style=\"width: 22px; height: 22px;\"><\/div>\n        <\/div>\n            <div class=\"kksr-star\" style=\"padding-right: 5px\">\n            \n\n<div class=\"kksr-icon\" style=\"width: 22px; height: 22px;\"><\/div>\n        <\/div>\n            <div class=\"kksr-star\" style=\"padding-right: 5px\">\n            \n\n<div class=\"kksr-icon\" style=\"width: 22px; height: 22px;\"><\/div>\n        <\/div>\n            <div class=\"kksr-star\" style=\"padding-right: 5px\">\n            \n\n<div class=\"kksr-icon\" style=\"width: 22px; height: 22px;\"><\/div>\n        <\/div>\n    <\/div>\n<\/div>\n                \n\n<div class=\"kksr-legend\" style=\"font-size: 17.6px;\">\n            <span class=\"kksr-muted\">Valora este post<\/span>\n    <\/div>\n    <\/div>\n","protected":false},"excerpt":{"rendered":"<p>Fallece un var\u00f3n de 45 a\u00f1os tras enfrentarse a un incendio en Salamanca Un tr\u00e1gico evento se ha cobrado la vida de un hombre de 45 &#8230; <a title=\"Fallece hombre de 45 a\u00f1os tras heroica lucha contra incendio en Salamanca\" class=\"read-more\" href=\"https:\/\/www.diario21.tv\/noticias\/fallece-hombre-de-45-anos-tras-heroica-lucha-contra-incendio-en-salamanca\/\" aria-label=\"Leer m\u00e1s sobre Fallece hombre de 45 a\u00f1os tras heroica lucha contra incendio en Salamanca\">Seguir leyendo &rarr;<\/a><\/p>\n","protected":false},"author":20,"featured_media":4286,"comment_status":"open","ping_status":"open","sticky":false,"template":"","format":"standard","meta":{"footnotes":""},"categories":[13],"tags":[],"class_list":["post-4285","post","type-post","status-publish","format-standard","has-post-thumbnail","hentry","category-portada"],"yoast_head":"<!-- This site is optimized with the Yoast SEO plugin v25.6 - https:\/\/yoast.com\/wordpress\/plugins\/seo\/ -->\n<title>Fallece hombre de 45 a\u00f1os tras heroica lucha contra incendio en Salamanca - Diario 21<\/title>\n<meta name=\"robots\" content=\"index, follow, max-snippet:-1, max-image-preview:large, max-video-preview:-1\" \/>\n<link rel=\"canonical\" href=\"https:\/\/www.diario21.tv\/noticias\/fallece-hombre-de-45-anos-tras-heroica-lucha-contra-incendio-en-salamanca\/\" \/>\n<meta property=\"og:locale\" content=\"es_ES\" \/>\n<meta property=\"og:type\" content=\"article\" \/>\n<meta property=\"og:title\" content=\"Fallece hombre de 45 a\u00f1os tras heroica lucha contra incendio en Salamanca - Diario 21\" \/>\n<meta property=\"og:description\" content=\"Fallece un var\u00f3n de 45 a\u00f1os tras enfrentarse a un incendio en Salamanca Un tr\u00e1gico evento se ha cobrado la vida de un hombre de 45 ... Seguir leyendo &rarr;\" \/>\n<meta property=\"og:url\" content=\"https:\/\/www.diario21.tv\/noticias\/fallece-hombre-de-45-anos-tras-heroica-lucha-contra-incendio-en-salamanca\/\" \/>\n<meta property=\"og:site_name\" content=\"Diario 21\" \/>\n<meta property=\"article:published_time\" content=\"2025-08-26T00:14:51+00:00\" \/>\n<meta property=\"article:modified_time\" content=\"2025-08-26T00:14:53+00:00\" \/>\n<meta property=\"og:image\" content=\"https:\/\/www.diario21.tv\/noticias\/wp-content\/uploads\/2025\/08\/Fallece-hombre-de-45-anos-tras-heroica-lucha-contra-incendio.jpg\" \/>\n\t<meta property=\"og:image:width\" content=\"1200\" \/>\n\t<meta property=\"og:image:height\" content=\"840\" \/>\n\t<meta property=\"og:image:type\" content=\"image\/jpeg\" \/>\n<meta name=\"author\" content=\"Juan P\u00e9rez\" \/>\n<meta name=\"twitter:card\" content=\"summary_large_image\" \/>\n<meta name=\"twitter:label1\" content=\"Escrito por\" \/>\n\t<meta name=\"twitter:data1\" content=\"Juan P\u00e9rez\" \/>\n\t<meta name=\"twitter:label2\" content=\"Tiempo de lectura\" \/>\n\t<meta name=\"twitter:data2\" content=\"2 minutos\" \/>\n<script type=\"application\/ld+json\" class=\"yoast-schema-graph\">{\"@context\":\"https:\/\/schema.org\",\"@graph\":[{\"@type\":\"WebPage\",\"@id\":\"https:\/\/www.diario21.tv\/noticias\/fallece-hombre-de-45-anos-tras-heroica-lucha-contra-incendio-en-salamanca\/\",\"url\":\"https:\/\/www.diario21.tv\/noticias\/fallece-hombre-de-45-anos-tras-heroica-lucha-contra-incendio-en-salamanca\/\",\"name\":\"Fallece hombre de 45 a\u00f1os tras heroica lucha contra incendio en Salamanca - Diario 21\",\"isPartOf\":{\"@id\":\"https:\/\/www.diario21.tv\/noticias\/#website\"},\"primaryImageOfPage\":{\"@id\":\"https:\/\/www.diario21.tv\/noticias\/fallece-hombre-de-45-anos-tras-heroica-lucha-contra-incendio-en-salamanca\/#primaryimage\"},\"image\":{\"@id\":\"https:\/\/www.diario21.tv\/noticias\/fallece-hombre-de-45-anos-tras-heroica-lucha-contra-incendio-en-salamanca\/#primaryimage\"},\"thumbnailUrl\":\"https:\/\/www.diario21.tv\/noticias\/wp-content\/uploads\/2025\/08\/Fallece-hombre-de-45-anos-tras-heroica-lucha-contra-incendio.jpg\",\"datePublished\":\"2025-08-26T00:14:51+00:00\",\"dateModified\":\"2025-08-26T00:14:53+00:00\",\"author\":{\"@id\":\"https:\/\/www.diario21.tv\/noticias\/#\/schema\/person\/dfb778f73814d8f09f302618446a526b\"},\"breadcrumb\":{\"@id\":\"https:\/\/www.diario21.tv\/noticias\/fallece-hombre-de-45-anos-tras-heroica-lucha-contra-incendio-en-salamanca\/#breadcrumb\"},\"inLanguage\":\"es-AR\",\"potentialAction\":[{\"@type\":\"ReadAction\",\"target\":[\"https:\/\/www.diario21.tv\/noticias\/fallece-hombre-de-45-anos-tras-heroica-lucha-contra-incendio-en-salamanca\/\"]}]},{\"@type\":\"ImageObject\",\"inLanguage\":\"es-AR\",\"@id\":\"https:\/\/www.diario21.tv\/noticias\/fallece-hombre-de-45-anos-tras-heroica-lucha-contra-incendio-en-salamanca\/#primaryimage\",\"url\":\"https:\/\/www.diario21.tv\/noticias\/wp-content\/uploads\/2025\/08\/Fallece-hombre-de-45-anos-tras-heroica-lucha-contra-incendio.jpg\",\"contentUrl\":\"https:\/\/www.diario21.tv\/noticias\/wp-content\/uploads\/2025\/08\/Fallece-hombre-de-45-anos-tras-heroica-lucha-contra-incendio.jpg\",\"width\":1200,\"height\":840,\"caption\":\"Muere un hombre de 45 a\u00f1os cinco d\u00edas despu\u00e9s de luchar contra el fuego en Salamanca\"},{\"@type\":\"BreadcrumbList\",\"@id\":\"https:\/\/www.diario21.tv\/noticias\/fallece-hombre-de-45-anos-tras-heroica-lucha-contra-incendio-en-salamanca\/#breadcrumb\",\"itemListElement\":[{\"@type\":\"ListItem\",\"position\":1,\"name\":\"Accueil\",\"item\":\"https:\/\/www.diario21.tv\/noticias\/\"},{\"@type\":\"ListItem\",\"position\":2,\"name\":\"Fallece hombre de 45 a\u00f1os tras heroica lucha contra incendio en Salamanca\"}]},{\"@type\":\"WebSite\",\"@id\":\"https:\/\/www.diario21.tv\/noticias\/#website\",\"url\":\"https:\/\/www.diario21.tv\/noticias\/\",\"name\":\"Diario 21\",\"description\":\"\",\"potentialAction\":[{\"@type\":\"SearchAction\",\"target\":{\"@type\":\"EntryPoint\",\"urlTemplate\":\"https:\/\/www.diario21.tv\/noticias\/?s={search_term_string}\"},\"query-input\":{\"@type\":\"PropertyValueSpecification\",\"valueRequired\":true,\"valueName\":\"search_term_string\"}}],\"inLanguage\":\"es-AR\"},{\"@type\":\"Person\",\"@id\":\"https:\/\/www.diario21.tv\/noticias\/#\/schema\/person\/dfb778f73814d8f09f302618446a526b\",\"name\":\"Juan P\u00e9rez\",\"image\":{\"@type\":\"ImageObject\",\"inLanguage\":\"es-AR\",\"@id\":\"https:\/\/www.diario21.tv\/noticias\/#\/schema\/person\/image\/\",\"url\":\"https:\/\/secure.gravatar.com\/avatar\/c478a405bd10621167f4c3167cc770f5?s=96&d=mm&r=g\",\"contentUrl\":\"https:\/\/secure.gravatar.com\/avatar\/c478a405bd10621167f4c3167cc770f5?s=96&d=mm&r=g\",\"caption\":\"Juan P\u00e9rez\"},\"description\":\"Juan P\u00e9rez es el redactor en jefe de Diario 21. Con m\u00e1s de 10 a\u00f1os de experiencia en el periodismo, se especializa en pol\u00edtica nacional y an\u00e1lisis socioecon\u00f3mico. Su enfoque cr\u00edtico y riguroso aporta una perspectiva \u00fanica a cada art\u00edculo.\",\"sameAs\":[\"https:\/\/www.diario21.tv\/noticias\/\"],\"url\":\"https:\/\/www.diario21.tv\/noticias\/author\/juan-perez\/\"}]}<\/script>\n<!-- \/ Yoast SEO plugin. -->","yoast_head_json":{"title":"Fallece hombre de 45 a\u00f1os tras heroica lucha contra incendio en Salamanca - Diario 21","robots":{"index":"index","follow":"follow","max-snippet":"max-snippet:-1","max-image-preview":"max-image-preview:large","max-video-preview":"max-video-preview:-1"},"canonical":"https:\/\/www.diario21.tv\/noticias\/fallece-hombre-de-45-anos-tras-heroica-lucha-contra-incendio-en-salamanca\/","og_locale":"es_ES","og_type":"article","og_title":"Fallece hombre de 45 a\u00f1os tras heroica lucha contra incendio en Salamanca - Diario 21","og_description":"Fallece un var\u00f3n de 45 a\u00f1os tras enfrentarse a un incendio en Salamanca Un tr\u00e1gico evento se ha cobrado la vida de un hombre de 45 ... Seguir leyendo &rarr;","og_url":"https:\/\/www.diario21.tv\/noticias\/fallece-hombre-de-45-anos-tras-heroica-lucha-contra-incendio-en-salamanca\/","og_site_name":"Diario 21","article_published_time":"2025-08-26T00:14:51+00:00","article_modified_time":"2025-08-26T00:14:53+00:00","og_image":[{"width":1200,"height":840,"url":"https:\/\/www.diario21.tv\/noticias\/wp-content\/uploads\/2025\/08\/Fallece-hombre-de-45-anos-tras-heroica-lucha-contra-incendio.jpg","type":"image\/jpeg"}],"author":"Juan P\u00e9rez","twitter_card":"summary_large_image","twitter_misc":{"Escrito por":"Juan P\u00e9rez","Tiempo de lectura":"2 minutos"},"schema":{"@context":"https:\/\/schema.org","@graph":[{"@type":"WebPage","@id":"https:\/\/www.diario21.tv\/noticias\/fallece-hombre-de-45-anos-tras-heroica-lucha-contra-incendio-en-salamanca\/","url":"https:\/\/www.diario21.tv\/noticias\/fallece-hombre-de-45-anos-tras-heroica-lucha-contra-incendio-en-salamanca\/","name":"Fallece hombre de 45 a\u00f1os tras heroica lucha contra incendio en Salamanca - Diario 21","isPartOf":{"@id":"https:\/\/www.diario21.tv\/noticias\/#website"},"primaryImageOfPage":{"@id":"https:\/\/www.diario21.tv\/noticias\/fallece-hombre-de-45-anos-tras-heroica-lucha-contra-incendio-en-salamanca\/#primaryimage"},"image":{"@id":"https:\/\/www.diario21.tv\/noticias\/fallece-hombre-de-45-anos-tras-heroica-lucha-contra-incendio-en-salamanca\/#primaryimage"},"thumbnailUrl":"https:\/\/www.diario21.tv\/noticias\/wp-content\/uploads\/2025\/08\/Fallece-hombre-de-45-anos-tras-heroica-lucha-contra-incendio.jpg","datePublished":"2025-08-26T00:14:51+00:00","dateModified":"2025-08-26T00:14:53+00:00","author":{"@id":"https:\/\/www.diario21.tv\/noticias\/#\/schema\/person\/dfb778f73814d8f09f302618446a526b"},"breadcrumb":{"@id":"https:\/\/www.diario21.tv\/noticias\/fallece-hombre-de-45-anos-tras-heroica-lucha-contra-incendio-en-salamanca\/#breadcrumb"},"inLanguage":"es-AR","potentialAction":[{"@type":"ReadAction","target":["https:\/\/www.diario21.tv\/noticias\/fallece-hombre-de-45-anos-tras-heroica-lucha-contra-incendio-en-salamanca\/"]}]},{"@type":"ImageObject","inLanguage":"es-AR","@id":"https:\/\/www.diario21.tv\/noticias\/fallece-hombre-de-45-anos-tras-heroica-lucha-contra-incendio-en-salamanca\/#primaryimage","url":"https:\/\/www.diario21.tv\/noticias\/wp-content\/uploads\/2025\/08\/Fallece-hombre-de-45-anos-tras-heroica-lucha-contra-incendio.jpg","contentUrl":"https:\/\/www.diario21.tv\/noticias\/wp-content\/uploads\/2025\/08\/Fallece-hombre-de-45-anos-tras-heroica-lucha-contra-incendio.jpg","width":1200,"height":840,"caption":"Muere un hombre de 45 a\u00f1os cinco d\u00edas despu\u00e9s de luchar contra el fuego en Salamanca"},{"@type":"BreadcrumbList","@id":"https:\/\/www.diario21.tv\/noticias\/fallece-hombre-de-45-anos-tras-heroica-lucha-contra-incendio-en-salamanca\/#breadcrumb","itemListElement":[{"@type":"ListItem","position":1,"name":"Accueil","item":"https:\/\/www.diario21.tv\/noticias\/"},{"@type":"ListItem","position":2,"name":"Fallece hombre de 45 a\u00f1os tras heroica lucha contra incendio en Salamanca"}]},{"@type":"WebSite","@id":"https:\/\/www.diario21.tv\/noticias\/#website","url":"https:\/\/www.diario21.tv\/noticias\/","name":"Diario 21","description":"","potentialAction":[{"@type":"SearchAction","target":{"@type":"EntryPoint","urlTemplate":"https:\/\/www.diario21.tv\/noticias\/?s={search_term_string}"},"query-input":{"@type":"PropertyValueSpecification","valueRequired":true,"valueName":"search_term_string"}}],"inLanguage":"es-AR"},{"@type":"Person","@id":"https:\/\/www.diario21.tv\/noticias\/#\/schema\/person\/dfb778f73814d8f09f302618446a526b","name":"Juan P\u00e9rez","image":{"@type":"ImageObject","inLanguage":"es-AR","@id":"https:\/\/www.diario21.tv\/noticias\/#\/schema\/person\/image\/","url":"https:\/\/secure.gravatar.com\/avatar\/c478a405bd10621167f4c3167cc770f5?s=96&d=mm&r=g","contentUrl":"https:\/\/secure.gravatar.com\/avatar\/c478a405bd10621167f4c3167cc770f5?s=96&d=mm&r=g","caption":"Juan P\u00e9rez"},"description":"Juan P\u00e9rez es el redactor en jefe de Diario 21. Con m\u00e1s de 10 a\u00f1os de experiencia en el periodismo, se especializa en pol\u00edtica nacional y an\u00e1lisis socioecon\u00f3mico. Su enfoque cr\u00edtico y riguroso aporta una perspectiva \u00fanica a cada art\u00edculo.","sameAs":["https:\/\/www.diario21.tv\/noticias\/"],"url":"https:\/\/www.diario21.tv\/noticias\/author\/juan-perez\/"}]}},"_links":{"self":[{"href":"https:\/\/www.diario21.tv\/noticias\/wp-json\/wp\/v2\/posts\/4285"}],"collection":[{"href":"https:\/\/www.diario21.tv\/noticias\/wp-json\/wp\/v2\/posts"}],"about":[{"href":"https:\/\/www.diario21.tv\/noticias\/wp-json\/wp\/v2\/types\/post"}],"author":[{"embeddable":true,"href":"https:\/\/www.diario21.tv\/noticias\/wp-json\/wp\/v2\/users\/20"}],"replies":[{"embeddable":true,"href":"https:\/\/www.diario21.tv\/noticias\/wp-json\/wp\/v2\/comments?post=4285"}],"version-history":[{"count":1,"href":"https:\/\/www.diario21.tv\/noticias\/wp-json\/wp\/v2\/posts\/4285\/revisions"}],"predecessor-version":[{"id":4287,"href":"https:\/\/www.diario21.tv\/noticias\/wp-json\/wp\/v2\/posts\/4285\/revisions\/4287"}],"wp:featuredmedia":[{"embeddable":true,"href":"https:\/\/www.diario21.tv\/noticias\/wp-json\/wp\/v2\/media\/4286"}],"wp:attachment":[{"href":"https:\/\/www.diario21.tv\/noticias\/wp-json\/wp\/v2\/media?parent=4285"}],"wp:term":[{"taxonomy":"category","embeddable":true,"href":"https:\/\/www.diario21.tv\/noticias\/wp-json\/wp\/v2\/categories?post=4285"},{"taxonomy":"post_tag","embeddable":true,"href":"https:\/\/www.diario21.tv\/noticias\/wp-json\/wp\/v2\/tags?post=4285"}],"curies":[{"name":"wp","href":"https:\/\/api.w.org\/{rel}","templated":true}]}}