{"id":4273,"date":"2025-08-25T00:10:15","date_gmt":"2025-08-25T00:10:15","guid":{"rendered":"https:\/\/www.diario21.tv\/noticias\/escandalo-en-italia-cierran-grupo-de-facebook-con-32-000-hombres-compartiendo-fotos-intimas\/"},"modified":"2025-08-25T00:10:16","modified_gmt":"2025-08-25T00:10:16","slug":"escandalo-en-italia-cierran-grupo-de-facebook-con-32-000-hombres-compartiendo-fotos-intimas","status":"publish","type":"post","link":"https:\/\/www.diario21.tv\/noticias\/escandalo-en-italia-cierran-grupo-de-facebook-con-32-000-hombres-compartiendo-fotos-intimas\/","title":{"rendered":"\u00a1Esc\u00e1ndalo en Italia! Cierran grupo de Facebook con 32.000 hombres compartiendo fotos \u00edntimas"},"content":{"rendered":"<h2>Clausura de un Grupo de Facebook en Italia<\/h2>\n<p>En un reciente acontecimiento en Italia, un grupo de Facebook compuesto por unos 32.000 hombres fue cerrado tras descubrirse que sus miembros compart\u00edan im\u00e1genes privadas de sus parejas sin consentimiento. Este grupo, que funcionaba clandestinamente, se hab\u00eda convertido en un espacio donde se violaba la privacidad de numerosas mujeres, exponiendo fotos \u00edntimas a una audiencia masiva sin permiso alguno.<\/p>\n<h3>Descubrimiento y Reacciones<\/h3>\n<p>La existencia del grupo sali\u00f3 a la luz gracias a las investigaciones de las autoridades locales, quienes actuaron r\u00e1pidamente para desmantelar la comunidad online. La clausura del grupo ha generado un amplio debate sobre la seguridad en internet y la protecci\u00f3n de la intimidad personal en las redes sociales.<\/p>\n<p>Los miembros del grupo, al parecer, no solo compart\u00edan las im\u00e1genes, sino que tambi\u00e9n intercambiaban comentarios despectivos y ofensivos sobre las mujeres en las fotograf\u00edas. Este comportamiento ha sido ampliamente condenado tanto por usuarios de redes sociales como por activistas en pro de los derechos digitales y la igualdad de g\u00e9nero.<\/p>\n<h3>Acciones Legales y Consecuencias<\/h3>\n<p>La polic\u00eda italiana est\u00e1 llevando a cabo una investigaci\u00f3n exhaustiva para identificar a los principales responsables y participantes activos en el grupo. Las leyes de privacidad en Italia son estrictas, y compartir im\u00e1genes \u00edntimas sin consentimiento es un delito que puede llevar a severas sanciones legales, incluyendo multas y tiempo en prisi\u00f3n.<\/p>\n<p>Adem\u00e1s, el incidente ha impulsado llamados a fortalecer las pol\u00edticas de privacidad y seguridad en las plataformas de redes sociales, exigiendo medidas m\u00e1s rigurosas para prevenir la formaci\u00f3n de grupos similares en el futuro.<\/p>\n<h3>Repercusiones y Medidas Preventivas<\/h3>\n<p>El cierre de este grupo ha puesto de relieve la necesidad de una vigilancia constante y de regulaciones m\u00e1s estrictas en las plataformas de redes sociales para proteger a los usuarios de abusos y violaciones de privacidad. Organizaciones de derechos humanos y grupos feministas est\u00e1n exigiendo que se tomen acciones concretas para asegurar un entorno digital seguro para todos.<\/p>\n<p>Este incidente tambi\u00e9n ha fomentado una mayor conciencia sobre la importancia del consentimiento y el respeto en el \u00e1mbito digital, reforzando la idea de que la privacidad debe ser prioritaria en cualquier interacci\u00f3n en l\u00ednea.<\/p>\n<p>En conclusi\u00f3n, la clausura del grupo en Facebook no solo es un paso hacia la justicia para las v\u00edctimas, sino que tambi\u00e9n sirve como un recordatorio cr\u00edtico de los desaf\u00edos que enfrenta nuestra sociedad en la era digital y la importancia de luchar contra la violencia de g\u00e9nero en todas sus formas.<\/p>\n\n\n<div class=\"kk-star-ratings kksr-auto kksr-align-left kksr-valign-bottom\"\n    data-payload='{&quot;align&quot;:&quot;left&quot;,&quot;id&quot;:&quot;4273&quot;,&quot;slug&quot;:&quot;default&quot;,&quot;valign&quot;:&quot;bottom&quot;,&quot;ignore&quot;:&quot;&quot;,&quot;reference&quot;:&quot;auto&quot;,&quot;class&quot;:&quot;&quot;,&quot;count&quot;:&quot;0&quot;,&quot;legendonly&quot;:&quot;&quot;,&quot;readonly&quot;:&quot;&quot;,&quot;score&quot;:&quot;0&quot;,&quot;starsonly&quot;:&quot;&quot;,&quot;best&quot;:&quot;5&quot;,&quot;gap&quot;:&quot;5&quot;,&quot;greet&quot;:&quot;Valora este post&quot;,&quot;legend&quot;:&quot;0\\\/5 - (0 votes)&quot;,&quot;size&quot;:&quot;22&quot;,&quot;title&quot;:&quot;\u00a1Esc\u00e1ndalo en Italia! Cierran grupo de Facebook con 32.000 hombres compartiendo fotos \u00edntimas&quot;,&quot;width&quot;:&quot;0&quot;,&quot;_legend&quot;:&quot;{score}\\\/{best} - ({count} {votes})&quot;,&quot;font_factor&quot;:&quot;1.25&quot;}'>\n            \n<div class=\"kksr-stars\">\n    \n<div class=\"kksr-stars-inactive\">\n            <div class=\"kksr-star\" data-star=\"1\" style=\"padding-right: 5px\">\n            \n\n<div class=\"kksr-icon\" style=\"width: 22px; height: 22px;\"><\/div>\n        <\/div>\n            <div class=\"kksr-star\" data-star=\"2\" style=\"padding-right: 5px\">\n            \n\n<div class=\"kksr-icon\" style=\"width: 22px; height: 22px;\"><\/div>\n        <\/div>\n            <div class=\"kksr-star\" data-star=\"3\" style=\"padding-right: 5px\">\n            \n\n<div class=\"kksr-icon\" style=\"width: 22px; height: 22px;\"><\/div>\n        <\/div>\n            <div class=\"kksr-star\" data-star=\"4\" style=\"padding-right: 5px\">\n            \n\n<div class=\"kksr-icon\" style=\"width: 22px; height: 22px;\"><\/div>\n        <\/div>\n            <div class=\"kksr-star\" data-star=\"5\" style=\"padding-right: 5px\">\n            \n\n<div class=\"kksr-icon\" style=\"width: 22px; height: 22px;\"><\/div>\n        <\/div>\n    <\/div>\n    \n<div class=\"kksr-stars-active\" style=\"width: 0px;\">\n            <div class=\"kksr-star\" style=\"padding-right: 5px\">\n            \n\n<div class=\"kksr-icon\" style=\"width: 22px; height: 22px;\"><\/div>\n        <\/div>\n            <div class=\"kksr-star\" style=\"padding-right: 5px\">\n            \n\n<div class=\"kksr-icon\" style=\"width: 22px; height: 22px;\"><\/div>\n        <\/div>\n            <div class=\"kksr-star\" style=\"padding-right: 5px\">\n            \n\n<div class=\"kksr-icon\" style=\"width: 22px; height: 22px;\"><\/div>\n        <\/div>\n            <div class=\"kksr-star\" style=\"padding-right: 5px\">\n            \n\n<div class=\"kksr-icon\" style=\"width: 22px; height: 22px;\"><\/div>\n        <\/div>\n            <div class=\"kksr-star\" style=\"padding-right: 5px\">\n            \n\n<div class=\"kksr-icon\" style=\"width: 22px; height: 22px;\"><\/div>\n        <\/div>\n    <\/div>\n<\/div>\n                \n\n<div class=\"kksr-legend\" style=\"font-size: 17.6px;\">\n            <span class=\"kksr-muted\">Valora este post<\/span>\n    <\/div>\n    <\/div>\n","protected":false},"excerpt":{"rendered":"<p>Clausura de un Grupo de Facebook en Italia En un reciente acontecimiento en Italia, un grupo de Facebook compuesto por unos 32.000 hombres fue cerrado tras &#8230; <a title=\"\u00a1Esc\u00e1ndalo en Italia! Cierran grupo de Facebook con 32.000 hombres compartiendo fotos \u00edntimas\" class=\"read-more\" href=\"https:\/\/www.diario21.tv\/noticias\/escandalo-en-italia-cierran-grupo-de-facebook-con-32-000-hombres-compartiendo-fotos-intimas\/\" aria-label=\"Leer m\u00e1s sobre \u00a1Esc\u00e1ndalo en Italia! Cierran grupo de Facebook con 32.000 hombres compartiendo fotos \u00edntimas\">Seguir leyendo &rarr;<\/a><\/p>\n","protected":false},"author":20,"featured_media":4274,"comment_status":"open","ping_status":"open","sticky":false,"template":"","format":"standard","meta":{"footnotes":""},"categories":[13],"tags":[],"class_list":["post-4273","post","type-post","status-publish","format-standard","has-post-thumbnail","hentry","category-portada"],"yoast_head":"<!-- This site is optimized with the Yoast SEO plugin v25.6 - https:\/\/yoast.com\/wordpress\/plugins\/seo\/ -->\n<title>\u00a1Esc\u00e1ndalo en Italia! Cierran grupo de Facebook con 32.000 hombres compartiendo fotos \u00edntimas - Diario 21<\/title>\n<meta name=\"robots\" content=\"index, follow, max-snippet:-1, max-image-preview:large, max-video-preview:-1\" \/>\n<link rel=\"canonical\" href=\"https:\/\/www.diario21.tv\/noticias\/escandalo-en-italia-cierran-grupo-de-facebook-con-32-000-hombres-compartiendo-fotos-intimas\/\" \/>\n<meta property=\"og:locale\" content=\"es_ES\" \/>\n<meta property=\"og:type\" content=\"article\" \/>\n<meta property=\"og:title\" content=\"\u00a1Esc\u00e1ndalo en Italia! Cierran grupo de Facebook con 32.000 hombres compartiendo fotos \u00edntimas - Diario 21\" \/>\n<meta property=\"og:description\" content=\"Clausura de un Grupo de Facebook en Italia En un reciente acontecimiento en Italia, un grupo de Facebook compuesto por unos 32.000 hombres fue cerrado tras ... Seguir leyendo &rarr;\" \/>\n<meta property=\"og:url\" content=\"https:\/\/www.diario21.tv\/noticias\/escandalo-en-italia-cierran-grupo-de-facebook-con-32-000-hombres-compartiendo-fotos-intimas\/\" \/>\n<meta property=\"og:site_name\" content=\"Diario 21\" \/>\n<meta property=\"article:published_time\" content=\"2025-08-25T00:10:15+00:00\" \/>\n<meta property=\"article:modified_time\" content=\"2025-08-25T00:10:16+00:00\" \/>\n<meta property=\"og:image\" content=\"https:\/\/www.diario21.tv\/noticias\/wp-content\/uploads\/2025\/08\/\u00a1Escandalo-en-Italia-Cierran-grupo-de-Facebook-con-32000-hombres.jpg\" \/>\n\t<meta property=\"og:image:width\" content=\"1200\" \/>\n\t<meta property=\"og:image:height\" content=\"840\" \/>\n\t<meta property=\"og:image:type\" content=\"image\/jpeg\" \/>\n<meta name=\"author\" content=\"Juan P\u00e9rez\" \/>\n<meta name=\"twitter:card\" content=\"summary_large_image\" \/>\n<meta name=\"twitter:label1\" content=\"Escrito por\" \/>\n\t<meta name=\"twitter:data1\" content=\"Juan P\u00e9rez\" \/>\n\t<meta name=\"twitter:label2\" content=\"Tiempo de lectura\" \/>\n\t<meta name=\"twitter:data2\" content=\"2 minutos\" \/>\n<script type=\"application\/ld+json\" class=\"yoast-schema-graph\">{\"@context\":\"https:\/\/schema.org\",\"@graph\":[{\"@type\":\"WebPage\",\"@id\":\"https:\/\/www.diario21.tv\/noticias\/escandalo-en-italia-cierran-grupo-de-facebook-con-32-000-hombres-compartiendo-fotos-intimas\/\",\"url\":\"https:\/\/www.diario21.tv\/noticias\/escandalo-en-italia-cierran-grupo-de-facebook-con-32-000-hombres-compartiendo-fotos-intimas\/\",\"name\":\"\u00a1Esc\u00e1ndalo en Italia! Cierran grupo de Facebook con 32.000 hombres compartiendo fotos \u00edntimas - Diario 21\",\"isPartOf\":{\"@id\":\"https:\/\/www.diario21.tv\/noticias\/#website\"},\"primaryImageOfPage\":{\"@id\":\"https:\/\/www.diario21.tv\/noticias\/escandalo-en-italia-cierran-grupo-de-facebook-con-32-000-hombres-compartiendo-fotos-intimas\/#primaryimage\"},\"image\":{\"@id\":\"https:\/\/www.diario21.tv\/noticias\/escandalo-en-italia-cierran-grupo-de-facebook-con-32-000-hombres-compartiendo-fotos-intimas\/#primaryimage\"},\"thumbnailUrl\":\"https:\/\/www.diario21.tv\/noticias\/wp-content\/uploads\/2025\/08\/\u00a1Escandalo-en-Italia-Cierran-grupo-de-Facebook-con-32000-hombres.jpg\",\"datePublished\":\"2025-08-25T00:10:15+00:00\",\"dateModified\":\"2025-08-25T00:10:16+00:00\",\"author\":{\"@id\":\"https:\/\/www.diario21.tv\/noticias\/#\/schema\/person\/dfb778f73814d8f09f302618446a526b\"},\"breadcrumb\":{\"@id\":\"https:\/\/www.diario21.tv\/noticias\/escandalo-en-italia-cierran-grupo-de-facebook-con-32-000-hombres-compartiendo-fotos-intimas\/#breadcrumb\"},\"inLanguage\":\"es-AR\",\"potentialAction\":[{\"@type\":\"ReadAction\",\"target\":[\"https:\/\/www.diario21.tv\/noticias\/escandalo-en-italia-cierran-grupo-de-facebook-con-32-000-hombres-compartiendo-fotos-intimas\/\"]}]},{\"@type\":\"ImageObject\",\"inLanguage\":\"es-AR\",\"@id\":\"https:\/\/www.diario21.tv\/noticias\/escandalo-en-italia-cierran-grupo-de-facebook-con-32-000-hombres-compartiendo-fotos-intimas\/#primaryimage\",\"url\":\"https:\/\/www.diario21.tv\/noticias\/wp-content\/uploads\/2025\/08\/\u00a1Escandalo-en-Italia-Cierran-grupo-de-Facebook-con-32000-hombres.jpg\",\"contentUrl\":\"https:\/\/www.diario21.tv\/noticias\/wp-content\/uploads\/2025\/08\/\u00a1Escandalo-en-Italia-Cierran-grupo-de-Facebook-con-32000-hombres.jpg\",\"width\":1200,\"height\":840,\"caption\":\"Cierran un grupo de Facebook en Italia donde 32.000 hombres compart\u00edan fotos \u00edntimas de sus parejas\"},{\"@type\":\"BreadcrumbList\",\"@id\":\"https:\/\/www.diario21.tv\/noticias\/escandalo-en-italia-cierran-grupo-de-facebook-con-32-000-hombres-compartiendo-fotos-intimas\/#breadcrumb\",\"itemListElement\":[{\"@type\":\"ListItem\",\"position\":1,\"name\":\"Accueil\",\"item\":\"https:\/\/www.diario21.tv\/noticias\/\"},{\"@type\":\"ListItem\",\"position\":2,\"name\":\"\u00a1Esc\u00e1ndalo en Italia! Cierran grupo de Facebook con 32.000 hombres compartiendo fotos \u00edntimas\"}]},{\"@type\":\"WebSite\",\"@id\":\"https:\/\/www.diario21.tv\/noticias\/#website\",\"url\":\"https:\/\/www.diario21.tv\/noticias\/\",\"name\":\"Diario 21\",\"description\":\"\",\"potentialAction\":[{\"@type\":\"SearchAction\",\"target\":{\"@type\":\"EntryPoint\",\"urlTemplate\":\"https:\/\/www.diario21.tv\/noticias\/?s={search_term_string}\"},\"query-input\":{\"@type\":\"PropertyValueSpecification\",\"valueRequired\":true,\"valueName\":\"search_term_string\"}}],\"inLanguage\":\"es-AR\"},{\"@type\":\"Person\",\"@id\":\"https:\/\/www.diario21.tv\/noticias\/#\/schema\/person\/dfb778f73814d8f09f302618446a526b\",\"name\":\"Juan P\u00e9rez\",\"image\":{\"@type\":\"ImageObject\",\"inLanguage\":\"es-AR\",\"@id\":\"https:\/\/www.diario21.tv\/noticias\/#\/schema\/person\/image\/\",\"url\":\"https:\/\/secure.gravatar.com\/avatar\/c478a405bd10621167f4c3167cc770f5?s=96&d=mm&r=g\",\"contentUrl\":\"https:\/\/secure.gravatar.com\/avatar\/c478a405bd10621167f4c3167cc770f5?s=96&d=mm&r=g\",\"caption\":\"Juan P\u00e9rez\"},\"description\":\"Juan P\u00e9rez es el redactor en jefe de Diario 21. Con m\u00e1s de 10 a\u00f1os de experiencia en el periodismo, se especializa en pol\u00edtica nacional y an\u00e1lisis socioecon\u00f3mico. Su enfoque cr\u00edtico y riguroso aporta una perspectiva \u00fanica a cada art\u00edculo.\",\"sameAs\":[\"https:\/\/www.diario21.tv\/noticias\/\"],\"url\":\"https:\/\/www.diario21.tv\/noticias\/author\/juan-perez\/\"}]}<\/script>\n<!-- \/ Yoast SEO plugin. -->","yoast_head_json":{"title":"\u00a1Esc\u00e1ndalo en Italia! Cierran grupo de Facebook con 32.000 hombres compartiendo fotos \u00edntimas - Diario 21","robots":{"index":"index","follow":"follow","max-snippet":"max-snippet:-1","max-image-preview":"max-image-preview:large","max-video-preview":"max-video-preview:-1"},"canonical":"https:\/\/www.diario21.tv\/noticias\/escandalo-en-italia-cierran-grupo-de-facebook-con-32-000-hombres-compartiendo-fotos-intimas\/","og_locale":"es_ES","og_type":"article","og_title":"\u00a1Esc\u00e1ndalo en Italia! Cierran grupo de Facebook con 32.000 hombres compartiendo fotos \u00edntimas - Diario 21","og_description":"Clausura de un Grupo de Facebook en Italia En un reciente acontecimiento en Italia, un grupo de Facebook compuesto por unos 32.000 hombres fue cerrado tras ... Seguir leyendo &rarr;","og_url":"https:\/\/www.diario21.tv\/noticias\/escandalo-en-italia-cierran-grupo-de-facebook-con-32-000-hombres-compartiendo-fotos-intimas\/","og_site_name":"Diario 21","article_published_time":"2025-08-25T00:10:15+00:00","article_modified_time":"2025-08-25T00:10:16+00:00","og_image":[{"width":1200,"height":840,"url":"https:\/\/www.diario21.tv\/noticias\/wp-content\/uploads\/2025\/08\/\u00a1Escandalo-en-Italia-Cierran-grupo-de-Facebook-con-32000-hombres.jpg","type":"image\/jpeg"}],"author":"Juan P\u00e9rez","twitter_card":"summary_large_image","twitter_misc":{"Escrito por":"Juan P\u00e9rez","Tiempo de lectura":"2 minutos"},"schema":{"@context":"https:\/\/schema.org","@graph":[{"@type":"WebPage","@id":"https:\/\/www.diario21.tv\/noticias\/escandalo-en-italia-cierran-grupo-de-facebook-con-32-000-hombres-compartiendo-fotos-intimas\/","url":"https:\/\/www.diario21.tv\/noticias\/escandalo-en-italia-cierran-grupo-de-facebook-con-32-000-hombres-compartiendo-fotos-intimas\/","name":"\u00a1Esc\u00e1ndalo en Italia! Cierran grupo de Facebook con 32.000 hombres compartiendo fotos \u00edntimas - Diario 21","isPartOf":{"@id":"https:\/\/www.diario21.tv\/noticias\/#website"},"primaryImageOfPage":{"@id":"https:\/\/www.diario21.tv\/noticias\/escandalo-en-italia-cierran-grupo-de-facebook-con-32-000-hombres-compartiendo-fotos-intimas\/#primaryimage"},"image":{"@id":"https:\/\/www.diario21.tv\/noticias\/escandalo-en-italia-cierran-grupo-de-facebook-con-32-000-hombres-compartiendo-fotos-intimas\/#primaryimage"},"thumbnailUrl":"https:\/\/www.diario21.tv\/noticias\/wp-content\/uploads\/2025\/08\/\u00a1Escandalo-en-Italia-Cierran-grupo-de-Facebook-con-32000-hombres.jpg","datePublished":"2025-08-25T00:10:15+00:00","dateModified":"2025-08-25T00:10:16+00:00","author":{"@id":"https:\/\/www.diario21.tv\/noticias\/#\/schema\/person\/dfb778f73814d8f09f302618446a526b"},"breadcrumb":{"@id":"https:\/\/www.diario21.tv\/noticias\/escandalo-en-italia-cierran-grupo-de-facebook-con-32-000-hombres-compartiendo-fotos-intimas\/#breadcrumb"},"inLanguage":"es-AR","potentialAction":[{"@type":"ReadAction","target":["https:\/\/www.diario21.tv\/noticias\/escandalo-en-italia-cierran-grupo-de-facebook-con-32-000-hombres-compartiendo-fotos-intimas\/"]}]},{"@type":"ImageObject","inLanguage":"es-AR","@id":"https:\/\/www.diario21.tv\/noticias\/escandalo-en-italia-cierran-grupo-de-facebook-con-32-000-hombres-compartiendo-fotos-intimas\/#primaryimage","url":"https:\/\/www.diario21.tv\/noticias\/wp-content\/uploads\/2025\/08\/\u00a1Escandalo-en-Italia-Cierran-grupo-de-Facebook-con-32000-hombres.jpg","contentUrl":"https:\/\/www.diario21.tv\/noticias\/wp-content\/uploads\/2025\/08\/\u00a1Escandalo-en-Italia-Cierran-grupo-de-Facebook-con-32000-hombres.jpg","width":1200,"height":840,"caption":"Cierran un grupo de Facebook en Italia donde 32.000 hombres compart\u00edan fotos \u00edntimas de sus parejas"},{"@type":"BreadcrumbList","@id":"https:\/\/www.diario21.tv\/noticias\/escandalo-en-italia-cierran-grupo-de-facebook-con-32-000-hombres-compartiendo-fotos-intimas\/#breadcrumb","itemListElement":[{"@type":"ListItem","position":1,"name":"Accueil","item":"https:\/\/www.diario21.tv\/noticias\/"},{"@type":"ListItem","position":2,"name":"\u00a1Esc\u00e1ndalo en Italia! Cierran grupo de Facebook con 32.000 hombres compartiendo fotos \u00edntimas"}]},{"@type":"WebSite","@id":"https:\/\/www.diario21.tv\/noticias\/#website","url":"https:\/\/www.diario21.tv\/noticias\/","name":"Diario 21","description":"","potentialAction":[{"@type":"SearchAction","target":{"@type":"EntryPoint","urlTemplate":"https:\/\/www.diario21.tv\/noticias\/?s={search_term_string}"},"query-input":{"@type":"PropertyValueSpecification","valueRequired":true,"valueName":"search_term_string"}}],"inLanguage":"es-AR"},{"@type":"Person","@id":"https:\/\/www.diario21.tv\/noticias\/#\/schema\/person\/dfb778f73814d8f09f302618446a526b","name":"Juan P\u00e9rez","image":{"@type":"ImageObject","inLanguage":"es-AR","@id":"https:\/\/www.diario21.tv\/noticias\/#\/schema\/person\/image\/","url":"https:\/\/secure.gravatar.com\/avatar\/c478a405bd10621167f4c3167cc770f5?s=96&d=mm&r=g","contentUrl":"https:\/\/secure.gravatar.com\/avatar\/c478a405bd10621167f4c3167cc770f5?s=96&d=mm&r=g","caption":"Juan P\u00e9rez"},"description":"Juan P\u00e9rez es el redactor en jefe de Diario 21. Con m\u00e1s de 10 a\u00f1os de experiencia en el periodismo, se especializa en pol\u00edtica nacional y an\u00e1lisis socioecon\u00f3mico. Su enfoque cr\u00edtico y riguroso aporta una perspectiva \u00fanica a cada art\u00edculo.","sameAs":["https:\/\/www.diario21.tv\/noticias\/"],"url":"https:\/\/www.diario21.tv\/noticias\/author\/juan-perez\/"}]}},"_links":{"self":[{"href":"https:\/\/www.diario21.tv\/noticias\/wp-json\/wp\/v2\/posts\/4273"}],"collection":[{"href":"https:\/\/www.diario21.tv\/noticias\/wp-json\/wp\/v2\/posts"}],"about":[{"href":"https:\/\/www.diario21.tv\/noticias\/wp-json\/wp\/v2\/types\/post"}],"author":[{"embeddable":true,"href":"https:\/\/www.diario21.tv\/noticias\/wp-json\/wp\/v2\/users\/20"}],"replies":[{"embeddable":true,"href":"https:\/\/www.diario21.tv\/noticias\/wp-json\/wp\/v2\/comments?post=4273"}],"version-history":[{"count":1,"href":"https:\/\/www.diario21.tv\/noticias\/wp-json\/wp\/v2\/posts\/4273\/revisions"}],"predecessor-version":[{"id":4275,"href":"https:\/\/www.diario21.tv\/noticias\/wp-json\/wp\/v2\/posts\/4273\/revisions\/4275"}],"wp:featuredmedia":[{"embeddable":true,"href":"https:\/\/www.diario21.tv\/noticias\/wp-json\/wp\/v2\/media\/4274"}],"wp:attachment":[{"href":"https:\/\/www.diario21.tv\/noticias\/wp-json\/wp\/v2\/media?parent=4273"}],"wp:term":[{"taxonomy":"category","embeddable":true,"href":"https:\/\/www.diario21.tv\/noticias\/wp-json\/wp\/v2\/categories?post=4273"},{"taxonomy":"post_tag","embeddable":true,"href":"https:\/\/www.diario21.tv\/noticias\/wp-json\/wp\/v2\/tags?post=4273"}],"curies":[{"name":"wp","href":"https:\/\/api.w.org\/{rel}","templated":true}]}}