{"id":4228,"date":"2025-08-20T23:28:08","date_gmt":"2025-08-20T23:28:08","guid":{"rendered":"https:\/\/www.diario21.tv\/noticias\/increible-dos-jovenes-en-bilbao-multados-con-400-euros-por-beber-refrescos-en-lata\/"},"modified":"2025-08-20T23:28:09","modified_gmt":"2025-08-20T23:28:09","slug":"increible-dos-jovenes-en-bilbao-multados-con-400-euros-por-beber-refrescos-en-lata","status":"publish","type":"post","link":"https:\/\/www.diario21.tv\/noticias\/increible-dos-jovenes-en-bilbao-multados-con-400-euros-por-beber-refrescos-en-lata\/","title":{"rendered":"\u00a1Incre\u00edble! Dos j\u00f3venes en Bilbao multados con 400 euros por beber refrescos en lata"},"content":{"rendered":"<h2>Multa de 400 Euros a J\u00f3venes por Consumir Bebidas en Lata en Bilbao<\/h2>\n<p>Dos j\u00f3venes han sido sancionados con una multa de 400 euros cada uno en Bilbao, despu\u00e9s de que fueran sorprendidos consumiendo bebidas en latas en la v\u00eda p\u00fablica. Este incidente ha generado un amplio debate sobre las normativas municipales y su aplicaci\u00f3n en la ciudad.<\/p>\n<h3>Infracci\u00f3n en el Casco Viejo de Bilbao<\/h3>\n<p>El suceso tuvo lugar en el conocido Casco Viejo de la ciudad, un \u00e1rea popular tanto para locales como para turistas debido a su rica oferta cultural y gastron\u00f3mica. Seg\u00fan fuentes oficiales, los j\u00f3venes, ambos en su veintena, fueron descubiertos por una patrulla de la polic\u00eda local mientras disfrutaban de sus bebidas. La polic\u00eda procedi\u00f3 a multarlos bajo la justificaci\u00f3n de que estaban infringiendo una ordenanza municipal que proh\u00edbe el consumo de bebidas alcoh\u00f3licas en la calle.<\/p>\n<p>Sin embargo, los j\u00f3venes argumentaron que las latas conten\u00edan refresco y no alcohol. A pesar de su defensa, la multa fue impuesta, lo que ha suscitado cuestionamientos sobre la interpretaci\u00f3n y aplicaci\u00f3n de las normas municipales.<\/p>\n<h3>Debate Sobre las Ordenanzas Municipales<\/h3>\n<p>Este evento ha provocado una serie de discusiones acerca de si la multa fue justa y si las ordenanzas municipales est\u00e1n siendo aplicadas de manera equitativa. Algunos ciudadanos de Bilbao han expresado su preocupaci\u00f3n por lo que consideran una aplicaci\u00f3n excesiva de la ley, mientras que otros apoyan la rigurosidad como medio para mantener el orden p\u00fablico.<\/p>\n<p>Expertos en derecho municipal han indicado que, aunque las ordenanzas son necesarias para el mantenimiento del orden, es crucial que su aplicaci\u00f3n sea clara y justa. Han sugerido que las autoridades deben asegurarse de que las leyes no solo sean conocidas por todos los ciudadanos, sino que tambi\u00e9n sean aplicadas de manera que no resulten en sanciones desproporcionadas.<\/p>\n<h3>Reacciones y Consecuencias<\/h3>\n<p>Los j\u00f3venes afectados han expresado su frustraci\u00f3n y confusi\u00f3n ante la situaci\u00f3n. Est\u00e1n considerando la posibilidad de apelar la multa, argumentando que no estaban cometiendo ninguna infracci\u00f3n real al consumir bebidas no alcoh\u00f3licas. La respuesta de la comunidad en las redes sociales ha sido mayoritariamente de apoyo hacia los j\u00f3venes, con muchos usuarios argumentando que la ciudad deber\u00eda centrarse en problemas m\u00e1s graves en lugar de penalizar a j\u00f3venes por actividades tan benignas.<\/p>\n<p>Las autoridades municipales no han hecho declaraciones adicionales sobre este caso, pero han reiterado en ocasiones anteriores la importancia de cumplir con todas las ordenanzas municipales.<\/p>\n<p>Este incidente subraya la importancia de una comunicaci\u00f3n clara entre los ciudadanos y los encargados de hacer cumplir la ley, y plantea preguntas v\u00e1lidas sobre el equilibrio entre regulaci\u00f3n y libertad personal en espacios p\u00fablicos.<\/p>\n\n\n<div class=\"kk-star-ratings kksr-auto kksr-align-left kksr-valign-bottom\"\n    data-payload='{&quot;align&quot;:&quot;left&quot;,&quot;id&quot;:&quot;4228&quot;,&quot;slug&quot;:&quot;default&quot;,&quot;valign&quot;:&quot;bottom&quot;,&quot;ignore&quot;:&quot;&quot;,&quot;reference&quot;:&quot;auto&quot;,&quot;class&quot;:&quot;&quot;,&quot;count&quot;:&quot;0&quot;,&quot;legendonly&quot;:&quot;&quot;,&quot;readonly&quot;:&quot;&quot;,&quot;score&quot;:&quot;0&quot;,&quot;starsonly&quot;:&quot;&quot;,&quot;best&quot;:&quot;5&quot;,&quot;gap&quot;:&quot;5&quot;,&quot;greet&quot;:&quot;Valora este post&quot;,&quot;legend&quot;:&quot;0\\\/5 - (0 votes)&quot;,&quot;size&quot;:&quot;22&quot;,&quot;title&quot;:&quot;\u00a1Incre\u00edble! Dos j\u00f3venes en Bilbao multados con 400 euros por beber refrescos en lata&quot;,&quot;width&quot;:&quot;0&quot;,&quot;_legend&quot;:&quot;{score}\\\/{best} - ({count} {votes})&quot;,&quot;font_factor&quot;:&quot;1.25&quot;}'>\n            \n<div class=\"kksr-stars\">\n    \n<div class=\"kksr-stars-inactive\">\n            <div class=\"kksr-star\" data-star=\"1\" style=\"padding-right: 5px\">\n            \n\n<div class=\"kksr-icon\" style=\"width: 22px; height: 22px;\"><\/div>\n        <\/div>\n            <div class=\"kksr-star\" data-star=\"2\" style=\"padding-right: 5px\">\n            \n\n<div class=\"kksr-icon\" style=\"width: 22px; height: 22px;\"><\/div>\n        <\/div>\n            <div class=\"kksr-star\" data-star=\"3\" style=\"padding-right: 5px\">\n            \n\n<div class=\"kksr-icon\" style=\"width: 22px; height: 22px;\"><\/div>\n        <\/div>\n            <div class=\"kksr-star\" data-star=\"4\" style=\"padding-right: 5px\">\n            \n\n<div class=\"kksr-icon\" style=\"width: 22px; height: 22px;\"><\/div>\n        <\/div>\n            <div class=\"kksr-star\" data-star=\"5\" style=\"padding-right: 5px\">\n            \n\n<div class=\"kksr-icon\" style=\"width: 22px; height: 22px;\"><\/div>\n        <\/div>\n    <\/div>\n    \n<div class=\"kksr-stars-active\" style=\"width: 0px;\">\n            <div class=\"kksr-star\" style=\"padding-right: 5px\">\n            \n\n<div class=\"kksr-icon\" style=\"width: 22px; height: 22px;\"><\/div>\n        <\/div>\n            <div class=\"kksr-star\" style=\"padding-right: 5px\">\n            \n\n<div class=\"kksr-icon\" style=\"width: 22px; height: 22px;\"><\/div>\n        <\/div>\n            <div class=\"kksr-star\" style=\"padding-right: 5px\">\n            \n\n<div class=\"kksr-icon\" style=\"width: 22px; height: 22px;\"><\/div>\n        <\/div>\n            <div class=\"kksr-star\" style=\"padding-right: 5px\">\n            \n\n<div class=\"kksr-icon\" style=\"width: 22px; height: 22px;\"><\/div>\n        <\/div>\n            <div class=\"kksr-star\" style=\"padding-right: 5px\">\n            \n\n<div class=\"kksr-icon\" style=\"width: 22px; height: 22px;\"><\/div>\n        <\/div>\n    <\/div>\n<\/div>\n                \n\n<div class=\"kksr-legend\" style=\"font-size: 17.6px;\">\n            <span class=\"kksr-muted\">Valora este post<\/span>\n    <\/div>\n    <\/div>\n","protected":false},"excerpt":{"rendered":"<p>Multa de 400 Euros a J\u00f3venes por Consumir Bebidas en Lata en Bilbao Dos j\u00f3venes han sido sancionados con una multa de 400 euros cada uno &#8230; <a title=\"\u00a1Incre\u00edble! Dos j\u00f3venes en Bilbao multados con 400 euros por beber refrescos en lata\" class=\"read-more\" href=\"https:\/\/www.diario21.tv\/noticias\/increible-dos-jovenes-en-bilbao-multados-con-400-euros-por-beber-refrescos-en-lata\/\" aria-label=\"Leer m\u00e1s sobre \u00a1Incre\u00edble! Dos j\u00f3venes en Bilbao multados con 400 euros por beber refrescos en lata\">Seguir leyendo &rarr;<\/a><\/p>\n","protected":false},"author":20,"featured_media":4229,"comment_status":"open","ping_status":"open","sticky":false,"template":"","format":"standard","meta":{"footnotes":""},"categories":[13],"tags":[],"class_list":["post-4228","post","type-post","status-publish","format-standard","has-post-thumbnail","hentry","category-portada"],"yoast_head":"<!-- This site is optimized with the Yoast SEO plugin v25.6 - https:\/\/yoast.com\/wordpress\/plugins\/seo\/ -->\n<title>\u00a1Incre\u00edble! Dos j\u00f3venes en Bilbao multados con 400 euros por beber refrescos en lata - Diario 21<\/title>\n<meta name=\"robots\" content=\"index, follow, max-snippet:-1, max-image-preview:large, max-video-preview:-1\" \/>\n<link rel=\"canonical\" href=\"https:\/\/www.diario21.tv\/noticias\/increible-dos-jovenes-en-bilbao-multados-con-400-euros-por-beber-refrescos-en-lata\/\" \/>\n<meta property=\"og:locale\" content=\"es_ES\" \/>\n<meta property=\"og:type\" content=\"article\" \/>\n<meta property=\"og:title\" content=\"\u00a1Incre\u00edble! Dos j\u00f3venes en Bilbao multados con 400 euros por beber refrescos en lata - Diario 21\" \/>\n<meta property=\"og:description\" content=\"Multa de 400 Euros a J\u00f3venes por Consumir Bebidas en Lata en Bilbao Dos j\u00f3venes han sido sancionados con una multa de 400 euros cada uno ... Seguir leyendo &rarr;\" \/>\n<meta property=\"og:url\" content=\"https:\/\/www.diario21.tv\/noticias\/increible-dos-jovenes-en-bilbao-multados-con-400-euros-por-beber-refrescos-en-lata\/\" \/>\n<meta property=\"og:site_name\" content=\"Diario 21\" \/>\n<meta property=\"article:published_time\" content=\"2025-08-20T23:28:08+00:00\" \/>\n<meta property=\"article:modified_time\" content=\"2025-08-20T23:28:09+00:00\" \/>\n<meta property=\"og:image\" content=\"https:\/\/www.diario21.tv\/noticias\/wp-content\/uploads\/2025\/08\/\u00a1Increible-Dos-jovenes-en-Bilbao-multados-con-400-euros-por.jpg\" \/>\n\t<meta property=\"og:image:width\" content=\"1200\" \/>\n\t<meta property=\"og:image:height\" content=\"840\" \/>\n\t<meta property=\"og:image:type\" content=\"image\/jpeg\" \/>\n<meta name=\"author\" content=\"Juan P\u00e9rez\" \/>\n<meta name=\"twitter:card\" content=\"summary_large_image\" \/>\n<meta name=\"twitter:label1\" content=\"Escrito por\" \/>\n\t<meta name=\"twitter:data1\" content=\"Juan P\u00e9rez\" \/>\n\t<meta name=\"twitter:label2\" content=\"Tiempo de lectura\" \/>\n\t<meta name=\"twitter:data2\" content=\"2 minutos\" \/>\n<script type=\"application\/ld+json\" class=\"yoast-schema-graph\">{\"@context\":\"https:\/\/schema.org\",\"@graph\":[{\"@type\":\"WebPage\",\"@id\":\"https:\/\/www.diario21.tv\/noticias\/increible-dos-jovenes-en-bilbao-multados-con-400-euros-por-beber-refrescos-en-lata\/\",\"url\":\"https:\/\/www.diario21.tv\/noticias\/increible-dos-jovenes-en-bilbao-multados-con-400-euros-por-beber-refrescos-en-lata\/\",\"name\":\"\u00a1Incre\u00edble! Dos j\u00f3venes en Bilbao multados con 400 euros por beber refrescos en lata - Diario 21\",\"isPartOf\":{\"@id\":\"https:\/\/www.diario21.tv\/noticias\/#website\"},\"primaryImageOfPage\":{\"@id\":\"https:\/\/www.diario21.tv\/noticias\/increible-dos-jovenes-en-bilbao-multados-con-400-euros-por-beber-refrescos-en-lata\/#primaryimage\"},\"image\":{\"@id\":\"https:\/\/www.diario21.tv\/noticias\/increible-dos-jovenes-en-bilbao-multados-con-400-euros-por-beber-refrescos-en-lata\/#primaryimage\"},\"thumbnailUrl\":\"https:\/\/www.diario21.tv\/noticias\/wp-content\/uploads\/2025\/08\/\u00a1Increible-Dos-jovenes-en-Bilbao-multados-con-400-euros-por.jpg\",\"datePublished\":\"2025-08-20T23:28:08+00:00\",\"dateModified\":\"2025-08-20T23:28:09+00:00\",\"author\":{\"@id\":\"https:\/\/www.diario21.tv\/noticias\/#\/schema\/person\/dfb778f73814d8f09f302618446a526b\"},\"breadcrumb\":{\"@id\":\"https:\/\/www.diario21.tv\/noticias\/increible-dos-jovenes-en-bilbao-multados-con-400-euros-por-beber-refrescos-en-lata\/#breadcrumb\"},\"inLanguage\":\"es-AR\",\"potentialAction\":[{\"@type\":\"ReadAction\",\"target\":[\"https:\/\/www.diario21.tv\/noticias\/increible-dos-jovenes-en-bilbao-multados-con-400-euros-por-beber-refrescos-en-lata\/\"]}]},{\"@type\":\"ImageObject\",\"inLanguage\":\"es-AR\",\"@id\":\"https:\/\/www.diario21.tv\/noticias\/increible-dos-jovenes-en-bilbao-multados-con-400-euros-por-beber-refrescos-en-lata\/#primaryimage\",\"url\":\"https:\/\/www.diario21.tv\/noticias\/wp-content\/uploads\/2025\/08\/\u00a1Increible-Dos-jovenes-en-Bilbao-multados-con-400-euros-por.jpg\",\"contentUrl\":\"https:\/\/www.diario21.tv\/noticias\/wp-content\/uploads\/2025\/08\/\u00a1Increible-Dos-jovenes-en-Bilbao-multados-con-400-euros-por.jpg\",\"width\":1200,\"height\":840,\"caption\":\"Multan con 400 euros a dos j\u00f3venes que beb\u00edan latas de refresco en Bilbao\"},{\"@type\":\"BreadcrumbList\",\"@id\":\"https:\/\/www.diario21.tv\/noticias\/increible-dos-jovenes-en-bilbao-multados-con-400-euros-por-beber-refrescos-en-lata\/#breadcrumb\",\"itemListElement\":[{\"@type\":\"ListItem\",\"position\":1,\"name\":\"Accueil\",\"item\":\"https:\/\/www.diario21.tv\/noticias\/\"},{\"@type\":\"ListItem\",\"position\":2,\"name\":\"\u00a1Incre\u00edble! Dos j\u00f3venes en Bilbao multados con 400 euros por beber refrescos en lata\"}]},{\"@type\":\"WebSite\",\"@id\":\"https:\/\/www.diario21.tv\/noticias\/#website\",\"url\":\"https:\/\/www.diario21.tv\/noticias\/\",\"name\":\"Diario 21\",\"description\":\"\",\"potentialAction\":[{\"@type\":\"SearchAction\",\"target\":{\"@type\":\"EntryPoint\",\"urlTemplate\":\"https:\/\/www.diario21.tv\/noticias\/?s={search_term_string}\"},\"query-input\":{\"@type\":\"PropertyValueSpecification\",\"valueRequired\":true,\"valueName\":\"search_term_string\"}}],\"inLanguage\":\"es-AR\"},{\"@type\":\"Person\",\"@id\":\"https:\/\/www.diario21.tv\/noticias\/#\/schema\/person\/dfb778f73814d8f09f302618446a526b\",\"name\":\"Juan P\u00e9rez\",\"image\":{\"@type\":\"ImageObject\",\"inLanguage\":\"es-AR\",\"@id\":\"https:\/\/www.diario21.tv\/noticias\/#\/schema\/person\/image\/\",\"url\":\"https:\/\/secure.gravatar.com\/avatar\/c478a405bd10621167f4c3167cc770f5?s=96&d=mm&r=g\",\"contentUrl\":\"https:\/\/secure.gravatar.com\/avatar\/c478a405bd10621167f4c3167cc770f5?s=96&d=mm&r=g\",\"caption\":\"Juan P\u00e9rez\"},\"description\":\"Juan P\u00e9rez es el redactor en jefe de Diario 21. Con m\u00e1s de 10 a\u00f1os de experiencia en el periodismo, se especializa en pol\u00edtica nacional y an\u00e1lisis socioecon\u00f3mico. Su enfoque cr\u00edtico y riguroso aporta una perspectiva \u00fanica a cada art\u00edculo.\",\"sameAs\":[\"https:\/\/www.diario21.tv\/noticias\/\"],\"url\":\"https:\/\/www.diario21.tv\/noticias\/author\/juan-perez\/\"}]}<\/script>\n<!-- \/ Yoast SEO plugin. -->","yoast_head_json":{"title":"\u00a1Incre\u00edble! Dos j\u00f3venes en Bilbao multados con 400 euros por beber refrescos en lata - Diario 21","robots":{"index":"index","follow":"follow","max-snippet":"max-snippet:-1","max-image-preview":"max-image-preview:large","max-video-preview":"max-video-preview:-1"},"canonical":"https:\/\/www.diario21.tv\/noticias\/increible-dos-jovenes-en-bilbao-multados-con-400-euros-por-beber-refrescos-en-lata\/","og_locale":"es_ES","og_type":"article","og_title":"\u00a1Incre\u00edble! Dos j\u00f3venes en Bilbao multados con 400 euros por beber refrescos en lata - Diario 21","og_description":"Multa de 400 Euros a J\u00f3venes por Consumir Bebidas en Lata en Bilbao Dos j\u00f3venes han sido sancionados con una multa de 400 euros cada uno ... Seguir leyendo &rarr;","og_url":"https:\/\/www.diario21.tv\/noticias\/increible-dos-jovenes-en-bilbao-multados-con-400-euros-por-beber-refrescos-en-lata\/","og_site_name":"Diario 21","article_published_time":"2025-08-20T23:28:08+00:00","article_modified_time":"2025-08-20T23:28:09+00:00","og_image":[{"width":1200,"height":840,"url":"https:\/\/www.diario21.tv\/noticias\/wp-content\/uploads\/2025\/08\/\u00a1Increible-Dos-jovenes-en-Bilbao-multados-con-400-euros-por.jpg","type":"image\/jpeg"}],"author":"Juan P\u00e9rez","twitter_card":"summary_large_image","twitter_misc":{"Escrito por":"Juan P\u00e9rez","Tiempo de lectura":"2 minutos"},"schema":{"@context":"https:\/\/schema.org","@graph":[{"@type":"WebPage","@id":"https:\/\/www.diario21.tv\/noticias\/increible-dos-jovenes-en-bilbao-multados-con-400-euros-por-beber-refrescos-en-lata\/","url":"https:\/\/www.diario21.tv\/noticias\/increible-dos-jovenes-en-bilbao-multados-con-400-euros-por-beber-refrescos-en-lata\/","name":"\u00a1Incre\u00edble! Dos j\u00f3venes en Bilbao multados con 400 euros por beber refrescos en lata - Diario 21","isPartOf":{"@id":"https:\/\/www.diario21.tv\/noticias\/#website"},"primaryImageOfPage":{"@id":"https:\/\/www.diario21.tv\/noticias\/increible-dos-jovenes-en-bilbao-multados-con-400-euros-por-beber-refrescos-en-lata\/#primaryimage"},"image":{"@id":"https:\/\/www.diario21.tv\/noticias\/increible-dos-jovenes-en-bilbao-multados-con-400-euros-por-beber-refrescos-en-lata\/#primaryimage"},"thumbnailUrl":"https:\/\/www.diario21.tv\/noticias\/wp-content\/uploads\/2025\/08\/\u00a1Increible-Dos-jovenes-en-Bilbao-multados-con-400-euros-por.jpg","datePublished":"2025-08-20T23:28:08+00:00","dateModified":"2025-08-20T23:28:09+00:00","author":{"@id":"https:\/\/www.diario21.tv\/noticias\/#\/schema\/person\/dfb778f73814d8f09f302618446a526b"},"breadcrumb":{"@id":"https:\/\/www.diario21.tv\/noticias\/increible-dos-jovenes-en-bilbao-multados-con-400-euros-por-beber-refrescos-en-lata\/#breadcrumb"},"inLanguage":"es-AR","potentialAction":[{"@type":"ReadAction","target":["https:\/\/www.diario21.tv\/noticias\/increible-dos-jovenes-en-bilbao-multados-con-400-euros-por-beber-refrescos-en-lata\/"]}]},{"@type":"ImageObject","inLanguage":"es-AR","@id":"https:\/\/www.diario21.tv\/noticias\/increible-dos-jovenes-en-bilbao-multados-con-400-euros-por-beber-refrescos-en-lata\/#primaryimage","url":"https:\/\/www.diario21.tv\/noticias\/wp-content\/uploads\/2025\/08\/\u00a1Increible-Dos-jovenes-en-Bilbao-multados-con-400-euros-por.jpg","contentUrl":"https:\/\/www.diario21.tv\/noticias\/wp-content\/uploads\/2025\/08\/\u00a1Increible-Dos-jovenes-en-Bilbao-multados-con-400-euros-por.jpg","width":1200,"height":840,"caption":"Multan con 400 euros a dos j\u00f3venes que beb\u00edan latas de refresco en Bilbao"},{"@type":"BreadcrumbList","@id":"https:\/\/www.diario21.tv\/noticias\/increible-dos-jovenes-en-bilbao-multados-con-400-euros-por-beber-refrescos-en-lata\/#breadcrumb","itemListElement":[{"@type":"ListItem","position":1,"name":"Accueil","item":"https:\/\/www.diario21.tv\/noticias\/"},{"@type":"ListItem","position":2,"name":"\u00a1Incre\u00edble! Dos j\u00f3venes en Bilbao multados con 400 euros por beber refrescos en lata"}]},{"@type":"WebSite","@id":"https:\/\/www.diario21.tv\/noticias\/#website","url":"https:\/\/www.diario21.tv\/noticias\/","name":"Diario 21","description":"","potentialAction":[{"@type":"SearchAction","target":{"@type":"EntryPoint","urlTemplate":"https:\/\/www.diario21.tv\/noticias\/?s={search_term_string}"},"query-input":{"@type":"PropertyValueSpecification","valueRequired":true,"valueName":"search_term_string"}}],"inLanguage":"es-AR"},{"@type":"Person","@id":"https:\/\/www.diario21.tv\/noticias\/#\/schema\/person\/dfb778f73814d8f09f302618446a526b","name":"Juan P\u00e9rez","image":{"@type":"ImageObject","inLanguage":"es-AR","@id":"https:\/\/www.diario21.tv\/noticias\/#\/schema\/person\/image\/","url":"https:\/\/secure.gravatar.com\/avatar\/c478a405bd10621167f4c3167cc770f5?s=96&d=mm&r=g","contentUrl":"https:\/\/secure.gravatar.com\/avatar\/c478a405bd10621167f4c3167cc770f5?s=96&d=mm&r=g","caption":"Juan P\u00e9rez"},"description":"Juan P\u00e9rez es el redactor en jefe de Diario 21. Con m\u00e1s de 10 a\u00f1os de experiencia en el periodismo, se especializa en pol\u00edtica nacional y an\u00e1lisis socioecon\u00f3mico. Su enfoque cr\u00edtico y riguroso aporta una perspectiva \u00fanica a cada art\u00edculo.","sameAs":["https:\/\/www.diario21.tv\/noticias\/"],"url":"https:\/\/www.diario21.tv\/noticias\/author\/juan-perez\/"}]}},"_links":{"self":[{"href":"https:\/\/www.diario21.tv\/noticias\/wp-json\/wp\/v2\/posts\/4228"}],"collection":[{"href":"https:\/\/www.diario21.tv\/noticias\/wp-json\/wp\/v2\/posts"}],"about":[{"href":"https:\/\/www.diario21.tv\/noticias\/wp-json\/wp\/v2\/types\/post"}],"author":[{"embeddable":true,"href":"https:\/\/www.diario21.tv\/noticias\/wp-json\/wp\/v2\/users\/20"}],"replies":[{"embeddable":true,"href":"https:\/\/www.diario21.tv\/noticias\/wp-json\/wp\/v2\/comments?post=4228"}],"version-history":[{"count":1,"href":"https:\/\/www.diario21.tv\/noticias\/wp-json\/wp\/v2\/posts\/4228\/revisions"}],"predecessor-version":[{"id":4230,"href":"https:\/\/www.diario21.tv\/noticias\/wp-json\/wp\/v2\/posts\/4228\/revisions\/4230"}],"wp:featuredmedia":[{"embeddable":true,"href":"https:\/\/www.diario21.tv\/noticias\/wp-json\/wp\/v2\/media\/4229"}],"wp:attachment":[{"href":"https:\/\/www.diario21.tv\/noticias\/wp-json\/wp\/v2\/media?parent=4228"}],"wp:term":[{"taxonomy":"category","embeddable":true,"href":"https:\/\/www.diario21.tv\/noticias\/wp-json\/wp\/v2\/categories?post=4228"},{"taxonomy":"post_tag","embeddable":true,"href":"https:\/\/www.diario21.tv\/noticias\/wp-json\/wp\/v2\/tags?post=4228"}],"curies":[{"name":"wp","href":"https:\/\/api.w.org\/{rel}","templated":true}]}}