{"id":4216,"date":"2025-08-19T17:16:45","date_gmt":"2025-08-19T17:16:45","guid":{"rendered":"https:\/\/www.diario21.tv\/noticias\/alerta-en-sanabria-1-700-evacuados-y-4-heridos-de-la-ume-por-incendios-devastadores-en-orense-y-leon\/"},"modified":"2025-08-19T17:16:46","modified_gmt":"2025-08-19T17:16:46","slug":"alerta-en-sanabria-1-700-evacuados-y-4-heridos-de-la-ume-por-incendios-devastadores-en-orense-y-leon","status":"publish","type":"post","link":"https:\/\/www.diario21.tv\/noticias\/alerta-en-sanabria-1-700-evacuados-y-4-heridos-de-la-ume-por-incendios-devastadores-en-orense-y-leon\/","title":{"rendered":"\u00a1Alerta en Sanabria! 1.700 evacuados y 4 heridos de la UME por incendios devastadores en Orense y Le\u00f3n"},"content":{"rendered":"<h2>La Inclemencia de las Llamas: Evacuaciones en Sanabria Debido al Incendio de Orense y Cuatro Miembros de la UME Lesionados en Le\u00f3n<\/h2>\n<p>El incendio en Orense contin\u00faa extendi\u00e9ndose sin control, provocando que 1.700 personas fueran evacuadas en la regi\u00f3n de Sanabria. Paralelamente, cuatro integrantes de la Unidad Militar de Emergencias (UME) sufrieron heridas mientras combat\u00edan las llamas en Le\u00f3n.<\/p>\n<h3>Desalojo Masivo en Sanabria<\/h3>\n<p>La situaci\u00f3n en Sanabria se ha tornado cr\u00edtica debido al avance implacable del fuego originado en Orense. Las autoridades se vieron forzadas a evacuar a aproximadamente 1.700 residentes como medida preventiva para salvaguardar sus vidas. Este desalojo incluye a ancianos, ni\u00f1os y adultos, quienes han sido trasladados a lugares seguros, mientras los bomberos y equipos de emergencia luchan contra el tiempo para controlar las llamas.<\/p>\n<p>Los evacuados han sido alojados temporalmente en instalaciones como polideportivos y escuelas habilitadas para brindar refugio y asistencia necesaria. Se ha establecido un cord\u00f3n de seguridad para prevenir que personas ajenas o residentes intenten regresar a las zonas de alto riesgo.<\/p>\n<h3>Lesiones en el Frente de Le\u00f3n<\/h3>\n<p>En un giro desafortunado, mientras se combat\u00eda el fuego en la provincia de Le\u00f3n, cuatro miembros de la Unidad Militar de Emergencias resultaron heridos. Estos valientes enfrentaron condiciones extremas en su esfuerzo por contener las llamas que amenazan con extenderse a \u00e1reas pobladas y zonas naturales protegidas.<\/p>\n<p>Los heridos fueron trasladados r\u00e1pidamente a hospitales cercanos para recibir atenci\u00f3n m\u00e9dica. Afortunadamente, se reporta que est\u00e1n estables y recibiendo el tratamiento necesario para su pronta recuperaci\u00f3n. Este incidente resalta los peligros inherentes a la lucha contra incendios forestales y la valent\u00eda de quienes dedican sus vidas a proteger a las comunidades y sus entornos.<\/p>\n<h3>Medidas y Apoyo Continuo<\/h3>\n<p>Las autoridades contin\u00faan monitorizando la situaci\u00f3n de cerca, empleando tecnolog\u00eda avanzada y coordinando esfuerzos con m\u00faltiples agencias para optimizar la respuesta al desastre. Se ha hecho un llamado a la poblaci\u00f3n para que sigan las instrucciones de seguridad y cooperen con los equipos de emergencia.<\/p>\n<p>La comunidad ha respondido solidariamente, ofreciendo apoyo y recursos para asistir a los afectados y a los equipos en el terreno. Este desastre ha unido a la regi\u00f3n en un esfuerzo com\u00fan para superar las adversidades causadas por el fuego.<\/p>\n<p>La situaci\u00f3n sigue siendo fluida y las autoridades est\u00e1n preparadas para tomar m\u00e1s medidas de evacuaci\u00f3n si el fuego contin\u00faa avanzando. La prioridad sigue siendo la seguridad de todos los ciudadanos y la extinci\u00f3n completa del incendio para permitir que las personas regresen a sus hogares de manera segura.<\/p>\n\n\n<div class=\"kk-star-ratings kksr-auto kksr-align-left kksr-valign-bottom\"\n    data-payload='{&quot;align&quot;:&quot;left&quot;,&quot;id&quot;:&quot;4216&quot;,&quot;slug&quot;:&quot;default&quot;,&quot;valign&quot;:&quot;bottom&quot;,&quot;ignore&quot;:&quot;&quot;,&quot;reference&quot;:&quot;auto&quot;,&quot;class&quot;:&quot;&quot;,&quot;count&quot;:&quot;0&quot;,&quot;legendonly&quot;:&quot;&quot;,&quot;readonly&quot;:&quot;&quot;,&quot;score&quot;:&quot;0&quot;,&quot;starsonly&quot;:&quot;&quot;,&quot;best&quot;:&quot;5&quot;,&quot;gap&quot;:&quot;5&quot;,&quot;greet&quot;:&quot;Valora este post&quot;,&quot;legend&quot;:&quot;0\\\/5 - (0 votes)&quot;,&quot;size&quot;:&quot;22&quot;,&quot;title&quot;:&quot;\u00a1Alerta en Sanabria! 1.700 evacuados y 4 heridos de la UME por incendios devastadores en Orense y Le\u00f3n&quot;,&quot;width&quot;:&quot;0&quot;,&quot;_legend&quot;:&quot;{score}\\\/{best} - ({count} {votes})&quot;,&quot;font_factor&quot;:&quot;1.25&quot;}'>\n            \n<div class=\"kksr-stars\">\n    \n<div class=\"kksr-stars-inactive\">\n            <div class=\"kksr-star\" data-star=\"1\" style=\"padding-right: 5px\">\n            \n\n<div class=\"kksr-icon\" style=\"width: 22px; height: 22px;\"><\/div>\n        <\/div>\n            <div class=\"kksr-star\" data-star=\"2\" style=\"padding-right: 5px\">\n            \n\n<div class=\"kksr-icon\" style=\"width: 22px; height: 22px;\"><\/div>\n        <\/div>\n            <div class=\"kksr-star\" data-star=\"3\" style=\"padding-right: 5px\">\n            \n\n<div class=\"kksr-icon\" style=\"width: 22px; height: 22px;\"><\/div>\n        <\/div>\n            <div class=\"kksr-star\" data-star=\"4\" style=\"padding-right: 5px\">\n            \n\n<div class=\"kksr-icon\" style=\"width: 22px; height: 22px;\"><\/div>\n        <\/div>\n            <div class=\"kksr-star\" data-star=\"5\" style=\"padding-right: 5px\">\n            \n\n<div class=\"kksr-icon\" style=\"width: 22px; height: 22px;\"><\/div>\n        <\/div>\n    <\/div>\n    \n<div class=\"kksr-stars-active\" style=\"width: 0px;\">\n            <div class=\"kksr-star\" style=\"padding-right: 5px\">\n            \n\n<div class=\"kksr-icon\" style=\"width: 22px; height: 22px;\"><\/div>\n        <\/div>\n            <div class=\"kksr-star\" style=\"padding-right: 5px\">\n            \n\n<div class=\"kksr-icon\" style=\"width: 22px; height: 22px;\"><\/div>\n        <\/div>\n            <div class=\"kksr-star\" style=\"padding-right: 5px\">\n            \n\n<div class=\"kksr-icon\" style=\"width: 22px; height: 22px;\"><\/div>\n        <\/div>\n            <div class=\"kksr-star\" style=\"padding-right: 5px\">\n            \n\n<div class=\"kksr-icon\" style=\"width: 22px; height: 22px;\"><\/div>\n        <\/div>\n            <div class=\"kksr-star\" style=\"padding-right: 5px\">\n            \n\n<div class=\"kksr-icon\" style=\"width: 22px; height: 22px;\"><\/div>\n        <\/div>\n    <\/div>\n<\/div>\n                \n\n<div class=\"kksr-legend\" style=\"font-size: 17.6px;\">\n            <span class=\"kksr-muted\">Valora este post<\/span>\n    <\/div>\n    <\/div>\n","protected":false},"excerpt":{"rendered":"<p>La Inclemencia de las Llamas: Evacuaciones en Sanabria Debido al Incendio de Orense y Cuatro Miembros de la UME Lesionados en Le\u00f3n El incendio en Orense &#8230; <a title=\"\u00a1Alerta en Sanabria! 1.700 evacuados y 4 heridos de la UME por incendios devastadores en Orense y Le\u00f3n\" class=\"read-more\" href=\"https:\/\/www.diario21.tv\/noticias\/alerta-en-sanabria-1-700-evacuados-y-4-heridos-de-la-ume-por-incendios-devastadores-en-orense-y-leon\/\" aria-label=\"Leer m\u00e1s sobre \u00a1Alerta en Sanabria! 1.700 evacuados y 4 heridos de la UME por incendios devastadores en Orense y Le\u00f3n\">Seguir leyendo &rarr;<\/a><\/p>\n","protected":false},"author":20,"featured_media":4217,"comment_status":"open","ping_status":"open","sticky":false,"template":"","format":"standard","meta":{"footnotes":""},"categories":[13],"tags":[],"class_list":["post-4216","post","type-post","status-publish","format-standard","has-post-thumbnail","hentry","category-portada"],"yoast_head":"<!-- This site is optimized with the Yoast SEO plugin v25.6 - https:\/\/yoast.com\/wordpress\/plugins\/seo\/ -->\n<title>\u00a1Alerta en Sanabria! 1.700 evacuados y 4 heridos de la UME por incendios devastadores en Orense y Le\u00f3n - Diario 21<\/title>\n<meta name=\"robots\" content=\"index, follow, max-snippet:-1, max-image-preview:large, max-video-preview:-1\" \/>\n<link rel=\"canonical\" href=\"https:\/\/www.diario21.tv\/noticias\/alerta-en-sanabria-1-700-evacuados-y-4-heridos-de-la-ume-por-incendios-devastadores-en-orense-y-leon\/\" \/>\n<meta property=\"og:locale\" content=\"es_ES\" \/>\n<meta property=\"og:type\" content=\"article\" \/>\n<meta property=\"og:title\" content=\"\u00a1Alerta en Sanabria! 1.700 evacuados y 4 heridos de la UME por incendios devastadores en Orense y Le\u00f3n - Diario 21\" \/>\n<meta property=\"og:description\" content=\"La Inclemencia de las Llamas: Evacuaciones en Sanabria Debido al Incendio de Orense y Cuatro Miembros de la UME Lesionados en Le\u00f3n El incendio en Orense ... Seguir leyendo &rarr;\" \/>\n<meta property=\"og:url\" content=\"https:\/\/www.diario21.tv\/noticias\/alerta-en-sanabria-1-700-evacuados-y-4-heridos-de-la-ume-por-incendios-devastadores-en-orense-y-leon\/\" \/>\n<meta property=\"og:site_name\" content=\"Diario 21\" \/>\n<meta property=\"article:published_time\" content=\"2025-08-19T17:16:45+00:00\" \/>\n<meta property=\"article:modified_time\" content=\"2025-08-19T17:16:46+00:00\" \/>\n<meta property=\"og:image\" content=\"https:\/\/www.diario21.tv\/noticias\/wp-content\/uploads\/2025\/08\/\u00a1Alerta-en-Sanabria-1700-evacuados-y-4-heridos-de-la.jpg\" \/>\n\t<meta property=\"og:image:width\" content=\"1200\" \/>\n\t<meta property=\"og:image:height\" content=\"840\" \/>\n\t<meta property=\"og:image:type\" content=\"image\/jpeg\" \/>\n<meta name=\"author\" content=\"Juan P\u00e9rez\" \/>\n<meta name=\"twitter:card\" content=\"summary_large_image\" \/>\n<meta name=\"twitter:label1\" content=\"Escrito por\" \/>\n\t<meta name=\"twitter:data1\" content=\"Juan P\u00e9rez\" \/>\n\t<meta name=\"twitter:label2\" content=\"Tiempo de lectura\" \/>\n\t<meta name=\"twitter:data2\" content=\"2 minutos\" \/>\n<script type=\"application\/ld+json\" class=\"yoast-schema-graph\">{\"@context\":\"https:\/\/schema.org\",\"@graph\":[{\"@type\":\"WebPage\",\"@id\":\"https:\/\/www.diario21.tv\/noticias\/alerta-en-sanabria-1-700-evacuados-y-4-heridos-de-la-ume-por-incendios-devastadores-en-orense-y-leon\/\",\"url\":\"https:\/\/www.diario21.tv\/noticias\/alerta-en-sanabria-1-700-evacuados-y-4-heridos-de-la-ume-por-incendios-devastadores-en-orense-y-leon\/\",\"name\":\"\u00a1Alerta en Sanabria! 1.700 evacuados y 4 heridos de la UME por incendios devastadores en Orense y Le\u00f3n - Diario 21\",\"isPartOf\":{\"@id\":\"https:\/\/www.diario21.tv\/noticias\/#website\"},\"primaryImageOfPage\":{\"@id\":\"https:\/\/www.diario21.tv\/noticias\/alerta-en-sanabria-1-700-evacuados-y-4-heridos-de-la-ume-por-incendios-devastadores-en-orense-y-leon\/#primaryimage\"},\"image\":{\"@id\":\"https:\/\/www.diario21.tv\/noticias\/alerta-en-sanabria-1-700-evacuados-y-4-heridos-de-la-ume-por-incendios-devastadores-en-orense-y-leon\/#primaryimage\"},\"thumbnailUrl\":\"https:\/\/www.diario21.tv\/noticias\/wp-content\/uploads\/2025\/08\/\u00a1Alerta-en-Sanabria-1700-evacuados-y-4-heridos-de-la.jpg\",\"datePublished\":\"2025-08-19T17:16:45+00:00\",\"dateModified\":\"2025-08-19T17:16:46+00:00\",\"author\":{\"@id\":\"https:\/\/www.diario21.tv\/noticias\/#\/schema\/person\/dfb778f73814d8f09f302618446a526b\"},\"breadcrumb\":{\"@id\":\"https:\/\/www.diario21.tv\/noticias\/alerta-en-sanabria-1-700-evacuados-y-4-heridos-de-la-ume-por-incendios-devastadores-en-orense-y-leon\/#breadcrumb\"},\"inLanguage\":\"es-AR\",\"potentialAction\":[{\"@type\":\"ReadAction\",\"target\":[\"https:\/\/www.diario21.tv\/noticias\/alerta-en-sanabria-1-700-evacuados-y-4-heridos-de-la-ume-por-incendios-devastadores-en-orense-y-leon\/\"]}]},{\"@type\":\"ImageObject\",\"inLanguage\":\"es-AR\",\"@id\":\"https:\/\/www.diario21.tv\/noticias\/alerta-en-sanabria-1-700-evacuados-y-4-heridos-de-la-ume-por-incendios-devastadores-en-orense-y-leon\/#primaryimage\",\"url\":\"https:\/\/www.diario21.tv\/noticias\/wp-content\/uploads\/2025\/08\/\u00a1Alerta-en-Sanabria-1700-evacuados-y-4-heridos-de-la.jpg\",\"contentUrl\":\"https:\/\/www.diario21.tv\/noticias\/wp-content\/uploads\/2025\/08\/\u00a1Alerta-en-Sanabria-1700-evacuados-y-4-heridos-de-la.jpg\",\"width\":1200,\"height\":840,\"caption\":\"El fuego no da tregua: 1.700 desalojados en Sanabria por el fuego de Orense y cuatro heridos de la UME en Le\u00f3n\"},{\"@type\":\"BreadcrumbList\",\"@id\":\"https:\/\/www.diario21.tv\/noticias\/alerta-en-sanabria-1-700-evacuados-y-4-heridos-de-la-ume-por-incendios-devastadores-en-orense-y-leon\/#breadcrumb\",\"itemListElement\":[{\"@type\":\"ListItem\",\"position\":1,\"name\":\"Accueil\",\"item\":\"https:\/\/www.diario21.tv\/noticias\/\"},{\"@type\":\"ListItem\",\"position\":2,\"name\":\"\u00a1Alerta en Sanabria! 1.700 evacuados y 4 heridos de la UME por incendios devastadores en Orense y Le\u00f3n\"}]},{\"@type\":\"WebSite\",\"@id\":\"https:\/\/www.diario21.tv\/noticias\/#website\",\"url\":\"https:\/\/www.diario21.tv\/noticias\/\",\"name\":\"Diario 21\",\"description\":\"\",\"potentialAction\":[{\"@type\":\"SearchAction\",\"target\":{\"@type\":\"EntryPoint\",\"urlTemplate\":\"https:\/\/www.diario21.tv\/noticias\/?s={search_term_string}\"},\"query-input\":{\"@type\":\"PropertyValueSpecification\",\"valueRequired\":true,\"valueName\":\"search_term_string\"}}],\"inLanguage\":\"es-AR\"},{\"@type\":\"Person\",\"@id\":\"https:\/\/www.diario21.tv\/noticias\/#\/schema\/person\/dfb778f73814d8f09f302618446a526b\",\"name\":\"Juan P\u00e9rez\",\"image\":{\"@type\":\"ImageObject\",\"inLanguage\":\"es-AR\",\"@id\":\"https:\/\/www.diario21.tv\/noticias\/#\/schema\/person\/image\/\",\"url\":\"https:\/\/secure.gravatar.com\/avatar\/c478a405bd10621167f4c3167cc770f5?s=96&d=mm&r=g\",\"contentUrl\":\"https:\/\/secure.gravatar.com\/avatar\/c478a405bd10621167f4c3167cc770f5?s=96&d=mm&r=g\",\"caption\":\"Juan P\u00e9rez\"},\"description\":\"Juan P\u00e9rez es el redactor en jefe de Diario 21. Con m\u00e1s de 10 a\u00f1os de experiencia en el periodismo, se especializa en pol\u00edtica nacional y an\u00e1lisis socioecon\u00f3mico. Su enfoque cr\u00edtico y riguroso aporta una perspectiva \u00fanica a cada art\u00edculo.\",\"sameAs\":[\"https:\/\/www.diario21.tv\/noticias\/\"],\"url\":\"https:\/\/www.diario21.tv\/noticias\/author\/juan-perez\/\"}]}<\/script>\n<!-- \/ Yoast SEO plugin. -->","yoast_head_json":{"title":"\u00a1Alerta en Sanabria! 1.700 evacuados y 4 heridos de la UME por incendios devastadores en Orense y Le\u00f3n - Diario 21","robots":{"index":"index","follow":"follow","max-snippet":"max-snippet:-1","max-image-preview":"max-image-preview:large","max-video-preview":"max-video-preview:-1"},"canonical":"https:\/\/www.diario21.tv\/noticias\/alerta-en-sanabria-1-700-evacuados-y-4-heridos-de-la-ume-por-incendios-devastadores-en-orense-y-leon\/","og_locale":"es_ES","og_type":"article","og_title":"\u00a1Alerta en Sanabria! 1.700 evacuados y 4 heridos de la UME por incendios devastadores en Orense y Le\u00f3n - Diario 21","og_description":"La Inclemencia de las Llamas: Evacuaciones en Sanabria Debido al Incendio de Orense y Cuatro Miembros de la UME Lesionados en Le\u00f3n El incendio en Orense ... Seguir leyendo &rarr;","og_url":"https:\/\/www.diario21.tv\/noticias\/alerta-en-sanabria-1-700-evacuados-y-4-heridos-de-la-ume-por-incendios-devastadores-en-orense-y-leon\/","og_site_name":"Diario 21","article_published_time":"2025-08-19T17:16:45+00:00","article_modified_time":"2025-08-19T17:16:46+00:00","og_image":[{"width":1200,"height":840,"url":"https:\/\/www.diario21.tv\/noticias\/wp-content\/uploads\/2025\/08\/\u00a1Alerta-en-Sanabria-1700-evacuados-y-4-heridos-de-la.jpg","type":"image\/jpeg"}],"author":"Juan P\u00e9rez","twitter_card":"summary_large_image","twitter_misc":{"Escrito por":"Juan P\u00e9rez","Tiempo de lectura":"2 minutos"},"schema":{"@context":"https:\/\/schema.org","@graph":[{"@type":"WebPage","@id":"https:\/\/www.diario21.tv\/noticias\/alerta-en-sanabria-1-700-evacuados-y-4-heridos-de-la-ume-por-incendios-devastadores-en-orense-y-leon\/","url":"https:\/\/www.diario21.tv\/noticias\/alerta-en-sanabria-1-700-evacuados-y-4-heridos-de-la-ume-por-incendios-devastadores-en-orense-y-leon\/","name":"\u00a1Alerta en Sanabria! 1.700 evacuados y 4 heridos de la UME por incendios devastadores en Orense y Le\u00f3n - Diario 21","isPartOf":{"@id":"https:\/\/www.diario21.tv\/noticias\/#website"},"primaryImageOfPage":{"@id":"https:\/\/www.diario21.tv\/noticias\/alerta-en-sanabria-1-700-evacuados-y-4-heridos-de-la-ume-por-incendios-devastadores-en-orense-y-leon\/#primaryimage"},"image":{"@id":"https:\/\/www.diario21.tv\/noticias\/alerta-en-sanabria-1-700-evacuados-y-4-heridos-de-la-ume-por-incendios-devastadores-en-orense-y-leon\/#primaryimage"},"thumbnailUrl":"https:\/\/www.diario21.tv\/noticias\/wp-content\/uploads\/2025\/08\/\u00a1Alerta-en-Sanabria-1700-evacuados-y-4-heridos-de-la.jpg","datePublished":"2025-08-19T17:16:45+00:00","dateModified":"2025-08-19T17:16:46+00:00","author":{"@id":"https:\/\/www.diario21.tv\/noticias\/#\/schema\/person\/dfb778f73814d8f09f302618446a526b"},"breadcrumb":{"@id":"https:\/\/www.diario21.tv\/noticias\/alerta-en-sanabria-1-700-evacuados-y-4-heridos-de-la-ume-por-incendios-devastadores-en-orense-y-leon\/#breadcrumb"},"inLanguage":"es-AR","potentialAction":[{"@type":"ReadAction","target":["https:\/\/www.diario21.tv\/noticias\/alerta-en-sanabria-1-700-evacuados-y-4-heridos-de-la-ume-por-incendios-devastadores-en-orense-y-leon\/"]}]},{"@type":"ImageObject","inLanguage":"es-AR","@id":"https:\/\/www.diario21.tv\/noticias\/alerta-en-sanabria-1-700-evacuados-y-4-heridos-de-la-ume-por-incendios-devastadores-en-orense-y-leon\/#primaryimage","url":"https:\/\/www.diario21.tv\/noticias\/wp-content\/uploads\/2025\/08\/\u00a1Alerta-en-Sanabria-1700-evacuados-y-4-heridos-de-la.jpg","contentUrl":"https:\/\/www.diario21.tv\/noticias\/wp-content\/uploads\/2025\/08\/\u00a1Alerta-en-Sanabria-1700-evacuados-y-4-heridos-de-la.jpg","width":1200,"height":840,"caption":"El fuego no da tregua: 1.700 desalojados en Sanabria por el fuego de Orense y cuatro heridos de la UME en Le\u00f3n"},{"@type":"BreadcrumbList","@id":"https:\/\/www.diario21.tv\/noticias\/alerta-en-sanabria-1-700-evacuados-y-4-heridos-de-la-ume-por-incendios-devastadores-en-orense-y-leon\/#breadcrumb","itemListElement":[{"@type":"ListItem","position":1,"name":"Accueil","item":"https:\/\/www.diario21.tv\/noticias\/"},{"@type":"ListItem","position":2,"name":"\u00a1Alerta en Sanabria! 1.700 evacuados y 4 heridos de la UME por incendios devastadores en Orense y Le\u00f3n"}]},{"@type":"WebSite","@id":"https:\/\/www.diario21.tv\/noticias\/#website","url":"https:\/\/www.diario21.tv\/noticias\/","name":"Diario 21","description":"","potentialAction":[{"@type":"SearchAction","target":{"@type":"EntryPoint","urlTemplate":"https:\/\/www.diario21.tv\/noticias\/?s={search_term_string}"},"query-input":{"@type":"PropertyValueSpecification","valueRequired":true,"valueName":"search_term_string"}}],"inLanguage":"es-AR"},{"@type":"Person","@id":"https:\/\/www.diario21.tv\/noticias\/#\/schema\/person\/dfb778f73814d8f09f302618446a526b","name":"Juan P\u00e9rez","image":{"@type":"ImageObject","inLanguage":"es-AR","@id":"https:\/\/www.diario21.tv\/noticias\/#\/schema\/person\/image\/","url":"https:\/\/secure.gravatar.com\/avatar\/c478a405bd10621167f4c3167cc770f5?s=96&d=mm&r=g","contentUrl":"https:\/\/secure.gravatar.com\/avatar\/c478a405bd10621167f4c3167cc770f5?s=96&d=mm&r=g","caption":"Juan P\u00e9rez"},"description":"Juan P\u00e9rez es el redactor en jefe de Diario 21. Con m\u00e1s de 10 a\u00f1os de experiencia en el periodismo, se especializa en pol\u00edtica nacional y an\u00e1lisis socioecon\u00f3mico. Su enfoque cr\u00edtico y riguroso aporta una perspectiva \u00fanica a cada art\u00edculo.","sameAs":["https:\/\/www.diario21.tv\/noticias\/"],"url":"https:\/\/www.diario21.tv\/noticias\/author\/juan-perez\/"}]}},"_links":{"self":[{"href":"https:\/\/www.diario21.tv\/noticias\/wp-json\/wp\/v2\/posts\/4216"}],"collection":[{"href":"https:\/\/www.diario21.tv\/noticias\/wp-json\/wp\/v2\/posts"}],"about":[{"href":"https:\/\/www.diario21.tv\/noticias\/wp-json\/wp\/v2\/types\/post"}],"author":[{"embeddable":true,"href":"https:\/\/www.diario21.tv\/noticias\/wp-json\/wp\/v2\/users\/20"}],"replies":[{"embeddable":true,"href":"https:\/\/www.diario21.tv\/noticias\/wp-json\/wp\/v2\/comments?post=4216"}],"version-history":[{"count":1,"href":"https:\/\/www.diario21.tv\/noticias\/wp-json\/wp\/v2\/posts\/4216\/revisions"}],"predecessor-version":[{"id":4218,"href":"https:\/\/www.diario21.tv\/noticias\/wp-json\/wp\/v2\/posts\/4216\/revisions\/4218"}],"wp:featuredmedia":[{"embeddable":true,"href":"https:\/\/www.diario21.tv\/noticias\/wp-json\/wp\/v2\/media\/4217"}],"wp:attachment":[{"href":"https:\/\/www.diario21.tv\/noticias\/wp-json\/wp\/v2\/media?parent=4216"}],"wp:term":[{"taxonomy":"category","embeddable":true,"href":"https:\/\/www.diario21.tv\/noticias\/wp-json\/wp\/v2\/categories?post=4216"},{"taxonomy":"post_tag","embeddable":true,"href":"https:\/\/www.diario21.tv\/noticias\/wp-json\/wp\/v2\/tags?post=4216"}],"curies":[{"name":"wp","href":"https:\/\/api.w.org\/{rel}","templated":true}]}}