{"id":4204,"date":"2025-08-18T17:07:53","date_gmt":"2025-08-18T17:07:53","guid":{"rendered":"https:\/\/www.diario21.tv\/noticias\/incendios-devastadores-cronologia-de-una-semana-tragica-que-conmociono-al-pais\/"},"modified":"2025-08-18T17:07:54","modified_gmt":"2025-08-18T17:07:54","slug":"incendios-devastadores-cronologia-de-una-semana-tragica-que-conmociono-al-pais","status":"publish","type":"post","link":"https:\/\/www.diario21.tv\/noticias\/incendios-devastadores-cronologia-de-una-semana-tragica-que-conmociono-al-pais\/","title":{"rendered":"Incendios devastadores: cronolog\u00eda de una semana tr\u00e1gica que conmocion\u00f3 al pa\u00eds"},"content":{"rendered":"<h2>Cronolog\u00eda de una Semana de Incendios Catastr\u00f3ficos<\/h2>\n<h3>Or\u00edgenes y Evoluci\u00f3n de los Incendios M\u00e1s Destructivos<\/h3>\n<p>La semana pasada se caracteriz\u00f3 por una serie de incendios forestales extremadamente graves. Estos siniestros no solo consumieron vastas hect\u00e1reas de bosque, sino que tambi\u00e9n causaron un considerable impacto en las poblaciones cercanas, infraestructuras y la biodiversidad. A continuaci\u00f3n, se presenta una cronolog\u00eda detallada de c\u00f3mo se desarrollaron estos eventos calamitosos.<\/p>\n<h3>D\u00eda 1: El Inicio Inesperado<\/h3>\n<p>Todo comenz\u00f3 un lunes por la tarde, cuando las condiciones secas y los vientos fuertes propiciaron el surgimiento de peque\u00f1os focos en la regi\u00f3n occidental. Estos focos, inicialmente controlables, se vieron r\u00e1pidamente potenciados por rachas de viento que los expandieron m\u00e1s all\u00e1 de las capacidades iniciales de respuesta.<\/p>\n<h3>D\u00eda 2: La Propagaci\u00f3n Acelerada<\/h3>\n<p>Al llegar el martes, los incendios hab\u00edan crecido exponencialmente, abarcando miles de hect\u00e1reas. Los esfuerzos de los bomberos se concentraron en evacuar a las comunidades en las zonas de mayor riesgo, mientras se intentaba contener la l\u00ednea de fuego. Sin embargo, las condiciones clim\u00e1ticas adversas continuaron complicando estas tareas.<\/p>\n<h3>D\u00eda 3: El Punto Cr\u00edtico<\/h3>\n<p>El mi\u00e9rcoles fue el d\u00eda m\u00e1s cr\u00edtico. Los fuegos se fusionaron en un incendio de gran envergadura que devast\u00f3 todo a su paso. Las llamas alcanzaron zonas residenciales, causando da\u00f1os a propiedades y obligando a m\u00e1s evacuaciones. El humo denso empez\u00f3 a afectar la calidad del aire en regiones incluso distantes de los fuegos.<\/p>\n<h3>D\u00eda 4 y 5: Intentos de Contenci\u00f3n<\/h3>\n<p>Durante el jueves y el viernes, los equipos de emergencia, con ayuda nacional e internacional, lanzaron operaciones masivas de contenci\u00f3n. Se utilizaron aviones cisterna y helic\u00f3pteros para combatir las llamas desde el aire, mientras que en tierra, brigadas de bomberos trabajaban sin descanso. A pesar de estos esfuerzos, el control total a\u00fan se ve\u00eda lejano.<\/p>\n<h3>D\u00eda 6: Primeras Se\u00f1ales de Esperanza<\/h3>\n<p>El s\u00e1bado, por primera vez en la semana, se comenzaron a observar signos de que la situaci\u00f3n podr\u00eda estar mejorando. Aunque los incendios segu\u00edan activos, la velocidad de propagaci\u00f3n hab\u00eda disminuido gracias a una ligera ca\u00edda en las temperaturas y una reducci\u00f3n en la velocidad del viento.<\/p>\n<h3>D\u00eda 7: Reflexi\u00f3n y Recuperaci\u00f3n<\/h3>\n<p>Al llegar el domingo, con algunos de los incendios finalmente bajo control, la atenci\u00f3n comenz\u00f3 a centrarse en la evaluaci\u00f3n de da\u00f1os y en las estrategias de recuperaci\u00f3n. Las comunidades afectadas empezaron a planificar la reconstrucci\u00f3n, mientras que las autoridades y expertos analizaban las lecciones aprendidas para mejorar la respuesta a futuros desastres.<\/p>\n<p>En resumen, esta semana de fuegos ha dejado una marca indeleble en la regi\u00f3n, recordando la importancia de la prevenci\u00f3n y la preparaci\u00f3n ante fen\u00f3menos naturales de esta magnitud. Las investigaciones sobre las causas y la mejora en los sistemas de alerta y respuesta son fundamentales para evitar que tragedias de esta escala se repitan.<\/p>\n\n\n<div class=\"kk-star-ratings kksr-auto kksr-align-left kksr-valign-bottom\"\n    data-payload='{&quot;align&quot;:&quot;left&quot;,&quot;id&quot;:&quot;4204&quot;,&quot;slug&quot;:&quot;default&quot;,&quot;valign&quot;:&quot;bottom&quot;,&quot;ignore&quot;:&quot;&quot;,&quot;reference&quot;:&quot;auto&quot;,&quot;class&quot;:&quot;&quot;,&quot;count&quot;:&quot;0&quot;,&quot;legendonly&quot;:&quot;&quot;,&quot;readonly&quot;:&quot;&quot;,&quot;score&quot;:&quot;0&quot;,&quot;starsonly&quot;:&quot;&quot;,&quot;best&quot;:&quot;5&quot;,&quot;gap&quot;:&quot;5&quot;,&quot;greet&quot;:&quot;Valora este post&quot;,&quot;legend&quot;:&quot;0\\\/5 - (0 votes)&quot;,&quot;size&quot;:&quot;22&quot;,&quot;title&quot;:&quot;Incendios devastadores: cronolog\u00eda de una semana tr\u00e1gica que conmocion\u00f3 al pa\u00eds&quot;,&quot;width&quot;:&quot;0&quot;,&quot;_legend&quot;:&quot;{score}\\\/{best} - ({count} {votes})&quot;,&quot;font_factor&quot;:&quot;1.25&quot;}'>\n            \n<div class=\"kksr-stars\">\n    \n<div class=\"kksr-stars-inactive\">\n            <div class=\"kksr-star\" data-star=\"1\" style=\"padding-right: 5px\">\n            \n\n<div class=\"kksr-icon\" style=\"width: 22px; height: 22px;\"><\/div>\n        <\/div>\n            <div class=\"kksr-star\" data-star=\"2\" style=\"padding-right: 5px\">\n            \n\n<div class=\"kksr-icon\" style=\"width: 22px; height: 22px;\"><\/div>\n        <\/div>\n            <div class=\"kksr-star\" data-star=\"3\" style=\"padding-right: 5px\">\n            \n\n<div class=\"kksr-icon\" style=\"width: 22px; height: 22px;\"><\/div>\n        <\/div>\n            <div class=\"kksr-star\" data-star=\"4\" style=\"padding-right: 5px\">\n            \n\n<div class=\"kksr-icon\" style=\"width: 22px; height: 22px;\"><\/div>\n        <\/div>\n            <div class=\"kksr-star\" data-star=\"5\" style=\"padding-right: 5px\">\n            \n\n<div class=\"kksr-icon\" style=\"width: 22px; height: 22px;\"><\/div>\n        <\/div>\n    <\/div>\n    \n<div class=\"kksr-stars-active\" style=\"width: 0px;\">\n            <div class=\"kksr-star\" style=\"padding-right: 5px\">\n            \n\n<div class=\"kksr-icon\" style=\"width: 22px; height: 22px;\"><\/div>\n        <\/div>\n            <div class=\"kksr-star\" style=\"padding-right: 5px\">\n            \n\n<div class=\"kksr-icon\" style=\"width: 22px; height: 22px;\"><\/div>\n        <\/div>\n            <div class=\"kksr-star\" style=\"padding-right: 5px\">\n            \n\n<div class=\"kksr-icon\" style=\"width: 22px; height: 22px;\"><\/div>\n        <\/div>\n            <div class=\"kksr-star\" style=\"padding-right: 5px\">\n            \n\n<div class=\"kksr-icon\" style=\"width: 22px; height: 22px;\"><\/div>\n        <\/div>\n            <div class=\"kksr-star\" style=\"padding-right: 5px\">\n            \n\n<div class=\"kksr-icon\" style=\"width: 22px; height: 22px;\"><\/div>\n        <\/div>\n    <\/div>\n<\/div>\n                \n\n<div class=\"kksr-legend\" style=\"font-size: 17.6px;\">\n            <span class=\"kksr-muted\">Valora este post<\/span>\n    <\/div>\n    <\/div>\n","protected":false},"excerpt":{"rendered":"<p>Cronolog\u00eda de una Semana de Incendios Catastr\u00f3ficos Or\u00edgenes y Evoluci\u00f3n de los Incendios M\u00e1s Destructivos La semana pasada se caracteriz\u00f3 por una serie de incendios forestales &#8230; <a title=\"Incendios devastadores: cronolog\u00eda de una semana tr\u00e1gica que conmocion\u00f3 al pa\u00eds\" class=\"read-more\" href=\"https:\/\/www.diario21.tv\/noticias\/incendios-devastadores-cronologia-de-una-semana-tragica-que-conmociono-al-pais\/\" aria-label=\"Leer m\u00e1s sobre Incendios devastadores: cronolog\u00eda de una semana tr\u00e1gica que conmocion\u00f3 al pa\u00eds\">Seguir leyendo &rarr;<\/a><\/p>\n","protected":false},"author":20,"featured_media":4205,"comment_status":"open","ping_status":"open","sticky":false,"template":"","format":"standard","meta":{"footnotes":""},"categories":[13],"tags":[],"class_list":["post-4204","post","type-post","status-publish","format-standard","has-post-thumbnail","hentry","category-portada"],"yoast_head":"<!-- This site is optimized with the Yoast SEO plugin v25.6 - https:\/\/yoast.com\/wordpress\/plugins\/seo\/ -->\n<title>Incendios devastadores: cronolog\u00eda de una semana tr\u00e1gica que conmocion\u00f3 al pa\u00eds - Diario 21<\/title>\n<meta name=\"robots\" content=\"index, follow, max-snippet:-1, max-image-preview:large, max-video-preview:-1\" \/>\n<link rel=\"canonical\" href=\"https:\/\/www.diario21.tv\/noticias\/incendios-devastadores-cronologia-de-una-semana-tragica-que-conmociono-al-pais\/\" \/>\n<meta property=\"og:locale\" content=\"es_ES\" \/>\n<meta property=\"og:type\" content=\"article\" \/>\n<meta property=\"og:title\" content=\"Incendios devastadores: cronolog\u00eda de una semana tr\u00e1gica que conmocion\u00f3 al pa\u00eds - Diario 21\" \/>\n<meta property=\"og:description\" content=\"Cronolog\u00eda de una Semana de Incendios Catastr\u00f3ficos Or\u00edgenes y Evoluci\u00f3n de los Incendios M\u00e1s Destructivos La semana pasada se caracteriz\u00f3 por una serie de incendios forestales ... Seguir leyendo &rarr;\" \/>\n<meta property=\"og:url\" content=\"https:\/\/www.diario21.tv\/noticias\/incendios-devastadores-cronologia-de-una-semana-tragica-que-conmociono-al-pais\/\" \/>\n<meta property=\"og:site_name\" content=\"Diario 21\" \/>\n<meta property=\"article:published_time\" content=\"2025-08-18T17:07:53+00:00\" \/>\n<meta property=\"article:modified_time\" content=\"2025-08-18T17:07:54+00:00\" \/>\n<meta property=\"og:image\" content=\"https:\/\/www.diario21.tv\/noticias\/wp-content\/uploads\/2025\/08\/Incendios-devastadores-cronologia-de-una-semana-tragica-que-conmociono-al.jpg\" \/>\n\t<meta property=\"og:image:width\" content=\"1200\" \/>\n\t<meta property=\"og:image:height\" content=\"840\" \/>\n\t<meta property=\"og:image:type\" content=\"image\/jpeg\" \/>\n<meta name=\"author\" content=\"Juan P\u00e9rez\" \/>\n<meta name=\"twitter:card\" content=\"summary_large_image\" \/>\n<meta name=\"twitter:label1\" content=\"Escrito por\" \/>\n\t<meta name=\"twitter:data1\" content=\"Juan P\u00e9rez\" \/>\n\t<meta name=\"twitter:label2\" content=\"Tiempo de lectura\" \/>\n\t<meta name=\"twitter:data2\" content=\"3 minutos\" \/>\n<script type=\"application\/ld+json\" class=\"yoast-schema-graph\">{\"@context\":\"https:\/\/schema.org\",\"@graph\":[{\"@type\":\"WebPage\",\"@id\":\"https:\/\/www.diario21.tv\/noticias\/incendios-devastadores-cronologia-de-una-semana-tragica-que-conmociono-al-pais\/\",\"url\":\"https:\/\/www.diario21.tv\/noticias\/incendios-devastadores-cronologia-de-una-semana-tragica-que-conmociono-al-pais\/\",\"name\":\"Incendios devastadores: cronolog\u00eda de una semana tr\u00e1gica que conmocion\u00f3 al pa\u00eds - Diario 21\",\"isPartOf\":{\"@id\":\"https:\/\/www.diario21.tv\/noticias\/#website\"},\"primaryImageOfPage\":{\"@id\":\"https:\/\/www.diario21.tv\/noticias\/incendios-devastadores-cronologia-de-una-semana-tragica-que-conmociono-al-pais\/#primaryimage\"},\"image\":{\"@id\":\"https:\/\/www.diario21.tv\/noticias\/incendios-devastadores-cronologia-de-una-semana-tragica-que-conmociono-al-pais\/#primaryimage\"},\"thumbnailUrl\":\"https:\/\/www.diario21.tv\/noticias\/wp-content\/uploads\/2025\/08\/Incendios-devastadores-cronologia-de-una-semana-tragica-que-conmociono-al.jpg\",\"datePublished\":\"2025-08-18T17:07:53+00:00\",\"dateModified\":\"2025-08-18T17:07:54+00:00\",\"author\":{\"@id\":\"https:\/\/www.diario21.tv\/noticias\/#\/schema\/person\/dfb778f73814d8f09f302618446a526b\"},\"breadcrumb\":{\"@id\":\"https:\/\/www.diario21.tv\/noticias\/incendios-devastadores-cronologia-de-una-semana-tragica-que-conmociono-al-pais\/#breadcrumb\"},\"inLanguage\":\"es-AR\",\"potentialAction\":[{\"@type\":\"ReadAction\",\"target\":[\"https:\/\/www.diario21.tv\/noticias\/incendios-devastadores-cronologia-de-una-semana-tragica-que-conmociono-al-pais\/\"]}]},{\"@type\":\"ImageObject\",\"inLanguage\":\"es-AR\",\"@id\":\"https:\/\/www.diario21.tv\/noticias\/incendios-devastadores-cronologia-de-una-semana-tragica-que-conmociono-al-pais\/#primaryimage\",\"url\":\"https:\/\/www.diario21.tv\/noticias\/wp-content\/uploads\/2025\/08\/Incendios-devastadores-cronologia-de-una-semana-tragica-que-conmociono-al.jpg\",\"contentUrl\":\"https:\/\/www.diario21.tv\/noticias\/wp-content\/uploads\/2025\/08\/Incendios-devastadores-cronologia-de-una-semana-tragica-que-conmociono-al.jpg\",\"width\":1200,\"height\":840,\"caption\":\"Cronolog\u00eda de una semana tr\u00e1gica de incendios: as\u00ed se han gestado los fuegos m\u00e1s devastadores\"},{\"@type\":\"BreadcrumbList\",\"@id\":\"https:\/\/www.diario21.tv\/noticias\/incendios-devastadores-cronologia-de-una-semana-tragica-que-conmociono-al-pais\/#breadcrumb\",\"itemListElement\":[{\"@type\":\"ListItem\",\"position\":1,\"name\":\"Accueil\",\"item\":\"https:\/\/www.diario21.tv\/noticias\/\"},{\"@type\":\"ListItem\",\"position\":2,\"name\":\"Incendios devastadores: cronolog\u00eda de una semana tr\u00e1gica que conmocion\u00f3 al pa\u00eds\"}]},{\"@type\":\"WebSite\",\"@id\":\"https:\/\/www.diario21.tv\/noticias\/#website\",\"url\":\"https:\/\/www.diario21.tv\/noticias\/\",\"name\":\"Diario 21\",\"description\":\"\",\"potentialAction\":[{\"@type\":\"SearchAction\",\"target\":{\"@type\":\"EntryPoint\",\"urlTemplate\":\"https:\/\/www.diario21.tv\/noticias\/?s={search_term_string}\"},\"query-input\":{\"@type\":\"PropertyValueSpecification\",\"valueRequired\":true,\"valueName\":\"search_term_string\"}}],\"inLanguage\":\"es-AR\"},{\"@type\":\"Person\",\"@id\":\"https:\/\/www.diario21.tv\/noticias\/#\/schema\/person\/dfb778f73814d8f09f302618446a526b\",\"name\":\"Juan P\u00e9rez\",\"image\":{\"@type\":\"ImageObject\",\"inLanguage\":\"es-AR\",\"@id\":\"https:\/\/www.diario21.tv\/noticias\/#\/schema\/person\/image\/\",\"url\":\"https:\/\/secure.gravatar.com\/avatar\/c478a405bd10621167f4c3167cc770f5?s=96&d=mm&r=g\",\"contentUrl\":\"https:\/\/secure.gravatar.com\/avatar\/c478a405bd10621167f4c3167cc770f5?s=96&d=mm&r=g\",\"caption\":\"Juan P\u00e9rez\"},\"description\":\"Juan P\u00e9rez es el redactor en jefe de Diario 21. Con m\u00e1s de 10 a\u00f1os de experiencia en el periodismo, se especializa en pol\u00edtica nacional y an\u00e1lisis socioecon\u00f3mico. Su enfoque cr\u00edtico y riguroso aporta una perspectiva \u00fanica a cada art\u00edculo.\",\"sameAs\":[\"https:\/\/www.diario21.tv\/noticias\/\"],\"url\":\"https:\/\/www.diario21.tv\/noticias\/author\/juan-perez\/\"}]}<\/script>\n<!-- \/ Yoast SEO plugin. -->","yoast_head_json":{"title":"Incendios devastadores: cronolog\u00eda de una semana tr\u00e1gica que conmocion\u00f3 al pa\u00eds - Diario 21","robots":{"index":"index","follow":"follow","max-snippet":"max-snippet:-1","max-image-preview":"max-image-preview:large","max-video-preview":"max-video-preview:-1"},"canonical":"https:\/\/www.diario21.tv\/noticias\/incendios-devastadores-cronologia-de-una-semana-tragica-que-conmociono-al-pais\/","og_locale":"es_ES","og_type":"article","og_title":"Incendios devastadores: cronolog\u00eda de una semana tr\u00e1gica que conmocion\u00f3 al pa\u00eds - Diario 21","og_description":"Cronolog\u00eda de una Semana de Incendios Catastr\u00f3ficos Or\u00edgenes y Evoluci\u00f3n de los Incendios M\u00e1s Destructivos La semana pasada se caracteriz\u00f3 por una serie de incendios forestales ... Seguir leyendo &rarr;","og_url":"https:\/\/www.diario21.tv\/noticias\/incendios-devastadores-cronologia-de-una-semana-tragica-que-conmociono-al-pais\/","og_site_name":"Diario 21","article_published_time":"2025-08-18T17:07:53+00:00","article_modified_time":"2025-08-18T17:07:54+00:00","og_image":[{"width":1200,"height":840,"url":"https:\/\/www.diario21.tv\/noticias\/wp-content\/uploads\/2025\/08\/Incendios-devastadores-cronologia-de-una-semana-tragica-que-conmociono-al.jpg","type":"image\/jpeg"}],"author":"Juan P\u00e9rez","twitter_card":"summary_large_image","twitter_misc":{"Escrito por":"Juan P\u00e9rez","Tiempo de lectura":"3 minutos"},"schema":{"@context":"https:\/\/schema.org","@graph":[{"@type":"WebPage","@id":"https:\/\/www.diario21.tv\/noticias\/incendios-devastadores-cronologia-de-una-semana-tragica-que-conmociono-al-pais\/","url":"https:\/\/www.diario21.tv\/noticias\/incendios-devastadores-cronologia-de-una-semana-tragica-que-conmociono-al-pais\/","name":"Incendios devastadores: cronolog\u00eda de una semana tr\u00e1gica que conmocion\u00f3 al pa\u00eds - Diario 21","isPartOf":{"@id":"https:\/\/www.diario21.tv\/noticias\/#website"},"primaryImageOfPage":{"@id":"https:\/\/www.diario21.tv\/noticias\/incendios-devastadores-cronologia-de-una-semana-tragica-que-conmociono-al-pais\/#primaryimage"},"image":{"@id":"https:\/\/www.diario21.tv\/noticias\/incendios-devastadores-cronologia-de-una-semana-tragica-que-conmociono-al-pais\/#primaryimage"},"thumbnailUrl":"https:\/\/www.diario21.tv\/noticias\/wp-content\/uploads\/2025\/08\/Incendios-devastadores-cronologia-de-una-semana-tragica-que-conmociono-al.jpg","datePublished":"2025-08-18T17:07:53+00:00","dateModified":"2025-08-18T17:07:54+00:00","author":{"@id":"https:\/\/www.diario21.tv\/noticias\/#\/schema\/person\/dfb778f73814d8f09f302618446a526b"},"breadcrumb":{"@id":"https:\/\/www.diario21.tv\/noticias\/incendios-devastadores-cronologia-de-una-semana-tragica-que-conmociono-al-pais\/#breadcrumb"},"inLanguage":"es-AR","potentialAction":[{"@type":"ReadAction","target":["https:\/\/www.diario21.tv\/noticias\/incendios-devastadores-cronologia-de-una-semana-tragica-que-conmociono-al-pais\/"]}]},{"@type":"ImageObject","inLanguage":"es-AR","@id":"https:\/\/www.diario21.tv\/noticias\/incendios-devastadores-cronologia-de-una-semana-tragica-que-conmociono-al-pais\/#primaryimage","url":"https:\/\/www.diario21.tv\/noticias\/wp-content\/uploads\/2025\/08\/Incendios-devastadores-cronologia-de-una-semana-tragica-que-conmociono-al.jpg","contentUrl":"https:\/\/www.diario21.tv\/noticias\/wp-content\/uploads\/2025\/08\/Incendios-devastadores-cronologia-de-una-semana-tragica-que-conmociono-al.jpg","width":1200,"height":840,"caption":"Cronolog\u00eda de una semana tr\u00e1gica de incendios: as\u00ed se han gestado los fuegos m\u00e1s devastadores"},{"@type":"BreadcrumbList","@id":"https:\/\/www.diario21.tv\/noticias\/incendios-devastadores-cronologia-de-una-semana-tragica-que-conmociono-al-pais\/#breadcrumb","itemListElement":[{"@type":"ListItem","position":1,"name":"Accueil","item":"https:\/\/www.diario21.tv\/noticias\/"},{"@type":"ListItem","position":2,"name":"Incendios devastadores: cronolog\u00eda de una semana tr\u00e1gica que conmocion\u00f3 al pa\u00eds"}]},{"@type":"WebSite","@id":"https:\/\/www.diario21.tv\/noticias\/#website","url":"https:\/\/www.diario21.tv\/noticias\/","name":"Diario 21","description":"","potentialAction":[{"@type":"SearchAction","target":{"@type":"EntryPoint","urlTemplate":"https:\/\/www.diario21.tv\/noticias\/?s={search_term_string}"},"query-input":{"@type":"PropertyValueSpecification","valueRequired":true,"valueName":"search_term_string"}}],"inLanguage":"es-AR"},{"@type":"Person","@id":"https:\/\/www.diario21.tv\/noticias\/#\/schema\/person\/dfb778f73814d8f09f302618446a526b","name":"Juan P\u00e9rez","image":{"@type":"ImageObject","inLanguage":"es-AR","@id":"https:\/\/www.diario21.tv\/noticias\/#\/schema\/person\/image\/","url":"https:\/\/secure.gravatar.com\/avatar\/c478a405bd10621167f4c3167cc770f5?s=96&d=mm&r=g","contentUrl":"https:\/\/secure.gravatar.com\/avatar\/c478a405bd10621167f4c3167cc770f5?s=96&d=mm&r=g","caption":"Juan P\u00e9rez"},"description":"Juan P\u00e9rez es el redactor en jefe de Diario 21. Con m\u00e1s de 10 a\u00f1os de experiencia en el periodismo, se especializa en pol\u00edtica nacional y an\u00e1lisis socioecon\u00f3mico. Su enfoque cr\u00edtico y riguroso aporta una perspectiva \u00fanica a cada art\u00edculo.","sameAs":["https:\/\/www.diario21.tv\/noticias\/"],"url":"https:\/\/www.diario21.tv\/noticias\/author\/juan-perez\/"}]}},"_links":{"self":[{"href":"https:\/\/www.diario21.tv\/noticias\/wp-json\/wp\/v2\/posts\/4204"}],"collection":[{"href":"https:\/\/www.diario21.tv\/noticias\/wp-json\/wp\/v2\/posts"}],"about":[{"href":"https:\/\/www.diario21.tv\/noticias\/wp-json\/wp\/v2\/types\/post"}],"author":[{"embeddable":true,"href":"https:\/\/www.diario21.tv\/noticias\/wp-json\/wp\/v2\/users\/20"}],"replies":[{"embeddable":true,"href":"https:\/\/www.diario21.tv\/noticias\/wp-json\/wp\/v2\/comments?post=4204"}],"version-history":[{"count":1,"href":"https:\/\/www.diario21.tv\/noticias\/wp-json\/wp\/v2\/posts\/4204\/revisions"}],"predecessor-version":[{"id":4206,"href":"https:\/\/www.diario21.tv\/noticias\/wp-json\/wp\/v2\/posts\/4204\/revisions\/4206"}],"wp:featuredmedia":[{"embeddable":true,"href":"https:\/\/www.diario21.tv\/noticias\/wp-json\/wp\/v2\/media\/4205"}],"wp:attachment":[{"href":"https:\/\/www.diario21.tv\/noticias\/wp-json\/wp\/v2\/media?parent=4204"}],"wp:term":[{"taxonomy":"category","embeddable":true,"href":"https:\/\/www.diario21.tv\/noticias\/wp-json\/wp\/v2\/categories?post=4204"},{"taxonomy":"post_tag","embeddable":true,"href":"https:\/\/www.diario21.tv\/noticias\/wp-json\/wp\/v2\/tags?post=4204"}],"curies":[{"name":"wp","href":"https:\/\/api.w.org\/{rel}","templated":true}]}}